{"id":1194,"date":"2007-01-10T00:00:00","date_gmt":"2007-01-10T00:00:00","guid":{"rendered":"http:\/\/psol50.org.br\/arquivo\/2007\/01\/10\/eleicao-para-a-presidencia-da-camara-federal-um-debate-de-costas-para-o-povo\/"},"modified":"2007-01-10T00:00:00","modified_gmt":"2007-01-10T00:00:00","slug":"eleicao-para-a-presidencia-da-camara-federal-um-debate-de-costas-para-o-povo","status":"publish","type":"post","link":"https:\/\/psol50.org.br\/eleicao-para-a-presidencia-da-camara-federal-um-debate-de-costas-para-o-povo\/","title":{"rendered":"Elei\u00e7\u00e3o para a Presid\u00eancia da C\u00e2mara Federal: Um debate de costas para o povo"},"content":{"rendered":"<p>Come&ccedil;ado o segundo mandato do presidente Lula, Bras\u00edlia est\u00e1 agitad\u00edssima. Reuni&otilde;es, entrevistas, declara&ccedil;&otilde;es; todos os parlamentares e o governo federal est&atilde;o aparentemente &ldquo;trabalhando&rdquo;. Mas se algu\u00e9m imagina que eles est&atilde;o preocupados com as enchentes do sudeste, com a seca do nordeste, com a viol&ecirc;ncia no Rio de Janeiro, com a crise financeira dos estados ou com o apag&atilde;o a\u00e9reo, est\u00e1 rotundamente equivocado. O que agita o governo e os parlamentares \u00e9 a elei&ccedil;&atilde;o do Presidente da C&acirc;mara de Deputados cargo com enorme poder pol\u00edtico e financeiro.<\/p>\n<p><!--more--><\/p>\n<p>O Presidente Lula adiou a forma&ccedil;&atilde;o de seu gabinete aguardando<br \/>\na decis&atilde;o de quem ser\u00e1 eleito para esse cargo, mostrando mais uma vez a<br \/>\nfalta de independ&ecirc;ncia do Legislativo e o controle que sobre ele exerce<br \/>\no Presidente da Rep\u00fablica, violentando as normas da Constitui&ccedil;&atilde;o que<br \/>\nestabelece a independ&ecirc;ncia dos poderes. Em s\u00ednteses: o PMDB ter\u00e1 cargos<br \/>\nno Minist\u00e9rio na medida que feche no apoio ao candidato que Lula<br \/>\nindicar. Fora isto, s&atilde;o os mesmos pol\u00edticos corruptos e inimigos dos<br \/>\ntrabalhadores e do povo, inocentados em vergonhosas sess&otilde;es da C&acirc;mara<br \/>\npelos seus colegas, os que est&atilde;o discutindo como conquistar esse<br \/>\npoderoso cargo.<\/p>\n<p>Os dois candidatos em disputa, Arlindo Chinaglia<br \/>\ndo PT e Aldo Rebelo do PCdoB, defenderam e defendem o vergonhoso<br \/>\naumento de R$ 24.500 para o sal\u00e1rio dos deputados; os dois votaram<br \/>\ntodas as medidas do governo contra o povo, como a Reforma da<br \/>\nPrevid&ecirc;ncia ou a libera&ccedil;&atilde;o dos transg&ecirc;nicos, e os dois ap\u00f3iam os novos<br \/>\nataques que Lula prepara como as reformas trabalhista (que prev&ecirc;<br \/>\nparcelamento de f\u00e9rias) ou a nova reforma da Previd&ecirc;ncia, que pretende<br \/>\nelevar a idade para se aposentar para 65 anos para homens e mulheres.<br \/>\nEles tem apoios no PMDB, no PSDB, no PFL, no PSB, no PTB, e em todos os<br \/>\npartidos, sejam da base aliada ou da falsa oposi&ccedil;&atilde;o da velha direita,<br \/>\nque pretendem continuar com seus m\u00e9todos corruptos e votando ajustes e<br \/>\nmedidas contra o bolso do povo trabalhador e das classes m\u00e9dias<br \/>\nempobrecidas.<\/p>\n<p>N&atilde;o vai ser nesses conchavos, com esses personagens<br \/>\nnem com esses partidos que poderemos acabar com a corrup&ccedil;&atilde;o e com o<br \/>\nbalc&atilde;o de neg\u00f3cios instalado no congresso nacional.<\/p>\n<p>O PSOL<br \/>\ndefende que seja a popula&ccedil;&atilde;o, os trabalhadores e o povo, os que<br \/>\nparticipem, se mobilizem e controlem os parlamentares. Defendemos que<br \/>\natrav\u00e9s do voto, o povo possa revogar os mandatos daqueles<br \/>\nparlamentares ou governantes que n&atilde;o cumprem com seus compromissos de<br \/>\ncampanha. Defendemos tamb\u00e9m que o sal\u00e1rio dos parlamentares e<br \/>\ngovernantes seja decidido por plebiscito pela popula&ccedil;&atilde;o, e vinculado ao<br \/>\nsal\u00e1rio m\u00ednimo. Consideramos necess\u00e1rio a abertura do sigilo fiscal,<br \/>\ntelef&ocirc;nico e banc\u00e1rio de todos os cargos do executivo, legislativo e<br \/>\njudici\u00e1rio, desde antes de assumir inclusive at\u00e9 cinco anos ap\u00f3s o<br \/>\nexerc\u00edcio do cargo, para verificar se enriqueceram ilegalmente se<br \/>\nutilizando da fun&ccedil;&atilde;o p\u00fablica. Estas e outras medidas de fundo, s\u00f3<br \/>\npoder&atilde;o ser impostas com a participa&ccedil;&atilde;o ativa e a mobiliza&ccedil;&atilde;o da<br \/>\npopula&ccedil;&atilde;o e n&atilde;o mediante conchavos com os velhos partidos e dirigentes<br \/>\nque acobertaram a corrup&ccedil;&atilde;o e apoiaram todas as pol\u00edticas neoliberais<br \/>\ncontra os trabalhadores e o povo. Somente uma candidatura comprometida<br \/>\ncom estas propostas, ser\u00e1 capaz de convocar ao povo brasileiro a se<br \/>\nmobilizar para acabar com a &ldquo;ilha da fantasia&rdquo; que \u00e9 o Congresso<br \/>\nNacional, que governou e continua governando para os ricos e poderosos,<br \/>\ndando as costas ao povo brasileiro.<\/p>\n<p>Por sua vez, tem aparecido a<br \/>\ntentativa de apresentar uma terceira via, atrav\u00e9s de um grupo<br \/>\nsuprapartid\u00e1rio de parlamentares que se definem &ldquo;comprometidos com o<br \/>\nreencontro do Legislativo com a sociedade, e empenhado na recupera&ccedil;&atilde;o<br \/>\ndo Congresso Nacional como inst&acirc;ncia independente e respons\u00e1vel pela<br \/>\nformula&ccedil;&atilde;o de projetos para o Pa\u00eds&rdquo;. Mas este objetivo \u00e9 inalcan&ccedil;\u00e1vel<br \/>\nenquanto o grupo, que tamb\u00e9m comporta legisladores honestos e de boas<br \/>\ninten&ccedil;&otilde;es, est\u00e1 conformado por parlamentares da base governista e<br \/>\noutros da tradicional &ldquo;oposi&ccedil;&atilde;o&rdquo; da velha direita, com deputados do<br \/>\nPMDB e at\u00e9 mesmo do PSDB, com os quais \u00e9 imposs\u00edvel formular projetos<br \/>\npara o pa\u00eds enquanto n&atilde;o se tenha uma clara pol\u00edtica de ruptura com a<br \/>\natual pol\u00edtica econ&ocirc;mica neoliberal e os m\u00e9todos corruptos utilizados<br \/>\npara aplic\u00e1-la.<\/p>\n<p>Por esta raz&atilde;o, temos defendido a necessidade que<br \/>\no PSOL lance candidatura pr\u00f3pria, atrav\u00e9s da figura da deputada Luciana<br \/>\nGenro, mostrando assim uma real alternativa, distinta, nova e<br \/>\ndiferente, comprometida no combate &agrave; corrup&ccedil;&atilde;o e aos poderosos<br \/>\ninteresses econ&ocirc;micos que a geram.<\/p>\n<p><\/p>\n<p>Deputado Federal Bab\u00e1 (PSOL\/RJ) <\/p>\n","protected":false},"excerpt":{"rendered":"<p>Come&ccedil;ado o segundo mandato do presidente Lula, Bras\u00edlia est\u00e1 agitad\u00edssima. Reuni&otilde;es, entrevistas, declara&ccedil;&otilde;es; todos os parlamentares e o governo federal est&atilde;o aparentemente &ldquo;trabalhando&rdquo;. Mas se algu\u00e9m imagina que eles est&atilde;o preocupados com as enchentes do sudeste, com a seca do nordeste, com a viol&ecirc;ncia no Rio de Janeiro, com a crise financeira dos estados ou [&hellip;]<\/p>\n","protected":false},"author":2,"featured_media":0,"comment_status":"open","ping_status":"open","sticky":false,"template":"","format":"standard","meta":{"_acf_changed":false,"footnotes":""},"categories":[4766],"tags":[],"class_list":{"0":"post-1194","1":"post","2":"type-post","3":"status-publish","4":"format-standard","6":"category-arquivo"},"acf":[],"yoast_head":"<!-- This site is optimized with the Yoast SEO plugin v26.5 - https:\/\/yoast.com\/wordpress\/plugins\/seo\/ -->\n<title>Elei\u00e7\u00e3o para a Presid\u00eancia da C\u00e2mara Federal: Um debate de costas para o povo - PSOL 50<\/title>\n<meta name=\"robots\" content=\"index, follow, max-snippet:-1, max-image-preview:large, max-video-preview:-1\" \/>\n<link rel=\"canonical\" href=\"https:\/\/psol50.org.br\/eleicao-para-a-presidencia-da-camara-federal-um-debate-de-costas-para-o-povo\/\" \/>\n<meta property=\"og:locale\" content=\"pt_BR\" \/>\n<meta property=\"og:type\" content=\"article\" \/>\n<meta property=\"og:title\" content=\"Elei\u00e7\u00e3o para a Presid\u00eancia da C\u00e2mara Federal: Um debate de costas para o povo - PSOL 50\" \/>\n<meta property=\"og:description\" content=\"Come&ccedil;ado o segundo mandato do presidente Lula, Bras\u00edlia est\u00e1 agitad\u00edssima. Reuni&otilde;es, entrevistas, declara&ccedil;&otilde;es; todos os parlamentares e o governo federal est&atilde;o aparentemente &ldquo;trabalhando&rdquo;. Mas se algu\u00e9m imagina que eles est&atilde;o preocupados com as enchentes do sudeste, com a seca do nordeste, com a viol&ecirc;ncia no Rio de Janeiro, com a crise financeira dos estados ou [&hellip;]\" \/>\n<meta property=\"og:url\" content=\"https:\/\/psol50.org.br\/eleicao-para-a-presidencia-da-camara-federal-um-debate-de-costas-para-o-povo\/\" \/>\n<meta property=\"og:site_name\" content=\"PSOL 50\" \/>\n<meta property=\"article:publisher\" content=\"https:\/\/www.facebook.com\/psol50\" \/>\n<meta property=\"article:published_time\" content=\"2007-01-10T00:00:00+00:00\" \/>\n<meta property=\"og:image\" content=\"https:\/\/psol50.org.br\/inc\/uploads\/2018\/07\/capa.png\" \/>\n\t<meta property=\"og:image:width\" content=\"1350\" \/>\n\t<meta property=\"og:image:height\" content=\"900\" \/>\n\t<meta property=\"og:image:type\" content=\"image\/png\" \/>\n<meta name=\"author\" content=\"Comunica\u00e7\u00e3o PSOL\" \/>\n<meta name=\"twitter:card\" content=\"summary_large_image\" \/>\n<meta name=\"twitter:creator\" content=\"@psol50\" \/>\n<meta name=\"twitter:site\" content=\"@psol50\" \/>\n<meta name=\"twitter:label1\" content=\"Escrito por\" \/>\n\t<meta name=\"twitter:data1\" content=\"Comunica\u00e7\u00e3o PSOL\" \/>\n\t<meta name=\"twitter:label2\" content=\"Est. tempo de leitura\" \/>\n\t<meta name=\"twitter:data2\" content=\"4 minutos\" \/>\n<script type=\"application\/ld+json\" class=\"yoast-schema-graph\">{\"@context\":\"https:\/\/schema.org\",\"@graph\":[{\"@type\":\"Article\",\"@id\":\"https:\/\/psol50.org.br\/eleicao-para-a-presidencia-da-camara-federal-um-debate-de-costas-para-o-povo\/#article\",\"isPartOf\":{\"@id\":\"https:\/\/psol50.org.br\/eleicao-para-a-presidencia-da-camara-federal-um-debate-de-costas-para-o-povo\/\"},\"author\":{\"name\":\"Comunica\u00e7\u00e3o PSOL\",\"@id\":\"https:\/\/psol50.org.br\/#\/schema\/person\/475dfa57d0b815993c714c2e96491fcd\"},\"headline\":\"Elei\u00e7\u00e3o para a Presid\u00eancia da C\u00e2mara Federal: Um debate de costas para o povo\",\"datePublished\":\"2007-01-10T00:00:00+00:00\",\"mainEntityOfPage\":{\"@id\":\"https:\/\/psol50.org.br\/eleicao-para-a-presidencia-da-camara-federal-um-debate-de-costas-para-o-povo\/\"},\"wordCount\":898,\"commentCount\":0,\"publisher\":{\"@id\":\"https:\/\/psol50.org.br\/#organization\"},\"articleSection\":[\"Arquivo\"],\"inLanguage\":\"pt-BR\",\"potentialAction\":[{\"@type\":\"CommentAction\",\"name\":\"Comment\",\"target\":[\"https:\/\/psol50.org.br\/eleicao-para-a-presidencia-da-camara-federal-um-debate-de-costas-para-o-povo\/#respond\"]}]},{\"@type\":\"WebPage\",\"@id\":\"https:\/\/psol50.org.br\/eleicao-para-a-presidencia-da-camara-federal-um-debate-de-costas-para-o-povo\/\",\"url\":\"https:\/\/psol50.org.br\/eleicao-para-a-presidencia-da-camara-federal-um-debate-de-costas-para-o-povo\/\",\"name\":\"Elei\u00e7\u00e3o para a Presid\u00eancia da C\u00e2mara Federal: Um debate de costas para o povo - PSOL 50\",\"isPartOf\":{\"@id\":\"https:\/\/psol50.org.br\/#website\"},\"datePublished\":\"2007-01-10T00:00:00+00:00\",\"breadcrumb\":{\"@id\":\"https:\/\/psol50.org.br\/eleicao-para-a-presidencia-da-camara-federal-um-debate-de-costas-para-o-povo\/#breadcrumb\"},\"inLanguage\":\"pt-BR\",\"potentialAction\":[{\"@type\":\"ReadAction\",\"target\":[\"https:\/\/psol50.org.br\/eleicao-para-a-presidencia-da-camara-federal-um-debate-de-costas-para-o-povo\/\"]}]},{\"@type\":\"BreadcrumbList\",\"@id\":\"https:\/\/psol50.org.br\/eleicao-para-a-presidencia-da-camara-federal-um-debate-de-costas-para-o-povo\/#breadcrumb\",\"itemListElement\":[{\"@type\":\"ListItem\",\"position\":1,\"name\":\"In\u00edcio\",\"item\":\"https:\/\/psol50.org.br\/\"},{\"@type\":\"ListItem\",\"position\":2,\"name\":\"Elei\u00e7\u00e3o para a Presid\u00eancia da C\u00e2mara Federal: Um debate de costas para o povo\"}]},{\"@type\":\"WebSite\",\"@id\":\"https:\/\/psol50.org.br\/#website\",\"url\":\"https:\/\/psol50.org.br\/\",\"name\":\"PSOL 50\",\"description\":\"Site oficial do Partido Socialismo e Liberdade\",\"publisher\":{\"@id\":\"https:\/\/psol50.org.br\/#organization\"},\"alternateName\":\"PSOL50\",\"potentialAction\":[{\"@type\":\"SearchAction\",\"target\":{\"@type\":\"EntryPoint\",\"urlTemplate\":\"https:\/\/psol50.org.br\/?s={search_term_string}\"},\"query-input\":{\"@type\":\"PropertyValueSpecification\",\"valueRequired\":true,\"valueName\":\"search_term_string\"}}],\"inLanguage\":\"pt-BR\"},{\"@type\":\"Organization\",\"@id\":\"https:\/\/psol50.org.br\/#organization\",\"name\":\"PSOL 50\",\"alternateName\":\"PSOL 50\",\"url\":\"https:\/\/psol50.org.br\/\",\"logo\":{\"@type\":\"ImageObject\",\"inLanguage\":\"pt-BR\",\"@id\":\"https:\/\/psol50.org.br\/#\/schema\/logo\/image\/\",\"url\":\"https:\/\/psol50.org.br\/inc\/uploads\/2018\/07\/capa.png\",\"contentUrl\":\"https:\/\/psol50.org.br\/inc\/uploads\/2018\/07\/capa.png\",\"width\":1350,\"height\":900,\"caption\":\"PSOL 50\"},\"image\":{\"@id\":\"https:\/\/psol50.org.br\/#\/schema\/logo\/image\/\"},\"sameAs\":[\"https:\/\/www.facebook.com\/psol50\",\"https:\/\/x.com\/psol50\",\"https:\/\/www.instagram.com\/psol50\/\",\"https:\/\/www.youtube.com\/channel\/UC7SnJS5o1os7a6CaiNabzcg\"]},{\"@type\":\"Person\",\"@id\":\"https:\/\/psol50.org.br\/#\/schema\/person\/475dfa57d0b815993c714c2e96491fcd\",\"name\":\"Comunica\u00e7\u00e3o PSOL\",\"image\":{\"@type\":\"ImageObject\",\"inLanguage\":\"pt-BR\",\"@id\":\"https:\/\/psol50.org.br\/#\/schema\/person\/image\/\",\"url\":\"https:\/\/secure.gravatar.com\/avatar\/b34fc4f4e468a4e51785917065a3db57b841f5c95dba6ad8c73aaf8f66f8f9bf?s=96&d=mm&r=g\",\"contentUrl\":\"https:\/\/secure.gravatar.com\/avatar\/b34fc4f4e468a4e51785917065a3db57b841f5c95dba6ad8c73aaf8f66f8f9bf?s=96&d=mm&r=g\",\"caption\":\"Comunica\u00e7\u00e3o PSOL\"}}]}<\/script>\n<!-- \/ Yoast SEO plugin. -->","yoast_head_json":{"title":"Elei\u00e7\u00e3o para a Presid\u00eancia da C\u00e2mara Federal: Um debate de costas para o povo - PSOL 50","robots":{"index":"index","follow":"follow","max-snippet":"max-snippet:-1","max-image-preview":"max-image-preview:large","max-video-preview":"max-video-preview:-1"},"canonical":"https:\/\/psol50.org.br\/eleicao-para-a-presidencia-da-camara-federal-um-debate-de-costas-para-o-povo\/","og_locale":"pt_BR","og_type":"article","og_title":"Elei\u00e7\u00e3o para a Presid\u00eancia da C\u00e2mara Federal: Um debate de costas para o povo - PSOL 50","og_description":"Come&ccedil;ado o segundo mandato do presidente Lula, Bras\u00edlia est\u00e1 agitad\u00edssima. Reuni&otilde;es, entrevistas, declara&ccedil;&otilde;es; todos os parlamentares e o governo federal est&atilde;o aparentemente &ldquo;trabalhando&rdquo;. Mas se algu\u00e9m imagina que eles est&atilde;o preocupados com as enchentes do sudeste, com a seca do nordeste, com a viol&ecirc;ncia no Rio de Janeiro, com a crise financeira dos estados ou [&hellip;]","og_url":"https:\/\/psol50.org.br\/eleicao-para-a-presidencia-da-camara-federal-um-debate-de-costas-para-o-povo\/","og_site_name":"PSOL 50","article_publisher":"https:\/\/www.facebook.com\/psol50","article_published_time":"2007-01-10T00:00:00+00:00","og_image":[{"width":1350,"height":900,"url":"https:\/\/psol50.org.br\/inc\/uploads\/2018\/07\/capa.png","type":"image\/png"}],"author":"Comunica\u00e7\u00e3o PSOL","twitter_card":"summary_large_image","twitter_creator":"@psol50","twitter_site":"@psol50","twitter_misc":{"Escrito por":"Comunica\u00e7\u00e3o PSOL","Est. tempo de leitura":"4 minutos"},"schema":{"@context":"https:\/\/schema.org","@graph":[{"@type":"Article","@id":"https:\/\/psol50.org.br\/eleicao-para-a-presidencia-da-camara-federal-um-debate-de-costas-para-o-povo\/#article","isPartOf":{"@id":"https:\/\/psol50.org.br\/eleicao-para-a-presidencia-da-camara-federal-um-debate-de-costas-para-o-povo\/"},"author":{"name":"Comunica\u00e7\u00e3o PSOL","@id":"https:\/\/psol50.org.br\/#\/schema\/person\/475dfa57d0b815993c714c2e96491fcd"},"headline":"Elei\u00e7\u00e3o para a Presid\u00eancia da C\u00e2mara Federal: Um debate de costas para o povo","datePublished":"2007-01-10T00:00:00+00:00","mainEntityOfPage":{"@id":"https:\/\/psol50.org.br\/eleicao-para-a-presidencia-da-camara-federal-um-debate-de-costas-para-o-povo\/"},"wordCount":898,"commentCount":0,"publisher":{"@id":"https:\/\/psol50.org.br\/#organization"},"articleSection":["Arquivo"],"inLanguage":"pt-BR","potentialAction":[{"@type":"CommentAction","name":"Comment","target":["https:\/\/psol50.org.br\/eleicao-para-a-presidencia-da-camara-federal-um-debate-de-costas-para-o-povo\/#respond"]}]},{"@type":"WebPage","@id":"https:\/\/psol50.org.br\/eleicao-para-a-presidencia-da-camara-federal-um-debate-de-costas-para-o-povo\/","url":"https:\/\/psol50.org.br\/eleicao-para-a-presidencia-da-camara-federal-um-debate-de-costas-para-o-povo\/","name":"Elei\u00e7\u00e3o para a Presid\u00eancia da C\u00e2mara Federal: Um debate de costas para o povo - PSOL 50","isPartOf":{"@id":"https:\/\/psol50.org.br\/#website"},"datePublished":"2007-01-10T00:00:00+00:00","breadcrumb":{"@id":"https:\/\/psol50.org.br\/eleicao-para-a-presidencia-da-camara-federal-um-debate-de-costas-para-o-povo\/#breadcrumb"},"inLanguage":"pt-BR","potentialAction":[{"@type":"ReadAction","target":["https:\/\/psol50.org.br\/eleicao-para-a-presidencia-da-camara-federal-um-debate-de-costas-para-o-povo\/"]}]},{"@type":"BreadcrumbList","@id":"https:\/\/psol50.org.br\/eleicao-para-a-presidencia-da-camara-federal-um-debate-de-costas-para-o-povo\/#breadcrumb","itemListElement":[{"@type":"ListItem","position":1,"name":"In\u00edcio","item":"https:\/\/psol50.org.br\/"},{"@type":"ListItem","position":2,"name":"Elei\u00e7\u00e3o para a Presid\u00eancia da C\u00e2mara Federal: Um debate de costas para o povo"}]},{"@type":"WebSite","@id":"https:\/\/psol50.org.br\/#website","url":"https:\/\/psol50.org.br\/","name":"PSOL 50","description":"Site oficial do Partido Socialismo e Liberdade","publisher":{"@id":"https:\/\/psol50.org.br\/#organization"},"alternateName":"PSOL50","potentialAction":[{"@type":"SearchAction","target":{"@type":"EntryPoint","urlTemplate":"https:\/\/psol50.org.br\/?s={search_term_string}"},"query-input":{"@type":"PropertyValueSpecification","valueRequired":true,"valueName":"search_term_string"}}],"inLanguage":"pt-BR"},{"@type":"Organization","@id":"https:\/\/psol50.org.br\/#organization","name":"PSOL 50","alternateName":"PSOL 50","url":"https:\/\/psol50.org.br\/","logo":{"@type":"ImageObject","inLanguage":"pt-BR","@id":"https:\/\/psol50.org.br\/#\/schema\/logo\/image\/","url":"https:\/\/psol50.org.br\/inc\/uploads\/2018\/07\/capa.png","contentUrl":"https:\/\/psol50.org.br\/inc\/uploads\/2018\/07\/capa.png","width":1350,"height":900,"caption":"PSOL 50"},"image":{"@id":"https:\/\/psol50.org.br\/#\/schema\/logo\/image\/"},"sameAs":["https:\/\/www.facebook.com\/psol50","https:\/\/x.com\/psol50","https:\/\/www.instagram.com\/psol50\/","https:\/\/www.youtube.com\/channel\/UC7SnJS5o1os7a6CaiNabzcg"]},{"@type":"Person","@id":"https:\/\/psol50.org.br\/#\/schema\/person\/475dfa57d0b815993c714c2e96491fcd","name":"Comunica\u00e7\u00e3o PSOL","image":{"@type":"ImageObject","inLanguage":"pt-BR","@id":"https:\/\/psol50.org.br\/#\/schema\/person\/image\/","url":"https:\/\/secure.gravatar.com\/avatar\/b34fc4f4e468a4e51785917065a3db57b841f5c95dba6ad8c73aaf8f66f8f9bf?s=96&d=mm&r=g","contentUrl":"https:\/\/secure.gravatar.com\/avatar\/b34fc4f4e468a4e51785917065a3db57b841f5c95dba6ad8c73aaf8f66f8f9bf?s=96&d=mm&r=g","caption":"Comunica\u00e7\u00e3o PSOL"}}]}},"_links":{"self":[{"href":"https:\/\/psol50.org.br\/rest\/wp\/v2\/posts\/1194","targetHints":{"allow":["GET"]}}],"collection":[{"href":"https:\/\/psol50.org.br\/rest\/wp\/v2\/posts"}],"about":[{"href":"https:\/\/psol50.org.br\/rest\/wp\/v2\/types\/post"}],"author":[{"embeddable":true,"href":"https:\/\/psol50.org.br\/rest\/wp\/v2\/users\/2"}],"replies":[{"embeddable":true,"href":"https:\/\/psol50.org.br\/rest\/wp\/v2\/comments?post=1194"}],"version-history":[{"count":0,"href":"https:\/\/psol50.org.br\/rest\/wp\/v2\/posts\/1194\/revisions"}],"wp:attachment":[{"href":"https:\/\/psol50.org.br\/rest\/wp\/v2\/media?parent=1194"}],"wp:term":[{"taxonomy":"category","embeddable":true,"href":"https:\/\/psol50.org.br\/rest\/wp\/v2\/categories?post=1194"},{"taxonomy":"post_tag","embeddable":true,"href":"https:\/\/psol50.org.br\/rest\/wp\/v2\/tags?post=1194"}],"curies":[{"name":"wp","href":"https:\/\/api.w.org\/{rel}","templated":true}]}}