{"id":11943,"date":"2016-04-06T21:36:27","date_gmt":"2016-04-06T21:36:27","guid":{"rendered":"http:\/\/www.psol50.org.br\/?p=11943"},"modified":"2016-04-06T21:36:27","modified_gmt":"2016-04-06T21:36:27","slug":"a-participacao-do-psol-na-jornada-de-lutas-de-31-de-marco","status":"publish","type":"post","link":"https:\/\/psol50.org.br\/a-participacao-do-psol-na-jornada-de-lutas-de-31-de-marco\/","title":{"rendered":"#Sa\u00eddaPelaEsquerda: A participa\u00e7\u00e3o do PSOL na jornada de lutas de 31 de mar\u00e7o"},"content":{"rendered":"<p>O PSOL esteve em peso nas manifesta\u00e7\u00f5es do dia 31 de mar\u00e7o, em todas as capitais do pa\u00eds e em v\u00e1rias outras grandes cidades. Juntamente com organiza\u00e7\u00f5es que comp\u00f5em a Frente Povo Sem Medo, a milit\u00e2ncia do partido foi \u00e0s ruas reafirmar sua posi\u00e7\u00e3o contra o impeachment e as pol\u00edticas do atual governo, de ajuste fiscal e retirada de direitos sociais e trabalhistas. Em todas as bandeiras e falas, as lideran\u00e7as do PSOL ressaltaram que a sa\u00edda para a crise est\u00e1 \u00e0 esquerda: com mais investimento em pautas sociais, taxa\u00e7\u00e3o de grandes fortunas e aprofundamento da democracia.<\/p>\n<p>Em Bras\u00edlia, onde ocorreu a maior manifesta\u00e7\u00e3o da jornada de lutas em defesa da democracia, o presidente nacional do PSOL, Luiz Ara\u00fajo, ao falar para os cerca de 100 mil pessoas que l\u00e1 estiveram, cobrou coer\u00eancia do governo petista, que hoje paga um alto pre\u00e7o pelas alian\u00e7as e op\u00e7\u00f5es feitas nos \u00faltimos anos, mas tamb\u00e9m denunciou as manobras em curso da direita. Nessa linha, Ara\u00fajo reafirmou a posi\u00e7\u00e3o do partido em defesa da democracia e contra a ofensiva da direita e o ajuste fiscal do governo. \u201cN\u00e3o estou aqui pela Dilma e seu governo, mas pela democracia\u201d, disse Luiz, ressaltando a posi\u00e7\u00e3o do PSOL por uma sa\u00edda \u00e0 esquerda da crise.<\/p>\n<p><strong>Leia mais: <em><a href=\"http:\/\/www.psol50.org.br\/2016\/04\/atos-pela-democracia-e-contra-o-ajuste-fiscal-reunem-mais-de-700-mil-pessoas-em-todo-o-pais\/\">Atos pela democracia e contra o ajuste fiscal re\u00fanem mais de 700 mil pessoas em todo o pa\u00eds<\/a><\/em><\/strong><\/p>\n<p>Outras lideran\u00e7as do partido que participaram do ato na capital federal tamb\u00e9m falaram com\u00a0a equipe de comunica\u00e7\u00e3o do PSOL. Confira abaixo.<\/p>\n<p><strong>Luiz Ara\u00fajo, presidente nacional do PSOL<\/strong><\/p>\n<p>&nbsp;<\/p>\n<div class=\"youtube-embed\" data-video_id=\"7bhZi3SYQaQ\"><iframe loading=\"lazy\" title=\"PSOL contra o impeachment e o ajuste fiscal\" width=\"696\" height=\"392\" src=\"https:\/\/www.youtube.com\/embed\/7bhZi3SYQaQ?feature=oembed&#038;enablejsapi=1\" frameborder=\"0\" allow=\"accelerometer; autoplay; clipboard-write; encrypted-media; gyroscope; picture-in-picture\" allowfullscreen><\/iframe><\/div>\n<p><strong>\u00a0<\/strong><\/p>\n<p><strong>Jorge Paz, ex-candidato \u00e0 vice-presid\u00eancia da Rep\u00fablica<\/strong><\/p>\n<p>&nbsp;<\/p>\n<div class=\"youtube-embed\" data-video_id=\"xTueELDhZ6A\"><iframe loading=\"lazy\" title=\"PSOL na luta pela democracia\" width=\"696\" height=\"392\" src=\"https:\/\/www.youtube.com\/embed\/xTueELDhZ6A?feature=oembed&#038;enablejsapi=1\" frameborder=\"0\" allow=\"accelerometer; autoplay; clipboard-write; encrypted-media; gyroscope; picture-in-picture\" allowfullscreen><\/iframe><\/div>\n<p><strong>\u00a0<\/strong><\/p>\n<p><strong>D\u00e9bora Camilo, membro da Executiva do PSOL-SP<\/strong><\/p>\n<p>&nbsp;<\/p>\n<div class=\"youtube-embed\" data-video_id=\"1jeSJcvrhaU\"><iframe loading=\"lazy\" title=\"&quot;Nossa participa\u00e7\u00e3o se d\u00e1 em defesa da democracia&quot;\" width=\"696\" height=\"392\" src=\"https:\/\/www.youtube.com\/embed\/1jeSJcvrhaU?feature=oembed&#038;enablejsapi=1\" frameborder=\"0\" allow=\"accelerometer; autoplay; clipboard-write; encrypted-media; gyroscope; picture-in-picture\" allowfullscreen><\/iframe><\/div>\n<p><strong>\u00a0<\/strong><\/p>\n<p><strong>Toninho do PSOL, presidente do PSOL-DF<\/strong><\/p>\n<p>&nbsp;<\/p>\n<div class=\"youtube-embed\" data-video_id=\"H8tu69NJfzs\"><iframe loading=\"lazy\" title=\"O povo nas rudas por mais direitos\" width=\"696\" height=\"392\" src=\"https:\/\/www.youtube.com\/embed\/H8tu69NJfzs?feature=oembed&#038;enablejsapi=1\" frameborder=\"0\" allow=\"accelerometer; autoplay; clipboard-write; encrypted-media; gyroscope; picture-in-picture\" allowfullscreen><\/iframe><\/div>\n<p><strong>\u00a0<\/strong><\/p>\n<p>&nbsp;<\/p>\n","protected":false},"excerpt":{"rendered":"<p>O PSOL esteve em peso nas manifesta\u00e7\u00f5es do dia 31 de mar\u00e7o, em todas as capitais do pa\u00eds e em v\u00e1rias outras grandes cidades. Juntamente com organiza\u00e7\u00f5es que comp\u00f5em a Frente Povo Sem Medo, a milit\u00e2ncia do partido foi \u00e0s ruas reafirmar sua posi\u00e7\u00e3o contra o impeachment e as pol\u00edticas do atual governo, de ajuste [&hellip;]<\/p>\n","protected":false},"author":2,"featured_media":11944,"comment_status":"open","ping_status":"open","sticky":false,"template":"","format":"standard","meta":{"_acf_changed":false,"footnotes":""},"categories":[1882,1104,6,14],"tags":[4152,2410,219,1540,87,3705,1878,151,220,4182,1801,22,4183],"class_list":{"0":"post-11943","1":"post","2":"type-post","3":"status-publish","4":"format-standard","5":"has-post-thumbnail","7":"category-brasil","8":"category-movimento","9":"category-noticias","10":"category-partido","11":"tag-saidapelaesquerda","12":"tag-avanco-conservador","13":"tag-crise","14":"tag-debora-camilo","15":"tag-democracia","16":"tag-direita","17":"tag-frente-povo-sem-medo","18":"tag-golpe","19":"tag-impeachment","20":"tag-jorge-paz","21":"tag-luiz-araujo","22":"tag-psol","23":"tag-toninho-do-psol"},"acf":[],"yoast_head":"<!-- This site is optimized with the Yoast SEO plugin v26.5 - https:\/\/yoast.com\/wordpress\/plugins\/seo\/ -->\n<title>#Sa\u00eddaPelaEsquerda: A participa\u00e7\u00e3o do PSOL na jornada de lutas de 31 de mar\u00e7o - PSOL 50<\/title>\n<meta name=\"robots\" content=\"index, follow, max-snippet:-1, max-image-preview:large, max-video-preview:-1\" \/>\n<link rel=\"canonical\" href=\"https:\/\/psol50.org.br\/a-participacao-do-psol-na-jornada-de-lutas-de-31-de-marco\/\" \/>\n<meta property=\"og:locale\" content=\"pt_BR\" \/>\n<meta property=\"og:type\" content=\"article\" \/>\n<meta property=\"og:title\" content=\"#Sa\u00eddaPelaEsquerda: A participa\u00e7\u00e3o do PSOL na jornada de lutas de 31 de mar\u00e7o - PSOL 50\" \/>\n<meta property=\"og:description\" content=\"O PSOL esteve em peso nas manifesta\u00e7\u00f5es do dia 31 de mar\u00e7o, em todas as capitais do pa\u00eds e em v\u00e1rias outras grandes cidades. Juntamente com organiza\u00e7\u00f5es que comp\u00f5em a Frente Povo Sem Medo, a milit\u00e2ncia do partido foi \u00e0s ruas reafirmar sua posi\u00e7\u00e3o contra o impeachment e as pol\u00edticas do atual governo, de ajuste [&hellip;]\" \/>\n<meta property=\"og:url\" content=\"https:\/\/psol50.org.br\/a-participacao-do-psol-na-jornada-de-lutas-de-31-de-marco\/\" \/>\n<meta property=\"og:site_name\" content=\"PSOL 50\" \/>\n<meta property=\"article:publisher\" content=\"https:\/\/www.facebook.com\/psol50\" \/>\n<meta property=\"article:published_time\" content=\"2016-04-06T21:36:27+00:00\" \/>\n<meta property=\"og:image\" content=\"https:\/\/psol50.org.br\/inc\/uploads\/2018\/07\/capa.png\" \/>\n\t<meta property=\"og:image:width\" content=\"1350\" \/>\n\t<meta property=\"og:image:height\" content=\"900\" \/>\n\t<meta property=\"og:image:type\" content=\"image\/png\" \/>\n<meta name=\"author\" content=\"Comunica\u00e7\u00e3o PSOL\" \/>\n<meta name=\"twitter:card\" content=\"summary_large_image\" \/>\n<meta name=\"twitter:creator\" content=\"@psol50\" \/>\n<meta name=\"twitter:site\" content=\"@psol50\" \/>\n<meta name=\"twitter:label1\" content=\"Escrito por\" \/>\n\t<meta name=\"twitter:data1\" content=\"Comunica\u00e7\u00e3o PSOL\" \/>\n\t<meta name=\"twitter:label2\" content=\"Est. tempo de leitura\" \/>\n\t<meta name=\"twitter:data2\" content=\"2 minutos\" \/>\n<script type=\"application\/ld+json\" class=\"yoast-schema-graph\">{\"@context\":\"https:\/\/schema.org\",\"@graph\":[{\"@type\":\"Article\",\"@id\":\"https:\/\/psol50.org.br\/a-participacao-do-psol-na-jornada-de-lutas-de-31-de-marco\/#article\",\"isPartOf\":{\"@id\":\"https:\/\/psol50.org.br\/a-participacao-do-psol-na-jornada-de-lutas-de-31-de-marco\/\"},\"author\":{\"name\":\"Comunica\u00e7\u00e3o PSOL\",\"@id\":\"https:\/\/psol50.org.br\/#\/schema\/person\/475dfa57d0b815993c714c2e96491fcd\"},\"headline\":\"#Sa\u00eddaPelaEsquerda: A participa\u00e7\u00e3o do PSOL na jornada de lutas de 31 de mar\u00e7o\",\"datePublished\":\"2016-04-06T21:36:27+00:00\",\"mainEntityOfPage\":{\"@id\":\"https:\/\/psol50.org.br\/a-participacao-do-psol-na-jornada-de-lutas-de-31-de-marco\/\"},\"wordCount\":371,\"commentCount\":0,\"publisher\":{\"@id\":\"https:\/\/psol50.org.br\/#organization\"},\"image\":{\"@id\":\"https:\/\/psol50.org.br\/a-participacao-do-psol-na-jornada-de-lutas-de-31-de-marco\/#primaryimage\"},\"thumbnailUrl\":\"\",\"keywords\":[\"#Sa\u00eddaPelaEsquerda\",\"avan\u00e7o conservador\",\"crise\",\"D\u00e9bora Camilo\",\"democracia\",\"direita\",\"Frente Povo Sem Medo\",\"golpe\",\"impeachment\",\"Jorge Paz\",\"Luiz Ara\u00fajo\",\"PSOL\",\"Toninho do PSOL\"],\"articleSection\":[\"Brasil\",\"Movimento\",\"Not\u00edcias\",\"Partido\"],\"inLanguage\":\"pt-BR\",\"potentialAction\":[{\"@type\":\"CommentAction\",\"name\":\"Comment\",\"target\":[\"https:\/\/psol50.org.br\/a-participacao-do-psol-na-jornada-de-lutas-de-31-de-marco\/#respond\"]}]},{\"@type\":\"WebPage\",\"@id\":\"https:\/\/psol50.org.br\/a-participacao-do-psol-na-jornada-de-lutas-de-31-de-marco\/\",\"url\":\"https:\/\/psol50.org.br\/a-participacao-do-psol-na-jornada-de-lutas-de-31-de-marco\/\",\"name\":\"#Sa\u00eddaPelaEsquerda: A participa\u00e7\u00e3o do PSOL na jornada de lutas de 31 de mar\u00e7o - PSOL 50\",\"isPartOf\":{\"@id\":\"https:\/\/psol50.org.br\/#website\"},\"primaryImageOfPage\":{\"@id\":\"https:\/\/psol50.org.br\/a-participacao-do-psol-na-jornada-de-lutas-de-31-de-marco\/#primaryimage\"},\"image\":{\"@id\":\"https:\/\/psol50.org.br\/a-participacao-do-psol-na-jornada-de-lutas-de-31-de-marco\/#primaryimage\"},\"thumbnailUrl\":\"\",\"datePublished\":\"2016-04-06T21:36:27+00:00\",\"breadcrumb\":{\"@id\":\"https:\/\/psol50.org.br\/a-participacao-do-psol-na-jornada-de-lutas-de-31-de-marco\/#breadcrumb\"},\"inLanguage\":\"pt-BR\",\"potentialAction\":[{\"@type\":\"ReadAction\",\"target\":[\"https:\/\/psol50.org.br\/a-participacao-do-psol-na-jornada-de-lutas-de-31-de-marco\/\"]}]},{\"@type\":\"ImageObject\",\"inLanguage\":\"pt-BR\",\"@id\":\"https:\/\/psol50.org.br\/a-participacao-do-psol-na-jornada-de-lutas-de-31-de-marco\/#primaryimage\",\"url\":\"\",\"contentUrl\":\"\"},{\"@type\":\"BreadcrumbList\",\"@id\":\"https:\/\/psol50.org.br\/a-participacao-do-psol-na-jornada-de-lutas-de-31-de-marco\/#breadcrumb\",\"itemListElement\":[{\"@type\":\"ListItem\",\"position\":1,\"name\":\"In\u00edcio\",\"item\":\"https:\/\/psol50.org.br\/\"},{\"@type\":\"ListItem\",\"position\":2,\"name\":\"#Sa\u00eddaPelaEsquerda: A participa\u00e7\u00e3o do PSOL na jornada de lutas de 31 de mar\u00e7o\"}]},{\"@type\":\"WebSite\",\"@id\":\"https:\/\/psol50.org.br\/#website\",\"url\":\"https:\/\/psol50.org.br\/\",\"name\":\"PSOL 50\",\"description\":\"Site oficial do Partido Socialismo e Liberdade\",\"publisher\":{\"@id\":\"https:\/\/psol50.org.br\/#organization\"},\"alternateName\":\"PSOL50\",\"potentialAction\":[{\"@type\":\"SearchAction\",\"target\":{\"@type\":\"EntryPoint\",\"urlTemplate\":\"https:\/\/psol50.org.br\/?s={search_term_string}\"},\"query-input\":{\"@type\":\"PropertyValueSpecification\",\"valueRequired\":true,\"valueName\":\"search_term_string\"}}],\"inLanguage\":\"pt-BR\"},{\"@type\":\"Organization\",\"@id\":\"https:\/\/psol50.org.br\/#organization\",\"name\":\"PSOL 50\",\"alternateName\":\"PSOL 50\",\"url\":\"https:\/\/psol50.org.br\/\",\"logo\":{\"@type\":\"ImageObject\",\"inLanguage\":\"pt-BR\",\"@id\":\"https:\/\/psol50.org.br\/#\/schema\/logo\/image\/\",\"url\":\"https:\/\/psol50.org.br\/inc\/uploads\/2018\/07\/capa.png\",\"contentUrl\":\"https:\/\/psol50.org.br\/inc\/uploads\/2018\/07\/capa.png\",\"width\":1350,\"height\":900,\"caption\":\"PSOL 50\"},\"image\":{\"@id\":\"https:\/\/psol50.org.br\/#\/schema\/logo\/image\/\"},\"sameAs\":[\"https:\/\/www.facebook.com\/psol50\",\"https:\/\/x.com\/psol50\",\"https:\/\/www.instagram.com\/psol50\/\",\"https:\/\/www.youtube.com\/channel\/UC7SnJS5o1os7a6CaiNabzcg\"]},{\"@type\":\"Person\",\"@id\":\"https:\/\/psol50.org.br\/#\/schema\/person\/475dfa57d0b815993c714c2e96491fcd\",\"name\":\"Comunica\u00e7\u00e3o PSOL\",\"image\":{\"@type\":\"ImageObject\",\"inLanguage\":\"pt-BR\",\"@id\":\"https:\/\/psol50.org.br\/#\/schema\/person\/image\/\",\"url\":\"https:\/\/secure.gravatar.com\/avatar\/b34fc4f4e468a4e51785917065a3db57b841f5c95dba6ad8c73aaf8f66f8f9bf?s=96&d=mm&r=g\",\"contentUrl\":\"https:\/\/secure.gravatar.com\/avatar\/b34fc4f4e468a4e51785917065a3db57b841f5c95dba6ad8c73aaf8f66f8f9bf?s=96&d=mm&r=g\",\"caption\":\"Comunica\u00e7\u00e3o PSOL\"}}]}<\/script>\n<!-- \/ Yoast SEO plugin. -->","yoast_head_json":{"title":"#Sa\u00eddaPelaEsquerda: A participa\u00e7\u00e3o do PSOL na jornada de lutas de 31 de mar\u00e7o - PSOL 50","robots":{"index":"index","follow":"follow","max-snippet":"max-snippet:-1","max-image-preview":"max-image-preview:large","max-video-preview":"max-video-preview:-1"},"canonical":"https:\/\/psol50.org.br\/a-participacao-do-psol-na-jornada-de-lutas-de-31-de-marco\/","og_locale":"pt_BR","og_type":"article","og_title":"#Sa\u00eddaPelaEsquerda: A participa\u00e7\u00e3o do PSOL na jornada de lutas de 31 de mar\u00e7o - PSOL 50","og_description":"O PSOL esteve em peso nas manifesta\u00e7\u00f5es do dia 31 de mar\u00e7o, em todas as capitais do pa\u00eds e em v\u00e1rias outras grandes cidades. Juntamente com organiza\u00e7\u00f5es que comp\u00f5em a Frente Povo Sem Medo, a milit\u00e2ncia do partido foi \u00e0s ruas reafirmar sua posi\u00e7\u00e3o contra o impeachment e as pol\u00edticas do atual governo, de ajuste [&hellip;]","og_url":"https:\/\/psol50.org.br\/a-participacao-do-psol-na-jornada-de-lutas-de-31-de-marco\/","og_site_name":"PSOL 50","article_publisher":"https:\/\/www.facebook.com\/psol50","article_published_time":"2016-04-06T21:36:27+00:00","og_image":[{"width":1350,"height":900,"url":"https:\/\/psol50.org.br\/inc\/uploads\/2018\/07\/capa.png","type":"image\/png"}],"author":"Comunica\u00e7\u00e3o PSOL","twitter_card":"summary_large_image","twitter_creator":"@psol50","twitter_site":"@psol50","twitter_misc":{"Escrito por":"Comunica\u00e7\u00e3o PSOL","Est. tempo de leitura":"2 minutos"},"schema":{"@context":"https:\/\/schema.org","@graph":[{"@type":"Article","@id":"https:\/\/psol50.org.br\/a-participacao-do-psol-na-jornada-de-lutas-de-31-de-marco\/#article","isPartOf":{"@id":"https:\/\/psol50.org.br\/a-participacao-do-psol-na-jornada-de-lutas-de-31-de-marco\/"},"author":{"name":"Comunica\u00e7\u00e3o PSOL","@id":"https:\/\/psol50.org.br\/#\/schema\/person\/475dfa57d0b815993c714c2e96491fcd"},"headline":"#Sa\u00eddaPelaEsquerda: A participa\u00e7\u00e3o do PSOL na jornada de lutas de 31 de mar\u00e7o","datePublished":"2016-04-06T21:36:27+00:00","mainEntityOfPage":{"@id":"https:\/\/psol50.org.br\/a-participacao-do-psol-na-jornada-de-lutas-de-31-de-marco\/"},"wordCount":371,"commentCount":0,"publisher":{"@id":"https:\/\/psol50.org.br\/#organization"},"image":{"@id":"https:\/\/psol50.org.br\/a-participacao-do-psol-na-jornada-de-lutas-de-31-de-marco\/#primaryimage"},"thumbnailUrl":"","keywords":["#Sa\u00eddaPelaEsquerda","avan\u00e7o conservador","crise","D\u00e9bora Camilo","democracia","direita","Frente Povo Sem Medo","golpe","impeachment","Jorge Paz","Luiz Ara\u00fajo","PSOL","Toninho do PSOL"],"articleSection":["Brasil","Movimento","Not\u00edcias","Partido"],"inLanguage":"pt-BR","potentialAction":[{"@type":"CommentAction","name":"Comment","target":["https:\/\/psol50.org.br\/a-participacao-do-psol-na-jornada-de-lutas-de-31-de-marco\/#respond"]}]},{"@type":"WebPage","@id":"https:\/\/psol50.org.br\/a-participacao-do-psol-na-jornada-de-lutas-de-31-de-marco\/","url":"https:\/\/psol50.org.br\/a-participacao-do-psol-na-jornada-de-lutas-de-31-de-marco\/","name":"#Sa\u00eddaPelaEsquerda: A participa\u00e7\u00e3o do PSOL na jornada de lutas de 31 de mar\u00e7o - PSOL 50","isPartOf":{"@id":"https:\/\/psol50.org.br\/#website"},"primaryImageOfPage":{"@id":"https:\/\/psol50.org.br\/a-participacao-do-psol-na-jornada-de-lutas-de-31-de-marco\/#primaryimage"},"image":{"@id":"https:\/\/psol50.org.br\/a-participacao-do-psol-na-jornada-de-lutas-de-31-de-marco\/#primaryimage"},"thumbnailUrl":"","datePublished":"2016-04-06T21:36:27+00:00","breadcrumb":{"@id":"https:\/\/psol50.org.br\/a-participacao-do-psol-na-jornada-de-lutas-de-31-de-marco\/#breadcrumb"},"inLanguage":"pt-BR","potentialAction":[{"@type":"ReadAction","target":["https:\/\/psol50.org.br\/a-participacao-do-psol-na-jornada-de-lutas-de-31-de-marco\/"]}]},{"@type":"ImageObject","inLanguage":"pt-BR","@id":"https:\/\/psol50.org.br\/a-participacao-do-psol-na-jornada-de-lutas-de-31-de-marco\/#primaryimage","url":"","contentUrl":""},{"@type":"BreadcrumbList","@id":"https:\/\/psol50.org.br\/a-participacao-do-psol-na-jornada-de-lutas-de-31-de-marco\/#breadcrumb","itemListElement":[{"@type":"ListItem","position":1,"name":"In\u00edcio","item":"https:\/\/psol50.org.br\/"},{"@type":"ListItem","position":2,"name":"#Sa\u00eddaPelaEsquerda: A participa\u00e7\u00e3o do PSOL na jornada de lutas de 31 de mar\u00e7o"}]},{"@type":"WebSite","@id":"https:\/\/psol50.org.br\/#website","url":"https:\/\/psol50.org.br\/","name":"PSOL 50","description":"Site oficial do Partido Socialismo e Liberdade","publisher":{"@id":"https:\/\/psol50.org.br\/#organization"},"alternateName":"PSOL50","potentialAction":[{"@type":"SearchAction","target":{"@type":"EntryPoint","urlTemplate":"https:\/\/psol50.org.br\/?s={search_term_string}"},"query-input":{"@type":"PropertyValueSpecification","valueRequired":true,"valueName":"search_term_string"}}],"inLanguage":"pt-BR"},{"@type":"Organization","@id":"https:\/\/psol50.org.br\/#organization","name":"PSOL 50","alternateName":"PSOL 50","url":"https:\/\/psol50.org.br\/","logo":{"@type":"ImageObject","inLanguage":"pt-BR","@id":"https:\/\/psol50.org.br\/#\/schema\/logo\/image\/","url":"https:\/\/psol50.org.br\/inc\/uploads\/2018\/07\/capa.png","contentUrl":"https:\/\/psol50.org.br\/inc\/uploads\/2018\/07\/capa.png","width":1350,"height":900,"caption":"PSOL 50"},"image":{"@id":"https:\/\/psol50.org.br\/#\/schema\/logo\/image\/"},"sameAs":["https:\/\/www.facebook.com\/psol50","https:\/\/x.com\/psol50","https:\/\/www.instagram.com\/psol50\/","https:\/\/www.youtube.com\/channel\/UC7SnJS5o1os7a6CaiNabzcg"]},{"@type":"Person","@id":"https:\/\/psol50.org.br\/#\/schema\/person\/475dfa57d0b815993c714c2e96491fcd","name":"Comunica\u00e7\u00e3o PSOL","image":{"@type":"ImageObject","inLanguage":"pt-BR","@id":"https:\/\/psol50.org.br\/#\/schema\/person\/image\/","url":"https:\/\/secure.gravatar.com\/avatar\/b34fc4f4e468a4e51785917065a3db57b841f5c95dba6ad8c73aaf8f66f8f9bf?s=96&d=mm&r=g","contentUrl":"https:\/\/secure.gravatar.com\/avatar\/b34fc4f4e468a4e51785917065a3db57b841f5c95dba6ad8c73aaf8f66f8f9bf?s=96&d=mm&r=g","caption":"Comunica\u00e7\u00e3o PSOL"}}]}},"_links":{"self":[{"href":"https:\/\/psol50.org.br\/rest\/wp\/v2\/posts\/11943","targetHints":{"allow":["GET"]}}],"collection":[{"href":"https:\/\/psol50.org.br\/rest\/wp\/v2\/posts"}],"about":[{"href":"https:\/\/psol50.org.br\/rest\/wp\/v2\/types\/post"}],"author":[{"embeddable":true,"href":"https:\/\/psol50.org.br\/rest\/wp\/v2\/users\/2"}],"replies":[{"embeddable":true,"href":"https:\/\/psol50.org.br\/rest\/wp\/v2\/comments?post=11943"}],"version-history":[{"count":0,"href":"https:\/\/psol50.org.br\/rest\/wp\/v2\/posts\/11943\/revisions"}],"wp:featuredmedia":[{"embeddable":true,"href":"https:\/\/psol50.org.br\/rest\/"}],"wp:attachment":[{"href":"https:\/\/psol50.org.br\/rest\/wp\/v2\/media?parent=11943"}],"wp:term":[{"taxonomy":"category","embeddable":true,"href":"https:\/\/psol50.org.br\/rest\/wp\/v2\/categories?post=11943"},{"taxonomy":"post_tag","embeddable":true,"href":"https:\/\/psol50.org.br\/rest\/wp\/v2\/tags?post=11943"}],"curies":[{"name":"wp","href":"https:\/\/api.w.org\/{rel}","templated":true}]}}