{"id":11966,"date":"2016-04-07T20:20:44","date_gmt":"2016-04-07T20:20:44","guid":{"rendered":"http:\/\/www.psol50.org.br\/?p=11966"},"modified":"2016-04-07T20:20:44","modified_gmt":"2016-04-07T20:20:44","slug":"contra-a-repressao-aos-servidores-da-camara-nota-da-bancada-do-psol","status":"publish","type":"post","link":"https:\/\/psol50.org.br\/contra-a-repressao-aos-servidores-da-camara-nota-da-bancada-do-psol\/","title":{"rendered":"Contra a repress\u00e3o aos servidores da C\u00e2mara &#8211; nota da bancada do PSOL"},"content":{"rendered":"<p>N\u00f3s, parlamentares da bancada da Lideran\u00e7a do PSOL, afirmamos que a C\u00e2mara dos Deputados \u2013 a Casa do Povo \u2013 n\u00e3o pode adotar medidas claramente seletivas em rela\u00e7\u00e3o ao tratamento reservado a manifestantes, movimentos sociais e demais segmentos organizados da sociedade civil. N\u00e3o pode tamb\u00e9m, em fun\u00e7\u00e3o dos alinhamentos e interesses pol\u00edticos de seu eventual presidente, se transformar num lugar de controle ideol\u00f3gico que cerceia o ir e vir de seus servidores.<\/p>\n<p>A nota emitida ontem \u00e0 noite pela Diretoria Geral, por ordem do deputado-r\u00e9u Eduardo Cunha endere\u00e7ada aos servidores da Casa, com restri\u00e7\u00f5es ao comportamento dos trabalhadores da C\u00e2mara, \u00e9 despropositada. Seu tom autorit\u00e1rio incomodou diversos funcion\u00e1rios, que expressaram suas queixas, questionamentos e perplexidade com o tipo de orienta\u00e7\u00e3o e o tom de amea\u00e7a velada contido no texto de pouco mais de quatro linhas.<\/p>\n<p>Nos v\u00e1rios coment\u00e1rios que se seguem \u00e0 nota, questiona-se, por exemplo, se est\u00e3o proibidas as assembleias ou reuni\u00f5es promovidas pelas entidades e associa\u00e7\u00f5es formadas por servidores ou funcion\u00e1rios da Casa, se manifesta\u00e7\u00f5es por direitos ou contra a retirada deles n\u00e3o poder\u00e3o ser feitos, mesmo que digam respeito aos seus interesses, como o plano de sa\u00fade ou a extin\u00e7\u00e3o do Departamento M\u00e9dico. Ou, pior ainda, vai-se iniciar uma ca\u00e7a \u00e0s bruxas no n\u00edvel do \u201ceu vi fulano usando um button apoiando essa ou aquela causa\u201d?<\/p>\n<p>No \u00faltimo dia 30 de mar\u00e7o, foi distribu\u00eddo um manifesto assinado coletivamente por servidores reunidos num comit\u00ea independente. Ali se pedia respeito \u00e0 dignidade humana, ao direito de ser diferente e de sustentar distintas vis\u00f5es de mundo e projetos de sociedade, al\u00e9m de repudiar toda e qualquer forma de discrimina\u00e7\u00e3o, intoler\u00e2ncia e hostiliza\u00e7\u00e3o por raz\u00f5es econ\u00f4micas, ideol\u00f3gicas e partid\u00e1rias.<\/p>\n<p>Por raz\u00f5es inaceit\u00e1veis, o Departamento de Pol\u00edtica Legislativa (Depol) enviou um grupo de agentes para coibir a distribui\u00e7\u00e3o do manifesto e constranger os divulgadores. A informa\u00e7\u00e3o de que a ordem veio da \u201cDG\u201d nos foi repassada pelo pr\u00f3prio chefe do Depol.<\/p>\n<p>Na ocasi\u00e3o, o deputado Jean Wyllys fez a defesa dos direitos de manifesta\u00e7\u00e3o dos servidores, assim como atuou como mediador do conflito. Por sua vez, o deputado Chico Alencar, de posse do texto, o deu como lido no Plen\u00e1rio, ressaltando o equil\u00edbrio do posicionamento do Comit\u00ea Independente.<\/p>\n<p>Ao contr\u00e1rio do deputado Paulo Pimenta, que n\u00e3o presenciou a situa\u00e7\u00e3o, n\u00f3s n\u00e3o procuramos o Diretor Geral para esclarecimento algum. Afinal, j\u00e1 hav\u00edamos sido informados pelo pr\u00f3prio Depol de que toda a a\u00e7\u00e3o repressiva e autorit\u00e1ria partiu exatamente da Dire\u00e7\u00e3o da Casa.<\/p>\n<p>A responsabilidade pela abrupta interven\u00e7\u00e3o, ali\u00e1s, foi oficialmente comprovada pela divulga\u00e7\u00e3o de uma nota oficial da DG, em que estava expresso todo o car\u00e1ter persecut\u00f3rio da a\u00e7\u00e3o. Em apenas quatro linhas, o comit\u00ea foi desqualificado, com a amea\u00e7a de \u201capura\u00e7\u00e3o legal\u201d caso o manifesto contivesse nome, logomarca ou imagem da C\u00e2mara dos Deputados \u2013 que, obviamente, n\u00e3o continha. O autor da nota se achou no direito de dizer que a DG \u201cn\u00e3o reconhecia\u201d o comit\u00ea independente, como se os servidores precisassem de tal chancela para o comit\u00ea existir!<\/p>\n<p>Impresso com recursos pr\u00f3prios dos servidores, distribu\u00eddos estritamente em \u00e1reas externas \u00e0 C\u00e2mara dos Deputados, o texto \u00e9 absolutamente apartid\u00e1rio. Ademais, o documento n\u00e3o falava em nome da totalidade de servidores da Casa, e, se continha as cores azul, verde e amarelo, era porque, antes de elas \u201cpertencerem\u201d a qualquer institui\u00e7\u00e3o, elas revestem os s\u00edmbolos m\u00e1ximos da P\u00e1tria, o que as livra dos \u201ccarimbos\u201d deste ou daquele grupo pol\u00edtico.<\/p>\n<p>Ap\u00f3s tomarmos conhecimento de que trabalhadores e material estavam apreendidos, o deputado Jean Wyllys esteve no Depol para exigir isonomia no tratamento dispensado a todos os milhares de cidad\u00e3os que acorrem diariamente a esta Casa. Movimentos sociais, ind\u00edgenas, LGBTs, movimento negro e todos aqueles que manifestam um pensamento diferente do grupo ao qual se alinha o atual presidente desta Casa, devem ser tratados com o mesmo respeito.<\/p>\n<p>Talvez jamais recebam as regalias com que s\u00e3o contemplados os grupos reacion\u00e1rios ligados a Eduardo Cunha, entre eles o \u201cRevoltados Online\u201d e \u201cMovimento Brasil Livre (MBL)\u201d, que transitam livremente por toda a C\u00e2mara, inclusive achacando parlamentares, danificando gabinetes, amea\u00e7ando servidores, sem que sejam sequer incomodados pela seguran\u00e7a legislativa.<\/p>\n<p>Os divulgadores do manifesto e o material impresso foram liberados, apesar da resist\u00eancia da Pol\u00edcia Legislativa \u00e0 veemente argumenta\u00e7\u00e3o do deputado Jean Wyllys quanto a uma \u00f3bvia transforma\u00e7\u00e3o da sua natureza em \u201cpol\u00edcia pol\u00edtica\u201d. Uma pol\u00edcia que analisa conte\u00fados e adota medidas de trucul\u00eancia a partir do atual status quo da C\u00e2mara dos Deputados, inclusive com amea\u00e7as vazias e desnecess\u00e1rias.<\/p>\n<p>Refor\u00e7amos que o direito \u00e0 liberdade de express\u00e3o \u00e9 um direito de todos, servidores ou n\u00e3o, sem a necessidade de anu\u00eancia de qualquer autoridade interna. Impressos de toda a ordem s\u00e3o distribu\u00eddos, todos os dias, dentro e fora da C\u00e2mara, sem que haja nenhuma atitude do Depol (ou qualquer preju\u00edzo \u00e0 democracia).<\/p>\n<p>A nota da DG aos servidores n\u00e3o passa de uma a\u00e7\u00e3o sem sentido, que em nada acrescenta ao epis\u00f3dio aqui referido, do ponto de vista da reflex\u00e3o. A partir de tal iniciativa de controle, ela se faz urgentemente necess\u00e1ria.<\/p>\n<p>Atenciosamente,<br \/>\nBancada do PSOL na C\u00e2mara<\/p>\n<p>Deputado Ivan Valente<br \/>\nDeputado Chico Alencar<br \/>\nDeputado Edmilson Rodrigues<br \/>\nDeputado Glauber Braga<br \/>\nDeputado Jean Wyllys<br \/>\nDeputada Luiza Erundina<\/p>\n","protected":false},"excerpt":{"rendered":"<p>N\u00f3s, parlamentares da bancada da Lideran\u00e7a do PSOL, afirmamos que a C\u00e2mara dos Deputados \u2013 a Casa do Povo \u2013 n\u00e3o pode adotar medidas claramente seletivas em rela\u00e7\u00e3o ao tratamento reservado a manifestantes, movimentos sociais e demais segmentos organizados da sociedade civil. N\u00e3o pode tamb\u00e9m, em fun\u00e7\u00e3o dos alinhamentos e interesses pol\u00edticos de seu eventual [&hellip;]<\/p>\n","protected":false},"author":2,"featured_media":11968,"comment_status":"open","ping_status":"open","sticky":false,"template":"","format":"standard","meta":{"_acf_changed":false,"footnotes":""},"categories":[10,1882,6],"tags":[2734,709,1680,973,1191,552,663,3009,553,19,243,417],"class_list":{"0":"post-11966","1":"post","2":"type-post","3":"status-publish","4":"format-standard","5":"has-post-thumbnail","7":"category-acao-parlamentares","8":"category-brasil","9":"category-noticias","10":"tag-bancada-do-psol","11":"tag-camara-dos-deputados","12":"tag-chico-alencar","13":"tag-edmilson-rodrigues","14":"tag-glauber-braga","15":"tag-ivan-valente","16":"tag-jean-wyllys","17":"tag-lider-do-psol","18":"tag-luiza-erundina","19":"tag-nota","20":"tag-nota-do-psol","21":"tag-psol-na-camara"},"acf":[],"yoast_head":"<!-- This site is optimized with the Yoast SEO plugin v26.5 - https:\/\/yoast.com\/wordpress\/plugins\/seo\/ -->\n<title>Contra a repress\u00e3o aos servidores da C\u00e2mara - nota da bancada do PSOL - PSOL 50<\/title>\n<meta name=\"robots\" content=\"index, follow, max-snippet:-1, max-image-preview:large, max-video-preview:-1\" \/>\n<link rel=\"canonical\" href=\"https:\/\/psol50.org.br\/contra-a-repressao-aos-servidores-da-camara-nota-da-bancada-do-psol\/\" \/>\n<meta property=\"og:locale\" content=\"pt_BR\" \/>\n<meta property=\"og:type\" content=\"article\" \/>\n<meta property=\"og:title\" content=\"Contra a repress\u00e3o aos servidores da C\u00e2mara - nota da bancada do PSOL - PSOL 50\" \/>\n<meta property=\"og:description\" content=\"N\u00f3s, parlamentares da bancada da Lideran\u00e7a do PSOL, afirmamos que a C\u00e2mara dos Deputados \u2013 a Casa do Povo \u2013 n\u00e3o pode adotar medidas claramente seletivas em rela\u00e7\u00e3o ao tratamento reservado a manifestantes, movimentos sociais e demais segmentos organizados da sociedade civil. N\u00e3o pode tamb\u00e9m, em fun\u00e7\u00e3o dos alinhamentos e interesses pol\u00edticos de seu eventual [&hellip;]\" \/>\n<meta property=\"og:url\" content=\"https:\/\/psol50.org.br\/contra-a-repressao-aos-servidores-da-camara-nota-da-bancada-do-psol\/\" \/>\n<meta property=\"og:site_name\" content=\"PSOL 50\" \/>\n<meta property=\"article:publisher\" content=\"https:\/\/www.facebook.com\/psol50\" \/>\n<meta property=\"article:published_time\" content=\"2016-04-07T20:20:44+00:00\" \/>\n<meta property=\"og:image\" content=\"https:\/\/psol50.org.br\/inc\/uploads\/2016\/04\/nota-repressaoservidores.jpg\" \/>\n\t<meta property=\"og:image:width\" content=\"480\" \/>\n\t<meta property=\"og:image:height\" content=\"360\" \/>\n\t<meta property=\"og:image:type\" content=\"image\/jpeg\" \/>\n<meta name=\"author\" content=\"Comunica\u00e7\u00e3o PSOL\" \/>\n<meta name=\"twitter:card\" content=\"summary_large_image\" \/>\n<meta name=\"twitter:creator\" content=\"@psol50\" \/>\n<meta name=\"twitter:site\" content=\"@psol50\" \/>\n<meta name=\"twitter:label1\" content=\"Escrito por\" \/>\n\t<meta name=\"twitter:data1\" content=\"Comunica\u00e7\u00e3o PSOL\" \/>\n\t<meta name=\"twitter:label2\" content=\"Est. tempo de leitura\" \/>\n\t<meta name=\"twitter:data2\" content=\"5 minutos\" \/>\n<script type=\"application\/ld+json\" class=\"yoast-schema-graph\">{\"@context\":\"https:\/\/schema.org\",\"@graph\":[{\"@type\":\"Article\",\"@id\":\"https:\/\/psol50.org.br\/contra-a-repressao-aos-servidores-da-camara-nota-da-bancada-do-psol\/#article\",\"isPartOf\":{\"@id\":\"https:\/\/psol50.org.br\/contra-a-repressao-aos-servidores-da-camara-nota-da-bancada-do-psol\/\"},\"author\":{\"name\":\"Comunica\u00e7\u00e3o PSOL\",\"@id\":\"https:\/\/psol50.org.br\/#\/schema\/person\/475dfa57d0b815993c714c2e96491fcd\"},\"headline\":\"Contra a repress\u00e3o aos servidores da C\u00e2mara &#8211; nota da bancada do PSOL\",\"datePublished\":\"2016-04-07T20:20:44+00:00\",\"mainEntityOfPage\":{\"@id\":\"https:\/\/psol50.org.br\/contra-a-repressao-aos-servidores-da-camara-nota-da-bancada-do-psol\/\"},\"wordCount\":974,\"commentCount\":0,\"publisher\":{\"@id\":\"https:\/\/psol50.org.br\/#organization\"},\"image\":{\"@id\":\"https:\/\/psol50.org.br\/contra-a-repressao-aos-servidores-da-camara-nota-da-bancada-do-psol\/#primaryimage\"},\"thumbnailUrl\":\"https:\/\/psol50.org.br\/inc\/uploads\/2016\/04\/nota-repressaoservidores.jpg\",\"keywords\":[\"Bancada do PSOL\",\"C\u00e2mara dos Deputados\",\"Chico Alencar\",\"Edmilson Rodrigues\",\"Glauber Braga\",\"Ivan Valente\",\"Jean Wyllys\",\"l\u00edder do PSOL\",\"Luiza Erundina\",\"nota\",\"Nota do PSOL\",\"PSOL na C\u00e2mara\"],\"articleSection\":[\"A\u00e7\u00e3o Parlamentar\",\"Brasil\",\"Not\u00edcias\"],\"inLanguage\":\"pt-BR\",\"potentialAction\":[{\"@type\":\"CommentAction\",\"name\":\"Comment\",\"target\":[\"https:\/\/psol50.org.br\/contra-a-repressao-aos-servidores-da-camara-nota-da-bancada-do-psol\/#respond\"]}]},{\"@type\":\"WebPage\",\"@id\":\"https:\/\/psol50.org.br\/contra-a-repressao-aos-servidores-da-camara-nota-da-bancada-do-psol\/\",\"url\":\"https:\/\/psol50.org.br\/contra-a-repressao-aos-servidores-da-camara-nota-da-bancada-do-psol\/\",\"name\":\"Contra a repress\u00e3o aos servidores da C\u00e2mara - nota da bancada do PSOL - PSOL 50\",\"isPartOf\":{\"@id\":\"https:\/\/psol50.org.br\/#website\"},\"primaryImageOfPage\":{\"@id\":\"https:\/\/psol50.org.br\/contra-a-repressao-aos-servidores-da-camara-nota-da-bancada-do-psol\/#primaryimage\"},\"image\":{\"@id\":\"https:\/\/psol50.org.br\/contra-a-repressao-aos-servidores-da-camara-nota-da-bancada-do-psol\/#primaryimage\"},\"thumbnailUrl\":\"https:\/\/psol50.org.br\/inc\/uploads\/2016\/04\/nota-repressaoservidores.jpg\",\"datePublished\":\"2016-04-07T20:20:44+00:00\",\"breadcrumb\":{\"@id\":\"https:\/\/psol50.org.br\/contra-a-repressao-aos-servidores-da-camara-nota-da-bancada-do-psol\/#breadcrumb\"},\"inLanguage\":\"pt-BR\",\"potentialAction\":[{\"@type\":\"ReadAction\",\"target\":[\"https:\/\/psol50.org.br\/contra-a-repressao-aos-servidores-da-camara-nota-da-bancada-do-psol\/\"]}]},{\"@type\":\"ImageObject\",\"inLanguage\":\"pt-BR\",\"@id\":\"https:\/\/psol50.org.br\/contra-a-repressao-aos-servidores-da-camara-nota-da-bancada-do-psol\/#primaryimage\",\"url\":\"https:\/\/psol50.org.br\/inc\/uploads\/2016\/04\/nota-repressaoservidores.jpg\",\"contentUrl\":\"https:\/\/psol50.org.br\/inc\/uploads\/2016\/04\/nota-repressaoservidores.jpg\",\"width\":480,\"height\":360},{\"@type\":\"BreadcrumbList\",\"@id\":\"https:\/\/psol50.org.br\/contra-a-repressao-aos-servidores-da-camara-nota-da-bancada-do-psol\/#breadcrumb\",\"itemListElement\":[{\"@type\":\"ListItem\",\"position\":1,\"name\":\"In\u00edcio\",\"item\":\"https:\/\/psol50.org.br\/\"},{\"@type\":\"ListItem\",\"position\":2,\"name\":\"Contra a repress\u00e3o aos servidores da C\u00e2mara &#8211; nota da bancada do PSOL\"}]},{\"@type\":\"WebSite\",\"@id\":\"https:\/\/psol50.org.br\/#website\",\"url\":\"https:\/\/psol50.org.br\/\",\"name\":\"PSOL 50\",\"description\":\"Site oficial do Partido Socialismo e Liberdade\",\"publisher\":{\"@id\":\"https:\/\/psol50.org.br\/#organization\"},\"alternateName\":\"PSOL50\",\"potentialAction\":[{\"@type\":\"SearchAction\",\"target\":{\"@type\":\"EntryPoint\",\"urlTemplate\":\"https:\/\/psol50.org.br\/?s={search_term_string}\"},\"query-input\":{\"@type\":\"PropertyValueSpecification\",\"valueRequired\":true,\"valueName\":\"search_term_string\"}}],\"inLanguage\":\"pt-BR\"},{\"@type\":\"Organization\",\"@id\":\"https:\/\/psol50.org.br\/#organization\",\"name\":\"PSOL 50\",\"alternateName\":\"PSOL 50\",\"url\":\"https:\/\/psol50.org.br\/\",\"logo\":{\"@type\":\"ImageObject\",\"inLanguage\":\"pt-BR\",\"@id\":\"https:\/\/psol50.org.br\/#\/schema\/logo\/image\/\",\"url\":\"https:\/\/psol50.org.br\/inc\/uploads\/2018\/07\/capa.png\",\"contentUrl\":\"https:\/\/psol50.org.br\/inc\/uploads\/2018\/07\/capa.png\",\"width\":1350,\"height\":900,\"caption\":\"PSOL 50\"},\"image\":{\"@id\":\"https:\/\/psol50.org.br\/#\/schema\/logo\/image\/\"},\"sameAs\":[\"https:\/\/www.facebook.com\/psol50\",\"https:\/\/x.com\/psol50\",\"https:\/\/www.instagram.com\/psol50\/\",\"https:\/\/www.youtube.com\/channel\/UC7SnJS5o1os7a6CaiNabzcg\"]},{\"@type\":\"Person\",\"@id\":\"https:\/\/psol50.org.br\/#\/schema\/person\/475dfa57d0b815993c714c2e96491fcd\",\"name\":\"Comunica\u00e7\u00e3o PSOL\",\"image\":{\"@type\":\"ImageObject\",\"inLanguage\":\"pt-BR\",\"@id\":\"https:\/\/psol50.org.br\/#\/schema\/person\/image\/\",\"url\":\"https:\/\/secure.gravatar.com\/avatar\/b34fc4f4e468a4e51785917065a3db57b841f5c95dba6ad8c73aaf8f66f8f9bf?s=96&d=mm&r=g\",\"contentUrl\":\"https:\/\/secure.gravatar.com\/avatar\/b34fc4f4e468a4e51785917065a3db57b841f5c95dba6ad8c73aaf8f66f8f9bf?s=96&d=mm&r=g\",\"caption\":\"Comunica\u00e7\u00e3o PSOL\"}}]}<\/script>\n<!-- \/ Yoast SEO plugin. -->","yoast_head_json":{"title":"Contra a repress\u00e3o aos servidores da C\u00e2mara - nota da bancada do PSOL - PSOL 50","robots":{"index":"index","follow":"follow","max-snippet":"max-snippet:-1","max-image-preview":"max-image-preview:large","max-video-preview":"max-video-preview:-1"},"canonical":"https:\/\/psol50.org.br\/contra-a-repressao-aos-servidores-da-camara-nota-da-bancada-do-psol\/","og_locale":"pt_BR","og_type":"article","og_title":"Contra a repress\u00e3o aos servidores da C\u00e2mara - nota da bancada do PSOL - PSOL 50","og_description":"N\u00f3s, parlamentares da bancada da Lideran\u00e7a do PSOL, afirmamos que a C\u00e2mara dos Deputados \u2013 a Casa do Povo \u2013 n\u00e3o pode adotar medidas claramente seletivas em rela\u00e7\u00e3o ao tratamento reservado a manifestantes, movimentos sociais e demais segmentos organizados da sociedade civil. N\u00e3o pode tamb\u00e9m, em fun\u00e7\u00e3o dos alinhamentos e interesses pol\u00edticos de seu eventual [&hellip;]","og_url":"https:\/\/psol50.org.br\/contra-a-repressao-aos-servidores-da-camara-nota-da-bancada-do-psol\/","og_site_name":"PSOL 50","article_publisher":"https:\/\/www.facebook.com\/psol50","article_published_time":"2016-04-07T20:20:44+00:00","og_image":[{"width":480,"height":360,"url":"https:\/\/psol50.org.br\/inc\/uploads\/2016\/04\/nota-repressaoservidores.jpg","type":"image\/jpeg"}],"author":"Comunica\u00e7\u00e3o PSOL","twitter_card":"summary_large_image","twitter_creator":"@psol50","twitter_site":"@psol50","twitter_misc":{"Escrito por":"Comunica\u00e7\u00e3o PSOL","Est. tempo de leitura":"5 minutos"},"schema":{"@context":"https:\/\/schema.org","@graph":[{"@type":"Article","@id":"https:\/\/psol50.org.br\/contra-a-repressao-aos-servidores-da-camara-nota-da-bancada-do-psol\/#article","isPartOf":{"@id":"https:\/\/psol50.org.br\/contra-a-repressao-aos-servidores-da-camara-nota-da-bancada-do-psol\/"},"author":{"name":"Comunica\u00e7\u00e3o PSOL","@id":"https:\/\/psol50.org.br\/#\/schema\/person\/475dfa57d0b815993c714c2e96491fcd"},"headline":"Contra a repress\u00e3o aos servidores da C\u00e2mara &#8211; nota da bancada do PSOL","datePublished":"2016-04-07T20:20:44+00:00","mainEntityOfPage":{"@id":"https:\/\/psol50.org.br\/contra-a-repressao-aos-servidores-da-camara-nota-da-bancada-do-psol\/"},"wordCount":974,"commentCount":0,"publisher":{"@id":"https:\/\/psol50.org.br\/#organization"},"image":{"@id":"https:\/\/psol50.org.br\/contra-a-repressao-aos-servidores-da-camara-nota-da-bancada-do-psol\/#primaryimage"},"thumbnailUrl":"https:\/\/psol50.org.br\/inc\/uploads\/2016\/04\/nota-repressaoservidores.jpg","keywords":["Bancada do PSOL","C\u00e2mara dos Deputados","Chico Alencar","Edmilson Rodrigues","Glauber Braga","Ivan Valente","Jean Wyllys","l\u00edder do PSOL","Luiza Erundina","nota","Nota do PSOL","PSOL na C\u00e2mara"],"articleSection":["A\u00e7\u00e3o Parlamentar","Brasil","Not\u00edcias"],"inLanguage":"pt-BR","potentialAction":[{"@type":"CommentAction","name":"Comment","target":["https:\/\/psol50.org.br\/contra-a-repressao-aos-servidores-da-camara-nota-da-bancada-do-psol\/#respond"]}]},{"@type":"WebPage","@id":"https:\/\/psol50.org.br\/contra-a-repressao-aos-servidores-da-camara-nota-da-bancada-do-psol\/","url":"https:\/\/psol50.org.br\/contra-a-repressao-aos-servidores-da-camara-nota-da-bancada-do-psol\/","name":"Contra a repress\u00e3o aos servidores da C\u00e2mara - nota da bancada do PSOL - PSOL 50","isPartOf":{"@id":"https:\/\/psol50.org.br\/#website"},"primaryImageOfPage":{"@id":"https:\/\/psol50.org.br\/contra-a-repressao-aos-servidores-da-camara-nota-da-bancada-do-psol\/#primaryimage"},"image":{"@id":"https:\/\/psol50.org.br\/contra-a-repressao-aos-servidores-da-camara-nota-da-bancada-do-psol\/#primaryimage"},"thumbnailUrl":"https:\/\/psol50.org.br\/inc\/uploads\/2016\/04\/nota-repressaoservidores.jpg","datePublished":"2016-04-07T20:20:44+00:00","breadcrumb":{"@id":"https:\/\/psol50.org.br\/contra-a-repressao-aos-servidores-da-camara-nota-da-bancada-do-psol\/#breadcrumb"},"inLanguage":"pt-BR","potentialAction":[{"@type":"ReadAction","target":["https:\/\/psol50.org.br\/contra-a-repressao-aos-servidores-da-camara-nota-da-bancada-do-psol\/"]}]},{"@type":"ImageObject","inLanguage":"pt-BR","@id":"https:\/\/psol50.org.br\/contra-a-repressao-aos-servidores-da-camara-nota-da-bancada-do-psol\/#primaryimage","url":"https:\/\/psol50.org.br\/inc\/uploads\/2016\/04\/nota-repressaoservidores.jpg","contentUrl":"https:\/\/psol50.org.br\/inc\/uploads\/2016\/04\/nota-repressaoservidores.jpg","width":480,"height":360},{"@type":"BreadcrumbList","@id":"https:\/\/psol50.org.br\/contra-a-repressao-aos-servidores-da-camara-nota-da-bancada-do-psol\/#breadcrumb","itemListElement":[{"@type":"ListItem","position":1,"name":"In\u00edcio","item":"https:\/\/psol50.org.br\/"},{"@type":"ListItem","position":2,"name":"Contra a repress\u00e3o aos servidores da C\u00e2mara &#8211; nota da bancada do PSOL"}]},{"@type":"WebSite","@id":"https:\/\/psol50.org.br\/#website","url":"https:\/\/psol50.org.br\/","name":"PSOL 50","description":"Site oficial do Partido Socialismo e Liberdade","publisher":{"@id":"https:\/\/psol50.org.br\/#organization"},"alternateName":"PSOL50","potentialAction":[{"@type":"SearchAction","target":{"@type":"EntryPoint","urlTemplate":"https:\/\/psol50.org.br\/?s={search_term_string}"},"query-input":{"@type":"PropertyValueSpecification","valueRequired":true,"valueName":"search_term_string"}}],"inLanguage":"pt-BR"},{"@type":"Organization","@id":"https:\/\/psol50.org.br\/#organization","name":"PSOL 50","alternateName":"PSOL 50","url":"https:\/\/psol50.org.br\/","logo":{"@type":"ImageObject","inLanguage":"pt-BR","@id":"https:\/\/psol50.org.br\/#\/schema\/logo\/image\/","url":"https:\/\/psol50.org.br\/inc\/uploads\/2018\/07\/capa.png","contentUrl":"https:\/\/psol50.org.br\/inc\/uploads\/2018\/07\/capa.png","width":1350,"height":900,"caption":"PSOL 50"},"image":{"@id":"https:\/\/psol50.org.br\/#\/schema\/logo\/image\/"},"sameAs":["https:\/\/www.facebook.com\/psol50","https:\/\/x.com\/psol50","https:\/\/www.instagram.com\/psol50\/","https:\/\/www.youtube.com\/channel\/UC7SnJS5o1os7a6CaiNabzcg"]},{"@type":"Person","@id":"https:\/\/psol50.org.br\/#\/schema\/person\/475dfa57d0b815993c714c2e96491fcd","name":"Comunica\u00e7\u00e3o PSOL","image":{"@type":"ImageObject","inLanguage":"pt-BR","@id":"https:\/\/psol50.org.br\/#\/schema\/person\/image\/","url":"https:\/\/secure.gravatar.com\/avatar\/b34fc4f4e468a4e51785917065a3db57b841f5c95dba6ad8c73aaf8f66f8f9bf?s=96&d=mm&r=g","contentUrl":"https:\/\/secure.gravatar.com\/avatar\/b34fc4f4e468a4e51785917065a3db57b841f5c95dba6ad8c73aaf8f66f8f9bf?s=96&d=mm&r=g","caption":"Comunica\u00e7\u00e3o PSOL"}}]}},"_links":{"self":[{"href":"https:\/\/psol50.org.br\/rest\/wp\/v2\/posts\/11966","targetHints":{"allow":["GET"]}}],"collection":[{"href":"https:\/\/psol50.org.br\/rest\/wp\/v2\/posts"}],"about":[{"href":"https:\/\/psol50.org.br\/rest\/wp\/v2\/types\/post"}],"author":[{"embeddable":true,"href":"https:\/\/psol50.org.br\/rest\/wp\/v2\/users\/2"}],"replies":[{"embeddable":true,"href":"https:\/\/psol50.org.br\/rest\/wp\/v2\/comments?post=11966"}],"version-history":[{"count":0,"href":"https:\/\/psol50.org.br\/rest\/wp\/v2\/posts\/11966\/revisions"}],"wp:featuredmedia":[{"embeddable":true,"href":"https:\/\/psol50.org.br\/rest\/wp\/v2\/media\/11968"}],"wp:attachment":[{"href":"https:\/\/psol50.org.br\/rest\/wp\/v2\/media?parent=11966"}],"wp:term":[{"taxonomy":"category","embeddable":true,"href":"https:\/\/psol50.org.br\/rest\/wp\/v2\/categories?post=11966"},{"taxonomy":"post_tag","embeddable":true,"href":"https:\/\/psol50.org.br\/rest\/wp\/v2\/tags?post=11966"}],"curies":[{"name":"wp","href":"https:\/\/api.w.org\/{rel}","templated":true}]}}