{"id":11983,"date":"2016-04-08T21:09:53","date_gmt":"2016-04-08T21:09:53","guid":{"rendered":"http:\/\/www.psol50.org.br\/?p=11983"},"modified":"2016-04-08T21:09:53","modified_gmt":"2016-04-08T21:09:53","slug":"nota-do-psol-todo-apoio-aos-trabalhadores-rurais-do-mst-atacados-pela-pm-do-parana","status":"publish","type":"post","link":"https:\/\/psol50.org.br\/nota-do-psol-todo-apoio-aos-trabalhadores-rurais-do-mst-atacados-pela-pm-do-parana\/","title":{"rendered":"Todo apoio aos trabalhadores rurais do MST, atacados pela PM do Paran\u00e1"},"content":{"rendered":"<p>Dois trabalhadores sem-terra foram mortos e v\u00e1rios ficaram gravemente feridos em a\u00e7\u00e3o truculenta da Pol\u00edcia Militar do Paran\u00e1 e de jagun\u00e7os da empresa Araupel Celulose, nesta quinta-feira (7), no acampamento Dom Tom\u00e1s Baldu\u00edno, localizada entre os munic\u00edpios de Quedas do Igua\u00e7u e Rio Bonito do Igua\u00e7u, no Centro-Sul do Paran\u00e1.<\/p>\n<p>A Pol\u00edcia Militar reconhece que, al\u00e9m dos dois mortos, seis pessoas ficaram feridas. O\u00a0<a href=\"https:\/\/www.facebook.com\/MovimentoSemTerra\/\" data-hovercard=\"\/ajax\/hovercard\/page.php?id=111746705564719\">MST &#8211; Movimento dos Trabalhadores Sem Terra<\/a>\u00a0afirma que foram 22 os integrantes do movimento atingidos por disparos de armas de fogo. Nenhum policial foi morto ou ferido. Assim mesmo, a PM apresenta a estapaf\u00fardia vers\u00e3o de ter sido ela v\u00edtima de emboscada! E a imprensa local vem divulgando a vers\u00e3o publicada pela pol\u00edcia, em total desrespeito \u00e0s v\u00edtimas e \u00e0 intelig\u00eancia da popula\u00e7\u00e3o.<\/p>\n<p>Infelizmente, n\u00e3o nos surpreende a trucul\u00eancia da PM paranaense, que h\u00e1 pouco mais de um ano massacrou professores em Curitiba, nem a parcialidade da imprensa, que, sustentada por grandes empres\u00e1rios e fazendeiros da regi\u00e3o, promove a demoniza\u00e7\u00e3o dos sem-terra, instigando a popula\u00e7\u00e3o contra os acampados do MST.<\/p>\n<p>O clima \u00e9 tenso na regi\u00e3o, desde maio de 2014, quando a terra, pertencente \u00e0 Uni\u00e3o, e que vinha sendo irregularmente explorada pela empresa Araupel, foi ocupada por centenas de fam\u00edlias sem-terra. A titularidade da \u00e1rea vem sendo disputada na Justi\u00e7a e s\u00e3o constantes as amea\u00e7as por parte de seguran\u00e7as e pistoleiros da empresa exportadora de pinus e eucalipto contra os trabalhadores rurais no local.<\/p>\n<p>O fato \u00e9 que, ap\u00f3s o ataque de ontem aos trabalhadores sem-terra, a pol\u00edcia cercou a \u00e1rea do acampamento, impedindo que os moradores sa\u00edssem ou entrassem, sob amea\u00e7as de armas apontadas pelos policiais. Jornalistas e ativistas de Direitos Humanos foram impedidos de se aproximarem do local, o que levanta fortes suspeitas de que o cen\u00e1rio dos crimes possa ser adulterado.<\/p>\n<p>Al\u00e9m disso, houve demora no socorro dos feridos \u2013 dentre eles um militante sem-terra filiado ao PSOL &#8211; que, depois de serem atacados na regi\u00e3o do acampamento, est\u00e3o agora sendo tratados pela pol\u00edcia como presos nos hospitais, com a ilegal proibi\u00e7\u00e3o de acesso inclusive de familiares e advogados.<\/p>\n<p>Sabemos que esse ataque aos trabalhadores rurais sem-terra n\u00e3o \u00e9 fato isolado, mas faz parte de um projeto de criminaliza\u00e7\u00e3o dos movimentos sociais, pela m\u00eddia e pelo Estado. Este processo conta com o respaldo das altera\u00e7\u00f5es jur\u00eddicas que v\u00eam se consolidando desde o \u00faltimo per\u00edodo, como a normativa de garantia da lei e ordem, a exemplo da Lei Antiterrorismo. A situa\u00e7\u00e3o se agudiza em face do desmonte da Reforma Agr\u00e1ria do Governo Federal, cuja express\u00e3o m\u00e1xima se d\u00e1 na alian\u00e7a com Katia Abreu e o agroneg\u00f3cio.<\/p>\n<p>Reafirmamos nosso enfrentamento ao Governo de Beto Richa, do Secret\u00e1rio-Chefe da Casa Civil, Valdir Rossoni, ambos do PSDB, e do Secret\u00e1rio de Seguran\u00e7a P\u00fablica do Estado do Paran\u00e1, Wagner Mesquita. Estes s\u00e3o os verdadeiros respons\u00e1veis pelo massacre que presenciamos nesta quinta-feira e devem ser penalizados por isto.<\/p>\n<p>Diante disso, o PSOL expressa rep\u00fadio \u00e0 a\u00e7\u00e3o policial e exige a apura\u00e7\u00e3o transparente dos fatos, com puni\u00e7\u00e3o dos respons\u00e1veis pelos assassinatos e ferimentos.<\/p>\n<p>Desmilitariza\u00e7\u00e3o j\u00e1!<br \/>\nContra a repress\u00e3o aos movimentos sociais!<br \/>\nTodo apoio aos trabalhadores rurais que lutam por terra para viver!<\/p>\n<p><strong>Curitiba\/PR, 08 de abril de 2016<\/strong><br \/>\n<strong> Executiva Nacional do PSOL<\/strong><br \/>\n<strong> PSOL-PR<\/strong><\/p>\n<p>&nbsp;<\/p>\n","protected":false},"excerpt":{"rendered":"<p>Dois trabalhadores sem-terra foram mortos e v\u00e1rios ficaram gravemente feridos em a\u00e7\u00e3o truculenta da Pol\u00edcia Militar do Paran\u00e1 e de jagun\u00e7os da empresa Araupel Celulose, nesta quinta-feira (7), no acampamento Dom Tom\u00e1s Baldu\u00edno, localizada entre os munic\u00edpios de Quedas do Igua\u00e7u e Rio Bonito do Igua\u00e7u, no Centro-Sul do Paran\u00e1. A Pol\u00edcia Militar reconhece que, [&hellip;]<\/p>\n","protected":false},"author":2,"featured_media":11984,"comment_status":"open","ping_status":"open","sticky":false,"template":"","format":"standard","meta":{"_acf_changed":false,"footnotes":""},"categories":[1882,654,1104,6,14],"tags":[4194,4195,4196,242,99,100,526,115,1590,2658,1307,4197],"class_list":{"0":"post-11983","1":"post","2":"type-post","3":"status-publish","4":"format-standard","5":"has-post-thumbnail","7":"category-brasil","8":"category-estados","9":"category-movimento","10":"category-noticias","11":"category-partido","12":"tag-acampamento-dom-tomas-balduino","13":"tag-araupel-celulose","14":"tag-beto-richa","15":"tag-executiva-nacional-do-psol","16":"tag-movimentos-sociais","17":"tag-mst","18":"tag-parana","19":"tag-policia-militar","20":"tag-psdb","21":"tag-psol-pr","22":"tag-sem-terra","23":"tag-trabalhador-rural"},"acf":[],"yoast_head":"<!-- This site is optimized with the Yoast SEO plugin v26.5 - https:\/\/yoast.com\/wordpress\/plugins\/seo\/ -->\n<title>Todo apoio aos trabalhadores rurais do MST, atacados pela PM do Paran\u00e1 - PSOL 50<\/title>\n<meta name=\"robots\" content=\"index, follow, max-snippet:-1, max-image-preview:large, max-video-preview:-1\" \/>\n<link rel=\"canonical\" href=\"https:\/\/psol50.org.br\/nota-do-psol-todo-apoio-aos-trabalhadores-rurais-do-mst-atacados-pela-pm-do-parana\/\" \/>\n<meta property=\"og:locale\" content=\"pt_BR\" \/>\n<meta property=\"og:type\" content=\"article\" \/>\n<meta property=\"og:title\" content=\"Todo apoio aos trabalhadores rurais do MST, atacados pela PM do Paran\u00e1 - PSOL 50\" \/>\n<meta property=\"og:description\" content=\"Dois trabalhadores sem-terra foram mortos e v\u00e1rios ficaram gravemente feridos em a\u00e7\u00e3o truculenta da Pol\u00edcia Militar do Paran\u00e1 e de jagun\u00e7os da empresa Araupel Celulose, nesta quinta-feira (7), no acampamento Dom Tom\u00e1s Baldu\u00edno, localizada entre os munic\u00edpios de Quedas do Igua\u00e7u e Rio Bonito do Igua\u00e7u, no Centro-Sul do Paran\u00e1. A Pol\u00edcia Militar reconhece que, [&hellip;]\" \/>\n<meta property=\"og:url\" content=\"https:\/\/psol50.org.br\/nota-do-psol-todo-apoio-aos-trabalhadores-rurais-do-mst-atacados-pela-pm-do-parana\/\" \/>\n<meta property=\"og:site_name\" content=\"PSOL 50\" \/>\n<meta property=\"article:publisher\" content=\"https:\/\/www.facebook.com\/psol50\" \/>\n<meta property=\"article:published_time\" content=\"2016-04-08T21:09:53+00:00\" \/>\n<meta property=\"og:image\" content=\"https:\/\/psol50.org.br\/inc\/uploads\/2018\/07\/capa.png\" \/>\n\t<meta property=\"og:image:width\" content=\"1350\" \/>\n\t<meta property=\"og:image:height\" content=\"900\" \/>\n\t<meta property=\"og:image:type\" content=\"image\/png\" \/>\n<meta name=\"author\" content=\"Comunica\u00e7\u00e3o PSOL\" \/>\n<meta name=\"twitter:card\" content=\"summary_large_image\" \/>\n<meta name=\"twitter:creator\" content=\"@psol50\" \/>\n<meta name=\"twitter:site\" content=\"@psol50\" \/>\n<meta name=\"twitter:label1\" content=\"Escrito por\" \/>\n\t<meta name=\"twitter:data1\" content=\"Comunica\u00e7\u00e3o PSOL\" \/>\n\t<meta name=\"twitter:label2\" content=\"Est. tempo de leitura\" \/>\n\t<meta name=\"twitter:data2\" content=\"3 minutos\" \/>\n<script type=\"application\/ld+json\" class=\"yoast-schema-graph\">{\"@context\":\"https:\/\/schema.org\",\"@graph\":[{\"@type\":\"Article\",\"@id\":\"https:\/\/psol50.org.br\/nota-do-psol-todo-apoio-aos-trabalhadores-rurais-do-mst-atacados-pela-pm-do-parana\/#article\",\"isPartOf\":{\"@id\":\"https:\/\/psol50.org.br\/nota-do-psol-todo-apoio-aos-trabalhadores-rurais-do-mst-atacados-pela-pm-do-parana\/\"},\"author\":{\"name\":\"Comunica\u00e7\u00e3o PSOL\",\"@id\":\"https:\/\/psol50.org.br\/#\/schema\/person\/475dfa57d0b815993c714c2e96491fcd\"},\"headline\":\"Todo apoio aos trabalhadores rurais do MST, atacados pela PM do Paran\u00e1\",\"datePublished\":\"2016-04-08T21:09:53+00:00\",\"mainEntityOfPage\":{\"@id\":\"https:\/\/psol50.org.br\/nota-do-psol-todo-apoio-aos-trabalhadores-rurais-do-mst-atacados-pela-pm-do-parana\/\"},\"wordCount\":605,\"commentCount\":0,\"publisher\":{\"@id\":\"https:\/\/psol50.org.br\/#organization\"},\"image\":{\"@id\":\"https:\/\/psol50.org.br\/nota-do-psol-todo-apoio-aos-trabalhadores-rurais-do-mst-atacados-pela-pm-do-parana\/#primaryimage\"},\"thumbnailUrl\":\"\",\"keywords\":[\"acampamento Dom Tom\u00e1s Baldu\u00edno\",\"Araupel Celulose\",\"Beto Richa\",\"Executiva Nacional do PSOL\",\"movimentos sociais\",\"MST\",\"Paran\u00e1\",\"Pol\u00edcia Militar\",\"PSDB\",\"PSOL-PR\",\"sem-terra\",\"trabalhador rural\"],\"articleSection\":[\"Brasil\",\"Estados\",\"Movimento\",\"Not\u00edcias\",\"Partido\"],\"inLanguage\":\"pt-BR\",\"potentialAction\":[{\"@type\":\"CommentAction\",\"name\":\"Comment\",\"target\":[\"https:\/\/psol50.org.br\/nota-do-psol-todo-apoio-aos-trabalhadores-rurais-do-mst-atacados-pela-pm-do-parana\/#respond\"]}]},{\"@type\":\"WebPage\",\"@id\":\"https:\/\/psol50.org.br\/nota-do-psol-todo-apoio-aos-trabalhadores-rurais-do-mst-atacados-pela-pm-do-parana\/\",\"url\":\"https:\/\/psol50.org.br\/nota-do-psol-todo-apoio-aos-trabalhadores-rurais-do-mst-atacados-pela-pm-do-parana\/\",\"name\":\"Todo apoio aos trabalhadores rurais do MST, atacados pela PM do Paran\u00e1 - PSOL 50\",\"isPartOf\":{\"@id\":\"https:\/\/psol50.org.br\/#website\"},\"primaryImageOfPage\":{\"@id\":\"https:\/\/psol50.org.br\/nota-do-psol-todo-apoio-aos-trabalhadores-rurais-do-mst-atacados-pela-pm-do-parana\/#primaryimage\"},\"image\":{\"@id\":\"https:\/\/psol50.org.br\/nota-do-psol-todo-apoio-aos-trabalhadores-rurais-do-mst-atacados-pela-pm-do-parana\/#primaryimage\"},\"thumbnailUrl\":\"\",\"datePublished\":\"2016-04-08T21:09:53+00:00\",\"breadcrumb\":{\"@id\":\"https:\/\/psol50.org.br\/nota-do-psol-todo-apoio-aos-trabalhadores-rurais-do-mst-atacados-pela-pm-do-parana\/#breadcrumb\"},\"inLanguage\":\"pt-BR\",\"potentialAction\":[{\"@type\":\"ReadAction\",\"target\":[\"https:\/\/psol50.org.br\/nota-do-psol-todo-apoio-aos-trabalhadores-rurais-do-mst-atacados-pela-pm-do-parana\/\"]}]},{\"@type\":\"ImageObject\",\"inLanguage\":\"pt-BR\",\"@id\":\"https:\/\/psol50.org.br\/nota-do-psol-todo-apoio-aos-trabalhadores-rurais-do-mst-atacados-pela-pm-do-parana\/#primaryimage\",\"url\":\"\",\"contentUrl\":\"\"},{\"@type\":\"BreadcrumbList\",\"@id\":\"https:\/\/psol50.org.br\/nota-do-psol-todo-apoio-aos-trabalhadores-rurais-do-mst-atacados-pela-pm-do-parana\/#breadcrumb\",\"itemListElement\":[{\"@type\":\"ListItem\",\"position\":1,\"name\":\"In\u00edcio\",\"item\":\"https:\/\/psol50.org.br\/\"},{\"@type\":\"ListItem\",\"position\":2,\"name\":\"Todo apoio aos trabalhadores rurais do MST, atacados pela PM do Paran\u00e1\"}]},{\"@type\":\"WebSite\",\"@id\":\"https:\/\/psol50.org.br\/#website\",\"url\":\"https:\/\/psol50.org.br\/\",\"name\":\"PSOL 50\",\"description\":\"Site oficial do Partido Socialismo e Liberdade\",\"publisher\":{\"@id\":\"https:\/\/psol50.org.br\/#organization\"},\"alternateName\":\"PSOL50\",\"potentialAction\":[{\"@type\":\"SearchAction\",\"target\":{\"@type\":\"EntryPoint\",\"urlTemplate\":\"https:\/\/psol50.org.br\/?s={search_term_string}\"},\"query-input\":{\"@type\":\"PropertyValueSpecification\",\"valueRequired\":true,\"valueName\":\"search_term_string\"}}],\"inLanguage\":\"pt-BR\"},{\"@type\":\"Organization\",\"@id\":\"https:\/\/psol50.org.br\/#organization\",\"name\":\"PSOL 50\",\"alternateName\":\"PSOL 50\",\"url\":\"https:\/\/psol50.org.br\/\",\"logo\":{\"@type\":\"ImageObject\",\"inLanguage\":\"pt-BR\",\"@id\":\"https:\/\/psol50.org.br\/#\/schema\/logo\/image\/\",\"url\":\"https:\/\/psol50.org.br\/inc\/uploads\/2018\/07\/capa.png\",\"contentUrl\":\"https:\/\/psol50.org.br\/inc\/uploads\/2018\/07\/capa.png\",\"width\":1350,\"height\":900,\"caption\":\"PSOL 50\"},\"image\":{\"@id\":\"https:\/\/psol50.org.br\/#\/schema\/logo\/image\/\"},\"sameAs\":[\"https:\/\/www.facebook.com\/psol50\",\"https:\/\/x.com\/psol50\",\"https:\/\/www.instagram.com\/psol50\/\",\"https:\/\/www.youtube.com\/channel\/UC7SnJS5o1os7a6CaiNabzcg\"]},{\"@type\":\"Person\",\"@id\":\"https:\/\/psol50.org.br\/#\/schema\/person\/475dfa57d0b815993c714c2e96491fcd\",\"name\":\"Comunica\u00e7\u00e3o PSOL\",\"image\":{\"@type\":\"ImageObject\",\"inLanguage\":\"pt-BR\",\"@id\":\"https:\/\/psol50.org.br\/#\/schema\/person\/image\/\",\"url\":\"https:\/\/secure.gravatar.com\/avatar\/b34fc4f4e468a4e51785917065a3db57b841f5c95dba6ad8c73aaf8f66f8f9bf?s=96&d=mm&r=g\",\"contentUrl\":\"https:\/\/secure.gravatar.com\/avatar\/b34fc4f4e468a4e51785917065a3db57b841f5c95dba6ad8c73aaf8f66f8f9bf?s=96&d=mm&r=g\",\"caption\":\"Comunica\u00e7\u00e3o PSOL\"}}]}<\/script>\n<!-- \/ Yoast SEO plugin. -->","yoast_head_json":{"title":"Todo apoio aos trabalhadores rurais do MST, atacados pela PM do Paran\u00e1 - PSOL 50","robots":{"index":"index","follow":"follow","max-snippet":"max-snippet:-1","max-image-preview":"max-image-preview:large","max-video-preview":"max-video-preview:-1"},"canonical":"https:\/\/psol50.org.br\/nota-do-psol-todo-apoio-aos-trabalhadores-rurais-do-mst-atacados-pela-pm-do-parana\/","og_locale":"pt_BR","og_type":"article","og_title":"Todo apoio aos trabalhadores rurais do MST, atacados pela PM do Paran\u00e1 - PSOL 50","og_description":"Dois trabalhadores sem-terra foram mortos e v\u00e1rios ficaram gravemente feridos em a\u00e7\u00e3o truculenta da Pol\u00edcia Militar do Paran\u00e1 e de jagun\u00e7os da empresa Araupel Celulose, nesta quinta-feira (7), no acampamento Dom Tom\u00e1s Baldu\u00edno, localizada entre os munic\u00edpios de Quedas do Igua\u00e7u e Rio Bonito do Igua\u00e7u, no Centro-Sul do Paran\u00e1. A Pol\u00edcia Militar reconhece que, [&hellip;]","og_url":"https:\/\/psol50.org.br\/nota-do-psol-todo-apoio-aos-trabalhadores-rurais-do-mst-atacados-pela-pm-do-parana\/","og_site_name":"PSOL 50","article_publisher":"https:\/\/www.facebook.com\/psol50","article_published_time":"2016-04-08T21:09:53+00:00","og_image":[{"width":1350,"height":900,"url":"https:\/\/psol50.org.br\/inc\/uploads\/2018\/07\/capa.png","type":"image\/png"}],"author":"Comunica\u00e7\u00e3o PSOL","twitter_card":"summary_large_image","twitter_creator":"@psol50","twitter_site":"@psol50","twitter_misc":{"Escrito por":"Comunica\u00e7\u00e3o PSOL","Est. tempo de leitura":"3 minutos"},"schema":{"@context":"https:\/\/schema.org","@graph":[{"@type":"Article","@id":"https:\/\/psol50.org.br\/nota-do-psol-todo-apoio-aos-trabalhadores-rurais-do-mst-atacados-pela-pm-do-parana\/#article","isPartOf":{"@id":"https:\/\/psol50.org.br\/nota-do-psol-todo-apoio-aos-trabalhadores-rurais-do-mst-atacados-pela-pm-do-parana\/"},"author":{"name":"Comunica\u00e7\u00e3o PSOL","@id":"https:\/\/psol50.org.br\/#\/schema\/person\/475dfa57d0b815993c714c2e96491fcd"},"headline":"Todo apoio aos trabalhadores rurais do MST, atacados pela PM do Paran\u00e1","datePublished":"2016-04-08T21:09:53+00:00","mainEntityOfPage":{"@id":"https:\/\/psol50.org.br\/nota-do-psol-todo-apoio-aos-trabalhadores-rurais-do-mst-atacados-pela-pm-do-parana\/"},"wordCount":605,"commentCount":0,"publisher":{"@id":"https:\/\/psol50.org.br\/#organization"},"image":{"@id":"https:\/\/psol50.org.br\/nota-do-psol-todo-apoio-aos-trabalhadores-rurais-do-mst-atacados-pela-pm-do-parana\/#primaryimage"},"thumbnailUrl":"","keywords":["acampamento Dom Tom\u00e1s Baldu\u00edno","Araupel Celulose","Beto Richa","Executiva Nacional do PSOL","movimentos sociais","MST","Paran\u00e1","Pol\u00edcia Militar","PSDB","PSOL-PR","sem-terra","trabalhador rural"],"articleSection":["Brasil","Estados","Movimento","Not\u00edcias","Partido"],"inLanguage":"pt-BR","potentialAction":[{"@type":"CommentAction","name":"Comment","target":["https:\/\/psol50.org.br\/nota-do-psol-todo-apoio-aos-trabalhadores-rurais-do-mst-atacados-pela-pm-do-parana\/#respond"]}]},{"@type":"WebPage","@id":"https:\/\/psol50.org.br\/nota-do-psol-todo-apoio-aos-trabalhadores-rurais-do-mst-atacados-pela-pm-do-parana\/","url":"https:\/\/psol50.org.br\/nota-do-psol-todo-apoio-aos-trabalhadores-rurais-do-mst-atacados-pela-pm-do-parana\/","name":"Todo apoio aos trabalhadores rurais do MST, atacados pela PM do Paran\u00e1 - PSOL 50","isPartOf":{"@id":"https:\/\/psol50.org.br\/#website"},"primaryImageOfPage":{"@id":"https:\/\/psol50.org.br\/nota-do-psol-todo-apoio-aos-trabalhadores-rurais-do-mst-atacados-pela-pm-do-parana\/#primaryimage"},"image":{"@id":"https:\/\/psol50.org.br\/nota-do-psol-todo-apoio-aos-trabalhadores-rurais-do-mst-atacados-pela-pm-do-parana\/#primaryimage"},"thumbnailUrl":"","datePublished":"2016-04-08T21:09:53+00:00","breadcrumb":{"@id":"https:\/\/psol50.org.br\/nota-do-psol-todo-apoio-aos-trabalhadores-rurais-do-mst-atacados-pela-pm-do-parana\/#breadcrumb"},"inLanguage":"pt-BR","potentialAction":[{"@type":"ReadAction","target":["https:\/\/psol50.org.br\/nota-do-psol-todo-apoio-aos-trabalhadores-rurais-do-mst-atacados-pela-pm-do-parana\/"]}]},{"@type":"ImageObject","inLanguage":"pt-BR","@id":"https:\/\/psol50.org.br\/nota-do-psol-todo-apoio-aos-trabalhadores-rurais-do-mst-atacados-pela-pm-do-parana\/#primaryimage","url":"","contentUrl":""},{"@type":"BreadcrumbList","@id":"https:\/\/psol50.org.br\/nota-do-psol-todo-apoio-aos-trabalhadores-rurais-do-mst-atacados-pela-pm-do-parana\/#breadcrumb","itemListElement":[{"@type":"ListItem","position":1,"name":"In\u00edcio","item":"https:\/\/psol50.org.br\/"},{"@type":"ListItem","position":2,"name":"Todo apoio aos trabalhadores rurais do MST, atacados pela PM do Paran\u00e1"}]},{"@type":"WebSite","@id":"https:\/\/psol50.org.br\/#website","url":"https:\/\/psol50.org.br\/","name":"PSOL 50","description":"Site oficial do Partido Socialismo e Liberdade","publisher":{"@id":"https:\/\/psol50.org.br\/#organization"},"alternateName":"PSOL50","potentialAction":[{"@type":"SearchAction","target":{"@type":"EntryPoint","urlTemplate":"https:\/\/psol50.org.br\/?s={search_term_string}"},"query-input":{"@type":"PropertyValueSpecification","valueRequired":true,"valueName":"search_term_string"}}],"inLanguage":"pt-BR"},{"@type":"Organization","@id":"https:\/\/psol50.org.br\/#organization","name":"PSOL 50","alternateName":"PSOL 50","url":"https:\/\/psol50.org.br\/","logo":{"@type":"ImageObject","inLanguage":"pt-BR","@id":"https:\/\/psol50.org.br\/#\/schema\/logo\/image\/","url":"https:\/\/psol50.org.br\/inc\/uploads\/2018\/07\/capa.png","contentUrl":"https:\/\/psol50.org.br\/inc\/uploads\/2018\/07\/capa.png","width":1350,"height":900,"caption":"PSOL 50"},"image":{"@id":"https:\/\/psol50.org.br\/#\/schema\/logo\/image\/"},"sameAs":["https:\/\/www.facebook.com\/psol50","https:\/\/x.com\/psol50","https:\/\/www.instagram.com\/psol50\/","https:\/\/www.youtube.com\/channel\/UC7SnJS5o1os7a6CaiNabzcg"]},{"@type":"Person","@id":"https:\/\/psol50.org.br\/#\/schema\/person\/475dfa57d0b815993c714c2e96491fcd","name":"Comunica\u00e7\u00e3o PSOL","image":{"@type":"ImageObject","inLanguage":"pt-BR","@id":"https:\/\/psol50.org.br\/#\/schema\/person\/image\/","url":"https:\/\/secure.gravatar.com\/avatar\/b34fc4f4e468a4e51785917065a3db57b841f5c95dba6ad8c73aaf8f66f8f9bf?s=96&d=mm&r=g","contentUrl":"https:\/\/secure.gravatar.com\/avatar\/b34fc4f4e468a4e51785917065a3db57b841f5c95dba6ad8c73aaf8f66f8f9bf?s=96&d=mm&r=g","caption":"Comunica\u00e7\u00e3o PSOL"}}]}},"_links":{"self":[{"href":"https:\/\/psol50.org.br\/rest\/wp\/v2\/posts\/11983","targetHints":{"allow":["GET"]}}],"collection":[{"href":"https:\/\/psol50.org.br\/rest\/wp\/v2\/posts"}],"about":[{"href":"https:\/\/psol50.org.br\/rest\/wp\/v2\/types\/post"}],"author":[{"embeddable":true,"href":"https:\/\/psol50.org.br\/rest\/wp\/v2\/users\/2"}],"replies":[{"embeddable":true,"href":"https:\/\/psol50.org.br\/rest\/wp\/v2\/comments?post=11983"}],"version-history":[{"count":0,"href":"https:\/\/psol50.org.br\/rest\/wp\/v2\/posts\/11983\/revisions"}],"wp:featuredmedia":[{"embeddable":true,"href":"https:\/\/psol50.org.br\/rest\/"}],"wp:attachment":[{"href":"https:\/\/psol50.org.br\/rest\/wp\/v2\/media?parent=11983"}],"wp:term":[{"taxonomy":"category","embeddable":true,"href":"https:\/\/psol50.org.br\/rest\/wp\/v2\/categories?post=11983"},{"taxonomy":"post_tag","embeddable":true,"href":"https:\/\/psol50.org.br\/rest\/wp\/v2\/tags?post=11983"}],"curies":[{"name":"wp","href":"https:\/\/api.w.org\/{rel}","templated":true}]}}