{"id":11994,"date":"2016-04-11T16:37:59","date_gmt":"2016-04-11T16:37:59","guid":{"rendered":"http:\/\/www.psol50.org.br\/?p=11994"},"modified":"2016-04-11T16:37:59","modified_gmt":"2016-04-11T16:37:59","slug":"para-mudar-sao-paulo-luiza-erundina-e-ivan-valente-formarao-chapa-do-psol-a-prefeitura","status":"publish","type":"post","link":"https:\/\/psol50.org.br\/para-mudar-sao-paulo-luiza-erundina-e-ivan-valente-formarao-chapa-do-psol-a-prefeitura\/","title":{"rendered":"Para mudar S\u00e3o Paulo: Luiza Erundina e Ivan Valente formar\u00e3o chapa do PSOL \u00e0 prefeitura"},"content":{"rendered":"<p>O fim de semana foi hist\u00f3rico para a esquerda e para a democracia paulistana. O PSOL e o RAIZ \u2013 Movimento Cidadanista confirmaram a pr\u00e9-candidatura da deputada federal e ex-prefeita de S\u00e3o Paulo Luiza Erundina pelo PSOL, acompanhada do l\u00edder da bancada do PSOL na C\u00e2mara, Ivan Valente, como pr\u00e9-candidato a vice.<\/p>\n<p>A confirma\u00e7\u00e3o da candidatura, que vinha sendo discutida nos f\u00f3runs internos do PSOL h\u00e1 algumas semanas, bem como no RAIZ (partido-movimento que vem sendo constru\u00eddo por Erundina), foi feita em reuni\u00e3o do Diret\u00f3rio Municipal do PSOL S\u00e3o Paulo, no domingo (10), e em coletiva de imprensa realizada nesta segunda, na C\u00e2mara de Vereadores da capital.<\/p>\n<div id=\"fb-root\"><\/div>\n<p><script>(function(d, s, id) {  var js, fjs = d.getElementsByTagName(s)[0];  if (d.getElementById(id)) return;  js = d.createElement(s); js.id = id;  js.src = \"\/\/connect.facebook.net\/pt_BR\/sdk.js#xfbml=1&version=v2.3\";  fjs.parentNode.insertBefore(js, fjs);}(document, 'script', 'facebook-jssdk'));<\/script><\/p>\n<div class=\"fb-post\" data-href=\"https:\/\/www.facebook.com\/psolsaopaulo\/posts\/1046271812099424\" data-width=\"500\">\n<div class=\"fb-xfbml-parse-ignore\">\n<blockquote cite=\"https:\/\/www.facebook.com\/psolsaopaulo\/posts\/1046271812099424:0\">\n<p>Acontecendo agora a coletiva de imprensa de Luiza Erundina anunciando para a sociedade sua pr&#xe9;-candidatura a prefeita da cidade de S&#xe3;o Paulo pelo PSOL.<\/p>\n<p>Publicado por <a href=\"https:\/\/www.facebook.com\/psolsaopaulo\/\">PSOL S\u00e3o Paulo<\/a> em&nbsp;<a href=\"https:\/\/www.facebook.com\/psolsaopaulo\/posts\/1046271812099424:0\">Segunda, 11 de abril de 2016<\/a><\/p><\/blockquote>\n<\/div>\n<\/div>\n<p>Erundina foi prefeita da cidade entre 1989 e 1993, ainda pelo PT. Sua gest\u00e3o ficou conhecida por grandes mudan\u00e7as na educa\u00e7\u00e3o, com aumentos dos sal\u00e1rios e melhoria no sistema de distribui\u00e7\u00e3o de merendas, na habita\u00e7\u00e3o social, com diminui\u00e7\u00e3o no d\u00e9ficit habitacional, a tentativa de implanta\u00e7\u00e3o do IPTU progressivo e a proposta, formulada na secretaria de transportes, da implementa\u00e7\u00e3o de Tarifa Zero no transporte p\u00fablico.<\/p>\n<p>As pr\u00e9-candidaturas, segundo o calend\u00e1rio da Justi\u00e7a Eleitoral, precisam ser confirmadas em conven\u00e7\u00e3o partid\u00e1ria no m\u00eas de julho.<\/p>\n<p>Nas elei\u00e7\u00f5es, o PSOL apresentar\u00e1 \u00e0 popula\u00e7\u00e3o da cidade um projeto baseado na invers\u00e3o de prioridades, em que o governo municipal esteja a servi\u00e7o das necessidades dos mais pobres, ao combate \u00e0 especula\u00e7\u00e3o imobili\u00e1ria e na defesa de um projeto que tenha os servi\u00e7os p\u00fablicos como eixo estruturante.<\/p>\n<p>O PSOL ir\u00e1 \u00e0s ruas com sua milit\u00e2ncia para disputar um projeto de sociedade diferente, que venha para mudar a cidade de S\u00e3o Paulo, com um programa claramente de esquerda e a favor do povo pobre e da periferia.<\/p>\n<p><strong>Assista abaixo \u00e0 fala de Luiza Erundina no momento da confirma\u00e7\u00e3o de sua candidatura:<\/strong><\/p>\n<div id=\"fb-root\"><\/div>\n<p><script>(function(d, s, id) {  var js, fjs = d.getElementsByTagName(s)[0];  if (d.getElementById(id)) return;  js = d.createElement(s); js.id = id;  js.src = \"\/\/connect.facebook.net\/pt_BR\/sdk.js#xfbml=1&version=v2.3\";  fjs.parentNode.insertBefore(js, fjs);}(document, 'script', 'facebook-jssdk'));<\/script><\/p>\n<div class=\"fb-video\" data-allowfullscreen=\"1\" data-href=\"https:\/\/www.facebook.com\/psolsaopaulo\/videos\/1045879888805283\/\">\n<div class=\"fb-xfbml-parse-ignore\">\n<blockquote cite=\"https:\/\/www.facebook.com\/psolsaopaulo\/videos\/1045879888805283\/\"><p><a href=\"https:\/\/www.facebook.com\/psolsaopaulo\/videos\/1045879888805283\/\"><\/a><\/p>\n<p>ERUNDINA INSPIRA A MILIT\u00c2NCIAConfira a fala de Luiza Erundina para a milit\u00e2ncia do PSOL durante a reuni\u00e3o do Diret\u00f3rio Municipal do partido em S\u00e3o Paulo ontem. Esbanjando vitalidade no alto de seus 82 anos, Erundina apresentou a sua vis\u00e3o de constru\u00e7\u00e3o de uma administra\u00e7\u00e3o municipal ao lado do povo e sem os velhos acordos e negociatas de gabinetes, e tamb\u00e9m falou sobre a import\u00e2ncia da utopia socialista em sua trajet\u00f3ria politica.<\/p>\n<p>Publicado por <a href=\"https:\/\/www.facebook.com\/psolsaopaulo\/\">PSOL S\u00e3o Paulo<\/a> em Segunda, 11 de abril de 2016<\/p><\/blockquote>\n<\/div>\n<\/div>\n","protected":false},"excerpt":{"rendered":"<p>O fim de semana foi hist\u00f3rico para a esquerda e para a democracia paulistana. O PSOL e o RAIZ \u2013 Movimento Cidadanista confirmaram a pr\u00e9-candidatura da deputada federal e ex-prefeita de S\u00e3o Paulo Luiza Erundina pelo PSOL, acompanhada do l\u00edder da bancada do PSOL na C\u00e2mara, Ivan Valente, como pr\u00e9-candidato a vice. A confirma\u00e7\u00e3o da [&hellip;]<\/p>\n","protected":false},"author":2,"featured_media":11995,"comment_status":"open","ping_status":"open","sticky":false,"template":"","format":"standard","meta":{"_acf_changed":false,"footnotes":""},"categories":[10,1882,654,6,14],"tags":[343,3851,552,553,2939],"class_list":{"0":"post-11994","1":"post","2":"type-post","3":"status-publish","4":"format-standard","5":"has-post-thumbnail","7":"category-acao-parlamentares","8":"category-brasil","9":"category-estados","10":"category-noticias","11":"category-partido","12":"tag-eleicoes","13":"tag-eleicoes-2016","14":"tag-ivan-valente","15":"tag-luiza-erundina","16":"tag-psol-sao-paulo"},"acf":[],"yoast_head":"<!-- This site is optimized with the Yoast SEO plugin v26.5 - https:\/\/yoast.com\/wordpress\/plugins\/seo\/ -->\n<title>Para mudar S\u00e3o Paulo: Luiza Erundina e Ivan Valente formar\u00e3o chapa do PSOL \u00e0 prefeitura - PSOL 50<\/title>\n<meta name=\"robots\" content=\"index, follow, max-snippet:-1, max-image-preview:large, max-video-preview:-1\" \/>\n<link rel=\"canonical\" href=\"https:\/\/psol50.org.br\/para-mudar-sao-paulo-luiza-erundina-e-ivan-valente-formarao-chapa-do-psol-a-prefeitura\/\" \/>\n<meta property=\"og:locale\" content=\"pt_BR\" \/>\n<meta property=\"og:type\" content=\"article\" \/>\n<meta property=\"og:title\" content=\"Para mudar S\u00e3o Paulo: Luiza Erundina e Ivan Valente formar\u00e3o chapa do PSOL \u00e0 prefeitura - PSOL 50\" \/>\n<meta property=\"og:description\" content=\"O fim de semana foi hist\u00f3rico para a esquerda e para a democracia paulistana. O PSOL e o RAIZ \u2013 Movimento Cidadanista confirmaram a pr\u00e9-candidatura da deputada federal e ex-prefeita de S\u00e3o Paulo Luiza Erundina pelo PSOL, acompanhada do l\u00edder da bancada do PSOL na C\u00e2mara, Ivan Valente, como pr\u00e9-candidato a vice. A confirma\u00e7\u00e3o da [&hellip;]\" \/>\n<meta property=\"og:url\" content=\"https:\/\/psol50.org.br\/para-mudar-sao-paulo-luiza-erundina-e-ivan-valente-formarao-chapa-do-psol-a-prefeitura\/\" \/>\n<meta property=\"og:site_name\" content=\"PSOL 50\" \/>\n<meta property=\"article:publisher\" content=\"https:\/\/www.facebook.com\/psol50\" \/>\n<meta property=\"article:published_time\" content=\"2016-04-11T16:37:59+00:00\" \/>\n<meta property=\"og:image\" content=\"https:\/\/psol50.org.br\/inc\/uploads\/2018\/07\/capa.png\" \/>\n\t<meta property=\"og:image:width\" content=\"1350\" \/>\n\t<meta property=\"og:image:height\" content=\"900\" \/>\n\t<meta property=\"og:image:type\" content=\"image\/png\" \/>\n<meta name=\"author\" content=\"Comunica\u00e7\u00e3o PSOL\" \/>\n<meta name=\"twitter:card\" content=\"summary_large_image\" \/>\n<meta name=\"twitter:creator\" content=\"@psol50\" \/>\n<meta name=\"twitter:site\" content=\"@psol50\" \/>\n<meta name=\"twitter:label1\" content=\"Escrito por\" \/>\n\t<meta name=\"twitter:data1\" content=\"Comunica\u00e7\u00e3o PSOL\" \/>\n\t<meta name=\"twitter:label2\" content=\"Est. tempo de leitura\" \/>\n\t<meta name=\"twitter:data2\" content=\"2 minutos\" \/>\n<script type=\"application\/ld+json\" class=\"yoast-schema-graph\">{\"@context\":\"https:\/\/schema.org\",\"@graph\":[{\"@type\":\"Article\",\"@id\":\"https:\/\/psol50.org.br\/para-mudar-sao-paulo-luiza-erundina-e-ivan-valente-formarao-chapa-do-psol-a-prefeitura\/#article\",\"isPartOf\":{\"@id\":\"https:\/\/psol50.org.br\/para-mudar-sao-paulo-luiza-erundina-e-ivan-valente-formarao-chapa-do-psol-a-prefeitura\/\"},\"author\":{\"name\":\"Comunica\u00e7\u00e3o PSOL\",\"@id\":\"https:\/\/psol50.org.br\/#\/schema\/person\/475dfa57d0b815993c714c2e96491fcd\"},\"headline\":\"Para mudar S\u00e3o Paulo: Luiza Erundina e Ivan Valente formar\u00e3o chapa do PSOL \u00e0 prefeitura\",\"datePublished\":\"2016-04-11T16:37:59+00:00\",\"mainEntityOfPage\":{\"@id\":\"https:\/\/psol50.org.br\/para-mudar-sao-paulo-luiza-erundina-e-ivan-valente-formarao-chapa-do-psol-a-prefeitura\/\"},\"wordCount\":472,\"commentCount\":0,\"publisher\":{\"@id\":\"https:\/\/psol50.org.br\/#organization\"},\"image\":{\"@id\":\"https:\/\/psol50.org.br\/para-mudar-sao-paulo-luiza-erundina-e-ivan-valente-formarao-chapa-do-psol-a-prefeitura\/#primaryimage\"},\"thumbnailUrl\":\"\",\"keywords\":[\"elei\u00e7\u00f5es\",\"elei\u00e7\u00f5es 2016\",\"Ivan Valente\",\"Luiza Erundina\",\"PSOL S\u00e3o Paulo\"],\"articleSection\":[\"A\u00e7\u00e3o Parlamentar\",\"Brasil\",\"Estados\",\"Not\u00edcias\",\"Partido\"],\"inLanguage\":\"pt-BR\",\"potentialAction\":[{\"@type\":\"CommentAction\",\"name\":\"Comment\",\"target\":[\"https:\/\/psol50.org.br\/para-mudar-sao-paulo-luiza-erundina-e-ivan-valente-formarao-chapa-do-psol-a-prefeitura\/#respond\"]}]},{\"@type\":\"WebPage\",\"@id\":\"https:\/\/psol50.org.br\/para-mudar-sao-paulo-luiza-erundina-e-ivan-valente-formarao-chapa-do-psol-a-prefeitura\/\",\"url\":\"https:\/\/psol50.org.br\/para-mudar-sao-paulo-luiza-erundina-e-ivan-valente-formarao-chapa-do-psol-a-prefeitura\/\",\"name\":\"Para mudar S\u00e3o Paulo: Luiza Erundina e Ivan Valente formar\u00e3o chapa do PSOL \u00e0 prefeitura - PSOL 50\",\"isPartOf\":{\"@id\":\"https:\/\/psol50.org.br\/#website\"},\"primaryImageOfPage\":{\"@id\":\"https:\/\/psol50.org.br\/para-mudar-sao-paulo-luiza-erundina-e-ivan-valente-formarao-chapa-do-psol-a-prefeitura\/#primaryimage\"},\"image\":{\"@id\":\"https:\/\/psol50.org.br\/para-mudar-sao-paulo-luiza-erundina-e-ivan-valente-formarao-chapa-do-psol-a-prefeitura\/#primaryimage\"},\"thumbnailUrl\":\"\",\"datePublished\":\"2016-04-11T16:37:59+00:00\",\"breadcrumb\":{\"@id\":\"https:\/\/psol50.org.br\/para-mudar-sao-paulo-luiza-erundina-e-ivan-valente-formarao-chapa-do-psol-a-prefeitura\/#breadcrumb\"},\"inLanguage\":\"pt-BR\",\"potentialAction\":[{\"@type\":\"ReadAction\",\"target\":[\"https:\/\/psol50.org.br\/para-mudar-sao-paulo-luiza-erundina-e-ivan-valente-formarao-chapa-do-psol-a-prefeitura\/\"]}]},{\"@type\":\"ImageObject\",\"inLanguage\":\"pt-BR\",\"@id\":\"https:\/\/psol50.org.br\/para-mudar-sao-paulo-luiza-erundina-e-ivan-valente-formarao-chapa-do-psol-a-prefeitura\/#primaryimage\",\"url\":\"\",\"contentUrl\":\"\"},{\"@type\":\"BreadcrumbList\",\"@id\":\"https:\/\/psol50.org.br\/para-mudar-sao-paulo-luiza-erundina-e-ivan-valente-formarao-chapa-do-psol-a-prefeitura\/#breadcrumb\",\"itemListElement\":[{\"@type\":\"ListItem\",\"position\":1,\"name\":\"In\u00edcio\",\"item\":\"https:\/\/psol50.org.br\/\"},{\"@type\":\"ListItem\",\"position\":2,\"name\":\"Para mudar S\u00e3o Paulo: Luiza Erundina e Ivan Valente formar\u00e3o chapa do PSOL \u00e0 prefeitura\"}]},{\"@type\":\"WebSite\",\"@id\":\"https:\/\/psol50.org.br\/#website\",\"url\":\"https:\/\/psol50.org.br\/\",\"name\":\"PSOL 50\",\"description\":\"Site oficial do Partido Socialismo e Liberdade\",\"publisher\":{\"@id\":\"https:\/\/psol50.org.br\/#organization\"},\"alternateName\":\"PSOL50\",\"potentialAction\":[{\"@type\":\"SearchAction\",\"target\":{\"@type\":\"EntryPoint\",\"urlTemplate\":\"https:\/\/psol50.org.br\/?s={search_term_string}\"},\"query-input\":{\"@type\":\"PropertyValueSpecification\",\"valueRequired\":true,\"valueName\":\"search_term_string\"}}],\"inLanguage\":\"pt-BR\"},{\"@type\":\"Organization\",\"@id\":\"https:\/\/psol50.org.br\/#organization\",\"name\":\"PSOL 50\",\"alternateName\":\"PSOL 50\",\"url\":\"https:\/\/psol50.org.br\/\",\"logo\":{\"@type\":\"ImageObject\",\"inLanguage\":\"pt-BR\",\"@id\":\"https:\/\/psol50.org.br\/#\/schema\/logo\/image\/\",\"url\":\"https:\/\/psol50.org.br\/inc\/uploads\/2018\/07\/capa.png\",\"contentUrl\":\"https:\/\/psol50.org.br\/inc\/uploads\/2018\/07\/capa.png\",\"width\":1350,\"height\":900,\"caption\":\"PSOL 50\"},\"image\":{\"@id\":\"https:\/\/psol50.org.br\/#\/schema\/logo\/image\/\"},\"sameAs\":[\"https:\/\/www.facebook.com\/psol50\",\"https:\/\/x.com\/psol50\",\"https:\/\/www.instagram.com\/psol50\/\",\"https:\/\/www.youtube.com\/channel\/UC7SnJS5o1os7a6CaiNabzcg\"]},{\"@type\":\"Person\",\"@id\":\"https:\/\/psol50.org.br\/#\/schema\/person\/475dfa57d0b815993c714c2e96491fcd\",\"name\":\"Comunica\u00e7\u00e3o PSOL\",\"image\":{\"@type\":\"ImageObject\",\"inLanguage\":\"pt-BR\",\"@id\":\"https:\/\/psol50.org.br\/#\/schema\/person\/image\/\",\"url\":\"https:\/\/secure.gravatar.com\/avatar\/b34fc4f4e468a4e51785917065a3db57b841f5c95dba6ad8c73aaf8f66f8f9bf?s=96&d=mm&r=g\",\"contentUrl\":\"https:\/\/secure.gravatar.com\/avatar\/b34fc4f4e468a4e51785917065a3db57b841f5c95dba6ad8c73aaf8f66f8f9bf?s=96&d=mm&r=g\",\"caption\":\"Comunica\u00e7\u00e3o PSOL\"}}]}<\/script>\n<!-- \/ Yoast SEO plugin. -->","yoast_head_json":{"title":"Para mudar S\u00e3o Paulo: Luiza Erundina e Ivan Valente formar\u00e3o chapa do PSOL \u00e0 prefeitura - PSOL 50","robots":{"index":"index","follow":"follow","max-snippet":"max-snippet:-1","max-image-preview":"max-image-preview:large","max-video-preview":"max-video-preview:-1"},"canonical":"https:\/\/psol50.org.br\/para-mudar-sao-paulo-luiza-erundina-e-ivan-valente-formarao-chapa-do-psol-a-prefeitura\/","og_locale":"pt_BR","og_type":"article","og_title":"Para mudar S\u00e3o Paulo: Luiza Erundina e Ivan Valente formar\u00e3o chapa do PSOL \u00e0 prefeitura - PSOL 50","og_description":"O fim de semana foi hist\u00f3rico para a esquerda e para a democracia paulistana. O PSOL e o RAIZ \u2013 Movimento Cidadanista confirmaram a pr\u00e9-candidatura da deputada federal e ex-prefeita de S\u00e3o Paulo Luiza Erundina pelo PSOL, acompanhada do l\u00edder da bancada do PSOL na C\u00e2mara, Ivan Valente, como pr\u00e9-candidato a vice. A confirma\u00e7\u00e3o da [&hellip;]","og_url":"https:\/\/psol50.org.br\/para-mudar-sao-paulo-luiza-erundina-e-ivan-valente-formarao-chapa-do-psol-a-prefeitura\/","og_site_name":"PSOL 50","article_publisher":"https:\/\/www.facebook.com\/psol50","article_published_time":"2016-04-11T16:37:59+00:00","og_image":[{"width":1350,"height":900,"url":"https:\/\/psol50.org.br\/inc\/uploads\/2018\/07\/capa.png","type":"image\/png"}],"author":"Comunica\u00e7\u00e3o PSOL","twitter_card":"summary_large_image","twitter_creator":"@psol50","twitter_site":"@psol50","twitter_misc":{"Escrito por":"Comunica\u00e7\u00e3o PSOL","Est. tempo de leitura":"2 minutos"},"schema":{"@context":"https:\/\/schema.org","@graph":[{"@type":"Article","@id":"https:\/\/psol50.org.br\/para-mudar-sao-paulo-luiza-erundina-e-ivan-valente-formarao-chapa-do-psol-a-prefeitura\/#article","isPartOf":{"@id":"https:\/\/psol50.org.br\/para-mudar-sao-paulo-luiza-erundina-e-ivan-valente-formarao-chapa-do-psol-a-prefeitura\/"},"author":{"name":"Comunica\u00e7\u00e3o PSOL","@id":"https:\/\/psol50.org.br\/#\/schema\/person\/475dfa57d0b815993c714c2e96491fcd"},"headline":"Para mudar S\u00e3o Paulo: Luiza Erundina e Ivan Valente formar\u00e3o chapa do PSOL \u00e0 prefeitura","datePublished":"2016-04-11T16:37:59+00:00","mainEntityOfPage":{"@id":"https:\/\/psol50.org.br\/para-mudar-sao-paulo-luiza-erundina-e-ivan-valente-formarao-chapa-do-psol-a-prefeitura\/"},"wordCount":472,"commentCount":0,"publisher":{"@id":"https:\/\/psol50.org.br\/#organization"},"image":{"@id":"https:\/\/psol50.org.br\/para-mudar-sao-paulo-luiza-erundina-e-ivan-valente-formarao-chapa-do-psol-a-prefeitura\/#primaryimage"},"thumbnailUrl":"","keywords":["elei\u00e7\u00f5es","elei\u00e7\u00f5es 2016","Ivan Valente","Luiza Erundina","PSOL S\u00e3o Paulo"],"articleSection":["A\u00e7\u00e3o Parlamentar","Brasil","Estados","Not\u00edcias","Partido"],"inLanguage":"pt-BR","potentialAction":[{"@type":"CommentAction","name":"Comment","target":["https:\/\/psol50.org.br\/para-mudar-sao-paulo-luiza-erundina-e-ivan-valente-formarao-chapa-do-psol-a-prefeitura\/#respond"]}]},{"@type":"WebPage","@id":"https:\/\/psol50.org.br\/para-mudar-sao-paulo-luiza-erundina-e-ivan-valente-formarao-chapa-do-psol-a-prefeitura\/","url":"https:\/\/psol50.org.br\/para-mudar-sao-paulo-luiza-erundina-e-ivan-valente-formarao-chapa-do-psol-a-prefeitura\/","name":"Para mudar S\u00e3o Paulo: Luiza Erundina e Ivan Valente formar\u00e3o chapa do PSOL \u00e0 prefeitura - PSOL 50","isPartOf":{"@id":"https:\/\/psol50.org.br\/#website"},"primaryImageOfPage":{"@id":"https:\/\/psol50.org.br\/para-mudar-sao-paulo-luiza-erundina-e-ivan-valente-formarao-chapa-do-psol-a-prefeitura\/#primaryimage"},"image":{"@id":"https:\/\/psol50.org.br\/para-mudar-sao-paulo-luiza-erundina-e-ivan-valente-formarao-chapa-do-psol-a-prefeitura\/#primaryimage"},"thumbnailUrl":"","datePublished":"2016-04-11T16:37:59+00:00","breadcrumb":{"@id":"https:\/\/psol50.org.br\/para-mudar-sao-paulo-luiza-erundina-e-ivan-valente-formarao-chapa-do-psol-a-prefeitura\/#breadcrumb"},"inLanguage":"pt-BR","potentialAction":[{"@type":"ReadAction","target":["https:\/\/psol50.org.br\/para-mudar-sao-paulo-luiza-erundina-e-ivan-valente-formarao-chapa-do-psol-a-prefeitura\/"]}]},{"@type":"ImageObject","inLanguage":"pt-BR","@id":"https:\/\/psol50.org.br\/para-mudar-sao-paulo-luiza-erundina-e-ivan-valente-formarao-chapa-do-psol-a-prefeitura\/#primaryimage","url":"","contentUrl":""},{"@type":"BreadcrumbList","@id":"https:\/\/psol50.org.br\/para-mudar-sao-paulo-luiza-erundina-e-ivan-valente-formarao-chapa-do-psol-a-prefeitura\/#breadcrumb","itemListElement":[{"@type":"ListItem","position":1,"name":"In\u00edcio","item":"https:\/\/psol50.org.br\/"},{"@type":"ListItem","position":2,"name":"Para mudar S\u00e3o Paulo: Luiza Erundina e Ivan Valente formar\u00e3o chapa do PSOL \u00e0 prefeitura"}]},{"@type":"WebSite","@id":"https:\/\/psol50.org.br\/#website","url":"https:\/\/psol50.org.br\/","name":"PSOL 50","description":"Site oficial do Partido Socialismo e Liberdade","publisher":{"@id":"https:\/\/psol50.org.br\/#organization"},"alternateName":"PSOL50","potentialAction":[{"@type":"SearchAction","target":{"@type":"EntryPoint","urlTemplate":"https:\/\/psol50.org.br\/?s={search_term_string}"},"query-input":{"@type":"PropertyValueSpecification","valueRequired":true,"valueName":"search_term_string"}}],"inLanguage":"pt-BR"},{"@type":"Organization","@id":"https:\/\/psol50.org.br\/#organization","name":"PSOL 50","alternateName":"PSOL 50","url":"https:\/\/psol50.org.br\/","logo":{"@type":"ImageObject","inLanguage":"pt-BR","@id":"https:\/\/psol50.org.br\/#\/schema\/logo\/image\/","url":"https:\/\/psol50.org.br\/inc\/uploads\/2018\/07\/capa.png","contentUrl":"https:\/\/psol50.org.br\/inc\/uploads\/2018\/07\/capa.png","width":1350,"height":900,"caption":"PSOL 50"},"image":{"@id":"https:\/\/psol50.org.br\/#\/schema\/logo\/image\/"},"sameAs":["https:\/\/www.facebook.com\/psol50","https:\/\/x.com\/psol50","https:\/\/www.instagram.com\/psol50\/","https:\/\/www.youtube.com\/channel\/UC7SnJS5o1os7a6CaiNabzcg"]},{"@type":"Person","@id":"https:\/\/psol50.org.br\/#\/schema\/person\/475dfa57d0b815993c714c2e96491fcd","name":"Comunica\u00e7\u00e3o PSOL","image":{"@type":"ImageObject","inLanguage":"pt-BR","@id":"https:\/\/psol50.org.br\/#\/schema\/person\/image\/","url":"https:\/\/secure.gravatar.com\/avatar\/b34fc4f4e468a4e51785917065a3db57b841f5c95dba6ad8c73aaf8f66f8f9bf?s=96&d=mm&r=g","contentUrl":"https:\/\/secure.gravatar.com\/avatar\/b34fc4f4e468a4e51785917065a3db57b841f5c95dba6ad8c73aaf8f66f8f9bf?s=96&d=mm&r=g","caption":"Comunica\u00e7\u00e3o PSOL"}}]}},"_links":{"self":[{"href":"https:\/\/psol50.org.br\/rest\/wp\/v2\/posts\/11994","targetHints":{"allow":["GET"]}}],"collection":[{"href":"https:\/\/psol50.org.br\/rest\/wp\/v2\/posts"}],"about":[{"href":"https:\/\/psol50.org.br\/rest\/wp\/v2\/types\/post"}],"author":[{"embeddable":true,"href":"https:\/\/psol50.org.br\/rest\/wp\/v2\/users\/2"}],"replies":[{"embeddable":true,"href":"https:\/\/psol50.org.br\/rest\/wp\/v2\/comments?post=11994"}],"version-history":[{"count":0,"href":"https:\/\/psol50.org.br\/rest\/wp\/v2\/posts\/11994\/revisions"}],"wp:featuredmedia":[{"embeddable":true,"href":"https:\/\/psol50.org.br\/rest\/"}],"wp:attachment":[{"href":"https:\/\/psol50.org.br\/rest\/wp\/v2\/media?parent=11994"}],"wp:term":[{"taxonomy":"category","embeddable":true,"href":"https:\/\/psol50.org.br\/rest\/wp\/v2\/categories?post=11994"},{"taxonomy":"post_tag","embeddable":true,"href":"https:\/\/psol50.org.br\/rest\/wp\/v2\/tags?post=11994"}],"curies":[{"name":"wp","href":"https:\/\/api.w.org\/{rel}","templated":true}]}}