{"id":12013,"date":"2016-04-11T18:24:48","date_gmt":"2016-04-11T18:24:48","guid":{"rendered":"http:\/\/www.psol50.org.br\/?p=12013"},"modified":"2016-04-11T18:24:48","modified_gmt":"2016-04-11T18:24:48","slug":"mais-que-o-nao","status":"publish","type":"post","link":"https:\/\/psol50.org.br\/mais-que-o-nao\/","title":{"rendered":"CHICO ALENCAR: Mais que o n\u00e3o"},"content":{"rendered":"<p><em><span style=\"font-size: 14px;\">Artigo publicado originalmente no jornal <a href=\"http:\/\/oglobo.globo.com\/opiniao\/mais-que-nao-19048379\">O Globo<\/a><\/span><\/p>\n<p><\/em>O risco \u00e9 nos afogarmos em \u00e1guas rasas. Embora important\u00edssima, a decis\u00e3o quanto \u00e0 destitui\u00e7\u00e3o ou preserva\u00e7\u00e3o do mandato da presidente Dilma n\u00e3o ter\u00e1 o cond\u00e3o de resolver nossos mais graves problemas.<\/p>\n<p>O PSOL dir\u00e1 n\u00e3o a este pedido de impeachment porque considera, com grandes juristas, que decretos or\u00e7ament\u00e1rios suplementares e \u201cpedaladas&#8221; n\u00e3o caracterizam crime de responsabilidade de governante, pass\u00edvel de traum\u00e1tica perda de mandato. Fosse assim, v\u00e1rios outros estariam na mesma condi\u00e7\u00e3o, inclusive, retroativamente, ex-presidentes da Rep\u00fablica.<\/p>\n<p>Diremos tamb\u00e9m n\u00e3o \u00e0 articula\u00e7\u00e3o de setores dos grandes neg\u00f3cios, de parte da m\u00eddia, de partidos e parlamentares ultraconservadores, alguns saudosistas da ditadura. Este novo pacto de elite pretende, com sua pauta de retrocessos, entregar o governo inteiro ao PMDB \u2014 que est\u00e1 longe de ser um padr\u00e3o de moralidade na vida p\u00fablica nacional.<\/p>\n<p>Nosso n\u00e3o \u00e9 a um processo que, al\u00e9m da fragilidade jur\u00eddica, tem como condutor pol\u00edtico o deputado-r\u00e9u Eduardo Cunha. Ele, descaradamente, aceitou o pedido de impeachment de Dilma (ao tempo em que engavetava o de Michel Temer) por mera vingan\u00e7a, retaliando seu ex-aliado PT, que admitiu nossa representa\u00e7\u00e3o contra Cunha no Conselho de \u00c9tica.<\/p>\n<p>Nosso n\u00e3o \u00e9 \u00e0 continuada cena de cinismo expl\u00edcito: corruptos \u201cindignados\u201d com a corrup\u00e7\u00e3o, legalistas louvando transgress\u00f5es \u00e0 lei, partidos dependentes do dinheiro dos grandes grupos econ\u00f4micos escondendo, com discurso de ocasi\u00e3o, sua volunt\u00e1ria servid\u00e3o.<\/p>\n<p>Nosso n\u00e3o \u00e9, por\u00e9m, gr\u00e1vido de sim. Um sim \u00e0 continuidade das investiga\u00e7\u00f5es da Lava Jato, sem arbitrariedade e seletividade de vazamentos, sem \u201cher\u00f3is salvacionistas&#8221;. Para que o Minist\u00e9rio P\u00fablico e a Justi\u00e7a coloquem a nu o sistema corrompido de financiamento do sistema partid\u00e1rio-eleitoral em troca de contratos p\u00fablicos, nesse abjeto conluio hist\u00f3rico que envolve empreiteiras e quase todas as legendas e figur\u00f5es do nosso capitalismo de compadrio.<\/p>\n<p>Nosso sim \u00e9 a um novo modelo econ\u00f4mico, lastreado em reforma tribut\u00e1ria progressiva e restri\u00e7\u00e3o ao alto rentismo. Um modelo soberano, orientado para o mercado interno, que garanta rela\u00e7\u00f5es justas de trabalho.<\/p>\n<p>E que caminhe para novas formas de produ\u00e7\u00e3o e consumo, vinculadas ao urgente cuidado ambiental neste planeta envenenado.<\/p>\n<p>Nosso sim \u00e9 a uma nova rela\u00e7\u00e3o estado-sociedade, baseada na participa\u00e7\u00e3o popular permanente e na transpar\u00eancia da gest\u00e3o p\u00fablica. Por uma reforma pol\u00edtica \u2014 que o atual Congresso se recusou a fazer \u2014 que institua referendo revogat\u00f3rio de mandatos e limites austeros a gastos de campanha (s\u00f3 agora sem recursos de empresas, gra\u00e7as ao STF).<\/p>\n<p>Por nova din\u00e2mica democr\u00e1tica vivificada em partidos que expressem conte\u00fado program\u00e1tico, expelindo o clientelismo e o fisiologismo. Nosso sim, enfim, \u00e9 \u00e0 busca permanente do verdadeiro poder instituinte, segundo a Constitui\u00e7\u00e3o: o povo.<\/p>\n","protected":false},"excerpt":{"rendered":"<p>Artigo publicado originalmente no jornal O Globo O risco \u00e9 nos afogarmos em \u00e1guas rasas. Embora important\u00edssima, a decis\u00e3o quanto \u00e0 destitui\u00e7\u00e3o ou preserva\u00e7\u00e3o do mandato da presidente Dilma n\u00e3o ter\u00e1 o cond\u00e3o de resolver nossos mais graves problemas. O PSOL dir\u00e1 n\u00e3o a este pedido de impeachment porque considera, com grandes juristas, que decretos [&hellip;]<\/p>\n","protected":false},"author":2,"featured_media":10792,"comment_status":"open","ping_status":"open","sticky":false,"template":"","format":"standard","meta":{"_acf_changed":false,"footnotes":""},"categories":[10,3,1882,14],"tags":[593,2324,2890,220,4123,2152,4209,22,319,45],"class_list":{"0":"post-12013","1":"post","2":"type-post","3":"status-publish","4":"format-standard","5":"has-post-thumbnail","7":"category-acao-parlamentares","8":"category-artigos-e-entrevistas","9":"category-brasil","10":"category-partido","11":"tag-conselho-de-etica","12":"tag-constituicao-federal","13":"tag-eduardo-cunha","14":"tag-impeachment","15":"tag-miche-temer","16":"tag-pmdb","17":"tag-presidente-dilma","18":"tag-psol","19":"tag-pt","20":"tag-stf"},"acf":[],"yoast_head":"<!-- This site is optimized with the Yoast SEO plugin v26.5 - https:\/\/yoast.com\/wordpress\/plugins\/seo\/ -->\n<title>CHICO ALENCAR: Mais que o n\u00e3o - PSOL 50<\/title>\n<meta name=\"robots\" content=\"index, follow, max-snippet:-1, max-image-preview:large, max-video-preview:-1\" \/>\n<link rel=\"canonical\" href=\"https:\/\/psol50.org.br\/mais-que-o-nao\/\" \/>\n<meta property=\"og:locale\" content=\"pt_BR\" \/>\n<meta property=\"og:type\" content=\"article\" \/>\n<meta property=\"og:title\" content=\"CHICO ALENCAR: Mais que o n\u00e3o - PSOL 50\" \/>\n<meta property=\"og:description\" content=\"Artigo publicado originalmente no jornal O Globo O risco \u00e9 nos afogarmos em \u00e1guas rasas. Embora important\u00edssima, a decis\u00e3o quanto \u00e0 destitui\u00e7\u00e3o ou preserva\u00e7\u00e3o do mandato da presidente Dilma n\u00e3o ter\u00e1 o cond\u00e3o de resolver nossos mais graves problemas. O PSOL dir\u00e1 n\u00e3o a este pedido de impeachment porque considera, com grandes juristas, que decretos [&hellip;]\" \/>\n<meta property=\"og:url\" content=\"https:\/\/psol50.org.br\/mais-que-o-nao\/\" \/>\n<meta property=\"og:site_name\" content=\"PSOL 50\" \/>\n<meta property=\"article:publisher\" content=\"https:\/\/www.facebook.com\/psol50\" \/>\n<meta property=\"article:published_time\" content=\"2016-04-11T18:24:48+00:00\" \/>\n<meta property=\"og:image\" content=\"https:\/\/psol50.org.br\/inc\/uploads\/2015\/12\/Chico-Alencar-Thyago-Marcel-CD-e1449116724463.jpg\" \/>\n\t<meta property=\"og:image:width\" content=\"800\" \/>\n\t<meta property=\"og:image:height\" content=\"533\" \/>\n\t<meta property=\"og:image:type\" content=\"image\/jpeg\" \/>\n<meta name=\"author\" content=\"Comunica\u00e7\u00e3o PSOL\" \/>\n<meta name=\"twitter:card\" content=\"summary_large_image\" \/>\n<meta name=\"twitter:creator\" content=\"@psol50\" \/>\n<meta name=\"twitter:site\" content=\"@psol50\" \/>\n<meta name=\"twitter:label1\" content=\"Escrito por\" \/>\n\t<meta name=\"twitter:data1\" content=\"Comunica\u00e7\u00e3o PSOL\" \/>\n\t<meta name=\"twitter:label2\" content=\"Est. tempo de leitura\" \/>\n\t<meta name=\"twitter:data2\" content=\"2 minutos\" \/>\n<script type=\"application\/ld+json\" class=\"yoast-schema-graph\">{\"@context\":\"https:\/\/schema.org\",\"@graph\":[{\"@type\":\"Article\",\"@id\":\"https:\/\/psol50.org.br\/mais-que-o-nao\/#article\",\"isPartOf\":{\"@id\":\"https:\/\/psol50.org.br\/mais-que-o-nao\/\"},\"author\":{\"name\":\"Comunica\u00e7\u00e3o PSOL\",\"@id\":\"https:\/\/psol50.org.br\/#\/schema\/person\/475dfa57d0b815993c714c2e96491fcd\"},\"headline\":\"CHICO ALENCAR: Mais que o n\u00e3o\",\"datePublished\":\"2016-04-11T18:24:48+00:00\",\"mainEntityOfPage\":{\"@id\":\"https:\/\/psol50.org.br\/mais-que-o-nao\/\"},\"wordCount\":492,\"commentCount\":0,\"publisher\":{\"@id\":\"https:\/\/psol50.org.br\/#organization\"},\"image\":{\"@id\":\"https:\/\/psol50.org.br\/mais-que-o-nao\/#primaryimage\"},\"thumbnailUrl\":\"https:\/\/psol50.org.br\/inc\/uploads\/2015\/12\/Chico-Alencar-Thyago-Marcel-CD-e1449116724463.jpg\",\"keywords\":[\"conselho de \u00e9tica\",\"Constitui\u00e7\u00e3o Federal\",\"Eduardo Cunha\",\"impeachment\",\"Miche Temer\",\"PMDB\",\"presidente Dilma\",\"PSOL\",\"PT\",\"STF\"],\"articleSection\":[\"A\u00e7\u00e3o Parlamentar\",\"Artigos\",\"Brasil\",\"Partido\"],\"inLanguage\":\"pt-BR\",\"potentialAction\":[{\"@type\":\"CommentAction\",\"name\":\"Comment\",\"target\":[\"https:\/\/psol50.org.br\/mais-que-o-nao\/#respond\"]}]},{\"@type\":\"WebPage\",\"@id\":\"https:\/\/psol50.org.br\/mais-que-o-nao\/\",\"url\":\"https:\/\/psol50.org.br\/mais-que-o-nao\/\",\"name\":\"CHICO ALENCAR: Mais que o n\u00e3o - PSOL 50\",\"isPartOf\":{\"@id\":\"https:\/\/psol50.org.br\/#website\"},\"primaryImageOfPage\":{\"@id\":\"https:\/\/psol50.org.br\/mais-que-o-nao\/#primaryimage\"},\"image\":{\"@id\":\"https:\/\/psol50.org.br\/mais-que-o-nao\/#primaryimage\"},\"thumbnailUrl\":\"https:\/\/psol50.org.br\/inc\/uploads\/2015\/12\/Chico-Alencar-Thyago-Marcel-CD-e1449116724463.jpg\",\"datePublished\":\"2016-04-11T18:24:48+00:00\",\"breadcrumb\":{\"@id\":\"https:\/\/psol50.org.br\/mais-que-o-nao\/#breadcrumb\"},\"inLanguage\":\"pt-BR\",\"potentialAction\":[{\"@type\":\"ReadAction\",\"target\":[\"https:\/\/psol50.org.br\/mais-que-o-nao\/\"]}]},{\"@type\":\"ImageObject\",\"inLanguage\":\"pt-BR\",\"@id\":\"https:\/\/psol50.org.br\/mais-que-o-nao\/#primaryimage\",\"url\":\"https:\/\/psol50.org.br\/inc\/uploads\/2015\/12\/Chico-Alencar-Thyago-Marcel-CD-e1449116724463.jpg\",\"contentUrl\":\"https:\/\/psol50.org.br\/inc\/uploads\/2015\/12\/Chico-Alencar-Thyago-Marcel-CD-e1449116724463.jpg\",\"width\":800,\"height\":533},{\"@type\":\"BreadcrumbList\",\"@id\":\"https:\/\/psol50.org.br\/mais-que-o-nao\/#breadcrumb\",\"itemListElement\":[{\"@type\":\"ListItem\",\"position\":1,\"name\":\"In\u00edcio\",\"item\":\"https:\/\/psol50.org.br\/\"},{\"@type\":\"ListItem\",\"position\":2,\"name\":\"CHICO ALENCAR: Mais que o n\u00e3o\"}]},{\"@type\":\"WebSite\",\"@id\":\"https:\/\/psol50.org.br\/#website\",\"url\":\"https:\/\/psol50.org.br\/\",\"name\":\"PSOL 50\",\"description\":\"Site oficial do Partido Socialismo e Liberdade\",\"publisher\":{\"@id\":\"https:\/\/psol50.org.br\/#organization\"},\"alternateName\":\"PSOL50\",\"potentialAction\":[{\"@type\":\"SearchAction\",\"target\":{\"@type\":\"EntryPoint\",\"urlTemplate\":\"https:\/\/psol50.org.br\/?s={search_term_string}\"},\"query-input\":{\"@type\":\"PropertyValueSpecification\",\"valueRequired\":true,\"valueName\":\"search_term_string\"}}],\"inLanguage\":\"pt-BR\"},{\"@type\":\"Organization\",\"@id\":\"https:\/\/psol50.org.br\/#organization\",\"name\":\"PSOL 50\",\"alternateName\":\"PSOL 50\",\"url\":\"https:\/\/psol50.org.br\/\",\"logo\":{\"@type\":\"ImageObject\",\"inLanguage\":\"pt-BR\",\"@id\":\"https:\/\/psol50.org.br\/#\/schema\/logo\/image\/\",\"url\":\"https:\/\/psol50.org.br\/inc\/uploads\/2018\/07\/capa.png\",\"contentUrl\":\"https:\/\/psol50.org.br\/inc\/uploads\/2018\/07\/capa.png\",\"width\":1350,\"height\":900,\"caption\":\"PSOL 50\"},\"image\":{\"@id\":\"https:\/\/psol50.org.br\/#\/schema\/logo\/image\/\"},\"sameAs\":[\"https:\/\/www.facebook.com\/psol50\",\"https:\/\/x.com\/psol50\",\"https:\/\/www.instagram.com\/psol50\/\",\"https:\/\/www.youtube.com\/channel\/UC7SnJS5o1os7a6CaiNabzcg\"]},{\"@type\":\"Person\",\"@id\":\"https:\/\/psol50.org.br\/#\/schema\/person\/475dfa57d0b815993c714c2e96491fcd\",\"name\":\"Comunica\u00e7\u00e3o PSOL\",\"image\":{\"@type\":\"ImageObject\",\"inLanguage\":\"pt-BR\",\"@id\":\"https:\/\/psol50.org.br\/#\/schema\/person\/image\/\",\"url\":\"https:\/\/secure.gravatar.com\/avatar\/b34fc4f4e468a4e51785917065a3db57b841f5c95dba6ad8c73aaf8f66f8f9bf?s=96&d=mm&r=g\",\"contentUrl\":\"https:\/\/secure.gravatar.com\/avatar\/b34fc4f4e468a4e51785917065a3db57b841f5c95dba6ad8c73aaf8f66f8f9bf?s=96&d=mm&r=g\",\"caption\":\"Comunica\u00e7\u00e3o PSOL\"}}]}<\/script>\n<!-- \/ Yoast SEO plugin. -->","yoast_head_json":{"title":"CHICO ALENCAR: Mais que o n\u00e3o - PSOL 50","robots":{"index":"index","follow":"follow","max-snippet":"max-snippet:-1","max-image-preview":"max-image-preview:large","max-video-preview":"max-video-preview:-1"},"canonical":"https:\/\/psol50.org.br\/mais-que-o-nao\/","og_locale":"pt_BR","og_type":"article","og_title":"CHICO ALENCAR: Mais que o n\u00e3o - PSOL 50","og_description":"Artigo publicado originalmente no jornal O Globo O risco \u00e9 nos afogarmos em \u00e1guas rasas. Embora important\u00edssima, a decis\u00e3o quanto \u00e0 destitui\u00e7\u00e3o ou preserva\u00e7\u00e3o do mandato da presidente Dilma n\u00e3o ter\u00e1 o cond\u00e3o de resolver nossos mais graves problemas. O PSOL dir\u00e1 n\u00e3o a este pedido de impeachment porque considera, com grandes juristas, que decretos [&hellip;]","og_url":"https:\/\/psol50.org.br\/mais-que-o-nao\/","og_site_name":"PSOL 50","article_publisher":"https:\/\/www.facebook.com\/psol50","article_published_time":"2016-04-11T18:24:48+00:00","og_image":[{"width":800,"height":533,"url":"https:\/\/psol50.org.br\/inc\/uploads\/2015\/12\/Chico-Alencar-Thyago-Marcel-CD-e1449116724463.jpg","type":"image\/jpeg"}],"author":"Comunica\u00e7\u00e3o PSOL","twitter_card":"summary_large_image","twitter_creator":"@psol50","twitter_site":"@psol50","twitter_misc":{"Escrito por":"Comunica\u00e7\u00e3o PSOL","Est. tempo de leitura":"2 minutos"},"schema":{"@context":"https:\/\/schema.org","@graph":[{"@type":"Article","@id":"https:\/\/psol50.org.br\/mais-que-o-nao\/#article","isPartOf":{"@id":"https:\/\/psol50.org.br\/mais-que-o-nao\/"},"author":{"name":"Comunica\u00e7\u00e3o PSOL","@id":"https:\/\/psol50.org.br\/#\/schema\/person\/475dfa57d0b815993c714c2e96491fcd"},"headline":"CHICO ALENCAR: Mais que o n\u00e3o","datePublished":"2016-04-11T18:24:48+00:00","mainEntityOfPage":{"@id":"https:\/\/psol50.org.br\/mais-que-o-nao\/"},"wordCount":492,"commentCount":0,"publisher":{"@id":"https:\/\/psol50.org.br\/#organization"},"image":{"@id":"https:\/\/psol50.org.br\/mais-que-o-nao\/#primaryimage"},"thumbnailUrl":"https:\/\/psol50.org.br\/inc\/uploads\/2015\/12\/Chico-Alencar-Thyago-Marcel-CD-e1449116724463.jpg","keywords":["conselho de \u00e9tica","Constitui\u00e7\u00e3o Federal","Eduardo Cunha","impeachment","Miche Temer","PMDB","presidente Dilma","PSOL","PT","STF"],"articleSection":["A\u00e7\u00e3o Parlamentar","Artigos","Brasil","Partido"],"inLanguage":"pt-BR","potentialAction":[{"@type":"CommentAction","name":"Comment","target":["https:\/\/psol50.org.br\/mais-que-o-nao\/#respond"]}]},{"@type":"WebPage","@id":"https:\/\/psol50.org.br\/mais-que-o-nao\/","url":"https:\/\/psol50.org.br\/mais-que-o-nao\/","name":"CHICO ALENCAR: Mais que o n\u00e3o - PSOL 50","isPartOf":{"@id":"https:\/\/psol50.org.br\/#website"},"primaryImageOfPage":{"@id":"https:\/\/psol50.org.br\/mais-que-o-nao\/#primaryimage"},"image":{"@id":"https:\/\/psol50.org.br\/mais-que-o-nao\/#primaryimage"},"thumbnailUrl":"https:\/\/psol50.org.br\/inc\/uploads\/2015\/12\/Chico-Alencar-Thyago-Marcel-CD-e1449116724463.jpg","datePublished":"2016-04-11T18:24:48+00:00","breadcrumb":{"@id":"https:\/\/psol50.org.br\/mais-que-o-nao\/#breadcrumb"},"inLanguage":"pt-BR","potentialAction":[{"@type":"ReadAction","target":["https:\/\/psol50.org.br\/mais-que-o-nao\/"]}]},{"@type":"ImageObject","inLanguage":"pt-BR","@id":"https:\/\/psol50.org.br\/mais-que-o-nao\/#primaryimage","url":"https:\/\/psol50.org.br\/inc\/uploads\/2015\/12\/Chico-Alencar-Thyago-Marcel-CD-e1449116724463.jpg","contentUrl":"https:\/\/psol50.org.br\/inc\/uploads\/2015\/12\/Chico-Alencar-Thyago-Marcel-CD-e1449116724463.jpg","width":800,"height":533},{"@type":"BreadcrumbList","@id":"https:\/\/psol50.org.br\/mais-que-o-nao\/#breadcrumb","itemListElement":[{"@type":"ListItem","position":1,"name":"In\u00edcio","item":"https:\/\/psol50.org.br\/"},{"@type":"ListItem","position":2,"name":"CHICO ALENCAR: Mais que o n\u00e3o"}]},{"@type":"WebSite","@id":"https:\/\/psol50.org.br\/#website","url":"https:\/\/psol50.org.br\/","name":"PSOL 50","description":"Site oficial do Partido Socialismo e Liberdade","publisher":{"@id":"https:\/\/psol50.org.br\/#organization"},"alternateName":"PSOL50","potentialAction":[{"@type":"SearchAction","target":{"@type":"EntryPoint","urlTemplate":"https:\/\/psol50.org.br\/?s={search_term_string}"},"query-input":{"@type":"PropertyValueSpecification","valueRequired":true,"valueName":"search_term_string"}}],"inLanguage":"pt-BR"},{"@type":"Organization","@id":"https:\/\/psol50.org.br\/#organization","name":"PSOL 50","alternateName":"PSOL 50","url":"https:\/\/psol50.org.br\/","logo":{"@type":"ImageObject","inLanguage":"pt-BR","@id":"https:\/\/psol50.org.br\/#\/schema\/logo\/image\/","url":"https:\/\/psol50.org.br\/inc\/uploads\/2018\/07\/capa.png","contentUrl":"https:\/\/psol50.org.br\/inc\/uploads\/2018\/07\/capa.png","width":1350,"height":900,"caption":"PSOL 50"},"image":{"@id":"https:\/\/psol50.org.br\/#\/schema\/logo\/image\/"},"sameAs":["https:\/\/www.facebook.com\/psol50","https:\/\/x.com\/psol50","https:\/\/www.instagram.com\/psol50\/","https:\/\/www.youtube.com\/channel\/UC7SnJS5o1os7a6CaiNabzcg"]},{"@type":"Person","@id":"https:\/\/psol50.org.br\/#\/schema\/person\/475dfa57d0b815993c714c2e96491fcd","name":"Comunica\u00e7\u00e3o PSOL","image":{"@type":"ImageObject","inLanguage":"pt-BR","@id":"https:\/\/psol50.org.br\/#\/schema\/person\/image\/","url":"https:\/\/secure.gravatar.com\/avatar\/b34fc4f4e468a4e51785917065a3db57b841f5c95dba6ad8c73aaf8f66f8f9bf?s=96&d=mm&r=g","contentUrl":"https:\/\/secure.gravatar.com\/avatar\/b34fc4f4e468a4e51785917065a3db57b841f5c95dba6ad8c73aaf8f66f8f9bf?s=96&d=mm&r=g","caption":"Comunica\u00e7\u00e3o PSOL"}}]}},"_links":{"self":[{"href":"https:\/\/psol50.org.br\/rest\/wp\/v2\/posts\/12013","targetHints":{"allow":["GET"]}}],"collection":[{"href":"https:\/\/psol50.org.br\/rest\/wp\/v2\/posts"}],"about":[{"href":"https:\/\/psol50.org.br\/rest\/wp\/v2\/types\/post"}],"author":[{"embeddable":true,"href":"https:\/\/psol50.org.br\/rest\/wp\/v2\/users\/2"}],"replies":[{"embeddable":true,"href":"https:\/\/psol50.org.br\/rest\/wp\/v2\/comments?post=12013"}],"version-history":[{"count":0,"href":"https:\/\/psol50.org.br\/rest\/wp\/v2\/posts\/12013\/revisions"}],"wp:featuredmedia":[{"embeddable":true,"href":"https:\/\/psol50.org.br\/rest\/wp\/v2\/media\/10792"}],"wp:attachment":[{"href":"https:\/\/psol50.org.br\/rest\/wp\/v2\/media?parent=12013"}],"wp:term":[{"taxonomy":"category","embeddable":true,"href":"https:\/\/psol50.org.br\/rest\/wp\/v2\/categories?post=12013"},{"taxonomy":"post_tag","embeddable":true,"href":"https:\/\/psol50.org.br\/rest\/wp\/v2\/tags?post=12013"}],"curies":[{"name":"wp","href":"https:\/\/api.w.org\/{rel}","templated":true}]}}