{"id":12023,"date":"2016-04-11T21:04:05","date_gmt":"2016-04-11T21:04:05","guid":{"rendered":"http:\/\/www.psol50.org.br\/?p=12023"},"modified":"2016-04-11T21:04:05","modified_gmt":"2016-04-11T21:04:05","slug":"estudantes-ocupam-mais-de-25-escolas-no-rio-de-janeiro","status":"publish","type":"post","link":"https:\/\/psol50.org.br\/estudantes-ocupam-mais-de-25-escolas-no-rio-de-janeiro\/","title":{"rendered":"Estudantes ocupam mais de 25 escolas no Rio de Janeiro"},"content":{"rendered":"<p>O n\u00famero de col\u00e9gios estaduais ocupados por alunos em apoio \u00e0 greve dos professores j\u00e1 chega a 27 no Rio de Janeiro. Segundo o movimento <a href=\"https:\/\/www.facebook.com\/EscolasRJemLuta\">Escolas do RJ em luta<\/a>, o Ciep Professor Joaquim de Freitas, no munic\u00edpio de S\u00e3o Miguel, \u00e9 a mais recente ocupa\u00e7\u00e3o dos estudantes fluminenses.<\/p>\n<p>Em entrevista \u00e0 Ag\u00eancia Brasil, a professora Val\u00e9ria de Moraes afirmou que a ocupa\u00e7\u00e3o visa a alertar o governo sobre a situa\u00e7\u00e3o de descaso que vive o ensino estadual. \u201cEu apoio porque \u00e9 necess\u00e1rio trazer os olhos do Estado para a nossa situa\u00e7\u00e3o. N\u00e3o queremos tumultuar, nem fazer nada de errado. Pelo contr\u00e1rio, estamos lutando por uma educa\u00e7\u00e3o de qualidade\u201d, acrescentou.<\/p>\n<p>J\u00e1 o estudante Erick Rodrigues, do 3\u00b0 ano do ensino m\u00e9dio, disse acreditar que o col\u00e9gio tenha suas limita\u00e7\u00f5es como qualquer outro, mas que oferece um ensino de qualidade. \u201cA gente observa que os professores d\u00e3o o m\u00e1ximo em sala de aula. Temos tamb\u00e9m uma boa estrutura que nos ajuda muito. Claro que algumas das reivindica\u00e7\u00f5es deles s\u00e3o interessantes, mas n\u00e3o d\u00e1 para ser assim. Esses alunos n\u00e3o est\u00e3o pensando que com essa atitude eles fazem com que a maioria perca um per\u00edodo letivo que faz toda a diferen\u00e7a. Nenhum vestibular vai levar em considera\u00e7\u00e3o esse tempo que ficaremos parados\u201d, lamentou.<\/p>\n<p><strong>Sobre a mobiliza\u00e7\u00e3o<br \/>\n<\/strong>A mobiliza\u00e7\u00e3o dos estudantes do Rio de Janeiro j\u00e1 completou um m\u00eas. As manifesta\u00e7\u00f5es se espalharam por dezenas de cidades do estado e as escolas j\u00e1 come\u00e7am a ser ocupadas pelos seus estudantes, professores, pais e m\u00e3es, como instrumento de press\u00e3o ao governo de Luiz Fernando Pez\u00e3o\u00a0 e a SEEDUC-RJ (Secretaria de Educa\u00e7\u00e3o do Estado do Rio). Nosso movimento s\u00f3 vai crescer.<\/p>\n<p>Confira o mapa de escolas ocupadas no Rio de Janeiro: <a href=\"http:\/\/bit.ly\/25NCb05\">http:\/\/bit.ly\/25NCb05<\/a><\/p>\n<p><strong>Greve dos professores<br \/>\n<\/strong>Os professores da rede estadual do Rio est\u00e3o em greve por tempo indeterminado desde o dia 2 de mar\u00e7o. Em assembleia realizada na \u00faltima quarta-feira (06\/04), a categoria decidiu manter movimento de greve nas escolas da capital, regi\u00e3o metropolitana e interior do Estado.<\/p>\n<p>Segundo informa\u00e7\u00f5es do Sepe-RJ (Sindicato Estadual dos Profissionais de Educa\u00e7\u00e3o do RJ), a\u00a0<span data-scayt_word=\"plen\u00e1ria\" data-scaytid=\"81\">assembleia\u00a0<\/span><span data-scayt_word=\"aprovou\" data-scaytid=\"82\">aprovou<\/span>, al\u00e9m da\u00a0<span data-scayt_word=\"manuten\u00e7\u00e3o\" data-scaytid=\"85\">manuten\u00e7\u00e3o<\/span>\u00a0<span data-scayt_word=\"da\" data-scaytid=\"37\">da<\/span>\u00a0<span data-scayt_word=\"greve\" data-scaytid=\"38\">greve<\/span>, uma s\u00e9rie de atividades de mobiliza\u00e7\u00e3o e press\u00e3o, como ato\u00a0<span data-scayt_word=\"unificado\" data-scaytid=\"93\">unificado<\/span>\u00a0com o\u00a0<span data-scayt_word=\"funcionalismo\" data-scaytid=\"94\">funcionalismo<\/span>\u00a0<span data-scayt_word=\"na\" data-scaytid=\"95\">na<\/span>\u00a0<span data-scayt_word=\"Secretaria\" data-scaytid=\"96\">Secretaria<\/span> de\u00a0<span data-scayt_word=\"Estado\" data-scaytid=\"39\">Estado<\/span>\u00a0de\u00a0<span data-scayt_word=\"Fazenda\" data-scaytid=\"98\">Fazenda<\/span>, na quinta-feira\u00a0<span data-scayt_word=\"dia\" data-scaytid=\"40\">(14),\u00a0<\/span><span data-scayt_word=\"assembleia\" data-scaytid=\"42\">assembleia<\/span>\u00a0<span data-scayt_word=\"geral\" data-scaytid=\"104\">geral<\/span> no mesmo dia,\u00a0<span data-scayt_word=\"realiza\u00e7\u00e3o\" data-scaytid=\"109\"> panfletagem<\/span>\u00a0<span data-scayt_word=\"simult\" data-scaytid=\"111\">simult<\/span>\u00e2<span data-scayt_word=\"nea\" data-scaytid=\"112\">nea<\/span>\u00a0em\u00a0<span data-scayt_word=\"todos\" data-scaytid=\"113\">todos<\/span>\u00a0<span data-scayt_word=\"os\" data-scaytid=\"43\">os<\/span>\u00a0<span data-scayt_word=\"munic\u00edpios\" data-scaytid=\"115\">munic\u00edpios<\/span>, com distribui\u00e7\u00e3o\u00a0de 200 mil\u00a0<span data-scayt_word=\"cartas\" data-scaytid=\"117\">cartas<\/span>\u00a0<span data-scayt_word=\"\u00e0\" data-scaytid=\"118\">\u00e0<\/span>\u00a0<span data-scayt_word=\"popula\u00e7\u00e3o\" data-scaytid=\"119\">popula\u00e7\u00e3o<\/span>; e\u00a0<span data-scayt_word=\"apoio\" data-scaytid=\"120\">apoio<\/span>\u00a0<span data-scayt_word=\"institucional\" data-scaytid=\"121\">institucional<\/span>\u00a0do\u00a0<span data-scayt_word=\"sindicato\" data-scaytid=\"122\">sindicato<\/span>\u00a0<span data-scayt_word=\"ao\" data-scaytid=\"90\">ao<\/span>\u00a0<span data-scayt_word=\"movimento\" data-scaytid=\"123\">movimento<\/span>\u00a0<span data-scayt_word=\"estudantil\" data-scaytid=\"124\">estudantil<\/span>\u00a0de\u00a0<span data-scayt_word=\"ocupa\u00e7\u00e3o\" data-scaytid=\"125\">ocupa\u00e7\u00e3o<\/span>\u00a0dos estudantes nas escolas\u00a0<span data-scayt_word=\"estaduais\" data-scaytid=\"127\">estaduais<\/span>.<\/p>\n<p>Os trabalhadores da educa\u00e7\u00e3o reivindicam diversas pautas, como elei\u00e7\u00e3o direta para dire\u00e7\u00e3o de escolas; fim da pol\u00edtica de meritocracia; melhores condi\u00e7\u00f5es estruturais e de trabalho nas escolas; retifica\u00e7\u00e3o do decreto do abono das greves de 1993 at\u00e9 2016; enquadramento por forma\u00e7\u00e3o; jornada de 30 horas pra funcion\u00e1rios administrativos e realiza\u00e7\u00e3o de concurso p\u00fablico; e descentraliza\u00e7\u00e3o da per\u00edcia m\u00e9dica; entre outros eixos.<\/p>\n<p>Para saber mais sobre a luta dos estudantes e professores fluminenses, acesse <u><a href=\"https:\/\/www.facebook.com\/EscolasRJemLuta\">Escolas do RJ em luta <\/a><\/u>e <span style=\"text-decoration: underline;\"><a href=\"https:\/\/www.facebook.com\/SEPE-RJ-Oficial-260528207360293\/?fref=ts\">Sepe<\/a>-RJ<\/span>.<\/p>\n<p><a href=\"https:\/\/www.facebook.com\/hashtag\/ocupaescola?source=feed_text&amp;story_id=546616042166701\">\u202a#\u200eOcupaEscola<\/a>\u00a0<a href=\"https:\/\/www.facebook.com\/hashtag\/escolasdeluta?source=feed_text&amp;story_id=546616042166701\" data-ft=\"{&quot;tn&quot;:&quot;*N&quot;,&quot;type&quot;:104}\">\u202a#\u200eEscolasdeLuta<\/a> #OcuparEResistir<\/p>\n<p><em>Com informa\u00e7\u00f5es da Ag\u00eancia Brasil, do movimento Escolas do RJ em luta e Sepe<\/em><\/p>\n","protected":false},"excerpt":{"rendered":"<p>O n\u00famero de col\u00e9gios estaduais ocupados por alunos em apoio \u00e0 greve dos professores j\u00e1 chega a 27 no Rio de Janeiro. Segundo o movimento Escolas do RJ em luta, o Ciep Professor Joaquim de Freitas, no munic\u00edpio de S\u00e3o Miguel, \u00e9 a mais recente ocupa\u00e7\u00e3o dos estudantes fluminenses. Em entrevista \u00e0 Ag\u00eancia Brasil, a [&hellip;]<\/p>\n","protected":false},"author":2,"featured_media":12024,"comment_status":"open","ping_status":"open","sticky":false,"template":"","format":"standard","meta":{"_acf_changed":false,"footnotes":""},"categories":[2208,654,1104,6],"tags":[4215,4216,4217,1384,4218,4219,221,2240,1481,272,162,4220,4221,4222],"class_list":{"0":"post-12023","1":"post","2":"type-post","3":"status-publish","4":"format-standard","5":"has-post-thumbnail","7":"category-educacao","8":"category-estados","9":"category-movimento","10":"category-noticias","11":"tag-escolasdeluta","12":"tag-ocupaescola","13":"tag-ocupareresistir","14":"tag-escolas","15":"tag-escolas-do-rj-em-luta","16":"tag-estado-do-rio-de-janeiro","17":"tag-greve","18":"tag-luiz-fernando-pezao","19":"tag-ocupacao","20":"tag-professores","21":"tag-rio-de-janeiro","22":"tag-secretaria-de-educacao-do-estado-do-rio","23":"tag-seeduc-rj","24":"tag-sepe-rj"},"acf":[],"yoast_head":"<!-- This site is optimized with the Yoast SEO plugin v26.5 - https:\/\/yoast.com\/wordpress\/plugins\/seo\/ -->\n<title>Estudantes ocupam mais de 25 escolas no Rio de Janeiro - PSOL 50<\/title>\n<meta name=\"robots\" content=\"index, follow, max-snippet:-1, max-image-preview:large, max-video-preview:-1\" \/>\n<link rel=\"canonical\" href=\"https:\/\/psol50.org.br\/estudantes-ocupam-mais-de-25-escolas-no-rio-de-janeiro\/\" \/>\n<meta property=\"og:locale\" content=\"pt_BR\" \/>\n<meta property=\"og:type\" content=\"article\" \/>\n<meta property=\"og:title\" content=\"Estudantes ocupam mais de 25 escolas no Rio de Janeiro - PSOL 50\" \/>\n<meta property=\"og:description\" content=\"O n\u00famero de col\u00e9gios estaduais ocupados por alunos em apoio \u00e0 greve dos professores j\u00e1 chega a 27 no Rio de Janeiro. Segundo o movimento Escolas do RJ em luta, o Ciep Professor Joaquim de Freitas, no munic\u00edpio de S\u00e3o Miguel, \u00e9 a mais recente ocupa\u00e7\u00e3o dos estudantes fluminenses. Em entrevista \u00e0 Ag\u00eancia Brasil, a [&hellip;]\" \/>\n<meta property=\"og:url\" content=\"https:\/\/psol50.org.br\/estudantes-ocupam-mais-de-25-escolas-no-rio-de-janeiro\/\" \/>\n<meta property=\"og:site_name\" content=\"PSOL 50\" \/>\n<meta property=\"article:publisher\" content=\"https:\/\/www.facebook.com\/psol50\" \/>\n<meta property=\"article:published_time\" content=\"2016-04-11T21:04:05+00:00\" \/>\n<meta property=\"og:image\" content=\"https:\/\/psol50.org.br\/inc\/uploads\/2018\/07\/capa.png\" \/>\n\t<meta property=\"og:image:width\" content=\"1350\" \/>\n\t<meta property=\"og:image:height\" content=\"900\" \/>\n\t<meta property=\"og:image:type\" content=\"image\/png\" \/>\n<meta name=\"author\" content=\"Comunica\u00e7\u00e3o PSOL\" \/>\n<meta name=\"twitter:card\" content=\"summary_large_image\" \/>\n<meta name=\"twitter:creator\" content=\"@psol50\" \/>\n<meta name=\"twitter:site\" content=\"@psol50\" \/>\n<meta name=\"twitter:label1\" content=\"Escrito por\" \/>\n\t<meta name=\"twitter:data1\" content=\"Comunica\u00e7\u00e3o PSOL\" \/>\n\t<meta name=\"twitter:label2\" content=\"Est. tempo de leitura\" \/>\n\t<meta name=\"twitter:data2\" content=\"3 minutos\" \/>\n<script type=\"application\/ld+json\" class=\"yoast-schema-graph\">{\"@context\":\"https:\/\/schema.org\",\"@graph\":[{\"@type\":\"Article\",\"@id\":\"https:\/\/psol50.org.br\/estudantes-ocupam-mais-de-25-escolas-no-rio-de-janeiro\/#article\",\"isPartOf\":{\"@id\":\"https:\/\/psol50.org.br\/estudantes-ocupam-mais-de-25-escolas-no-rio-de-janeiro\/\"},\"author\":{\"name\":\"Comunica\u00e7\u00e3o PSOL\",\"@id\":\"https:\/\/psol50.org.br\/#\/schema\/person\/475dfa57d0b815993c714c2e96491fcd\"},\"headline\":\"Estudantes ocupam mais de 25 escolas no Rio de Janeiro\",\"datePublished\":\"2016-04-11T21:04:05+00:00\",\"mainEntityOfPage\":{\"@id\":\"https:\/\/psol50.org.br\/estudantes-ocupam-mais-de-25-escolas-no-rio-de-janeiro\/\"},\"wordCount\":572,\"commentCount\":0,\"publisher\":{\"@id\":\"https:\/\/psol50.org.br\/#organization\"},\"image\":{\"@id\":\"https:\/\/psol50.org.br\/estudantes-ocupam-mais-de-25-escolas-no-rio-de-janeiro\/#primaryimage\"},\"thumbnailUrl\":\"\",\"keywords\":[\"#\u200eEscolasdeLuta\",\"#\u200eOcupaEscola\",\"#OcuparEResistir\",\"escolas\",\"Escolas do RJ em luta\",\"estado do Rio de Janeiro\",\"greve\",\"Luiz Fernando Pez\u00e3o\",\"ocupa\u00e7\u00e3o\",\"professores\",\"Rio de Janeiro\",\"Secretaria de Educa\u00e7\u00e3o do Estado do Rio\",\"SEEDUC-RJ\",\"Sepe-RJ\"],\"articleSection\":[\"Educa\u00e7\u00e3o\",\"Estados\",\"Movimento\",\"Not\u00edcias\"],\"inLanguage\":\"pt-BR\",\"potentialAction\":[{\"@type\":\"CommentAction\",\"name\":\"Comment\",\"target\":[\"https:\/\/psol50.org.br\/estudantes-ocupam-mais-de-25-escolas-no-rio-de-janeiro\/#respond\"]}]},{\"@type\":\"WebPage\",\"@id\":\"https:\/\/psol50.org.br\/estudantes-ocupam-mais-de-25-escolas-no-rio-de-janeiro\/\",\"url\":\"https:\/\/psol50.org.br\/estudantes-ocupam-mais-de-25-escolas-no-rio-de-janeiro\/\",\"name\":\"Estudantes ocupam mais de 25 escolas no Rio de Janeiro - PSOL 50\",\"isPartOf\":{\"@id\":\"https:\/\/psol50.org.br\/#website\"},\"primaryImageOfPage\":{\"@id\":\"https:\/\/psol50.org.br\/estudantes-ocupam-mais-de-25-escolas-no-rio-de-janeiro\/#primaryimage\"},\"image\":{\"@id\":\"https:\/\/psol50.org.br\/estudantes-ocupam-mais-de-25-escolas-no-rio-de-janeiro\/#primaryimage\"},\"thumbnailUrl\":\"\",\"datePublished\":\"2016-04-11T21:04:05+00:00\",\"breadcrumb\":{\"@id\":\"https:\/\/psol50.org.br\/estudantes-ocupam-mais-de-25-escolas-no-rio-de-janeiro\/#breadcrumb\"},\"inLanguage\":\"pt-BR\",\"potentialAction\":[{\"@type\":\"ReadAction\",\"target\":[\"https:\/\/psol50.org.br\/estudantes-ocupam-mais-de-25-escolas-no-rio-de-janeiro\/\"]}]},{\"@type\":\"ImageObject\",\"inLanguage\":\"pt-BR\",\"@id\":\"https:\/\/psol50.org.br\/estudantes-ocupam-mais-de-25-escolas-no-rio-de-janeiro\/#primaryimage\",\"url\":\"\",\"contentUrl\":\"\"},{\"@type\":\"BreadcrumbList\",\"@id\":\"https:\/\/psol50.org.br\/estudantes-ocupam-mais-de-25-escolas-no-rio-de-janeiro\/#breadcrumb\",\"itemListElement\":[{\"@type\":\"ListItem\",\"position\":1,\"name\":\"In\u00edcio\",\"item\":\"https:\/\/psol50.org.br\/\"},{\"@type\":\"ListItem\",\"position\":2,\"name\":\"Estudantes ocupam mais de 25 escolas no Rio de Janeiro\"}]},{\"@type\":\"WebSite\",\"@id\":\"https:\/\/psol50.org.br\/#website\",\"url\":\"https:\/\/psol50.org.br\/\",\"name\":\"PSOL 50\",\"description\":\"Site oficial do Partido Socialismo e Liberdade\",\"publisher\":{\"@id\":\"https:\/\/psol50.org.br\/#organization\"},\"alternateName\":\"PSOL50\",\"potentialAction\":[{\"@type\":\"SearchAction\",\"target\":{\"@type\":\"EntryPoint\",\"urlTemplate\":\"https:\/\/psol50.org.br\/?s={search_term_string}\"},\"query-input\":{\"@type\":\"PropertyValueSpecification\",\"valueRequired\":true,\"valueName\":\"search_term_string\"}}],\"inLanguage\":\"pt-BR\"},{\"@type\":\"Organization\",\"@id\":\"https:\/\/psol50.org.br\/#organization\",\"name\":\"PSOL 50\",\"alternateName\":\"PSOL 50\",\"url\":\"https:\/\/psol50.org.br\/\",\"logo\":{\"@type\":\"ImageObject\",\"inLanguage\":\"pt-BR\",\"@id\":\"https:\/\/psol50.org.br\/#\/schema\/logo\/image\/\",\"url\":\"https:\/\/psol50.org.br\/inc\/uploads\/2018\/07\/capa.png\",\"contentUrl\":\"https:\/\/psol50.org.br\/inc\/uploads\/2018\/07\/capa.png\",\"width\":1350,\"height\":900,\"caption\":\"PSOL 50\"},\"image\":{\"@id\":\"https:\/\/psol50.org.br\/#\/schema\/logo\/image\/\"},\"sameAs\":[\"https:\/\/www.facebook.com\/psol50\",\"https:\/\/x.com\/psol50\",\"https:\/\/www.instagram.com\/psol50\/\",\"https:\/\/www.youtube.com\/channel\/UC7SnJS5o1os7a6CaiNabzcg\"]},{\"@type\":\"Person\",\"@id\":\"https:\/\/psol50.org.br\/#\/schema\/person\/475dfa57d0b815993c714c2e96491fcd\",\"name\":\"Comunica\u00e7\u00e3o PSOL\",\"image\":{\"@type\":\"ImageObject\",\"inLanguage\":\"pt-BR\",\"@id\":\"https:\/\/psol50.org.br\/#\/schema\/person\/image\/\",\"url\":\"https:\/\/secure.gravatar.com\/avatar\/b34fc4f4e468a4e51785917065a3db57b841f5c95dba6ad8c73aaf8f66f8f9bf?s=96&d=mm&r=g\",\"contentUrl\":\"https:\/\/secure.gravatar.com\/avatar\/b34fc4f4e468a4e51785917065a3db57b841f5c95dba6ad8c73aaf8f66f8f9bf?s=96&d=mm&r=g\",\"caption\":\"Comunica\u00e7\u00e3o PSOL\"}}]}<\/script>\n<!-- \/ Yoast SEO plugin. -->","yoast_head_json":{"title":"Estudantes ocupam mais de 25 escolas no Rio de Janeiro - PSOL 50","robots":{"index":"index","follow":"follow","max-snippet":"max-snippet:-1","max-image-preview":"max-image-preview:large","max-video-preview":"max-video-preview:-1"},"canonical":"https:\/\/psol50.org.br\/estudantes-ocupam-mais-de-25-escolas-no-rio-de-janeiro\/","og_locale":"pt_BR","og_type":"article","og_title":"Estudantes ocupam mais de 25 escolas no Rio de Janeiro - PSOL 50","og_description":"O n\u00famero de col\u00e9gios estaduais ocupados por alunos em apoio \u00e0 greve dos professores j\u00e1 chega a 27 no Rio de Janeiro. Segundo o movimento Escolas do RJ em luta, o Ciep Professor Joaquim de Freitas, no munic\u00edpio de S\u00e3o Miguel, \u00e9 a mais recente ocupa\u00e7\u00e3o dos estudantes fluminenses. Em entrevista \u00e0 Ag\u00eancia Brasil, a [&hellip;]","og_url":"https:\/\/psol50.org.br\/estudantes-ocupam-mais-de-25-escolas-no-rio-de-janeiro\/","og_site_name":"PSOL 50","article_publisher":"https:\/\/www.facebook.com\/psol50","article_published_time":"2016-04-11T21:04:05+00:00","og_image":[{"width":1350,"height":900,"url":"https:\/\/psol50.org.br\/inc\/uploads\/2018\/07\/capa.png","type":"image\/png"}],"author":"Comunica\u00e7\u00e3o PSOL","twitter_card":"summary_large_image","twitter_creator":"@psol50","twitter_site":"@psol50","twitter_misc":{"Escrito por":"Comunica\u00e7\u00e3o PSOL","Est. tempo de leitura":"3 minutos"},"schema":{"@context":"https:\/\/schema.org","@graph":[{"@type":"Article","@id":"https:\/\/psol50.org.br\/estudantes-ocupam-mais-de-25-escolas-no-rio-de-janeiro\/#article","isPartOf":{"@id":"https:\/\/psol50.org.br\/estudantes-ocupam-mais-de-25-escolas-no-rio-de-janeiro\/"},"author":{"name":"Comunica\u00e7\u00e3o PSOL","@id":"https:\/\/psol50.org.br\/#\/schema\/person\/475dfa57d0b815993c714c2e96491fcd"},"headline":"Estudantes ocupam mais de 25 escolas no Rio de Janeiro","datePublished":"2016-04-11T21:04:05+00:00","mainEntityOfPage":{"@id":"https:\/\/psol50.org.br\/estudantes-ocupam-mais-de-25-escolas-no-rio-de-janeiro\/"},"wordCount":572,"commentCount":0,"publisher":{"@id":"https:\/\/psol50.org.br\/#organization"},"image":{"@id":"https:\/\/psol50.org.br\/estudantes-ocupam-mais-de-25-escolas-no-rio-de-janeiro\/#primaryimage"},"thumbnailUrl":"","keywords":["#\u200eEscolasdeLuta","#\u200eOcupaEscola","#OcuparEResistir","escolas","Escolas do RJ em luta","estado do Rio de Janeiro","greve","Luiz Fernando Pez\u00e3o","ocupa\u00e7\u00e3o","professores","Rio de Janeiro","Secretaria de Educa\u00e7\u00e3o do Estado do Rio","SEEDUC-RJ","Sepe-RJ"],"articleSection":["Educa\u00e7\u00e3o","Estados","Movimento","Not\u00edcias"],"inLanguage":"pt-BR","potentialAction":[{"@type":"CommentAction","name":"Comment","target":["https:\/\/psol50.org.br\/estudantes-ocupam-mais-de-25-escolas-no-rio-de-janeiro\/#respond"]}]},{"@type":"WebPage","@id":"https:\/\/psol50.org.br\/estudantes-ocupam-mais-de-25-escolas-no-rio-de-janeiro\/","url":"https:\/\/psol50.org.br\/estudantes-ocupam-mais-de-25-escolas-no-rio-de-janeiro\/","name":"Estudantes ocupam mais de 25 escolas no Rio de Janeiro - PSOL 50","isPartOf":{"@id":"https:\/\/psol50.org.br\/#website"},"primaryImageOfPage":{"@id":"https:\/\/psol50.org.br\/estudantes-ocupam-mais-de-25-escolas-no-rio-de-janeiro\/#primaryimage"},"image":{"@id":"https:\/\/psol50.org.br\/estudantes-ocupam-mais-de-25-escolas-no-rio-de-janeiro\/#primaryimage"},"thumbnailUrl":"","datePublished":"2016-04-11T21:04:05+00:00","breadcrumb":{"@id":"https:\/\/psol50.org.br\/estudantes-ocupam-mais-de-25-escolas-no-rio-de-janeiro\/#breadcrumb"},"inLanguage":"pt-BR","potentialAction":[{"@type":"ReadAction","target":["https:\/\/psol50.org.br\/estudantes-ocupam-mais-de-25-escolas-no-rio-de-janeiro\/"]}]},{"@type":"ImageObject","inLanguage":"pt-BR","@id":"https:\/\/psol50.org.br\/estudantes-ocupam-mais-de-25-escolas-no-rio-de-janeiro\/#primaryimage","url":"","contentUrl":""},{"@type":"BreadcrumbList","@id":"https:\/\/psol50.org.br\/estudantes-ocupam-mais-de-25-escolas-no-rio-de-janeiro\/#breadcrumb","itemListElement":[{"@type":"ListItem","position":1,"name":"In\u00edcio","item":"https:\/\/psol50.org.br\/"},{"@type":"ListItem","position":2,"name":"Estudantes ocupam mais de 25 escolas no Rio de Janeiro"}]},{"@type":"WebSite","@id":"https:\/\/psol50.org.br\/#website","url":"https:\/\/psol50.org.br\/","name":"PSOL 50","description":"Site oficial do Partido Socialismo e Liberdade","publisher":{"@id":"https:\/\/psol50.org.br\/#organization"},"alternateName":"PSOL50","potentialAction":[{"@type":"SearchAction","target":{"@type":"EntryPoint","urlTemplate":"https:\/\/psol50.org.br\/?s={search_term_string}"},"query-input":{"@type":"PropertyValueSpecification","valueRequired":true,"valueName":"search_term_string"}}],"inLanguage":"pt-BR"},{"@type":"Organization","@id":"https:\/\/psol50.org.br\/#organization","name":"PSOL 50","alternateName":"PSOL 50","url":"https:\/\/psol50.org.br\/","logo":{"@type":"ImageObject","inLanguage":"pt-BR","@id":"https:\/\/psol50.org.br\/#\/schema\/logo\/image\/","url":"https:\/\/psol50.org.br\/inc\/uploads\/2018\/07\/capa.png","contentUrl":"https:\/\/psol50.org.br\/inc\/uploads\/2018\/07\/capa.png","width":1350,"height":900,"caption":"PSOL 50"},"image":{"@id":"https:\/\/psol50.org.br\/#\/schema\/logo\/image\/"},"sameAs":["https:\/\/www.facebook.com\/psol50","https:\/\/x.com\/psol50","https:\/\/www.instagram.com\/psol50\/","https:\/\/www.youtube.com\/channel\/UC7SnJS5o1os7a6CaiNabzcg"]},{"@type":"Person","@id":"https:\/\/psol50.org.br\/#\/schema\/person\/475dfa57d0b815993c714c2e96491fcd","name":"Comunica\u00e7\u00e3o PSOL","image":{"@type":"ImageObject","inLanguage":"pt-BR","@id":"https:\/\/psol50.org.br\/#\/schema\/person\/image\/","url":"https:\/\/secure.gravatar.com\/avatar\/b34fc4f4e468a4e51785917065a3db57b841f5c95dba6ad8c73aaf8f66f8f9bf?s=96&d=mm&r=g","contentUrl":"https:\/\/secure.gravatar.com\/avatar\/b34fc4f4e468a4e51785917065a3db57b841f5c95dba6ad8c73aaf8f66f8f9bf?s=96&d=mm&r=g","caption":"Comunica\u00e7\u00e3o PSOL"}}]}},"_links":{"self":[{"href":"https:\/\/psol50.org.br\/rest\/wp\/v2\/posts\/12023","targetHints":{"allow":["GET"]}}],"collection":[{"href":"https:\/\/psol50.org.br\/rest\/wp\/v2\/posts"}],"about":[{"href":"https:\/\/psol50.org.br\/rest\/wp\/v2\/types\/post"}],"author":[{"embeddable":true,"href":"https:\/\/psol50.org.br\/rest\/wp\/v2\/users\/2"}],"replies":[{"embeddable":true,"href":"https:\/\/psol50.org.br\/rest\/wp\/v2\/comments?post=12023"}],"version-history":[{"count":0,"href":"https:\/\/psol50.org.br\/rest\/wp\/v2\/posts\/12023\/revisions"}],"wp:featuredmedia":[{"embeddable":true,"href":"https:\/\/psol50.org.br\/rest\/"}],"wp:attachment":[{"href":"https:\/\/psol50.org.br\/rest\/wp\/v2\/media?parent=12023"}],"wp:term":[{"taxonomy":"category","embeddable":true,"href":"https:\/\/psol50.org.br\/rest\/wp\/v2\/categories?post=12023"},{"taxonomy":"post_tag","embeddable":true,"href":"https:\/\/psol50.org.br\/rest\/wp\/v2\/tags?post=12023"}],"curies":[{"name":"wp","href":"https:\/\/api.w.org\/{rel}","templated":true}]}}