{"id":12038,"date":"2016-04-12T19:26:41","date_gmt":"2016-04-12T19:26:41","guid":{"rendered":"http:\/\/www.psol50.org.br\/?p=12038"},"modified":"2016-04-12T19:26:41","modified_gmt":"2016-04-12T19:26:41","slug":"o-psol-nao-quer-cargo-no-governo-e-nem-emenda-o-psol-quer-democracia","status":"publish","type":"post","link":"https:\/\/psol50.org.br\/o-psol-nao-quer-cargo-no-governo-e-nem-emenda-o-psol-quer-democracia\/","title":{"rendered":"&#8220;O PSOL n\u00e3o quer cargo no governo e nem emenda. O PSOL quer democracia&#8221;"},"content":{"rendered":"<p>O l\u00edder da bancada do PSOL, <a href=\"https:\/\/www.facebook.com\/IvanValentePSOL\/\" data-hovercard=\"\/ajax\/hovercard\/page.php?id=194174003960823&amp;extragetparams=%7B%22directed_target_id%22%3A0%7D\">Ivan Valente<\/a> (SP), durante a reuni\u00e3o da comiss\u00e3o especial que analisou o pedido de impeachment contra a presidente Dilma, alertou que os deputados que defendem o impeachment como argumento para o fim da corrup\u00e7\u00e3o s\u00e3o os mesmos que apontam como sa\u00edda para o pa\u00eds o nome de Michel Temer. Um vice-presidente sem legitimidade j\u00e1 que aparece com 1% nas pesquisas de inten\u00e7\u00e3o de voto e que tem em seu partido diversos membros investigados pela Opera\u00e7\u00e3o Lava Jato. Ivan questiona se \u00e9 com nomes como Renan Calheiros e Eduardo Cunha que eles pretendem construir a democracia no pa\u00eds.<\/p>\n<p><em><strong>Leia sobre a posi\u00e7\u00e3o do PSOL na vota\u00e7\u00e3o da comiss\u00e3o especial: <a href=\"http:\/\/www.psol50.org.br\/2016\/04\/psol-vota-contra-parecer-que-pede-afastamento-da-presidente-da-republica\/\">PSOL vota contra parecer que pede afastamento da presidente da Rep\u00fablica<\/a><\/strong><\/em><\/p>\n<p>Confira a sua fala no v\u00eddeo abaixo.<\/p>\n<p><iframe loading=\"lazy\" src=\"https:\/\/www.facebook.com\/plugins\/post.php?href=https%3A%2F%2Fwww.facebook.com%2Fpsolnacamara%2Fvideos%2F810688852368681%2F&#038;width=500\" width=\"500\" height=\"582\" style=\"border:none;overflow:hidden\" scrolling=\"no\" frameborder=\"0\" allowTransparency=\"true\"><\/iframe><\/p>\n","protected":false},"excerpt":{"rendered":"<p>O l\u00edder da bancada do PSOL, Ivan Valente (SP), durante a reuni\u00e3o da comiss\u00e3o especial que analisou o pedido de impeachment contra a presidente Dilma, alertou que os deputados que defendem o impeachment como argumento para o fim da corrup\u00e7\u00e3o s\u00e3o os mesmos que apontam como sa\u00edda para o pa\u00eds o nome de Michel Temer. [&hellip;]<\/p>\n","protected":false},"author":2,"featured_media":12039,"comment_status":"open","ping_status":"open","sticky":false,"template":"","format":"standard","meta":{"_acf_changed":false,"footnotes":""},"categories":[2812],"tags":[2348,58,87,2890,220,552,1748,1749,2152,4209,22,4076],"class_list":{"0":"post-12038","1":"post","2":"type-post","3":"status-publish","4":"format-standard","5":"has-post-thumbnail","7":"category-videos_tv","8":"tag-comissao-especial","9":"tag-corrupcao","10":"tag-democracia","11":"tag-eduardo-cunha","12":"tag-impeachment","13":"tag-ivan-valente","14":"tag-michel-temer","15":"tag-operacao-lava-jato","16":"tag-pmdb","17":"tag-presidente-dilma","18":"tag-psol","19":"tag-renan-calheiros"},"acf":[],"yoast_head":"<!-- This site is optimized with the Yoast SEO plugin v26.5 - https:\/\/yoast.com\/wordpress\/plugins\/seo\/ -->\n<title>&quot;O PSOL n\u00e3o quer cargo no governo e nem emenda. O PSOL quer democracia&quot; - PSOL 50<\/title>\n<meta name=\"robots\" content=\"index, follow, max-snippet:-1, max-image-preview:large, max-video-preview:-1\" \/>\n<link rel=\"canonical\" href=\"https:\/\/psol50.org.br\/o-psol-nao-quer-cargo-no-governo-e-nem-emenda-o-psol-quer-democracia\/\" \/>\n<meta property=\"og:locale\" content=\"pt_BR\" \/>\n<meta property=\"og:type\" content=\"article\" \/>\n<meta property=\"og:title\" content=\"&quot;O PSOL n\u00e3o quer cargo no governo e nem emenda. O PSOL quer democracia&quot; - PSOL 50\" \/>\n<meta property=\"og:description\" content=\"O l\u00edder da bancada do PSOL, Ivan Valente (SP), durante a reuni\u00e3o da comiss\u00e3o especial que analisou o pedido de impeachment contra a presidente Dilma, alertou que os deputados que defendem o impeachment como argumento para o fim da corrup\u00e7\u00e3o s\u00e3o os mesmos que apontam como sa\u00edda para o pa\u00eds o nome de Michel Temer. [&hellip;]\" \/>\n<meta property=\"og:url\" content=\"https:\/\/psol50.org.br\/o-psol-nao-quer-cargo-no-governo-e-nem-emenda-o-psol-quer-democracia\/\" \/>\n<meta property=\"og:site_name\" content=\"PSOL 50\" \/>\n<meta property=\"article:publisher\" content=\"https:\/\/www.facebook.com\/psol50\" \/>\n<meta property=\"article:published_time\" content=\"2016-04-12T19:26:41+00:00\" \/>\n<meta property=\"og:image\" content=\"https:\/\/psol50.org.br\/inc\/uploads\/2018\/07\/capa.png\" \/>\n\t<meta property=\"og:image:width\" content=\"1350\" \/>\n\t<meta property=\"og:image:height\" content=\"900\" \/>\n\t<meta property=\"og:image:type\" content=\"image\/png\" \/>\n<meta name=\"author\" content=\"Comunica\u00e7\u00e3o PSOL\" \/>\n<meta name=\"twitter:card\" content=\"summary_large_image\" \/>\n<meta name=\"twitter:creator\" content=\"@psol50\" \/>\n<meta name=\"twitter:site\" content=\"@psol50\" \/>\n<meta name=\"twitter:label1\" content=\"Escrito por\" \/>\n\t<meta name=\"twitter:data1\" content=\"Comunica\u00e7\u00e3o PSOL\" \/>\n\t<meta name=\"twitter:label2\" content=\"Est. tempo de leitura\" \/>\n\t<meta name=\"twitter:data2\" content=\"1 minuto\" \/>\n<script type=\"application\/ld+json\" class=\"yoast-schema-graph\">{\"@context\":\"https:\/\/schema.org\",\"@graph\":[{\"@type\":\"Article\",\"@id\":\"https:\/\/psol50.org.br\/o-psol-nao-quer-cargo-no-governo-e-nem-emenda-o-psol-quer-democracia\/#article\",\"isPartOf\":{\"@id\":\"https:\/\/psol50.org.br\/o-psol-nao-quer-cargo-no-governo-e-nem-emenda-o-psol-quer-democracia\/\"},\"author\":{\"name\":\"Comunica\u00e7\u00e3o PSOL\",\"@id\":\"https:\/\/psol50.org.br\/#\/schema\/person\/475dfa57d0b815993c714c2e96491fcd\"},\"headline\":\"&#8220;O PSOL n\u00e3o quer cargo no governo e nem emenda. O PSOL quer democracia&#8221;\",\"datePublished\":\"2016-04-12T19:26:41+00:00\",\"mainEntityOfPage\":{\"@id\":\"https:\/\/psol50.org.br\/o-psol-nao-quer-cargo-no-governo-e-nem-emenda-o-psol-quer-democracia\/\"},\"wordCount\":160,\"commentCount\":0,\"publisher\":{\"@id\":\"https:\/\/psol50.org.br\/#organization\"},\"image\":{\"@id\":\"https:\/\/psol50.org.br\/o-psol-nao-quer-cargo-no-governo-e-nem-emenda-o-psol-quer-democracia\/#primaryimage\"},\"thumbnailUrl\":\"\",\"keywords\":[\"Comiss\u00e3o Especial\",\"corrup\u00e7\u00e3o\",\"democracia\",\"Eduardo Cunha\",\"impeachment\",\"Ivan Valente\",\"Michel Temer\",\"Opera\u00e7\u00e3o Lava-Jato\",\"PMDB\",\"presidente Dilma\",\"PSOL\",\"Renan Calheiros\"],\"articleSection\":[\"V\u00cdDEOS | MULTIM\u00cdDIA | FLC TV\"],\"inLanguage\":\"pt-BR\",\"potentialAction\":[{\"@type\":\"CommentAction\",\"name\":\"Comment\",\"target\":[\"https:\/\/psol50.org.br\/o-psol-nao-quer-cargo-no-governo-e-nem-emenda-o-psol-quer-democracia\/#respond\"]}]},{\"@type\":\"WebPage\",\"@id\":\"https:\/\/psol50.org.br\/o-psol-nao-quer-cargo-no-governo-e-nem-emenda-o-psol-quer-democracia\/\",\"url\":\"https:\/\/psol50.org.br\/o-psol-nao-quer-cargo-no-governo-e-nem-emenda-o-psol-quer-democracia\/\",\"name\":\"\\\"O PSOL n\u00e3o quer cargo no governo e nem emenda. O PSOL quer democracia\\\" - PSOL 50\",\"isPartOf\":{\"@id\":\"https:\/\/psol50.org.br\/#website\"},\"primaryImageOfPage\":{\"@id\":\"https:\/\/psol50.org.br\/o-psol-nao-quer-cargo-no-governo-e-nem-emenda-o-psol-quer-democracia\/#primaryimage\"},\"image\":{\"@id\":\"https:\/\/psol50.org.br\/o-psol-nao-quer-cargo-no-governo-e-nem-emenda-o-psol-quer-democracia\/#primaryimage\"},\"thumbnailUrl\":\"\",\"datePublished\":\"2016-04-12T19:26:41+00:00\",\"breadcrumb\":{\"@id\":\"https:\/\/psol50.org.br\/o-psol-nao-quer-cargo-no-governo-e-nem-emenda-o-psol-quer-democracia\/#breadcrumb\"},\"inLanguage\":\"pt-BR\",\"potentialAction\":[{\"@type\":\"ReadAction\",\"target\":[\"https:\/\/psol50.org.br\/o-psol-nao-quer-cargo-no-governo-e-nem-emenda-o-psol-quer-democracia\/\"]}]},{\"@type\":\"ImageObject\",\"inLanguage\":\"pt-BR\",\"@id\":\"https:\/\/psol50.org.br\/o-psol-nao-quer-cargo-no-governo-e-nem-emenda-o-psol-quer-democracia\/#primaryimage\",\"url\":\"\",\"contentUrl\":\"\"},{\"@type\":\"BreadcrumbList\",\"@id\":\"https:\/\/psol50.org.br\/o-psol-nao-quer-cargo-no-governo-e-nem-emenda-o-psol-quer-democracia\/#breadcrumb\",\"itemListElement\":[{\"@type\":\"ListItem\",\"position\":1,\"name\":\"In\u00edcio\",\"item\":\"https:\/\/psol50.org.br\/\"},{\"@type\":\"ListItem\",\"position\":2,\"name\":\"&#8220;O PSOL n\u00e3o quer cargo no governo e nem emenda. O PSOL quer democracia&#8221;\"}]},{\"@type\":\"WebSite\",\"@id\":\"https:\/\/psol50.org.br\/#website\",\"url\":\"https:\/\/psol50.org.br\/\",\"name\":\"PSOL 50\",\"description\":\"Site oficial do Partido Socialismo e Liberdade\",\"publisher\":{\"@id\":\"https:\/\/psol50.org.br\/#organization\"},\"alternateName\":\"PSOL50\",\"potentialAction\":[{\"@type\":\"SearchAction\",\"target\":{\"@type\":\"EntryPoint\",\"urlTemplate\":\"https:\/\/psol50.org.br\/?s={search_term_string}\"},\"query-input\":{\"@type\":\"PropertyValueSpecification\",\"valueRequired\":true,\"valueName\":\"search_term_string\"}}],\"inLanguage\":\"pt-BR\"},{\"@type\":\"Organization\",\"@id\":\"https:\/\/psol50.org.br\/#organization\",\"name\":\"PSOL 50\",\"alternateName\":\"PSOL 50\",\"url\":\"https:\/\/psol50.org.br\/\",\"logo\":{\"@type\":\"ImageObject\",\"inLanguage\":\"pt-BR\",\"@id\":\"https:\/\/psol50.org.br\/#\/schema\/logo\/image\/\",\"url\":\"https:\/\/psol50.org.br\/inc\/uploads\/2018\/07\/capa.png\",\"contentUrl\":\"https:\/\/psol50.org.br\/inc\/uploads\/2018\/07\/capa.png\",\"width\":1350,\"height\":900,\"caption\":\"PSOL 50\"},\"image\":{\"@id\":\"https:\/\/psol50.org.br\/#\/schema\/logo\/image\/\"},\"sameAs\":[\"https:\/\/www.facebook.com\/psol50\",\"https:\/\/x.com\/psol50\",\"https:\/\/www.instagram.com\/psol50\/\",\"https:\/\/www.youtube.com\/channel\/UC7SnJS5o1os7a6CaiNabzcg\"]},{\"@type\":\"Person\",\"@id\":\"https:\/\/psol50.org.br\/#\/schema\/person\/475dfa57d0b815993c714c2e96491fcd\",\"name\":\"Comunica\u00e7\u00e3o PSOL\",\"image\":{\"@type\":\"ImageObject\",\"inLanguage\":\"pt-BR\",\"@id\":\"https:\/\/psol50.org.br\/#\/schema\/person\/image\/\",\"url\":\"https:\/\/secure.gravatar.com\/avatar\/b34fc4f4e468a4e51785917065a3db57b841f5c95dba6ad8c73aaf8f66f8f9bf?s=96&d=mm&r=g\",\"contentUrl\":\"https:\/\/secure.gravatar.com\/avatar\/b34fc4f4e468a4e51785917065a3db57b841f5c95dba6ad8c73aaf8f66f8f9bf?s=96&d=mm&r=g\",\"caption\":\"Comunica\u00e7\u00e3o PSOL\"}}]}<\/script>\n<!-- \/ Yoast SEO plugin. -->","yoast_head_json":{"title":"\"O PSOL n\u00e3o quer cargo no governo e nem emenda. O PSOL quer democracia\" - PSOL 50","robots":{"index":"index","follow":"follow","max-snippet":"max-snippet:-1","max-image-preview":"max-image-preview:large","max-video-preview":"max-video-preview:-1"},"canonical":"https:\/\/psol50.org.br\/o-psol-nao-quer-cargo-no-governo-e-nem-emenda-o-psol-quer-democracia\/","og_locale":"pt_BR","og_type":"article","og_title":"\"O PSOL n\u00e3o quer cargo no governo e nem emenda. O PSOL quer democracia\" - PSOL 50","og_description":"O l\u00edder da bancada do PSOL, Ivan Valente (SP), durante a reuni\u00e3o da comiss\u00e3o especial que analisou o pedido de impeachment contra a presidente Dilma, alertou que os deputados que defendem o impeachment como argumento para o fim da corrup\u00e7\u00e3o s\u00e3o os mesmos que apontam como sa\u00edda para o pa\u00eds o nome de Michel Temer. [&hellip;]","og_url":"https:\/\/psol50.org.br\/o-psol-nao-quer-cargo-no-governo-e-nem-emenda-o-psol-quer-democracia\/","og_site_name":"PSOL 50","article_publisher":"https:\/\/www.facebook.com\/psol50","article_published_time":"2016-04-12T19:26:41+00:00","og_image":[{"width":1350,"height":900,"url":"https:\/\/psol50.org.br\/inc\/uploads\/2018\/07\/capa.png","type":"image\/png"}],"author":"Comunica\u00e7\u00e3o PSOL","twitter_card":"summary_large_image","twitter_creator":"@psol50","twitter_site":"@psol50","twitter_misc":{"Escrito por":"Comunica\u00e7\u00e3o PSOL","Est. tempo de leitura":"1 minuto"},"schema":{"@context":"https:\/\/schema.org","@graph":[{"@type":"Article","@id":"https:\/\/psol50.org.br\/o-psol-nao-quer-cargo-no-governo-e-nem-emenda-o-psol-quer-democracia\/#article","isPartOf":{"@id":"https:\/\/psol50.org.br\/o-psol-nao-quer-cargo-no-governo-e-nem-emenda-o-psol-quer-democracia\/"},"author":{"name":"Comunica\u00e7\u00e3o PSOL","@id":"https:\/\/psol50.org.br\/#\/schema\/person\/475dfa57d0b815993c714c2e96491fcd"},"headline":"&#8220;O PSOL n\u00e3o quer cargo no governo e nem emenda. O PSOL quer democracia&#8221;","datePublished":"2016-04-12T19:26:41+00:00","mainEntityOfPage":{"@id":"https:\/\/psol50.org.br\/o-psol-nao-quer-cargo-no-governo-e-nem-emenda-o-psol-quer-democracia\/"},"wordCount":160,"commentCount":0,"publisher":{"@id":"https:\/\/psol50.org.br\/#organization"},"image":{"@id":"https:\/\/psol50.org.br\/o-psol-nao-quer-cargo-no-governo-e-nem-emenda-o-psol-quer-democracia\/#primaryimage"},"thumbnailUrl":"","keywords":["Comiss\u00e3o Especial","corrup\u00e7\u00e3o","democracia","Eduardo Cunha","impeachment","Ivan Valente","Michel Temer","Opera\u00e7\u00e3o Lava-Jato","PMDB","presidente Dilma","PSOL","Renan Calheiros"],"articleSection":["V\u00cdDEOS | MULTIM\u00cdDIA | FLC TV"],"inLanguage":"pt-BR","potentialAction":[{"@type":"CommentAction","name":"Comment","target":["https:\/\/psol50.org.br\/o-psol-nao-quer-cargo-no-governo-e-nem-emenda-o-psol-quer-democracia\/#respond"]}]},{"@type":"WebPage","@id":"https:\/\/psol50.org.br\/o-psol-nao-quer-cargo-no-governo-e-nem-emenda-o-psol-quer-democracia\/","url":"https:\/\/psol50.org.br\/o-psol-nao-quer-cargo-no-governo-e-nem-emenda-o-psol-quer-democracia\/","name":"\"O PSOL n\u00e3o quer cargo no governo e nem emenda. O PSOL quer democracia\" - PSOL 50","isPartOf":{"@id":"https:\/\/psol50.org.br\/#website"},"primaryImageOfPage":{"@id":"https:\/\/psol50.org.br\/o-psol-nao-quer-cargo-no-governo-e-nem-emenda-o-psol-quer-democracia\/#primaryimage"},"image":{"@id":"https:\/\/psol50.org.br\/o-psol-nao-quer-cargo-no-governo-e-nem-emenda-o-psol-quer-democracia\/#primaryimage"},"thumbnailUrl":"","datePublished":"2016-04-12T19:26:41+00:00","breadcrumb":{"@id":"https:\/\/psol50.org.br\/o-psol-nao-quer-cargo-no-governo-e-nem-emenda-o-psol-quer-democracia\/#breadcrumb"},"inLanguage":"pt-BR","potentialAction":[{"@type":"ReadAction","target":["https:\/\/psol50.org.br\/o-psol-nao-quer-cargo-no-governo-e-nem-emenda-o-psol-quer-democracia\/"]}]},{"@type":"ImageObject","inLanguage":"pt-BR","@id":"https:\/\/psol50.org.br\/o-psol-nao-quer-cargo-no-governo-e-nem-emenda-o-psol-quer-democracia\/#primaryimage","url":"","contentUrl":""},{"@type":"BreadcrumbList","@id":"https:\/\/psol50.org.br\/o-psol-nao-quer-cargo-no-governo-e-nem-emenda-o-psol-quer-democracia\/#breadcrumb","itemListElement":[{"@type":"ListItem","position":1,"name":"In\u00edcio","item":"https:\/\/psol50.org.br\/"},{"@type":"ListItem","position":2,"name":"&#8220;O PSOL n\u00e3o quer cargo no governo e nem emenda. O PSOL quer democracia&#8221;"}]},{"@type":"WebSite","@id":"https:\/\/psol50.org.br\/#website","url":"https:\/\/psol50.org.br\/","name":"PSOL 50","description":"Site oficial do Partido Socialismo e Liberdade","publisher":{"@id":"https:\/\/psol50.org.br\/#organization"},"alternateName":"PSOL50","potentialAction":[{"@type":"SearchAction","target":{"@type":"EntryPoint","urlTemplate":"https:\/\/psol50.org.br\/?s={search_term_string}"},"query-input":{"@type":"PropertyValueSpecification","valueRequired":true,"valueName":"search_term_string"}}],"inLanguage":"pt-BR"},{"@type":"Organization","@id":"https:\/\/psol50.org.br\/#organization","name":"PSOL 50","alternateName":"PSOL 50","url":"https:\/\/psol50.org.br\/","logo":{"@type":"ImageObject","inLanguage":"pt-BR","@id":"https:\/\/psol50.org.br\/#\/schema\/logo\/image\/","url":"https:\/\/psol50.org.br\/inc\/uploads\/2018\/07\/capa.png","contentUrl":"https:\/\/psol50.org.br\/inc\/uploads\/2018\/07\/capa.png","width":1350,"height":900,"caption":"PSOL 50"},"image":{"@id":"https:\/\/psol50.org.br\/#\/schema\/logo\/image\/"},"sameAs":["https:\/\/www.facebook.com\/psol50","https:\/\/x.com\/psol50","https:\/\/www.instagram.com\/psol50\/","https:\/\/www.youtube.com\/channel\/UC7SnJS5o1os7a6CaiNabzcg"]},{"@type":"Person","@id":"https:\/\/psol50.org.br\/#\/schema\/person\/475dfa57d0b815993c714c2e96491fcd","name":"Comunica\u00e7\u00e3o PSOL","image":{"@type":"ImageObject","inLanguage":"pt-BR","@id":"https:\/\/psol50.org.br\/#\/schema\/person\/image\/","url":"https:\/\/secure.gravatar.com\/avatar\/b34fc4f4e468a4e51785917065a3db57b841f5c95dba6ad8c73aaf8f66f8f9bf?s=96&d=mm&r=g","contentUrl":"https:\/\/secure.gravatar.com\/avatar\/b34fc4f4e468a4e51785917065a3db57b841f5c95dba6ad8c73aaf8f66f8f9bf?s=96&d=mm&r=g","caption":"Comunica\u00e7\u00e3o PSOL"}}]}},"_links":{"self":[{"href":"https:\/\/psol50.org.br\/rest\/wp\/v2\/posts\/12038","targetHints":{"allow":["GET"]}}],"collection":[{"href":"https:\/\/psol50.org.br\/rest\/wp\/v2\/posts"}],"about":[{"href":"https:\/\/psol50.org.br\/rest\/wp\/v2\/types\/post"}],"author":[{"embeddable":true,"href":"https:\/\/psol50.org.br\/rest\/wp\/v2\/users\/2"}],"replies":[{"embeddable":true,"href":"https:\/\/psol50.org.br\/rest\/wp\/v2\/comments?post=12038"}],"version-history":[{"count":0,"href":"https:\/\/psol50.org.br\/rest\/wp\/v2\/posts\/12038\/revisions"}],"wp:featuredmedia":[{"embeddable":true,"href":"https:\/\/psol50.org.br\/rest\/"}],"wp:attachment":[{"href":"https:\/\/psol50.org.br\/rest\/wp\/v2\/media?parent=12038"}],"wp:term":[{"taxonomy":"category","embeddable":true,"href":"https:\/\/psol50.org.br\/rest\/wp\/v2\/categories?post=12038"},{"taxonomy":"post_tag","embeddable":true,"href":"https:\/\/psol50.org.br\/rest\/wp\/v2\/tags?post=12038"}],"curies":[{"name":"wp","href":"https:\/\/api.w.org\/{rel}","templated":true}]}}