{"id":12044,"date":"2016-04-13T13:59:55","date_gmt":"2016-04-13T13:59:55","guid":{"rendered":"http:\/\/www.psol50.org.br\/?p=12044"},"modified":"2016-04-13T13:59:55","modified_gmt":"2016-04-13T13:59:55","slug":"ivan-valente-e-luiza-erundina-vamos-frear-o-golpe-em-marcha","status":"publish","type":"post","link":"https:\/\/psol50.org.br\/ivan-valente-e-luiza-erundina-vamos-frear-o-golpe-em-marcha\/","title":{"rendered":"IVAN VALENTE E LUIZA ERUNDINA: Vamos frear o golpe em marcha"},"content":{"rendered":"<p><span style=\"font-size: 13px;\"><em>Artigo publicado originalmente no jornal <a href=\"http:\/\/www1.folha.uol.com.br\/opiniao\/2016\/04\/1760294-vamos-frear-o-golpe-em-marcha.shtml\">Folha de S\u00e3o Paulo<\/a><\/em><\/span><\/p>\n<p>O PSOL \u00e9 um partido de oposi\u00e7\u00e3o program\u00e1tica e de esquerda ao governo Dilma Rousseff. Tem sido o mais duro cr\u00edtico de sua pol\u00edtica de ajuste fiscal que gera perda de direitos dos trabalhadores. Nunca ocupou cargos nem recebeu benesses governamentais. A luta contra a corrup\u00e7\u00e3o \u00e9 a marca da nossa luta.<\/p>\n<p>O combate \u00e0 delinqu\u00eancia pol\u00edtica de Eduardo Cunha &#8211; que, com a anu\u00eancia dos partidos de oposi\u00e7\u00e3o de direita, continua na presid\u00eancia da C\u00e2mara &#8211; \u00e9 uma prova da nossa intoler\u00e2ncia com a corrup\u00e7\u00e3o. Rejeitamos tamb\u00e9m o &#8220;choque de mercado&#8221;, proposto por PSDB e DEM, que joga toda a conta da crise para os trabalhadores.<\/p>\n<p>O combate eficaz \u00e0 corrup\u00e7\u00e3o exige o aprimoramento dos \u00f3rg\u00e3os de fiscaliza\u00e7\u00e3o e controle, al\u00e9m de maior transpar\u00eancia dos governos. Necessitamos, principalmente, de uma profunda reforma pol\u00edtica capaz de coibir a influ\u00eancia do poder econ\u00f4mico nas elei\u00e7\u00f5es, a come\u00e7ar pelo fim do financiamento empresarial de campanha.<\/p>\n<p>\u00c9 evidente que o PT foi &#8220;capturado&#8221; pelo fisiologismo de suas alian\u00e7as, em nome da famigerada governabilidade. E se \u00e9 verdade que o PT se atolou na corrup\u00e7\u00e3o, \u00e9 tamb\u00e9m verdade que n\u00e3o foi o PT que a inventou. \u00c9 a oposi\u00e7\u00e3o conservadora a respons\u00e1vel pela estrutura\u00e7\u00e3o dos esquemas de corrup\u00e7\u00e3o descobertos no mensal\u00e3o e nos esc\u00e2ndalos da Petrobras.<\/p>\n<p>Apoiamos o aprofundamento das investiga\u00e7\u00f5es na Lava Jato, tanto que nos insurgimos contra a &#8220;opera\u00e7\u00e3o abafa&#8221; na CPI da Petrobras, patrocinada por PSDB, PT e PMDB.<\/p>\n<p>Nada justifica, entretanto, envolver a Lava Jato numa trama jur\u00eddica-midi\u00e1tica com a clara finalidade de acelerar a derrubada da presidente da Rep\u00fablica. O ministro do STF Teori Zavascki, por exemplo, censurou duramente a decis\u00e3o do juiz Sergio Moro de divulgar conversas interceptadas envolvendo Lula.<\/p>\n<p>Agora, ap\u00f3s diversas a\u00e7\u00f5es que inflamaram a mobiliza\u00e7\u00e3o pelo impeachment, fica claro que a Lava Jato foi contaminada pela viola\u00e7\u00e3o da Constitui\u00e7\u00e3o.<\/p>\n<p>A decreta\u00e7\u00e3o do sigilo da lista de pol\u00edticos que receberam recursos da Odebrecht, depois de vazada para a imprensa, exp\u00f5e mais uma contradi\u00e7\u00e3o da Lava Jato, que a m\u00eddia tratou de abafar: a lista envolvia mais de 300 nomes, diversificando o foco para os velhos partidos da ordem, jogando todos na vala comum.<\/p>\n<p>Enquanto isso, no Congresso Nacional, a comiss\u00e3o do impeachment trabalha para construir um relat\u00f3rio que justifique a cassa\u00e7\u00e3o da presidente com base nas pedaladas fiscais. Os argumentos s\u00e3o toscos, fr\u00e1geis, incompreens\u00edveis e ilegais.<\/p>\n<p>Tenta-se atribuir um crime de responsabilidade a algu\u00e9m que ainda n\u00e3o est\u00e1 sequer denunciado por nenhum crime. \u00c9, portanto, desonesto dizer, como o fazem os patr\u00f5es da Fiesp, que ser contra o impeachment \u00e9 ser a favor da corrup\u00e7\u00e3o. Impeachment sem crime de responsabilidade tem nome: \u00e9 golpe.<\/p>\n<p>A &#8220;sa\u00edda Temer&#8221;, articulada por empres\u00e1rios, PSDB, aliados e PMDB desembarcado do governo, tem como objetivo alavancar um pacto das elites, com o apoio da grande m\u00eddia, para realizar uma pol\u00edtica desastrosa para os trabalhadores, marcada por mega ajuste fiscal, ataque \u00e0s pol\u00edticas sociais e entrega do pr\u00e9-sal.<\/p>\n<p>Essa \u00e9 a alternativa conservadora \u00e0 crise, que exclui qualquer tipo de participa\u00e7\u00e3o popular. Nutre ainda a esperan\u00e7a de que a Lava Jato &#8220;baixe a bola&#8221; com as dela\u00e7\u00f5es amplas e irrestritas de Delc\u00eddio do Amaral,de empres\u00e1rios de tornozeleiras, de diretores da Petrobras.<\/p>\n<p>Tais dela\u00e7\u00f5es atingiriam em cheio n\u00e3o s\u00f3 o PT -o PSDB tamb\u00e9m estaria na mira. Atingiriam especialmente a c\u00fapula do PMDB que quer governar o pa\u00eds, com Temer presidente e Cunha, o &#8220;caranguejo&#8221;, vice.<\/p>\n<p><em><strong>Luiza Erundina, ex-prefeita de S\u00e3o Paulo (1989 &#8211; 1993, pelo PT), \u00e9 deputada federal (PSOL\/SP). \u00c9 pr\u00e9-candidata \u00e0 Prefeitura de S\u00e3o Paulo pelo PSOL nas elei\u00e7\u00f5es deste ano<\/strong><\/em><\/p>\n<p><em><strong>Ivan Valente, deputado federal (PSOL\/SP), l\u00edder do partido na C\u00e2mara dos Deputados, \u00e9 pr\u00e9-candidato a vice na chapa de Erundina<\/strong><\/em><\/p>\n","protected":false},"excerpt":{"rendered":"<p>Artigo publicado originalmente no jornal Folha de S\u00e3o Paulo O PSOL \u00e9 um partido de oposi\u00e7\u00e3o program\u00e1tica e de esquerda ao governo Dilma Rousseff. Tem sido o mais duro cr\u00edtico de sua pol\u00edtica de ajuste fiscal que gera perda de direitos dos trabalhadores. Nunca ocupou cargos nem recebeu benesses governamentais. A luta contra a corrup\u00e7\u00e3o [&hellip;]<\/p>\n","protected":false},"author":2,"featured_media":12049,"comment_status":"open","ping_status":"open","sticky":false,"template":"","format":"standard","meta":{"_acf_changed":false,"footnotes":""},"categories":[10,3,1882,14],"tags":[58,3955,2210,2890,151,4136,3183,4224,552,553,1748,2867,1749,4225,4226,2152,1590,22,319],"class_list":{"0":"post-12044","1":"post","2":"type-post","3":"status-publish","4":"format-standard","5":"has-post-thumbnail","7":"category-acao-parlamentares","8":"category-artigos-e-entrevistas","9":"category-brasil","10":"category-partido","11":"tag-corrupcao","12":"tag-cpi-da-petrobras","13":"tag-dem","14":"tag-eduardo-cunha","15":"tag-golpe","16":"tag-golpe-institucional","17":"tag-governo-dilma-rousseff","18":"tag-impeachm","19":"tag-ivan-valente","20":"tag-luiza-erundina","21":"tag-michel-temer","22":"tag-odebrecht","23":"tag-operacao-lava-jato","24":"tag-oposicao-de-esquerda","25":"tag-oposicao-programatica","26":"tag-pmdb","27":"tag-psdb","28":"tag-psol","29":"tag-pt"},"acf":[],"yoast_head":"<!-- This site is optimized with the Yoast SEO plugin v26.5 - https:\/\/yoast.com\/wordpress\/plugins\/seo\/ -->\n<title>IVAN VALENTE E LUIZA ERUNDINA: Vamos frear o golpe em marcha - PSOL 50<\/title>\n<meta name=\"robots\" content=\"index, follow, max-snippet:-1, max-image-preview:large, max-video-preview:-1\" \/>\n<link rel=\"canonical\" href=\"https:\/\/psol50.org.br\/ivan-valente-e-luiza-erundina-vamos-frear-o-golpe-em-marcha\/\" \/>\n<meta property=\"og:locale\" content=\"pt_BR\" \/>\n<meta property=\"og:type\" content=\"article\" \/>\n<meta property=\"og:title\" content=\"IVAN VALENTE E LUIZA ERUNDINA: Vamos frear o golpe em marcha - PSOL 50\" \/>\n<meta property=\"og:description\" content=\"Artigo publicado originalmente no jornal Folha de S\u00e3o Paulo O PSOL \u00e9 um partido de oposi\u00e7\u00e3o program\u00e1tica e de esquerda ao governo Dilma Rousseff. Tem sido o mais duro cr\u00edtico de sua pol\u00edtica de ajuste fiscal que gera perda de direitos dos trabalhadores. Nunca ocupou cargos nem recebeu benesses governamentais. A luta contra a corrup\u00e7\u00e3o [&hellip;]\" \/>\n<meta property=\"og:url\" content=\"https:\/\/psol50.org.br\/ivan-valente-e-luiza-erundina-vamos-frear-o-golpe-em-marcha\/\" \/>\n<meta property=\"og:site_name\" content=\"PSOL 50\" \/>\n<meta property=\"article:publisher\" content=\"https:\/\/www.facebook.com\/psol50\" \/>\n<meta property=\"article:published_time\" content=\"2016-04-13T13:59:55+00:00\" \/>\n<meta property=\"og:image\" content=\"https:\/\/psol50.org.br\/inc\/uploads\/2016\/04\/1450314124_110516_1450314476_noticia_normal.jpg\" \/>\n\t<meta property=\"og:image:width\" content=\"1350\" \/>\n\t<meta property=\"og:image:height\" content=\"900\" \/>\n\t<meta property=\"og:image:type\" content=\"image\/jpeg\" \/>\n<meta name=\"author\" content=\"Comunica\u00e7\u00e3o PSOL\" \/>\n<meta name=\"twitter:card\" content=\"summary_large_image\" \/>\n<meta name=\"twitter:creator\" content=\"@psol50\" \/>\n<meta name=\"twitter:site\" content=\"@psol50\" \/>\n<meta name=\"twitter:label1\" content=\"Escrito por\" \/>\n\t<meta name=\"twitter:data1\" content=\"Comunica\u00e7\u00e3o PSOL\" \/>\n\t<meta name=\"twitter:label2\" content=\"Est. tempo de leitura\" \/>\n\t<meta name=\"twitter:data2\" content=\"3 minutos\" \/>\n<script type=\"application\/ld+json\" class=\"yoast-schema-graph\">{\"@context\":\"https:\/\/schema.org\",\"@graph\":[{\"@type\":\"Article\",\"@id\":\"https:\/\/psol50.org.br\/ivan-valente-e-luiza-erundina-vamos-frear-o-golpe-em-marcha\/#article\",\"isPartOf\":{\"@id\":\"https:\/\/psol50.org.br\/ivan-valente-e-luiza-erundina-vamos-frear-o-golpe-em-marcha\/\"},\"author\":{\"name\":\"Comunica\u00e7\u00e3o PSOL\",\"@id\":\"https:\/\/psol50.org.br\/#\/schema\/person\/475dfa57d0b815993c714c2e96491fcd\"},\"headline\":\"IVAN VALENTE E LUIZA ERUNDINA: Vamos frear o golpe em marcha\",\"datePublished\":\"2016-04-13T13:59:55+00:00\",\"mainEntityOfPage\":{\"@id\":\"https:\/\/psol50.org.br\/ivan-valente-e-luiza-erundina-vamos-frear-o-golpe-em-marcha\/\"},\"wordCount\":697,\"commentCount\":0,\"publisher\":{\"@id\":\"https:\/\/psol50.org.br\/#organization\"},\"image\":{\"@id\":\"https:\/\/psol50.org.br\/ivan-valente-e-luiza-erundina-vamos-frear-o-golpe-em-marcha\/#primaryimage\"},\"thumbnailUrl\":\"https:\/\/psol50.org.br\/inc\/uploads\/2016\/04\/1450314124_110516_1450314476_noticia_normal.jpg\",\"keywords\":[\"corrup\u00e7\u00e3o\",\"CPI da Petrobras\",\"DEM\",\"Eduardo Cunha\",\"golpe\",\"golpe institucional\",\"governo Dilma Rousseff\",\"impeachm\",\"Ivan Valente\",\"Luiza Erundina\",\"Michel Temer\",\"Odebrecht\",\"Opera\u00e7\u00e3o Lava-Jato\",\"oposi\u00e7\u00e3o de esquerda\",\"oposi\u00e7\u00e3o program\u00e1tica\",\"PMDB\",\"PSDB\",\"PSOL\",\"PT\"],\"articleSection\":[\"A\u00e7\u00e3o Parlamentar\",\"Artigos\",\"Brasil\",\"Partido\"],\"inLanguage\":\"pt-BR\",\"potentialAction\":[{\"@type\":\"CommentAction\",\"name\":\"Comment\",\"target\":[\"https:\/\/psol50.org.br\/ivan-valente-e-luiza-erundina-vamos-frear-o-golpe-em-marcha\/#respond\"]}]},{\"@type\":\"WebPage\",\"@id\":\"https:\/\/psol50.org.br\/ivan-valente-e-luiza-erundina-vamos-frear-o-golpe-em-marcha\/\",\"url\":\"https:\/\/psol50.org.br\/ivan-valente-e-luiza-erundina-vamos-frear-o-golpe-em-marcha\/\",\"name\":\"IVAN VALENTE E LUIZA ERUNDINA: Vamos frear o golpe em marcha - PSOL 50\",\"isPartOf\":{\"@id\":\"https:\/\/psol50.org.br\/#website\"},\"primaryImageOfPage\":{\"@id\":\"https:\/\/psol50.org.br\/ivan-valente-e-luiza-erundina-vamos-frear-o-golpe-em-marcha\/#primaryimage\"},\"image\":{\"@id\":\"https:\/\/psol50.org.br\/ivan-valente-e-luiza-erundina-vamos-frear-o-golpe-em-marcha\/#primaryimage\"},\"thumbnailUrl\":\"https:\/\/psol50.org.br\/inc\/uploads\/2016\/04\/1450314124_110516_1450314476_noticia_normal.jpg\",\"datePublished\":\"2016-04-13T13:59:55+00:00\",\"breadcrumb\":{\"@id\":\"https:\/\/psol50.org.br\/ivan-valente-e-luiza-erundina-vamos-frear-o-golpe-em-marcha\/#breadcrumb\"},\"inLanguage\":\"pt-BR\",\"potentialAction\":[{\"@type\":\"ReadAction\",\"target\":[\"https:\/\/psol50.org.br\/ivan-valente-e-luiza-erundina-vamos-frear-o-golpe-em-marcha\/\"]}]},{\"@type\":\"ImageObject\",\"inLanguage\":\"pt-BR\",\"@id\":\"https:\/\/psol50.org.br\/ivan-valente-e-luiza-erundina-vamos-frear-o-golpe-em-marcha\/#primaryimage\",\"url\":\"https:\/\/psol50.org.br\/inc\/uploads\/2016\/04\/1450314124_110516_1450314476_noticia_normal.jpg\",\"contentUrl\":\"https:\/\/psol50.org.br\/inc\/uploads\/2016\/04\/1450314124_110516_1450314476_noticia_normal.jpg\",\"width\":1350,\"height\":900},{\"@type\":\"BreadcrumbList\",\"@id\":\"https:\/\/psol50.org.br\/ivan-valente-e-luiza-erundina-vamos-frear-o-golpe-em-marcha\/#breadcrumb\",\"itemListElement\":[{\"@type\":\"ListItem\",\"position\":1,\"name\":\"In\u00edcio\",\"item\":\"https:\/\/psol50.org.br\/\"},{\"@type\":\"ListItem\",\"position\":2,\"name\":\"IVAN VALENTE E LUIZA ERUNDINA: Vamos frear o golpe em marcha\"}]},{\"@type\":\"WebSite\",\"@id\":\"https:\/\/psol50.org.br\/#website\",\"url\":\"https:\/\/psol50.org.br\/\",\"name\":\"PSOL 50\",\"description\":\"Site oficial do Partido Socialismo e Liberdade\",\"publisher\":{\"@id\":\"https:\/\/psol50.org.br\/#organization\"},\"alternateName\":\"PSOL50\",\"potentialAction\":[{\"@type\":\"SearchAction\",\"target\":{\"@type\":\"EntryPoint\",\"urlTemplate\":\"https:\/\/psol50.org.br\/?s={search_term_string}\"},\"query-input\":{\"@type\":\"PropertyValueSpecification\",\"valueRequired\":true,\"valueName\":\"search_term_string\"}}],\"inLanguage\":\"pt-BR\"},{\"@type\":\"Organization\",\"@id\":\"https:\/\/psol50.org.br\/#organization\",\"name\":\"PSOL 50\",\"alternateName\":\"PSOL 50\",\"url\":\"https:\/\/psol50.org.br\/\",\"logo\":{\"@type\":\"ImageObject\",\"inLanguage\":\"pt-BR\",\"@id\":\"https:\/\/psol50.org.br\/#\/schema\/logo\/image\/\",\"url\":\"https:\/\/psol50.org.br\/inc\/uploads\/2018\/07\/capa.png\",\"contentUrl\":\"https:\/\/psol50.org.br\/inc\/uploads\/2018\/07\/capa.png\",\"width\":1350,\"height\":900,\"caption\":\"PSOL 50\"},\"image\":{\"@id\":\"https:\/\/psol50.org.br\/#\/schema\/logo\/image\/\"},\"sameAs\":[\"https:\/\/www.facebook.com\/psol50\",\"https:\/\/x.com\/psol50\",\"https:\/\/www.instagram.com\/psol50\/\",\"https:\/\/www.youtube.com\/channel\/UC7SnJS5o1os7a6CaiNabzcg\"]},{\"@type\":\"Person\",\"@id\":\"https:\/\/psol50.org.br\/#\/schema\/person\/475dfa57d0b815993c714c2e96491fcd\",\"name\":\"Comunica\u00e7\u00e3o PSOL\",\"image\":{\"@type\":\"ImageObject\",\"inLanguage\":\"pt-BR\",\"@id\":\"https:\/\/psol50.org.br\/#\/schema\/person\/image\/\",\"url\":\"https:\/\/secure.gravatar.com\/avatar\/b34fc4f4e468a4e51785917065a3db57b841f5c95dba6ad8c73aaf8f66f8f9bf?s=96&d=mm&r=g\",\"contentUrl\":\"https:\/\/secure.gravatar.com\/avatar\/b34fc4f4e468a4e51785917065a3db57b841f5c95dba6ad8c73aaf8f66f8f9bf?s=96&d=mm&r=g\",\"caption\":\"Comunica\u00e7\u00e3o PSOL\"}}]}<\/script>\n<!-- \/ Yoast SEO plugin. -->","yoast_head_json":{"title":"IVAN VALENTE E LUIZA ERUNDINA: Vamos frear o golpe em marcha - PSOL 50","robots":{"index":"index","follow":"follow","max-snippet":"max-snippet:-1","max-image-preview":"max-image-preview:large","max-video-preview":"max-video-preview:-1"},"canonical":"https:\/\/psol50.org.br\/ivan-valente-e-luiza-erundina-vamos-frear-o-golpe-em-marcha\/","og_locale":"pt_BR","og_type":"article","og_title":"IVAN VALENTE E LUIZA ERUNDINA: Vamos frear o golpe em marcha - PSOL 50","og_description":"Artigo publicado originalmente no jornal Folha de S\u00e3o Paulo O PSOL \u00e9 um partido de oposi\u00e7\u00e3o program\u00e1tica e de esquerda ao governo Dilma Rousseff. Tem sido o mais duro cr\u00edtico de sua pol\u00edtica de ajuste fiscal que gera perda de direitos dos trabalhadores. Nunca ocupou cargos nem recebeu benesses governamentais. A luta contra a corrup\u00e7\u00e3o [&hellip;]","og_url":"https:\/\/psol50.org.br\/ivan-valente-e-luiza-erundina-vamos-frear-o-golpe-em-marcha\/","og_site_name":"PSOL 50","article_publisher":"https:\/\/www.facebook.com\/psol50","article_published_time":"2016-04-13T13:59:55+00:00","og_image":[{"width":1350,"height":900,"url":"https:\/\/psol50.org.br\/inc\/uploads\/2016\/04\/1450314124_110516_1450314476_noticia_normal.jpg","type":"image\/jpeg"}],"author":"Comunica\u00e7\u00e3o PSOL","twitter_card":"summary_large_image","twitter_creator":"@psol50","twitter_site":"@psol50","twitter_misc":{"Escrito por":"Comunica\u00e7\u00e3o PSOL","Est. tempo de leitura":"3 minutos"},"schema":{"@context":"https:\/\/schema.org","@graph":[{"@type":"Article","@id":"https:\/\/psol50.org.br\/ivan-valente-e-luiza-erundina-vamos-frear-o-golpe-em-marcha\/#article","isPartOf":{"@id":"https:\/\/psol50.org.br\/ivan-valente-e-luiza-erundina-vamos-frear-o-golpe-em-marcha\/"},"author":{"name":"Comunica\u00e7\u00e3o PSOL","@id":"https:\/\/psol50.org.br\/#\/schema\/person\/475dfa57d0b815993c714c2e96491fcd"},"headline":"IVAN VALENTE E LUIZA ERUNDINA: Vamos frear o golpe em marcha","datePublished":"2016-04-13T13:59:55+00:00","mainEntityOfPage":{"@id":"https:\/\/psol50.org.br\/ivan-valente-e-luiza-erundina-vamos-frear-o-golpe-em-marcha\/"},"wordCount":697,"commentCount":0,"publisher":{"@id":"https:\/\/psol50.org.br\/#organization"},"image":{"@id":"https:\/\/psol50.org.br\/ivan-valente-e-luiza-erundina-vamos-frear-o-golpe-em-marcha\/#primaryimage"},"thumbnailUrl":"https:\/\/psol50.org.br\/inc\/uploads\/2016\/04\/1450314124_110516_1450314476_noticia_normal.jpg","keywords":["corrup\u00e7\u00e3o","CPI da Petrobras","DEM","Eduardo Cunha","golpe","golpe institucional","governo Dilma Rousseff","impeachm","Ivan Valente","Luiza Erundina","Michel Temer","Odebrecht","Opera\u00e7\u00e3o Lava-Jato","oposi\u00e7\u00e3o de esquerda","oposi\u00e7\u00e3o program\u00e1tica","PMDB","PSDB","PSOL","PT"],"articleSection":["A\u00e7\u00e3o Parlamentar","Artigos","Brasil","Partido"],"inLanguage":"pt-BR","potentialAction":[{"@type":"CommentAction","name":"Comment","target":["https:\/\/psol50.org.br\/ivan-valente-e-luiza-erundina-vamos-frear-o-golpe-em-marcha\/#respond"]}]},{"@type":"WebPage","@id":"https:\/\/psol50.org.br\/ivan-valente-e-luiza-erundina-vamos-frear-o-golpe-em-marcha\/","url":"https:\/\/psol50.org.br\/ivan-valente-e-luiza-erundina-vamos-frear-o-golpe-em-marcha\/","name":"IVAN VALENTE E LUIZA ERUNDINA: Vamos frear o golpe em marcha - PSOL 50","isPartOf":{"@id":"https:\/\/psol50.org.br\/#website"},"primaryImageOfPage":{"@id":"https:\/\/psol50.org.br\/ivan-valente-e-luiza-erundina-vamos-frear-o-golpe-em-marcha\/#primaryimage"},"image":{"@id":"https:\/\/psol50.org.br\/ivan-valente-e-luiza-erundina-vamos-frear-o-golpe-em-marcha\/#primaryimage"},"thumbnailUrl":"https:\/\/psol50.org.br\/inc\/uploads\/2016\/04\/1450314124_110516_1450314476_noticia_normal.jpg","datePublished":"2016-04-13T13:59:55+00:00","breadcrumb":{"@id":"https:\/\/psol50.org.br\/ivan-valente-e-luiza-erundina-vamos-frear-o-golpe-em-marcha\/#breadcrumb"},"inLanguage":"pt-BR","potentialAction":[{"@type":"ReadAction","target":["https:\/\/psol50.org.br\/ivan-valente-e-luiza-erundina-vamos-frear-o-golpe-em-marcha\/"]}]},{"@type":"ImageObject","inLanguage":"pt-BR","@id":"https:\/\/psol50.org.br\/ivan-valente-e-luiza-erundina-vamos-frear-o-golpe-em-marcha\/#primaryimage","url":"https:\/\/psol50.org.br\/inc\/uploads\/2016\/04\/1450314124_110516_1450314476_noticia_normal.jpg","contentUrl":"https:\/\/psol50.org.br\/inc\/uploads\/2016\/04\/1450314124_110516_1450314476_noticia_normal.jpg","width":1350,"height":900},{"@type":"BreadcrumbList","@id":"https:\/\/psol50.org.br\/ivan-valente-e-luiza-erundina-vamos-frear-o-golpe-em-marcha\/#breadcrumb","itemListElement":[{"@type":"ListItem","position":1,"name":"In\u00edcio","item":"https:\/\/psol50.org.br\/"},{"@type":"ListItem","position":2,"name":"IVAN VALENTE E LUIZA ERUNDINA: Vamos frear o golpe em marcha"}]},{"@type":"WebSite","@id":"https:\/\/psol50.org.br\/#website","url":"https:\/\/psol50.org.br\/","name":"PSOL 50","description":"Site oficial do Partido Socialismo e Liberdade","publisher":{"@id":"https:\/\/psol50.org.br\/#organization"},"alternateName":"PSOL50","potentialAction":[{"@type":"SearchAction","target":{"@type":"EntryPoint","urlTemplate":"https:\/\/psol50.org.br\/?s={search_term_string}"},"query-input":{"@type":"PropertyValueSpecification","valueRequired":true,"valueName":"search_term_string"}}],"inLanguage":"pt-BR"},{"@type":"Organization","@id":"https:\/\/psol50.org.br\/#organization","name":"PSOL 50","alternateName":"PSOL 50","url":"https:\/\/psol50.org.br\/","logo":{"@type":"ImageObject","inLanguage":"pt-BR","@id":"https:\/\/psol50.org.br\/#\/schema\/logo\/image\/","url":"https:\/\/psol50.org.br\/inc\/uploads\/2018\/07\/capa.png","contentUrl":"https:\/\/psol50.org.br\/inc\/uploads\/2018\/07\/capa.png","width":1350,"height":900,"caption":"PSOL 50"},"image":{"@id":"https:\/\/psol50.org.br\/#\/schema\/logo\/image\/"},"sameAs":["https:\/\/www.facebook.com\/psol50","https:\/\/x.com\/psol50","https:\/\/www.instagram.com\/psol50\/","https:\/\/www.youtube.com\/channel\/UC7SnJS5o1os7a6CaiNabzcg"]},{"@type":"Person","@id":"https:\/\/psol50.org.br\/#\/schema\/person\/475dfa57d0b815993c714c2e96491fcd","name":"Comunica\u00e7\u00e3o PSOL","image":{"@type":"ImageObject","inLanguage":"pt-BR","@id":"https:\/\/psol50.org.br\/#\/schema\/person\/image\/","url":"https:\/\/secure.gravatar.com\/avatar\/b34fc4f4e468a4e51785917065a3db57b841f5c95dba6ad8c73aaf8f66f8f9bf?s=96&d=mm&r=g","contentUrl":"https:\/\/secure.gravatar.com\/avatar\/b34fc4f4e468a4e51785917065a3db57b841f5c95dba6ad8c73aaf8f66f8f9bf?s=96&d=mm&r=g","caption":"Comunica\u00e7\u00e3o PSOL"}}]}},"_links":{"self":[{"href":"https:\/\/psol50.org.br\/rest\/wp\/v2\/posts\/12044","targetHints":{"allow":["GET"]}}],"collection":[{"href":"https:\/\/psol50.org.br\/rest\/wp\/v2\/posts"}],"about":[{"href":"https:\/\/psol50.org.br\/rest\/wp\/v2\/types\/post"}],"author":[{"embeddable":true,"href":"https:\/\/psol50.org.br\/rest\/wp\/v2\/users\/2"}],"replies":[{"embeddable":true,"href":"https:\/\/psol50.org.br\/rest\/wp\/v2\/comments?post=12044"}],"version-history":[{"count":0,"href":"https:\/\/psol50.org.br\/rest\/wp\/v2\/posts\/12044\/revisions"}],"wp:featuredmedia":[{"embeddable":true,"href":"https:\/\/psol50.org.br\/rest\/wp\/v2\/media\/12049"}],"wp:attachment":[{"href":"https:\/\/psol50.org.br\/rest\/wp\/v2\/media?parent=12044"}],"wp:term":[{"taxonomy":"category","embeddable":true,"href":"https:\/\/psol50.org.br\/rest\/wp\/v2\/categories?post=12044"},{"taxonomy":"post_tag","embeddable":true,"href":"https:\/\/psol50.org.br\/rest\/wp\/v2\/tags?post=12044"}],"curies":[{"name":"wp","href":"https:\/\/api.w.org\/{rel}","templated":true}]}}