{"id":12054,"date":"2016-04-14T23:34:30","date_gmt":"2016-04-14T23:34:30","guid":{"rendered":"http:\/\/www.psol50.org.br\/?p=12054"},"modified":"2016-04-14T23:34:30","modified_gmt":"2016-04-14T23:34:30","slug":"por-que-o-psol-vota-contra-o-impeachment","status":"publish","type":"post","link":"https:\/\/psol50.org.br\/por-que-o-psol-vota-contra-o-impeachment\/","title":{"rendered":"Por que o PSOL vota contra o impeachment"},"content":{"rendered":"<p><em>O PSOL \u00e9 e continuar\u00e1 sendo oposi\u00e7\u00e3o de esquerda. Nossas diferen\u00e7as com o governo atual s\u00e3o program\u00e1ticas: n\u00e3o acreditamos neste modelo de se fazer pol\u00edtica. Somos contra o ajuste fiscal e a retirada de direitos dos trabalhadores. Votaremos contra a terceiriza\u00e7\u00e3o, a reforma da previd\u00eancia e diversos outros projetos que contam com o apoio do governo.<\/em><\/p>\n<p>Neste domingo (17), os seis deputados do PSOL \u2013 Ivan Valente, Chico Alencar, Jean Wyllys, Glauber Braga, Luiza Erundina e Edmilson Rodrigues \u2013 votar\u00e3o contra a abertura de processo de impeachment da presidenta Dilma Rousseff.<\/p>\n<p>O PSOL \u00e9 e sempre foi de oposi\u00e7\u00e3o, \u00e0 esquerda, aos governos petistas \u2013 desde Lula, passando pelo primeiro e chegando a este segundo mandato da presidenta Dilma. O PSOL surgiu majoritariamente de um racha do pr\u00f3prio PT, durante a vota\u00e7\u00e3o contra a Reforma da Previd\u00eancia, em 2003, proposta pelo governo. Lan\u00e7ou candidatos contra as chapas petistas nas elei\u00e7\u00f5es de 2006, 2010 e em 2014 e n\u00e3o participou das coliga\u00e7\u00f5es que elegeram a base parlamentar deste governo.<\/p>\n<p>Os deputados do PSOL votaram apenas 47% das vezes junto com o governo Dilma, enquanto, por exemplo, Paulo Maluf (PP\/SP) tem \u201ctaxa de governismo\u201d de 80% e Jovair Arantes (PTB\/GO), o mesmo que relatou a favor da cassa\u00e7\u00e3o do mandato de Dilma, de 79% \u2013 esses n\u00fameros s\u00e3o do \u201cBas\u00f4metro\u201d, feito pelo Estad\u00e3o Dados, que voc\u00ea pode acessar <a href=\"http:\/\/estadaodados.com\/basometro\/\" target=\"_blank\" rel=\"noopener\"><strong>clicando aqui<\/strong><\/a>.<\/p>\n<p>Nossos seis deputados votam na maioria das vezes contra o governo porque o PSOL e a sua bancada na C\u00e2mara consideram este governo politicamente indefens\u00e1vel. A aplica\u00e7\u00e3o de um duro ajuste fiscal nas costas dos trabalhadores, assumindo as pautas da direita derrotada, \u00e9 inaceit\u00e1vel. A manuten\u00e7\u00e3o desse projeto econ\u00f4mico e de uma base pol\u00edtica fundamentada em alian\u00e7as com partidos dos mais tradicionais excluem qualquer possibilidade deste governo fazer uma pol\u00edtica genu\u00edna para os trabalhadores e o povo pobre.<\/p>\n<p>Como j\u00e1 dito, o PSOL n\u00e3o tem cargos no governo federal, n\u00e3o ir\u00e1 indicar ministros e n\u00e3o tem interesse em participar das negociatas de emendas parlamentares em troca de votos contra o impeachment. Condenamos essa pr\u00e1tica, princ\u00edpio de diversas pr\u00e1ticas corruptas \u2013 contra as quais lutamos diariamente.<\/p>\n<p><em><strong>Leia mais: <a href=\"http:\/\/www.psol50.org.br\/2016\/04\/psol-vota-contra-parecer-que-pede-afastamento-da-presidente-da-republica\/\" target=\"_blank\" rel=\"noopener\">PSOL vota contra parecer\u00a0na Comiss\u00e3o Especial do impeachment<\/a><\/strong><\/em><\/p>\n<p>Nosso voto ser\u00e1 por convic\u00e7\u00e3o de que, da forma como est\u00e1 sendo conduzido o impeachment, ele se configura como um golpe institucional, injusto n\u00e3o s\u00f3 contra o governo, mas contra a popula\u00e7\u00e3o do pa\u00eds. O processo tem v\u00edcios de origem e pouca ou nenhuma consist\u00eancia jur\u00eddica, al\u00e9m de significar um retrocesso pol\u00edtico.<\/p>\n<p><strong>Pedaladas fiscais<\/strong><\/p>\n<p>Dilma n\u00e3o est\u00e1 sendo julgada por corrup\u00e7\u00e3o ou pelos erros de seu governo. Est\u00e1 sendo julgada por ter praticado as chamadas \u201cpedaladas fiscais\u201d, decretos de suplementa\u00e7\u00e3o or\u00e7ament\u00e1ria que adiaram pagamentos a bancos p\u00fablicos e privados. A argumenta\u00e7\u00e3o dos advogados que protocolaram o pedido que vem sendo julgado alega que \u201cas manobras fiscais criaram um ambiente ilus\u00f3rio que favoreceu a presidente na sua reelei\u00e7\u00e3o\u201d.<\/p>\n<p>Em primeiro lugar, \u201cpedaladas fiscais\u201d n\u00e3o caracterizam crime de responsabilidade \u2013 necessidade primeira para destituir um presidente eleito. A insufici\u00eancia jur\u00eddica aumenta quando o pedido \u00e9 feito apenas para Dilma, como se seu vice, Michel Temer, n\u00e3o tivesse se \u201cbeneficiado\u201d juntamente \u00e0 presidenta.<\/p>\n<p>A bancada do PSOL apresentou, na comiss\u00e3o do impeachment, um voto em separado argumentando sobre isso. Voc\u00ea pode <a href=\"http:\/\/www.psol50.org.br\/2016\/04\/psol-apresenta-voto-em-separado-na-comissao-do-impeachment\/\" target=\"_blank\" rel=\"noopener\"><strong>ler a cobertura aqui<\/strong><\/a> e ver a <a href=\"http:\/\/www.psol50.org.br\/inc\/uploads\/2016\/04\/PSOL_Voto-em-separado_08.04.2016-Impeachment.pdf\" target=\"_blank\" rel=\"noopener\"><strong>\u00edntegra do voto do PSOL aqui<\/strong><\/a>.<\/p>\n<p><strong>Condu\u00e7\u00e3o<\/strong><\/p>\n<p>O segundo ponto \u00e9 a pr\u00f3pria condu\u00e7\u00e3o do processo. Se h\u00e1 um setor da pol\u00edtica brasileira sem legitimidade para tirar uma presidenta, em especial quando n\u00e3o h\u00e1 crime de responsabilidade e sobre a qual n\u00e3o pesam den\u00fancias diretas de corrup\u00e7\u00e3o, \u00e9 um Congresso dirigido por Eduardo Cunha e Renan Calheiros, ambos do PMDB.<\/p>\n<p>Cunha faz do impeachment a sua vingan\u00e7a contra quem n\u00e3o quis defend\u00ea-lo das diversas den\u00fancias de corrup\u00e7\u00e3o que pesam contra si. O presidente da C\u00e2mara dos Deputados deve, antes de tudo, explica\u00e7\u00f5es sobre suas contas secretas na Su\u00ed\u00e7a, sobre os documentos dos \u201cPanama Papers\u201d que o colocam como dono de empresas offshores usadas para lavar dinheiro oriundo de corrup\u00e7\u00e3o e sobre as den\u00fancias provenientes de pelo menos sete dela\u00e7\u00f5es premiadas, no \u00e2mbito da Opera\u00e7\u00e3o Lava-Jato, que o citam como benefici\u00e1rio direto do esc\u00e2ndalo da Petrobras.<\/p>\n<p>Antes de tudo, para o PSOL, Cunha deve se retirar (ou ser retirado pela Justi\u00e7a) do comando da maior casa legislativa do pa\u00eds. Um processo t\u00e3o grave para o pa\u00eds como um impeachment n\u00e3o pode ser conduzido por um pol\u00edtico como este.<\/p>\n<p><strong>Articula\u00e7\u00e3o golpista e midi\u00e1tica<\/strong><\/p>\n<p>Em si, impeachment n\u00e3o \u00e9 golpe. \u00c9 um instrumento de nossa Constitui\u00e7\u00e3o. Por\u00e9m, juntando os elementos j\u00e1 elencados acima (a falta de consist\u00eancia jur\u00eddica, aus\u00eancia de crime e condu\u00e7\u00e3o vingativa de Cunha) com a grande articula\u00e7\u00e3o de acordos escusos que vem sendo constru\u00edda para o p\u00f3s-impeachment, ele se torna um processo de golpe institucional.<\/p>\n<p>Os grandes operadores deste processo, al\u00e9m de Cunha, s\u00e3o a alta plumagem tucana, com A\u00e9cio Neves e Jos\u00e9 Serra \u00e0 frente; Paulinho da For\u00e7a (SD\/SP) e a grande barca dos que esperam se safar das acusa\u00e7\u00f5es de corrup\u00e7\u00e3o que se amontoam; e Michel Temer, o vice-presidente que espera ser o grande representante da t\u00e3o falada \u201cuni\u00e3o nacional\u201d em um suposto novo e ileg\u00edtimo governo \u2013 com mais ajuste fiscal, menos direitos trabalhistas e, especialmente, um grande acord\u00e3o para silenciar os esc\u00e2ndalos. Todos os citados acima, frise-se, t\u00eam grandes problemas com a Justi\u00e7a.<\/p>\n<p>Essa forte articula\u00e7\u00e3o tem como principal aliada a m\u00eddia brasileira, que, junto aos setores financeiros, abandonou a m\u00e1scara da imparcialidade para se tornar porta-voz da campanha pelo impeachment.<\/p>\n<p>N\u00e3o \u00e9 por ser de oposi\u00e7\u00e3o que o PSOL se somar\u00e1 a este grupo e a essa articula\u00e7\u00e3o. Nossa constru\u00e7\u00e3o pol\u00edtica tem base na \u00e9tica, no programa e, sempre, na democracia.<\/p>\n<p><strong>Nossas sa\u00eddas<\/strong><\/p>\n<p>O PSOL \u00e9 e continuar\u00e1 sendo oposi\u00e7\u00e3o de esquerda. Nossas diferen\u00e7as com o governo atual s\u00e3o program\u00e1ticas: n\u00e3o acreditamos neste modelo de se fazer pol\u00edtica. Somos contra o ajuste fiscal e a retirada de direitos dos trabalhadores. Votaremos contra a terceiriza\u00e7\u00e3o, a reforma da previd\u00eancia e diversos outros projetos que contam com o apoio do governo.<\/p>\n<p>Por isso, dizemos: a sa\u00edda para a crise \u00e9 pela esquerda. Al\u00e9m do combate a todos os retrocessos, apresentamos ao Brasil uma plataforma de virada na pol\u00edtica econ\u00f4mica, priorizando o crescimento do setor produtivo ao inv\u00e9s da especula\u00e7\u00e3o financeira, com redu\u00e7\u00e3o dr\u00e1stica das taxas de juros e grandes investimentos sociais.<\/p>\n<p>Tamb\u00e9m acreditamos que um novo ciclo s\u00f3 pode ser iniciado com profundas reformas, como a democratiza\u00e7\u00e3o da m\u00eddia, para que a pluralidade de vozes n\u00e3o seja suprimida; a reforma pol\u00edtica, para que o povo volte a participar das decis\u00f5es do pa\u00eds; a tribut\u00e1ria, para acabar com o modelo injusto de cobran\u00e7a atual e taxar as grandes fortunas; entre outras.<\/p>\n<p>S\u00f3 iremos construir sa\u00eddas reais com uma nova programa\u00e7\u00e3o das formas e m\u00e9todos de se construir a pol\u00edtica brasileira, que deve ser feita para e com o povo. O PSOL est\u00e1 desse lado da batalha.<\/p>\n","protected":false},"excerpt":{"rendered":"<p>O PSOL \u00e9 e continuar\u00e1 sendo oposi\u00e7\u00e3o de esquerda. Nossas diferen\u00e7as com o governo atual s\u00e3o program\u00e1ticas: n\u00e3o acreditamos neste modelo de se fazer pol\u00edtica. Somos contra o ajuste fiscal e a retirada de direitos dos trabalhadores. Votaremos contra a terceiriza\u00e7\u00e3o, a reforma da previd\u00eancia e diversos outros projetos que contam com o apoio do [&hellip;]<\/p>\n","protected":false},"author":2,"featured_media":12057,"comment_status":"open","ping_status":"open","sticky":false,"template":"","format":"standard","meta":{"_acf_changed":false,"footnotes":""},"categories":[10,1882,6,14],"tags":[4151,1680,973,1191,151,220,552,663,553,4154,22,417,4234],"class_list":{"0":"post-12054","1":"post","2":"type-post","3":"status-publish","4":"format-standard","5":"has-post-thumbnail","7":"category-acao-parlamentares","8":"category-brasil","9":"category-noticias","10":"category-partido","11":"tag-naovaitergolpe","12":"tag-chico-alencar","13":"tag-edmilson-rodrigues","14":"tag-glauber-braga","15":"tag-golpe","16":"tag-impeachment","17":"tag-ivan-valente","18":"tag-jean-wyllys","19":"tag-luiza-erundina","20":"tag-nao-vai-ter-golpe","21":"tag-psol","22":"tag-psol-na-camara","23":"tag-saida-pela-esquerda"},"acf":[],"yoast_head":"<!-- This site is optimized with the Yoast SEO plugin v26.5 - https:\/\/yoast.com\/wordpress\/plugins\/seo\/ -->\n<title>Por que o PSOL vota contra o impeachment - PSOL 50<\/title>\n<meta name=\"robots\" content=\"index, follow, max-snippet:-1, max-image-preview:large, max-video-preview:-1\" \/>\n<link rel=\"canonical\" href=\"https:\/\/psol50.org.br\/por-que-o-psol-vota-contra-o-impeachment\/\" \/>\n<meta property=\"og:locale\" content=\"pt_BR\" \/>\n<meta property=\"og:type\" content=\"article\" \/>\n<meta property=\"og:title\" content=\"Por que o PSOL vota contra o impeachment - PSOL 50\" \/>\n<meta property=\"og:description\" content=\"O PSOL \u00e9 e continuar\u00e1 sendo oposi\u00e7\u00e3o de esquerda. Nossas diferen\u00e7as com o governo atual s\u00e3o program\u00e1ticas: n\u00e3o acreditamos neste modelo de se fazer pol\u00edtica. Somos contra o ajuste fiscal e a retirada de direitos dos trabalhadores. Votaremos contra a terceiriza\u00e7\u00e3o, a reforma da previd\u00eancia e diversos outros projetos que contam com o apoio do [&hellip;]\" \/>\n<meta property=\"og:url\" content=\"https:\/\/psol50.org.br\/por-que-o-psol-vota-contra-o-impeachment\/\" \/>\n<meta property=\"og:site_name\" content=\"PSOL 50\" \/>\n<meta property=\"article:publisher\" content=\"https:\/\/www.facebook.com\/psol50\" \/>\n<meta property=\"article:published_time\" content=\"2016-04-14T23:34:30+00:00\" \/>\n<meta property=\"og:image\" content=\"https:\/\/psol50.org.br\/inc\/uploads\/2018\/07\/capa.png\" \/>\n\t<meta property=\"og:image:width\" content=\"1350\" \/>\n\t<meta property=\"og:image:height\" content=\"900\" \/>\n\t<meta property=\"og:image:type\" content=\"image\/png\" \/>\n<meta name=\"author\" content=\"Comunica\u00e7\u00e3o PSOL\" \/>\n<meta name=\"twitter:card\" content=\"summary_large_image\" \/>\n<meta name=\"twitter:creator\" content=\"@psol50\" \/>\n<meta name=\"twitter:site\" content=\"@psol50\" \/>\n<meta name=\"twitter:label1\" content=\"Escrito por\" \/>\n\t<meta name=\"twitter:data1\" content=\"Comunica\u00e7\u00e3o PSOL\" \/>\n\t<meta name=\"twitter:label2\" content=\"Est. tempo de leitura\" \/>\n\t<meta name=\"twitter:data2\" content=\"6 minutos\" \/>\n<script type=\"application\/ld+json\" class=\"yoast-schema-graph\">{\"@context\":\"https:\/\/schema.org\",\"@graph\":[{\"@type\":\"Article\",\"@id\":\"https:\/\/psol50.org.br\/por-que-o-psol-vota-contra-o-impeachment\/#article\",\"isPartOf\":{\"@id\":\"https:\/\/psol50.org.br\/por-que-o-psol-vota-contra-o-impeachment\/\"},\"author\":{\"name\":\"Comunica\u00e7\u00e3o PSOL\",\"@id\":\"https:\/\/psol50.org.br\/#\/schema\/person\/475dfa57d0b815993c714c2e96491fcd\"},\"headline\":\"Por que o PSOL vota contra o impeachment\",\"datePublished\":\"2016-04-14T23:34:30+00:00\",\"mainEntityOfPage\":{\"@id\":\"https:\/\/psol50.org.br\/por-que-o-psol-vota-contra-o-impeachment\/\"},\"wordCount\":1282,\"commentCount\":0,\"publisher\":{\"@id\":\"https:\/\/psol50.org.br\/#organization\"},\"image\":{\"@id\":\"https:\/\/psol50.org.br\/por-que-o-psol-vota-contra-o-impeachment\/#primaryimage\"},\"thumbnailUrl\":\"\",\"keywords\":[\"#N\u00e3oVaiTerGolpe\",\"Chico Alencar\",\"Edmilson Rodrigues\",\"Glauber Braga\",\"golpe\",\"impeachment\",\"Ivan Valente\",\"Jean Wyllys\",\"Luiza Erundina\",\"N\u00e3o vai ter golpe\",\"PSOL\",\"PSOL na C\u00e2mara\",\"Sa\u00edda pela esquerda\"],\"articleSection\":[\"A\u00e7\u00e3o Parlamentar\",\"Brasil\",\"Not\u00edcias\",\"Partido\"],\"inLanguage\":\"pt-BR\",\"potentialAction\":[{\"@type\":\"CommentAction\",\"name\":\"Comment\",\"target\":[\"https:\/\/psol50.org.br\/por-que-o-psol-vota-contra-o-impeachment\/#respond\"]}]},{\"@type\":\"WebPage\",\"@id\":\"https:\/\/psol50.org.br\/por-que-o-psol-vota-contra-o-impeachment\/\",\"url\":\"https:\/\/psol50.org.br\/por-que-o-psol-vota-contra-o-impeachment\/\",\"name\":\"Por que o PSOL vota contra o impeachment - PSOL 50\",\"isPartOf\":{\"@id\":\"https:\/\/psol50.org.br\/#website\"},\"primaryImageOfPage\":{\"@id\":\"https:\/\/psol50.org.br\/por-que-o-psol-vota-contra-o-impeachment\/#primaryimage\"},\"image\":{\"@id\":\"https:\/\/psol50.org.br\/por-que-o-psol-vota-contra-o-impeachment\/#primaryimage\"},\"thumbnailUrl\":\"\",\"datePublished\":\"2016-04-14T23:34:30+00:00\",\"breadcrumb\":{\"@id\":\"https:\/\/psol50.org.br\/por-que-o-psol-vota-contra-o-impeachment\/#breadcrumb\"},\"inLanguage\":\"pt-BR\",\"potentialAction\":[{\"@type\":\"ReadAction\",\"target\":[\"https:\/\/psol50.org.br\/por-que-o-psol-vota-contra-o-impeachment\/\"]}]},{\"@type\":\"ImageObject\",\"inLanguage\":\"pt-BR\",\"@id\":\"https:\/\/psol50.org.br\/por-que-o-psol-vota-contra-o-impeachment\/#primaryimage\",\"url\":\"\",\"contentUrl\":\"\"},{\"@type\":\"BreadcrumbList\",\"@id\":\"https:\/\/psol50.org.br\/por-que-o-psol-vota-contra-o-impeachment\/#breadcrumb\",\"itemListElement\":[{\"@type\":\"ListItem\",\"position\":1,\"name\":\"In\u00edcio\",\"item\":\"https:\/\/psol50.org.br\/\"},{\"@type\":\"ListItem\",\"position\":2,\"name\":\"Por que o PSOL vota contra o impeachment\"}]},{\"@type\":\"WebSite\",\"@id\":\"https:\/\/psol50.org.br\/#website\",\"url\":\"https:\/\/psol50.org.br\/\",\"name\":\"PSOL 50\",\"description\":\"Site oficial do Partido Socialismo e Liberdade\",\"publisher\":{\"@id\":\"https:\/\/psol50.org.br\/#organization\"},\"alternateName\":\"PSOL50\",\"potentialAction\":[{\"@type\":\"SearchAction\",\"target\":{\"@type\":\"EntryPoint\",\"urlTemplate\":\"https:\/\/psol50.org.br\/?s={search_term_string}\"},\"query-input\":{\"@type\":\"PropertyValueSpecification\",\"valueRequired\":true,\"valueName\":\"search_term_string\"}}],\"inLanguage\":\"pt-BR\"},{\"@type\":\"Organization\",\"@id\":\"https:\/\/psol50.org.br\/#organization\",\"name\":\"PSOL 50\",\"alternateName\":\"PSOL 50\",\"url\":\"https:\/\/psol50.org.br\/\",\"logo\":{\"@type\":\"ImageObject\",\"inLanguage\":\"pt-BR\",\"@id\":\"https:\/\/psol50.org.br\/#\/schema\/logo\/image\/\",\"url\":\"https:\/\/psol50.org.br\/inc\/uploads\/2018\/07\/capa.png\",\"contentUrl\":\"https:\/\/psol50.org.br\/inc\/uploads\/2018\/07\/capa.png\",\"width\":1350,\"height\":900,\"caption\":\"PSOL 50\"},\"image\":{\"@id\":\"https:\/\/psol50.org.br\/#\/schema\/logo\/image\/\"},\"sameAs\":[\"https:\/\/www.facebook.com\/psol50\",\"https:\/\/x.com\/psol50\",\"https:\/\/www.instagram.com\/psol50\/\",\"https:\/\/www.youtube.com\/channel\/UC7SnJS5o1os7a6CaiNabzcg\"]},{\"@type\":\"Person\",\"@id\":\"https:\/\/psol50.org.br\/#\/schema\/person\/475dfa57d0b815993c714c2e96491fcd\",\"name\":\"Comunica\u00e7\u00e3o PSOL\",\"image\":{\"@type\":\"ImageObject\",\"inLanguage\":\"pt-BR\",\"@id\":\"https:\/\/psol50.org.br\/#\/schema\/person\/image\/\",\"url\":\"https:\/\/secure.gravatar.com\/avatar\/b34fc4f4e468a4e51785917065a3db57b841f5c95dba6ad8c73aaf8f66f8f9bf?s=96&d=mm&r=g\",\"contentUrl\":\"https:\/\/secure.gravatar.com\/avatar\/b34fc4f4e468a4e51785917065a3db57b841f5c95dba6ad8c73aaf8f66f8f9bf?s=96&d=mm&r=g\",\"caption\":\"Comunica\u00e7\u00e3o PSOL\"}}]}<\/script>\n<!-- \/ Yoast SEO plugin. -->","yoast_head_json":{"title":"Por que o PSOL vota contra o impeachment - PSOL 50","robots":{"index":"index","follow":"follow","max-snippet":"max-snippet:-1","max-image-preview":"max-image-preview:large","max-video-preview":"max-video-preview:-1"},"canonical":"https:\/\/psol50.org.br\/por-que-o-psol-vota-contra-o-impeachment\/","og_locale":"pt_BR","og_type":"article","og_title":"Por que o PSOL vota contra o impeachment - PSOL 50","og_description":"O PSOL \u00e9 e continuar\u00e1 sendo oposi\u00e7\u00e3o de esquerda. Nossas diferen\u00e7as com o governo atual s\u00e3o program\u00e1ticas: n\u00e3o acreditamos neste modelo de se fazer pol\u00edtica. Somos contra o ajuste fiscal e a retirada de direitos dos trabalhadores. Votaremos contra a terceiriza\u00e7\u00e3o, a reforma da previd\u00eancia e diversos outros projetos que contam com o apoio do [&hellip;]","og_url":"https:\/\/psol50.org.br\/por-que-o-psol-vota-contra-o-impeachment\/","og_site_name":"PSOL 50","article_publisher":"https:\/\/www.facebook.com\/psol50","article_published_time":"2016-04-14T23:34:30+00:00","og_image":[{"width":1350,"height":900,"url":"https:\/\/psol50.org.br\/inc\/uploads\/2018\/07\/capa.png","type":"image\/png"}],"author":"Comunica\u00e7\u00e3o PSOL","twitter_card":"summary_large_image","twitter_creator":"@psol50","twitter_site":"@psol50","twitter_misc":{"Escrito por":"Comunica\u00e7\u00e3o PSOL","Est. tempo de leitura":"6 minutos"},"schema":{"@context":"https:\/\/schema.org","@graph":[{"@type":"Article","@id":"https:\/\/psol50.org.br\/por-que-o-psol-vota-contra-o-impeachment\/#article","isPartOf":{"@id":"https:\/\/psol50.org.br\/por-que-o-psol-vota-contra-o-impeachment\/"},"author":{"name":"Comunica\u00e7\u00e3o PSOL","@id":"https:\/\/psol50.org.br\/#\/schema\/person\/475dfa57d0b815993c714c2e96491fcd"},"headline":"Por que o PSOL vota contra o impeachment","datePublished":"2016-04-14T23:34:30+00:00","mainEntityOfPage":{"@id":"https:\/\/psol50.org.br\/por-que-o-psol-vota-contra-o-impeachment\/"},"wordCount":1282,"commentCount":0,"publisher":{"@id":"https:\/\/psol50.org.br\/#organization"},"image":{"@id":"https:\/\/psol50.org.br\/por-que-o-psol-vota-contra-o-impeachment\/#primaryimage"},"thumbnailUrl":"","keywords":["#N\u00e3oVaiTerGolpe","Chico Alencar","Edmilson Rodrigues","Glauber Braga","golpe","impeachment","Ivan Valente","Jean Wyllys","Luiza Erundina","N\u00e3o vai ter golpe","PSOL","PSOL na C\u00e2mara","Sa\u00edda pela esquerda"],"articleSection":["A\u00e7\u00e3o Parlamentar","Brasil","Not\u00edcias","Partido"],"inLanguage":"pt-BR","potentialAction":[{"@type":"CommentAction","name":"Comment","target":["https:\/\/psol50.org.br\/por-que-o-psol-vota-contra-o-impeachment\/#respond"]}]},{"@type":"WebPage","@id":"https:\/\/psol50.org.br\/por-que-o-psol-vota-contra-o-impeachment\/","url":"https:\/\/psol50.org.br\/por-que-o-psol-vota-contra-o-impeachment\/","name":"Por que o PSOL vota contra o impeachment - PSOL 50","isPartOf":{"@id":"https:\/\/psol50.org.br\/#website"},"primaryImageOfPage":{"@id":"https:\/\/psol50.org.br\/por-que-o-psol-vota-contra-o-impeachment\/#primaryimage"},"image":{"@id":"https:\/\/psol50.org.br\/por-que-o-psol-vota-contra-o-impeachment\/#primaryimage"},"thumbnailUrl":"","datePublished":"2016-04-14T23:34:30+00:00","breadcrumb":{"@id":"https:\/\/psol50.org.br\/por-que-o-psol-vota-contra-o-impeachment\/#breadcrumb"},"inLanguage":"pt-BR","potentialAction":[{"@type":"ReadAction","target":["https:\/\/psol50.org.br\/por-que-o-psol-vota-contra-o-impeachment\/"]}]},{"@type":"ImageObject","inLanguage":"pt-BR","@id":"https:\/\/psol50.org.br\/por-que-o-psol-vota-contra-o-impeachment\/#primaryimage","url":"","contentUrl":""},{"@type":"BreadcrumbList","@id":"https:\/\/psol50.org.br\/por-que-o-psol-vota-contra-o-impeachment\/#breadcrumb","itemListElement":[{"@type":"ListItem","position":1,"name":"In\u00edcio","item":"https:\/\/psol50.org.br\/"},{"@type":"ListItem","position":2,"name":"Por que o PSOL vota contra o impeachment"}]},{"@type":"WebSite","@id":"https:\/\/psol50.org.br\/#website","url":"https:\/\/psol50.org.br\/","name":"PSOL 50","description":"Site oficial do Partido Socialismo e Liberdade","publisher":{"@id":"https:\/\/psol50.org.br\/#organization"},"alternateName":"PSOL50","potentialAction":[{"@type":"SearchAction","target":{"@type":"EntryPoint","urlTemplate":"https:\/\/psol50.org.br\/?s={search_term_string}"},"query-input":{"@type":"PropertyValueSpecification","valueRequired":true,"valueName":"search_term_string"}}],"inLanguage":"pt-BR"},{"@type":"Organization","@id":"https:\/\/psol50.org.br\/#organization","name":"PSOL 50","alternateName":"PSOL 50","url":"https:\/\/psol50.org.br\/","logo":{"@type":"ImageObject","inLanguage":"pt-BR","@id":"https:\/\/psol50.org.br\/#\/schema\/logo\/image\/","url":"https:\/\/psol50.org.br\/inc\/uploads\/2018\/07\/capa.png","contentUrl":"https:\/\/psol50.org.br\/inc\/uploads\/2018\/07\/capa.png","width":1350,"height":900,"caption":"PSOL 50"},"image":{"@id":"https:\/\/psol50.org.br\/#\/schema\/logo\/image\/"},"sameAs":["https:\/\/www.facebook.com\/psol50","https:\/\/x.com\/psol50","https:\/\/www.instagram.com\/psol50\/","https:\/\/www.youtube.com\/channel\/UC7SnJS5o1os7a6CaiNabzcg"]},{"@type":"Person","@id":"https:\/\/psol50.org.br\/#\/schema\/person\/475dfa57d0b815993c714c2e96491fcd","name":"Comunica\u00e7\u00e3o PSOL","image":{"@type":"ImageObject","inLanguage":"pt-BR","@id":"https:\/\/psol50.org.br\/#\/schema\/person\/image\/","url":"https:\/\/secure.gravatar.com\/avatar\/b34fc4f4e468a4e51785917065a3db57b841f5c95dba6ad8c73aaf8f66f8f9bf?s=96&d=mm&r=g","contentUrl":"https:\/\/secure.gravatar.com\/avatar\/b34fc4f4e468a4e51785917065a3db57b841f5c95dba6ad8c73aaf8f66f8f9bf?s=96&d=mm&r=g","caption":"Comunica\u00e7\u00e3o PSOL"}}]}},"_links":{"self":[{"href":"https:\/\/psol50.org.br\/rest\/wp\/v2\/posts\/12054","targetHints":{"allow":["GET"]}}],"collection":[{"href":"https:\/\/psol50.org.br\/rest\/wp\/v2\/posts"}],"about":[{"href":"https:\/\/psol50.org.br\/rest\/wp\/v2\/types\/post"}],"author":[{"embeddable":true,"href":"https:\/\/psol50.org.br\/rest\/wp\/v2\/users\/2"}],"replies":[{"embeddable":true,"href":"https:\/\/psol50.org.br\/rest\/wp\/v2\/comments?post=12054"}],"version-history":[{"count":0,"href":"https:\/\/psol50.org.br\/rest\/wp\/v2\/posts\/12054\/revisions"}],"wp:featuredmedia":[{"embeddable":true,"href":"https:\/\/psol50.org.br\/rest\/"}],"wp:attachment":[{"href":"https:\/\/psol50.org.br\/rest\/wp\/v2\/media?parent=12054"}],"wp:term":[{"taxonomy":"category","embeddable":true,"href":"https:\/\/psol50.org.br\/rest\/wp\/v2\/categories?post=12054"},{"taxonomy":"post_tag","embeddable":true,"href":"https:\/\/psol50.org.br\/rest\/wp\/v2\/tags?post=12054"}],"curies":[{"name":"wp","href":"https:\/\/api.w.org\/{rel}","templated":true}]}}