{"id":12059,"date":"2016-04-14T21:29:02","date_gmt":"2016-04-14T21:29:02","guid":{"rendered":"http:\/\/www.psol50.org.br\/?p=12059"},"modified":"2016-04-14T21:29:02","modified_gmt":"2016-04-14T21:29:02","slug":"evento-no-sabado-inicia-debate-sobre-programa-de-governo-do-psol-para-a-prefeitura-de-curitiba","status":"publish","type":"post","link":"https:\/\/psol50.org.br\/evento-no-sabado-inicia-debate-sobre-programa-de-governo-do-psol-para-a-prefeitura-de-curitiba\/","title":{"rendered":"Evento no s\u00e1bado inicia debate sobre programa de governo do PSOL para a prefeitura de Curitiba"},"content":{"rendered":"<p>No pr\u00f3ximo s\u00e1bado, dia 16\/04, a Funda\u00e7\u00e3o Lauro Campos promove, em Curitiba\/PR, o ciclo de debates \u201cSe a cidade fosse nossa\u201d. Aos moldes do que j\u00e1 vem sendo realizado em outras cidades, como Rio de Janeiro, o evento na capital paranaense dar\u00e1 in\u00edcio a uma s\u00e9rie de debates para pensar o programa de governo do PSOL para a cidade. \u201cConstruir um programa de governo do PSOL \u00e9 construir coletivo. Tornar de todos o que hoje \u00e9 para poucos. N\u00e3o existe mudan\u00e7a sem luta, nem sonhar o novo sozinho. \u00c9 preciso juntar ideias e convic\u00e7\u00f5es, firmeza e resist\u00eancia. \u00c9 preciso praticar, desde j\u00e1, o socialismo e a liberdade\u201d, afirma o convite para o evento.<\/p>\n<p>O deabte ser\u00e1 dividido em dois temas: \u201cSeguran\u00e7a p\u00fablica e direitos humanos\u201d e \u201cDireito universal \u00e0 sa\u00fade\u201d. Para discutir os temas, est\u00e3o confirmadas as presen\u00e7as de Juninho, presidente estadual do PSOL-SP e militante do C\u00edrculo Palmarino; Orlando Zaccone, delegado e membro da LEAP &#8211; Law Enforcement Agaist Prohibition; Bernardo Pilotto, presidente do PSOL-PR e membro do Setorial de Sa\u00fade do PSOL; L\u00edgia Cardieri, soci\u00f3loga e especialista em sa\u00fade p\u00fablica; e Melissa de Oliveira Pereira, professora da Fiocruz.<\/p>\n<p>Saiba mais sobre o evento, confirme sua presen\u00e7a e divulgue: <a href=\"http:\/\/bit.ly\/1Nr1WrV\">http:\/\/bit.ly\/1Nr1WrV<\/a><\/p>\n<p><strong><u>Servi\u00e7o:<br \/>\n<\/u><\/strong>16\/04 \u2013 Ciclo de debates Se a cidade fosse nossa: constru\u00e7\u00e3o do programa municipal do PSOL<br \/>\n10h &#8211; Seguran\u00e7a P\u00fablica e Direitos Humanos<br \/>\n&#8211; Juninho, presidente estadual do PSOL\/SP, integrante do C\u00edrculo Palmarino<br \/>\n&#8211; Orlando Zaccone, delegado e membro da LEAP &#8211; Law Enforcement Agaist Prohibition<br \/>\n14h &#8211; Direito Universal \u00e0 Sa\u00fade<br \/>\n&#8211; Bernardo Pilotto &#8211; Setorial de Sa\u00fade do PSOL<br \/>\n&#8211; L\u00edgia Cardieri &#8211; soci\u00f3loga e especialista em sa\u00fade p\u00fablica<br \/>\n&#8211; Melissa de Oliveira Pereira &#8211; professora da Fiocruz<br \/>\nLocal: Anfiteatro 100 &#8211; campus reitoria da UFPR &#8211; Rua General Carneiro, 460, 1\u00b0 andar \u2013 Curitiba-PR)<\/p>\n<p><img loading=\"lazy\" decoding=\"async\" class=\"alignnone  wp-image-12062\" src=\"http:\/\/www.psol50.org.br\/inc\/uploads\/2016\/04\/Debate-FLC-Curitiba-cidade-fosse-nossa.jpg\" alt=\"Debate FLC Curitiba - cidade fosse nossa\" width=\"791\" height=\"677\" \/><\/p>\n<p>&nbsp;<\/p>\n<p>&nbsp;<\/p>\n","protected":false},"excerpt":{"rendered":"<p>No pr\u00f3ximo s\u00e1bado, dia 16\/04, a Funda\u00e7\u00e3o Lauro Campos promove, em Curitiba\/PR, o ciclo de debates \u201cSe a cidade fosse nossa\u201d. Aos moldes do que j\u00e1 vem sendo realizado em outras cidades, como Rio de Janeiro, o evento na capital paranaense dar\u00e1 in\u00edcio a uma s\u00e9rie de debates para pensar o programa de governo do [&hellip;]<\/p>\n","protected":false},"author":2,"featured_media":12060,"comment_status":"open","ping_status":"open","sticky":false,"template":"","format":"standard","meta":{"_acf_changed":false,"footnotes":""},"categories":[654,14],"tags":[4198,4235,1866,2244,1196,1824,4236,4237,3606,3879,2658,4079,292],"class_list":{"0":"post-12059","1":"post","2":"type-post","3":"status-publish","4":"format-standard","5":"has-post-thumbnail","7":"category-estados","8":"category-partido","9":"tag-bernardo-pilotto","10":"tag-ciclo-de-debates","11":"tag-curitiba","12":"tag-fundacao-lauro-campos","13":"tag-juninho","14":"tag-liberdade","15":"tag-ligia-cardiere","16":"tag-melissa-de-oliveira-pereira","17":"tag-orlando-zaccone","18":"tag-programa-de-governo","19":"tag-psol-pr","20":"tag-se-a-cidade-fosse-nossa","21":"tag-socialismo"},"acf":[],"yoast_head":"<!-- This site is optimized with the Yoast SEO plugin v26.5 - https:\/\/yoast.com\/wordpress\/plugins\/seo\/ -->\n<title>Evento no s\u00e1bado inicia debate sobre programa de governo do PSOL para a prefeitura de Curitiba - PSOL 50<\/title>\n<meta name=\"robots\" content=\"index, follow, max-snippet:-1, max-image-preview:large, max-video-preview:-1\" \/>\n<link rel=\"canonical\" href=\"https:\/\/psol50.org.br\/evento-no-sabado-inicia-debate-sobre-programa-de-governo-do-psol-para-a-prefeitura-de-curitiba\/\" \/>\n<meta property=\"og:locale\" content=\"pt_BR\" \/>\n<meta property=\"og:type\" content=\"article\" \/>\n<meta property=\"og:title\" content=\"Evento no s\u00e1bado inicia debate sobre programa de governo do PSOL para a prefeitura de Curitiba - PSOL 50\" \/>\n<meta property=\"og:description\" content=\"No pr\u00f3ximo s\u00e1bado, dia 16\/04, a Funda\u00e7\u00e3o Lauro Campos promove, em Curitiba\/PR, o ciclo de debates \u201cSe a cidade fosse nossa\u201d. Aos moldes do que j\u00e1 vem sendo realizado em outras cidades, como Rio de Janeiro, o evento na capital paranaense dar\u00e1 in\u00edcio a uma s\u00e9rie de debates para pensar o programa de governo do [&hellip;]\" \/>\n<meta property=\"og:url\" content=\"https:\/\/psol50.org.br\/evento-no-sabado-inicia-debate-sobre-programa-de-governo-do-psol-para-a-prefeitura-de-curitiba\/\" \/>\n<meta property=\"og:site_name\" content=\"PSOL 50\" \/>\n<meta property=\"article:publisher\" content=\"https:\/\/www.facebook.com\/psol50\" \/>\n<meta property=\"article:published_time\" content=\"2016-04-14T21:29:02+00:00\" \/>\n<meta property=\"og:image\" content=\"https:\/\/psol50.org.br\/inc\/uploads\/2016\/04\/1181px-Curitiba_Centro.jpg\" \/>\n\t<meta property=\"og:image:width\" content=\"1181\" \/>\n\t<meta property=\"og:image:height\" content=\"900\" \/>\n\t<meta property=\"og:image:type\" content=\"image\/jpeg\" \/>\n<meta name=\"author\" content=\"Comunica\u00e7\u00e3o PSOL\" \/>\n<meta name=\"twitter:card\" content=\"summary_large_image\" \/>\n<meta name=\"twitter:creator\" content=\"@psol50\" \/>\n<meta name=\"twitter:site\" content=\"@psol50\" \/>\n<meta name=\"twitter:label1\" content=\"Escrito por\" \/>\n\t<meta name=\"twitter:data1\" content=\"Comunica\u00e7\u00e3o PSOL\" \/>\n\t<meta name=\"twitter:label2\" content=\"Est. tempo de leitura\" \/>\n\t<meta name=\"twitter:data2\" content=\"2 minutos\" \/>\n<script type=\"application\/ld+json\" class=\"yoast-schema-graph\">{\"@context\":\"https:\/\/schema.org\",\"@graph\":[{\"@type\":\"Article\",\"@id\":\"https:\/\/psol50.org.br\/evento-no-sabado-inicia-debate-sobre-programa-de-governo-do-psol-para-a-prefeitura-de-curitiba\/#article\",\"isPartOf\":{\"@id\":\"https:\/\/psol50.org.br\/evento-no-sabado-inicia-debate-sobre-programa-de-governo-do-psol-para-a-prefeitura-de-curitiba\/\"},\"author\":{\"name\":\"Comunica\u00e7\u00e3o PSOL\",\"@id\":\"https:\/\/psol50.org.br\/#\/schema\/person\/475dfa57d0b815993c714c2e96491fcd\"},\"headline\":\"Evento no s\u00e1bado inicia debate sobre programa de governo do PSOL para a prefeitura de Curitiba\",\"datePublished\":\"2016-04-14T21:29:02+00:00\",\"mainEntityOfPage\":{\"@id\":\"https:\/\/psol50.org.br\/evento-no-sabado-inicia-debate-sobre-programa-de-governo-do-psol-para-a-prefeitura-de-curitiba\/\"},\"wordCount\":343,\"commentCount\":0,\"publisher\":{\"@id\":\"https:\/\/psol50.org.br\/#organization\"},\"image\":{\"@id\":\"https:\/\/psol50.org.br\/evento-no-sabado-inicia-debate-sobre-programa-de-governo-do-psol-para-a-prefeitura-de-curitiba\/#primaryimage\"},\"thumbnailUrl\":\"https:\/\/psol50.org.br\/inc\/uploads\/2016\/04\/1181px-Curitiba_Centro.jpg\",\"keywords\":[\"Bernardo Pilotto\",\"ciclo de debates\",\"Curitiba\",\"Funda\u00e7\u00e3o Lauro Campos\",\"Juninho\",\"liberdade\",\"L\u00edgia Cardiere\",\"Melissa de Oliveira Pereira\",\"Orlando Zaccone\",\"programa de governo\",\"PSOL-PR\",\"Se a cidade fosse nossa\",\"socialismo\"],\"articleSection\":[\"Estados\",\"Partido\"],\"inLanguage\":\"pt-BR\",\"potentialAction\":[{\"@type\":\"CommentAction\",\"name\":\"Comment\",\"target\":[\"https:\/\/psol50.org.br\/evento-no-sabado-inicia-debate-sobre-programa-de-governo-do-psol-para-a-prefeitura-de-curitiba\/#respond\"]}]},{\"@type\":\"WebPage\",\"@id\":\"https:\/\/psol50.org.br\/evento-no-sabado-inicia-debate-sobre-programa-de-governo-do-psol-para-a-prefeitura-de-curitiba\/\",\"url\":\"https:\/\/psol50.org.br\/evento-no-sabado-inicia-debate-sobre-programa-de-governo-do-psol-para-a-prefeitura-de-curitiba\/\",\"name\":\"Evento no s\u00e1bado inicia debate sobre programa de governo do PSOL para a prefeitura de Curitiba - PSOL 50\",\"isPartOf\":{\"@id\":\"https:\/\/psol50.org.br\/#website\"},\"primaryImageOfPage\":{\"@id\":\"https:\/\/psol50.org.br\/evento-no-sabado-inicia-debate-sobre-programa-de-governo-do-psol-para-a-prefeitura-de-curitiba\/#primaryimage\"},\"image\":{\"@id\":\"https:\/\/psol50.org.br\/evento-no-sabado-inicia-debate-sobre-programa-de-governo-do-psol-para-a-prefeitura-de-curitiba\/#primaryimage\"},\"thumbnailUrl\":\"https:\/\/psol50.org.br\/inc\/uploads\/2016\/04\/1181px-Curitiba_Centro.jpg\",\"datePublished\":\"2016-04-14T21:29:02+00:00\",\"breadcrumb\":{\"@id\":\"https:\/\/psol50.org.br\/evento-no-sabado-inicia-debate-sobre-programa-de-governo-do-psol-para-a-prefeitura-de-curitiba\/#breadcrumb\"},\"inLanguage\":\"pt-BR\",\"potentialAction\":[{\"@type\":\"ReadAction\",\"target\":[\"https:\/\/psol50.org.br\/evento-no-sabado-inicia-debate-sobre-programa-de-governo-do-psol-para-a-prefeitura-de-curitiba\/\"]}]},{\"@type\":\"ImageObject\",\"inLanguage\":\"pt-BR\",\"@id\":\"https:\/\/psol50.org.br\/evento-no-sabado-inicia-debate-sobre-programa-de-governo-do-psol-para-a-prefeitura-de-curitiba\/#primaryimage\",\"url\":\"https:\/\/psol50.org.br\/inc\/uploads\/2016\/04\/1181px-Curitiba_Centro.jpg\",\"contentUrl\":\"https:\/\/psol50.org.br\/inc\/uploads\/2016\/04\/1181px-Curitiba_Centro.jpg\",\"width\":1181,\"height\":900},{\"@type\":\"BreadcrumbList\",\"@id\":\"https:\/\/psol50.org.br\/evento-no-sabado-inicia-debate-sobre-programa-de-governo-do-psol-para-a-prefeitura-de-curitiba\/#breadcrumb\",\"itemListElement\":[{\"@type\":\"ListItem\",\"position\":1,\"name\":\"In\u00edcio\",\"item\":\"https:\/\/psol50.org.br\/\"},{\"@type\":\"ListItem\",\"position\":2,\"name\":\"Evento no s\u00e1bado inicia debate sobre programa de governo do PSOL para a prefeitura de Curitiba\"}]},{\"@type\":\"WebSite\",\"@id\":\"https:\/\/psol50.org.br\/#website\",\"url\":\"https:\/\/psol50.org.br\/\",\"name\":\"PSOL 50\",\"description\":\"Site oficial do Partido Socialismo e Liberdade\",\"publisher\":{\"@id\":\"https:\/\/psol50.org.br\/#organization\"},\"alternateName\":\"PSOL50\",\"potentialAction\":[{\"@type\":\"SearchAction\",\"target\":{\"@type\":\"EntryPoint\",\"urlTemplate\":\"https:\/\/psol50.org.br\/?s={search_term_string}\"},\"query-input\":{\"@type\":\"PropertyValueSpecification\",\"valueRequired\":true,\"valueName\":\"search_term_string\"}}],\"inLanguage\":\"pt-BR\"},{\"@type\":\"Organization\",\"@id\":\"https:\/\/psol50.org.br\/#organization\",\"name\":\"PSOL 50\",\"alternateName\":\"PSOL 50\",\"url\":\"https:\/\/psol50.org.br\/\",\"logo\":{\"@type\":\"ImageObject\",\"inLanguage\":\"pt-BR\",\"@id\":\"https:\/\/psol50.org.br\/#\/schema\/logo\/image\/\",\"url\":\"https:\/\/psol50.org.br\/inc\/uploads\/2018\/07\/capa.png\",\"contentUrl\":\"https:\/\/psol50.org.br\/inc\/uploads\/2018\/07\/capa.png\",\"width\":1350,\"height\":900,\"caption\":\"PSOL 50\"},\"image\":{\"@id\":\"https:\/\/psol50.org.br\/#\/schema\/logo\/image\/\"},\"sameAs\":[\"https:\/\/www.facebook.com\/psol50\",\"https:\/\/x.com\/psol50\",\"https:\/\/www.instagram.com\/psol50\/\",\"https:\/\/www.youtube.com\/channel\/UC7SnJS5o1os7a6CaiNabzcg\"]},{\"@type\":\"Person\",\"@id\":\"https:\/\/psol50.org.br\/#\/schema\/person\/475dfa57d0b815993c714c2e96491fcd\",\"name\":\"Comunica\u00e7\u00e3o PSOL\",\"image\":{\"@type\":\"ImageObject\",\"inLanguage\":\"pt-BR\",\"@id\":\"https:\/\/psol50.org.br\/#\/schema\/person\/image\/\",\"url\":\"https:\/\/secure.gravatar.com\/avatar\/b34fc4f4e468a4e51785917065a3db57b841f5c95dba6ad8c73aaf8f66f8f9bf?s=96&d=mm&r=g\",\"contentUrl\":\"https:\/\/secure.gravatar.com\/avatar\/b34fc4f4e468a4e51785917065a3db57b841f5c95dba6ad8c73aaf8f66f8f9bf?s=96&d=mm&r=g\",\"caption\":\"Comunica\u00e7\u00e3o PSOL\"}}]}<\/script>\n<!-- \/ Yoast SEO plugin. -->","yoast_head_json":{"title":"Evento no s\u00e1bado inicia debate sobre programa de governo do PSOL para a prefeitura de Curitiba - PSOL 50","robots":{"index":"index","follow":"follow","max-snippet":"max-snippet:-1","max-image-preview":"max-image-preview:large","max-video-preview":"max-video-preview:-1"},"canonical":"https:\/\/psol50.org.br\/evento-no-sabado-inicia-debate-sobre-programa-de-governo-do-psol-para-a-prefeitura-de-curitiba\/","og_locale":"pt_BR","og_type":"article","og_title":"Evento no s\u00e1bado inicia debate sobre programa de governo do PSOL para a prefeitura de Curitiba - PSOL 50","og_description":"No pr\u00f3ximo s\u00e1bado, dia 16\/04, a Funda\u00e7\u00e3o Lauro Campos promove, em Curitiba\/PR, o ciclo de debates \u201cSe a cidade fosse nossa\u201d. Aos moldes do que j\u00e1 vem sendo realizado em outras cidades, como Rio de Janeiro, o evento na capital paranaense dar\u00e1 in\u00edcio a uma s\u00e9rie de debates para pensar o programa de governo do [&hellip;]","og_url":"https:\/\/psol50.org.br\/evento-no-sabado-inicia-debate-sobre-programa-de-governo-do-psol-para-a-prefeitura-de-curitiba\/","og_site_name":"PSOL 50","article_publisher":"https:\/\/www.facebook.com\/psol50","article_published_time":"2016-04-14T21:29:02+00:00","og_image":[{"width":1181,"height":900,"url":"https:\/\/psol50.org.br\/inc\/uploads\/2016\/04\/1181px-Curitiba_Centro.jpg","type":"image\/jpeg"}],"author":"Comunica\u00e7\u00e3o PSOL","twitter_card":"summary_large_image","twitter_creator":"@psol50","twitter_site":"@psol50","twitter_misc":{"Escrito por":"Comunica\u00e7\u00e3o PSOL","Est. tempo de leitura":"2 minutos"},"schema":{"@context":"https:\/\/schema.org","@graph":[{"@type":"Article","@id":"https:\/\/psol50.org.br\/evento-no-sabado-inicia-debate-sobre-programa-de-governo-do-psol-para-a-prefeitura-de-curitiba\/#article","isPartOf":{"@id":"https:\/\/psol50.org.br\/evento-no-sabado-inicia-debate-sobre-programa-de-governo-do-psol-para-a-prefeitura-de-curitiba\/"},"author":{"name":"Comunica\u00e7\u00e3o PSOL","@id":"https:\/\/psol50.org.br\/#\/schema\/person\/475dfa57d0b815993c714c2e96491fcd"},"headline":"Evento no s\u00e1bado inicia debate sobre programa de governo do PSOL para a prefeitura de Curitiba","datePublished":"2016-04-14T21:29:02+00:00","mainEntityOfPage":{"@id":"https:\/\/psol50.org.br\/evento-no-sabado-inicia-debate-sobre-programa-de-governo-do-psol-para-a-prefeitura-de-curitiba\/"},"wordCount":343,"commentCount":0,"publisher":{"@id":"https:\/\/psol50.org.br\/#organization"},"image":{"@id":"https:\/\/psol50.org.br\/evento-no-sabado-inicia-debate-sobre-programa-de-governo-do-psol-para-a-prefeitura-de-curitiba\/#primaryimage"},"thumbnailUrl":"https:\/\/psol50.org.br\/inc\/uploads\/2016\/04\/1181px-Curitiba_Centro.jpg","keywords":["Bernardo Pilotto","ciclo de debates","Curitiba","Funda\u00e7\u00e3o Lauro Campos","Juninho","liberdade","L\u00edgia Cardiere","Melissa de Oliveira Pereira","Orlando Zaccone","programa de governo","PSOL-PR","Se a cidade fosse nossa","socialismo"],"articleSection":["Estados","Partido"],"inLanguage":"pt-BR","potentialAction":[{"@type":"CommentAction","name":"Comment","target":["https:\/\/psol50.org.br\/evento-no-sabado-inicia-debate-sobre-programa-de-governo-do-psol-para-a-prefeitura-de-curitiba\/#respond"]}]},{"@type":"WebPage","@id":"https:\/\/psol50.org.br\/evento-no-sabado-inicia-debate-sobre-programa-de-governo-do-psol-para-a-prefeitura-de-curitiba\/","url":"https:\/\/psol50.org.br\/evento-no-sabado-inicia-debate-sobre-programa-de-governo-do-psol-para-a-prefeitura-de-curitiba\/","name":"Evento no s\u00e1bado inicia debate sobre programa de governo do PSOL para a prefeitura de Curitiba - PSOL 50","isPartOf":{"@id":"https:\/\/psol50.org.br\/#website"},"primaryImageOfPage":{"@id":"https:\/\/psol50.org.br\/evento-no-sabado-inicia-debate-sobre-programa-de-governo-do-psol-para-a-prefeitura-de-curitiba\/#primaryimage"},"image":{"@id":"https:\/\/psol50.org.br\/evento-no-sabado-inicia-debate-sobre-programa-de-governo-do-psol-para-a-prefeitura-de-curitiba\/#primaryimage"},"thumbnailUrl":"https:\/\/psol50.org.br\/inc\/uploads\/2016\/04\/1181px-Curitiba_Centro.jpg","datePublished":"2016-04-14T21:29:02+00:00","breadcrumb":{"@id":"https:\/\/psol50.org.br\/evento-no-sabado-inicia-debate-sobre-programa-de-governo-do-psol-para-a-prefeitura-de-curitiba\/#breadcrumb"},"inLanguage":"pt-BR","potentialAction":[{"@type":"ReadAction","target":["https:\/\/psol50.org.br\/evento-no-sabado-inicia-debate-sobre-programa-de-governo-do-psol-para-a-prefeitura-de-curitiba\/"]}]},{"@type":"ImageObject","inLanguage":"pt-BR","@id":"https:\/\/psol50.org.br\/evento-no-sabado-inicia-debate-sobre-programa-de-governo-do-psol-para-a-prefeitura-de-curitiba\/#primaryimage","url":"https:\/\/psol50.org.br\/inc\/uploads\/2016\/04\/1181px-Curitiba_Centro.jpg","contentUrl":"https:\/\/psol50.org.br\/inc\/uploads\/2016\/04\/1181px-Curitiba_Centro.jpg","width":1181,"height":900},{"@type":"BreadcrumbList","@id":"https:\/\/psol50.org.br\/evento-no-sabado-inicia-debate-sobre-programa-de-governo-do-psol-para-a-prefeitura-de-curitiba\/#breadcrumb","itemListElement":[{"@type":"ListItem","position":1,"name":"In\u00edcio","item":"https:\/\/psol50.org.br\/"},{"@type":"ListItem","position":2,"name":"Evento no s\u00e1bado inicia debate sobre programa de governo do PSOL para a prefeitura de Curitiba"}]},{"@type":"WebSite","@id":"https:\/\/psol50.org.br\/#website","url":"https:\/\/psol50.org.br\/","name":"PSOL 50","description":"Site oficial do Partido Socialismo e Liberdade","publisher":{"@id":"https:\/\/psol50.org.br\/#organization"},"alternateName":"PSOL50","potentialAction":[{"@type":"SearchAction","target":{"@type":"EntryPoint","urlTemplate":"https:\/\/psol50.org.br\/?s={search_term_string}"},"query-input":{"@type":"PropertyValueSpecification","valueRequired":true,"valueName":"search_term_string"}}],"inLanguage":"pt-BR"},{"@type":"Organization","@id":"https:\/\/psol50.org.br\/#organization","name":"PSOL 50","alternateName":"PSOL 50","url":"https:\/\/psol50.org.br\/","logo":{"@type":"ImageObject","inLanguage":"pt-BR","@id":"https:\/\/psol50.org.br\/#\/schema\/logo\/image\/","url":"https:\/\/psol50.org.br\/inc\/uploads\/2018\/07\/capa.png","contentUrl":"https:\/\/psol50.org.br\/inc\/uploads\/2018\/07\/capa.png","width":1350,"height":900,"caption":"PSOL 50"},"image":{"@id":"https:\/\/psol50.org.br\/#\/schema\/logo\/image\/"},"sameAs":["https:\/\/www.facebook.com\/psol50","https:\/\/x.com\/psol50","https:\/\/www.instagram.com\/psol50\/","https:\/\/www.youtube.com\/channel\/UC7SnJS5o1os7a6CaiNabzcg"]},{"@type":"Person","@id":"https:\/\/psol50.org.br\/#\/schema\/person\/475dfa57d0b815993c714c2e96491fcd","name":"Comunica\u00e7\u00e3o PSOL","image":{"@type":"ImageObject","inLanguage":"pt-BR","@id":"https:\/\/psol50.org.br\/#\/schema\/person\/image\/","url":"https:\/\/secure.gravatar.com\/avatar\/b34fc4f4e468a4e51785917065a3db57b841f5c95dba6ad8c73aaf8f66f8f9bf?s=96&d=mm&r=g","contentUrl":"https:\/\/secure.gravatar.com\/avatar\/b34fc4f4e468a4e51785917065a3db57b841f5c95dba6ad8c73aaf8f66f8f9bf?s=96&d=mm&r=g","caption":"Comunica\u00e7\u00e3o PSOL"}}]}},"_links":{"self":[{"href":"https:\/\/psol50.org.br\/rest\/wp\/v2\/posts\/12059","targetHints":{"allow":["GET"]}}],"collection":[{"href":"https:\/\/psol50.org.br\/rest\/wp\/v2\/posts"}],"about":[{"href":"https:\/\/psol50.org.br\/rest\/wp\/v2\/types\/post"}],"author":[{"embeddable":true,"href":"https:\/\/psol50.org.br\/rest\/wp\/v2\/users\/2"}],"replies":[{"embeddable":true,"href":"https:\/\/psol50.org.br\/rest\/wp\/v2\/comments?post=12059"}],"version-history":[{"count":0,"href":"https:\/\/psol50.org.br\/rest\/wp\/v2\/posts\/12059\/revisions"}],"wp:featuredmedia":[{"embeddable":true,"href":"https:\/\/psol50.org.br\/rest\/wp\/v2\/media\/12060"}],"wp:attachment":[{"href":"https:\/\/psol50.org.br\/rest\/wp\/v2\/media?parent=12059"}],"wp:term":[{"taxonomy":"category","embeddable":true,"href":"https:\/\/psol50.org.br\/rest\/wp\/v2\/categories?post=12059"},{"taxonomy":"post_tag","embeddable":true,"href":"https:\/\/psol50.org.br\/rest\/wp\/v2\/tags?post=12059"}],"curies":[{"name":"wp","href":"https:\/\/api.w.org\/{rel}","templated":true}]}}