{"id":12064,"date":"2016-04-15T16:49:54","date_gmt":"2016-04-15T16:49:54","guid":{"rendered":"http:\/\/www.psol50.org.br\/?p=12064"},"modified":"2016-04-15T16:49:54","modified_gmt":"2016-04-15T16:49:54","slug":"no-plenario-da-camara-psol-reafirma-posicao-contraria-ao-impeachment","status":"publish","type":"post","link":"https:\/\/psol50.org.br\/no-plenario-da-camara-psol-reafirma-posicao-contraria-ao-impeachment\/","title":{"rendered":"No plen\u00e1rio da C\u00e2mara, PSOL reafirma posi\u00e7\u00e3o contr\u00e1ria ao impeachment"},"content":{"rendered":"<p><em>O l\u00edder Ivan Valente alertou que a farsa do pedido de impeachment come\u00e7a com um r\u00e9u no comando da presid\u00eancia da C\u00e2mara<\/em><\/p>\n<p>O l\u00edder do PSOL, deputado Ivan Valente (SP), discursou nesta sexta-feira (15), na primeira das v\u00e1rias sess\u00f5es programadas ao longo do final de semana para analisar o pedido de impeachment da presidente Dilma Rousseff. Ele denunciou a farsa que se configura ao se ter um r\u00e9u no comando da sess\u00e3o e reafirmou a posi\u00e7\u00e3o do PSOL contr\u00e1ria o impeachment.<\/p>\n<p>&#8220;A primeira quest\u00e3o \u00e9 que n\u00f3s temos um r\u00e9u comandando uma farsa. E pior: ele est\u00e1 livre, leve e, principalmente, solto, comandando uma farsa&#8221;, alertou Ivan Valente, referindo-se ao deputado Eduardo Cunha, que preside a C\u00e2mara.<\/p>\n<p>Ivan Valente afirmou que h\u00e1 uma opera\u00e7\u00e3o em curso para substituir a presidente pelo vice Michel Temer. &#8220;O que existe, de verdade, \u00e9 que h\u00e1 uma opera\u00e7\u00e3o em curso, para substituir Dilma por Temer, o mesmo que assinou pedaladas fiscais. E o Temer tem 60% de rejei\u00e7\u00e3o. E ningu\u00e9m quer o Temer. Quem saiu para a rua para dizer\u00a0\u2018Fora,\u00a0Presidente Dilma\u2019,<em>\u00a0<\/em>n\u00e3o vai para a rua defender o Temer&#8221;, denunciou.<\/p>\n<p>O l\u00edder do PSOL reafirmou que n\u00e3o h\u00e1 crime de responsabilidade e que as &#8220;pedaladas fiscais&#8221; est\u00e3o sendo utilizadas como uma grande desculpa para afastar a presidente. Ele lembrou que os deputados governistas e a oposi\u00e7\u00e3o de direita aprovaram, no ano passado, R$ 120 bilh\u00f5es de isen\u00e7\u00f5es fiscais para grandes empresas e monop\u00f3lios, e que o PSOL foi o \u00fanico partido a se manifestar contra medidas do ajuste fiscal, que s\u00f3 tendem a prejudicar a popula\u00e7\u00e3o brasileira.<\/p>\n<p>&#8220;N\u00f3s dizemos, em alto e bom som, que o que est\u00e1 se fazendo aqui tem nome: ruptura institucional, golpe institucional, comandado por algu\u00e9m ileg\u00edtimo&#8221;, destacou Ivan Valente.<\/p>\n<p>Confira a fala do nosso l\u00edder:<\/p>\n<p><iframe loading=\"lazy\" src=\"https:\/\/www.facebook.com\/plugins\/post.php?href=https%3A%2F%2Fwww.facebook.com%2Fpsolnacamara%2Fvideos%2F812584472179119%2F&#038;width=500\" width=\"500\" height=\"601\" style=\"border:none;overflow:hidden\" scrolling=\"no\" frameborder=\"0\" allowTransparency=\"true\"><\/iframe><\/p>\n","protected":false},"excerpt":{"rendered":"<p>O l\u00edder Ivan Valente alertou que a farsa do pedido de impeachment come\u00e7a com um r\u00e9u no comando da presid\u00eancia da C\u00e2mara O l\u00edder do PSOL, deputado Ivan Valente (SP), discursou nesta sexta-feira (15), na primeira das v\u00e1rias sess\u00f5es programadas ao longo do final de semana para analisar o pedido de impeachment da presidente Dilma [&hellip;]<\/p>\n","protected":false},"author":2,"featured_media":12065,"comment_status":"open","ping_status":"open","sticky":false,"template":"","format":"standard","meta":{"_acf_changed":false,"footnotes":""},"categories":[10,1882,6,14],"tags":[1432,2890,4238,4136,3981,220,552,1748,4239,22],"class_list":{"0":"post-12064","1":"post","2":"type-post","3":"status-publish","4":"format-standard","5":"has-post-thumbnail","7":"category-acao-parlamentares","8":"category-brasil","9":"category-noticias","10":"category-partido","11":"tag-ajuste-fiscal","12":"tag-eduardo-cunha","13":"tag-farsa","14":"tag-golpe-institucional","15":"tag-governo-dilma","16":"tag-impeachment","17":"tag-ivan-valente","18":"tag-michel-temer","19":"tag-presidente-dilma-rousseff","20":"tag-psol"},"acf":[],"yoast_head":"<!-- This site is optimized with the Yoast SEO plugin v26.5 - https:\/\/yoast.com\/wordpress\/plugins\/seo\/ -->\n<title>No plen\u00e1rio da C\u00e2mara, PSOL reafirma posi\u00e7\u00e3o contr\u00e1ria ao impeachment - PSOL 50<\/title>\n<meta name=\"robots\" content=\"index, follow, max-snippet:-1, max-image-preview:large, max-video-preview:-1\" \/>\n<link rel=\"canonical\" href=\"https:\/\/psol50.org.br\/no-plenario-da-camara-psol-reafirma-posicao-contraria-ao-impeachment\/\" \/>\n<meta property=\"og:locale\" content=\"pt_BR\" \/>\n<meta property=\"og:type\" content=\"article\" \/>\n<meta property=\"og:title\" content=\"No plen\u00e1rio da C\u00e2mara, PSOL reafirma posi\u00e7\u00e3o contr\u00e1ria ao impeachment - PSOL 50\" \/>\n<meta property=\"og:description\" content=\"O l\u00edder Ivan Valente alertou que a farsa do pedido de impeachment come\u00e7a com um r\u00e9u no comando da presid\u00eancia da C\u00e2mara O l\u00edder do PSOL, deputado Ivan Valente (SP), discursou nesta sexta-feira (15), na primeira das v\u00e1rias sess\u00f5es programadas ao longo do final de semana para analisar o pedido de impeachment da presidente Dilma [&hellip;]\" \/>\n<meta property=\"og:url\" content=\"https:\/\/psol50.org.br\/no-plenario-da-camara-psol-reafirma-posicao-contraria-ao-impeachment\/\" \/>\n<meta property=\"og:site_name\" content=\"PSOL 50\" \/>\n<meta property=\"article:publisher\" content=\"https:\/\/www.facebook.com\/psol50\" \/>\n<meta property=\"article:published_time\" content=\"2016-04-15T16:49:54+00:00\" \/>\n<meta property=\"og:image\" content=\"https:\/\/psol50.org.br\/inc\/uploads\/2018\/07\/capa.png\" \/>\n\t<meta property=\"og:image:width\" content=\"1350\" \/>\n\t<meta property=\"og:image:height\" content=\"900\" \/>\n\t<meta property=\"og:image:type\" content=\"image\/png\" \/>\n<meta name=\"author\" content=\"Comunica\u00e7\u00e3o PSOL\" \/>\n<meta name=\"twitter:card\" content=\"summary_large_image\" \/>\n<meta name=\"twitter:creator\" content=\"@psol50\" \/>\n<meta name=\"twitter:site\" content=\"@psol50\" \/>\n<meta name=\"twitter:label1\" content=\"Escrito por\" \/>\n\t<meta name=\"twitter:data1\" content=\"Comunica\u00e7\u00e3o PSOL\" \/>\n\t<meta name=\"twitter:label2\" content=\"Est. tempo de leitura\" \/>\n\t<meta name=\"twitter:data2\" content=\"2 minutos\" \/>\n<script type=\"application\/ld+json\" class=\"yoast-schema-graph\">{\"@context\":\"https:\/\/schema.org\",\"@graph\":[{\"@type\":\"Article\",\"@id\":\"https:\/\/psol50.org.br\/no-plenario-da-camara-psol-reafirma-posicao-contraria-ao-impeachment\/#article\",\"isPartOf\":{\"@id\":\"https:\/\/psol50.org.br\/no-plenario-da-camara-psol-reafirma-posicao-contraria-ao-impeachment\/\"},\"author\":{\"name\":\"Comunica\u00e7\u00e3o PSOL\",\"@id\":\"https:\/\/psol50.org.br\/#\/schema\/person\/475dfa57d0b815993c714c2e96491fcd\"},\"headline\":\"No plen\u00e1rio da C\u00e2mara, PSOL reafirma posi\u00e7\u00e3o contr\u00e1ria ao impeachment\",\"datePublished\":\"2016-04-15T16:49:54+00:00\",\"mainEntityOfPage\":{\"@id\":\"https:\/\/psol50.org.br\/no-plenario-da-camara-psol-reafirma-posicao-contraria-ao-impeachment\/\"},\"wordCount\":340,\"commentCount\":0,\"publisher\":{\"@id\":\"https:\/\/psol50.org.br\/#organization\"},\"image\":{\"@id\":\"https:\/\/psol50.org.br\/no-plenario-da-camara-psol-reafirma-posicao-contraria-ao-impeachment\/#primaryimage\"},\"thumbnailUrl\":\"\",\"keywords\":[\"Ajuste Fiscal\",\"Eduardo Cunha\",\"farsa\",\"golpe institucional\",\"governo Dilma\",\"impeachment\",\"Ivan Valente\",\"Michel Temer\",\"presidente Dilma Rousseff\",\"PSOL\"],\"articleSection\":[\"A\u00e7\u00e3o Parlamentar\",\"Brasil\",\"Not\u00edcias\",\"Partido\"],\"inLanguage\":\"pt-BR\",\"potentialAction\":[{\"@type\":\"CommentAction\",\"name\":\"Comment\",\"target\":[\"https:\/\/psol50.org.br\/no-plenario-da-camara-psol-reafirma-posicao-contraria-ao-impeachment\/#respond\"]}]},{\"@type\":\"WebPage\",\"@id\":\"https:\/\/psol50.org.br\/no-plenario-da-camara-psol-reafirma-posicao-contraria-ao-impeachment\/\",\"url\":\"https:\/\/psol50.org.br\/no-plenario-da-camara-psol-reafirma-posicao-contraria-ao-impeachment\/\",\"name\":\"No plen\u00e1rio da C\u00e2mara, PSOL reafirma posi\u00e7\u00e3o contr\u00e1ria ao impeachment - PSOL 50\",\"isPartOf\":{\"@id\":\"https:\/\/psol50.org.br\/#website\"},\"primaryImageOfPage\":{\"@id\":\"https:\/\/psol50.org.br\/no-plenario-da-camara-psol-reafirma-posicao-contraria-ao-impeachment\/#primaryimage\"},\"image\":{\"@id\":\"https:\/\/psol50.org.br\/no-plenario-da-camara-psol-reafirma-posicao-contraria-ao-impeachment\/#primaryimage\"},\"thumbnailUrl\":\"\",\"datePublished\":\"2016-04-15T16:49:54+00:00\",\"breadcrumb\":{\"@id\":\"https:\/\/psol50.org.br\/no-plenario-da-camara-psol-reafirma-posicao-contraria-ao-impeachment\/#breadcrumb\"},\"inLanguage\":\"pt-BR\",\"potentialAction\":[{\"@type\":\"ReadAction\",\"target\":[\"https:\/\/psol50.org.br\/no-plenario-da-camara-psol-reafirma-posicao-contraria-ao-impeachment\/\"]}]},{\"@type\":\"ImageObject\",\"inLanguage\":\"pt-BR\",\"@id\":\"https:\/\/psol50.org.br\/no-plenario-da-camara-psol-reafirma-posicao-contraria-ao-impeachment\/#primaryimage\",\"url\":\"\",\"contentUrl\":\"\"},{\"@type\":\"BreadcrumbList\",\"@id\":\"https:\/\/psol50.org.br\/no-plenario-da-camara-psol-reafirma-posicao-contraria-ao-impeachment\/#breadcrumb\",\"itemListElement\":[{\"@type\":\"ListItem\",\"position\":1,\"name\":\"In\u00edcio\",\"item\":\"https:\/\/psol50.org.br\/\"},{\"@type\":\"ListItem\",\"position\":2,\"name\":\"No plen\u00e1rio da C\u00e2mara, PSOL reafirma posi\u00e7\u00e3o contr\u00e1ria ao impeachment\"}]},{\"@type\":\"WebSite\",\"@id\":\"https:\/\/psol50.org.br\/#website\",\"url\":\"https:\/\/psol50.org.br\/\",\"name\":\"PSOL 50\",\"description\":\"Site oficial do Partido Socialismo e Liberdade\",\"publisher\":{\"@id\":\"https:\/\/psol50.org.br\/#organization\"},\"alternateName\":\"PSOL50\",\"potentialAction\":[{\"@type\":\"SearchAction\",\"target\":{\"@type\":\"EntryPoint\",\"urlTemplate\":\"https:\/\/psol50.org.br\/?s={search_term_string}\"},\"query-input\":{\"@type\":\"PropertyValueSpecification\",\"valueRequired\":true,\"valueName\":\"search_term_string\"}}],\"inLanguage\":\"pt-BR\"},{\"@type\":\"Organization\",\"@id\":\"https:\/\/psol50.org.br\/#organization\",\"name\":\"PSOL 50\",\"alternateName\":\"PSOL 50\",\"url\":\"https:\/\/psol50.org.br\/\",\"logo\":{\"@type\":\"ImageObject\",\"inLanguage\":\"pt-BR\",\"@id\":\"https:\/\/psol50.org.br\/#\/schema\/logo\/image\/\",\"url\":\"https:\/\/psol50.org.br\/inc\/uploads\/2018\/07\/capa.png\",\"contentUrl\":\"https:\/\/psol50.org.br\/inc\/uploads\/2018\/07\/capa.png\",\"width\":1350,\"height\":900,\"caption\":\"PSOL 50\"},\"image\":{\"@id\":\"https:\/\/psol50.org.br\/#\/schema\/logo\/image\/\"},\"sameAs\":[\"https:\/\/www.facebook.com\/psol50\",\"https:\/\/x.com\/psol50\",\"https:\/\/www.instagram.com\/psol50\/\",\"https:\/\/www.youtube.com\/channel\/UC7SnJS5o1os7a6CaiNabzcg\"]},{\"@type\":\"Person\",\"@id\":\"https:\/\/psol50.org.br\/#\/schema\/person\/475dfa57d0b815993c714c2e96491fcd\",\"name\":\"Comunica\u00e7\u00e3o PSOL\",\"image\":{\"@type\":\"ImageObject\",\"inLanguage\":\"pt-BR\",\"@id\":\"https:\/\/psol50.org.br\/#\/schema\/person\/image\/\",\"url\":\"https:\/\/secure.gravatar.com\/avatar\/b34fc4f4e468a4e51785917065a3db57b841f5c95dba6ad8c73aaf8f66f8f9bf?s=96&d=mm&r=g\",\"contentUrl\":\"https:\/\/secure.gravatar.com\/avatar\/b34fc4f4e468a4e51785917065a3db57b841f5c95dba6ad8c73aaf8f66f8f9bf?s=96&d=mm&r=g\",\"caption\":\"Comunica\u00e7\u00e3o PSOL\"}}]}<\/script>\n<!-- \/ Yoast SEO plugin. -->","yoast_head_json":{"title":"No plen\u00e1rio da C\u00e2mara, PSOL reafirma posi\u00e7\u00e3o contr\u00e1ria ao impeachment - PSOL 50","robots":{"index":"index","follow":"follow","max-snippet":"max-snippet:-1","max-image-preview":"max-image-preview:large","max-video-preview":"max-video-preview:-1"},"canonical":"https:\/\/psol50.org.br\/no-plenario-da-camara-psol-reafirma-posicao-contraria-ao-impeachment\/","og_locale":"pt_BR","og_type":"article","og_title":"No plen\u00e1rio da C\u00e2mara, PSOL reafirma posi\u00e7\u00e3o contr\u00e1ria ao impeachment - PSOL 50","og_description":"O l\u00edder Ivan Valente alertou que a farsa do pedido de impeachment come\u00e7a com um r\u00e9u no comando da presid\u00eancia da C\u00e2mara O l\u00edder do PSOL, deputado Ivan Valente (SP), discursou nesta sexta-feira (15), na primeira das v\u00e1rias sess\u00f5es programadas ao longo do final de semana para analisar o pedido de impeachment da presidente Dilma [&hellip;]","og_url":"https:\/\/psol50.org.br\/no-plenario-da-camara-psol-reafirma-posicao-contraria-ao-impeachment\/","og_site_name":"PSOL 50","article_publisher":"https:\/\/www.facebook.com\/psol50","article_published_time":"2016-04-15T16:49:54+00:00","og_image":[{"width":1350,"height":900,"url":"https:\/\/psol50.org.br\/inc\/uploads\/2018\/07\/capa.png","type":"image\/png"}],"author":"Comunica\u00e7\u00e3o PSOL","twitter_card":"summary_large_image","twitter_creator":"@psol50","twitter_site":"@psol50","twitter_misc":{"Escrito por":"Comunica\u00e7\u00e3o PSOL","Est. tempo de leitura":"2 minutos"},"schema":{"@context":"https:\/\/schema.org","@graph":[{"@type":"Article","@id":"https:\/\/psol50.org.br\/no-plenario-da-camara-psol-reafirma-posicao-contraria-ao-impeachment\/#article","isPartOf":{"@id":"https:\/\/psol50.org.br\/no-plenario-da-camara-psol-reafirma-posicao-contraria-ao-impeachment\/"},"author":{"name":"Comunica\u00e7\u00e3o PSOL","@id":"https:\/\/psol50.org.br\/#\/schema\/person\/475dfa57d0b815993c714c2e96491fcd"},"headline":"No plen\u00e1rio da C\u00e2mara, PSOL reafirma posi\u00e7\u00e3o contr\u00e1ria ao impeachment","datePublished":"2016-04-15T16:49:54+00:00","mainEntityOfPage":{"@id":"https:\/\/psol50.org.br\/no-plenario-da-camara-psol-reafirma-posicao-contraria-ao-impeachment\/"},"wordCount":340,"commentCount":0,"publisher":{"@id":"https:\/\/psol50.org.br\/#organization"},"image":{"@id":"https:\/\/psol50.org.br\/no-plenario-da-camara-psol-reafirma-posicao-contraria-ao-impeachment\/#primaryimage"},"thumbnailUrl":"","keywords":["Ajuste Fiscal","Eduardo Cunha","farsa","golpe institucional","governo Dilma","impeachment","Ivan Valente","Michel Temer","presidente Dilma Rousseff","PSOL"],"articleSection":["A\u00e7\u00e3o Parlamentar","Brasil","Not\u00edcias","Partido"],"inLanguage":"pt-BR","potentialAction":[{"@type":"CommentAction","name":"Comment","target":["https:\/\/psol50.org.br\/no-plenario-da-camara-psol-reafirma-posicao-contraria-ao-impeachment\/#respond"]}]},{"@type":"WebPage","@id":"https:\/\/psol50.org.br\/no-plenario-da-camara-psol-reafirma-posicao-contraria-ao-impeachment\/","url":"https:\/\/psol50.org.br\/no-plenario-da-camara-psol-reafirma-posicao-contraria-ao-impeachment\/","name":"No plen\u00e1rio da C\u00e2mara, PSOL reafirma posi\u00e7\u00e3o contr\u00e1ria ao impeachment - PSOL 50","isPartOf":{"@id":"https:\/\/psol50.org.br\/#website"},"primaryImageOfPage":{"@id":"https:\/\/psol50.org.br\/no-plenario-da-camara-psol-reafirma-posicao-contraria-ao-impeachment\/#primaryimage"},"image":{"@id":"https:\/\/psol50.org.br\/no-plenario-da-camara-psol-reafirma-posicao-contraria-ao-impeachment\/#primaryimage"},"thumbnailUrl":"","datePublished":"2016-04-15T16:49:54+00:00","breadcrumb":{"@id":"https:\/\/psol50.org.br\/no-plenario-da-camara-psol-reafirma-posicao-contraria-ao-impeachment\/#breadcrumb"},"inLanguage":"pt-BR","potentialAction":[{"@type":"ReadAction","target":["https:\/\/psol50.org.br\/no-plenario-da-camara-psol-reafirma-posicao-contraria-ao-impeachment\/"]}]},{"@type":"ImageObject","inLanguage":"pt-BR","@id":"https:\/\/psol50.org.br\/no-plenario-da-camara-psol-reafirma-posicao-contraria-ao-impeachment\/#primaryimage","url":"","contentUrl":""},{"@type":"BreadcrumbList","@id":"https:\/\/psol50.org.br\/no-plenario-da-camara-psol-reafirma-posicao-contraria-ao-impeachment\/#breadcrumb","itemListElement":[{"@type":"ListItem","position":1,"name":"In\u00edcio","item":"https:\/\/psol50.org.br\/"},{"@type":"ListItem","position":2,"name":"No plen\u00e1rio da C\u00e2mara, PSOL reafirma posi\u00e7\u00e3o contr\u00e1ria ao impeachment"}]},{"@type":"WebSite","@id":"https:\/\/psol50.org.br\/#website","url":"https:\/\/psol50.org.br\/","name":"PSOL 50","description":"Site oficial do Partido Socialismo e Liberdade","publisher":{"@id":"https:\/\/psol50.org.br\/#organization"},"alternateName":"PSOL50","potentialAction":[{"@type":"SearchAction","target":{"@type":"EntryPoint","urlTemplate":"https:\/\/psol50.org.br\/?s={search_term_string}"},"query-input":{"@type":"PropertyValueSpecification","valueRequired":true,"valueName":"search_term_string"}}],"inLanguage":"pt-BR"},{"@type":"Organization","@id":"https:\/\/psol50.org.br\/#organization","name":"PSOL 50","alternateName":"PSOL 50","url":"https:\/\/psol50.org.br\/","logo":{"@type":"ImageObject","inLanguage":"pt-BR","@id":"https:\/\/psol50.org.br\/#\/schema\/logo\/image\/","url":"https:\/\/psol50.org.br\/inc\/uploads\/2018\/07\/capa.png","contentUrl":"https:\/\/psol50.org.br\/inc\/uploads\/2018\/07\/capa.png","width":1350,"height":900,"caption":"PSOL 50"},"image":{"@id":"https:\/\/psol50.org.br\/#\/schema\/logo\/image\/"},"sameAs":["https:\/\/www.facebook.com\/psol50","https:\/\/x.com\/psol50","https:\/\/www.instagram.com\/psol50\/","https:\/\/www.youtube.com\/channel\/UC7SnJS5o1os7a6CaiNabzcg"]},{"@type":"Person","@id":"https:\/\/psol50.org.br\/#\/schema\/person\/475dfa57d0b815993c714c2e96491fcd","name":"Comunica\u00e7\u00e3o PSOL","image":{"@type":"ImageObject","inLanguage":"pt-BR","@id":"https:\/\/psol50.org.br\/#\/schema\/person\/image\/","url":"https:\/\/secure.gravatar.com\/avatar\/b34fc4f4e468a4e51785917065a3db57b841f5c95dba6ad8c73aaf8f66f8f9bf?s=96&d=mm&r=g","contentUrl":"https:\/\/secure.gravatar.com\/avatar\/b34fc4f4e468a4e51785917065a3db57b841f5c95dba6ad8c73aaf8f66f8f9bf?s=96&d=mm&r=g","caption":"Comunica\u00e7\u00e3o PSOL"}}]}},"_links":{"self":[{"href":"https:\/\/psol50.org.br\/rest\/wp\/v2\/posts\/12064","targetHints":{"allow":["GET"]}}],"collection":[{"href":"https:\/\/psol50.org.br\/rest\/wp\/v2\/posts"}],"about":[{"href":"https:\/\/psol50.org.br\/rest\/wp\/v2\/types\/post"}],"author":[{"embeddable":true,"href":"https:\/\/psol50.org.br\/rest\/wp\/v2\/users\/2"}],"replies":[{"embeddable":true,"href":"https:\/\/psol50.org.br\/rest\/wp\/v2\/comments?post=12064"}],"version-history":[{"count":0,"href":"https:\/\/psol50.org.br\/rest\/wp\/v2\/posts\/12064\/revisions"}],"wp:featuredmedia":[{"embeddable":true,"href":"https:\/\/psol50.org.br\/rest\/"}],"wp:attachment":[{"href":"https:\/\/psol50.org.br\/rest\/wp\/v2\/media?parent=12064"}],"wp:term":[{"taxonomy":"category","embeddable":true,"href":"https:\/\/psol50.org.br\/rest\/wp\/v2\/categories?post=12064"},{"taxonomy":"post_tag","embeddable":true,"href":"https:\/\/psol50.org.br\/rest\/wp\/v2\/tags?post=12064"}],"curies":[{"name":"wp","href":"https:\/\/api.w.org\/{rel}","templated":true}]}}