{"id":12069,"date":"2016-04-18T18:40:15","date_gmt":"2016-04-18T18:40:15","guid":{"rendered":"http:\/\/www.psol50.org.br\/?p=12069"},"modified":"2016-04-18T18:40:15","modified_gmt":"2016-04-18T18:40:15","slug":"com-voto-contrario-do-psol-farsa-do-impeachment-conduzida-por-reu-na-lava-jato-e-aprovada-na-camara","status":"publish","type":"post","link":"https:\/\/psol50.org.br\/com-voto-contrario-do-psol-farsa-do-impeachment-conduzida-por-reu-na-lava-jato-e-aprovada-na-camara\/","title":{"rendered":"Ao votar contra o impeachment, PSOL denuncia farsa de Cunha e Temer"},"content":{"rendered":"<p><em><strong>Para presidente do partido, batalha pela democracia n\u00e3o terminou. &#8220;Seguiremos lutando para barrar o golpe e, ao mesmo tempo, exigindo puni\u00e7\u00e3o imediata de Eduardo Cunha. E imediata suspens\u00e3o de todas as propostas que viabilizam o ajuste fiscal\u201d<\/strong><\/em><\/p>\n<p>J\u00e1 passavam das 17 horas desse domingo (17\/04), quando o presidente da C\u00e2mara, deputado Eduardo Cunha (PMDB-RJ) \u2013 considerado pelo Supremo Tribunal Federal (STF) r\u00e9u na Opera\u00e7\u00e3o Lava Lato \u2013 declarou aberto o processo de vota\u00e7\u00e3o, no plen\u00e1rio da Casa, do pedido de impeachment da presidente Dilma Rousseff. Do lado de fora, no lado norte da Esplanada dos Minist\u00e9rios, manifestantes contr\u00e1rios ao denominado golpe institucional e em defesa da democracia, acompanhavam ansiosos o desfecho de uma farsa iniciada h\u00e1 pouco mais de um m\u00eas na C\u00e2mara dos Deputados. Numa divis\u00e3o determinada pelo Governo do Distrito Federal (GDF) digna de partidas de futebol em finais de campeonatos, do lado sul da Esplanada pessoas favor\u00e1veis ao afastamento da presidente Dilma tamb\u00e9m acompanhavam a vota\u00e7\u00e3o. E no meio dos dois grupos um extenso muro de metal, alvo de in\u00fameras cr\u00edticas da popula\u00e7\u00e3o da capital do pa\u00eds.<\/p>\n<p>A sess\u00e3o de vota\u00e7\u00e3o durou cerca 6 horas, mas todo o processo de discuss\u00e3o e vota\u00e7\u00e3o do impeachment, iniciada na sexta (15), consumiu quase 53 horas. Do in\u00edcio ao fim da vota\u00e7\u00e3o, que resultou favor\u00e1vel ao afastamento da presidente Dilma (367 a 137 votos), interesses privados, familiares e religiosos deram o tom dos votos da maioria dos que votaram com Eduardo Cunha, Michel Temer, Paulinho da For\u00e7a, Marco Feliciano e Jair Bolsonaro, que, da mesma forma que seu filho Eduardo Bolsonaro (PSC-SP), dedicou seu voto aos militares que destitu\u00edram Jo\u00e3o Goulart h\u00e1 52 anos e lembrou o coronel Carlos Alberto Brilhante Urstra, chefe do DOI-Codi, \u00f3rg\u00e3o de repress\u00e3o pol\u00edtica palco de torturas durante o regime militar. Teve tamb\u00e9m a deputada Raquel Muniz (PSD-MG), que bradou repetidas vezes a palavra \u201csim\u201d como s\u00edmbolo do seu desejo pelo fim da corrup\u00e7\u00e3o no pa\u00eds e destacou a gest\u00e3o do marido como prefeito de Montes Claros, no norte de Minas Gerais, o mesmo que fora preso na manh\u00e3 desta segunda-feira (18) pela Pol\u00edcia Federal, por prejudicar o funcionamento de hospitais p\u00fablicos da cidade para favorecer um hospital privado, gerido pela sua fam\u00edlia. O pr\u00f3prio Eduardo Cunha foi um dos que, sem qualquer pudor, se apegaram \u00e0 for\u00e7a divina no momento de proferir seu voto pelo impeachment: &#8220;Que Deus tenha miseric\u00f3rdia desta na\u00e7\u00e3o&#8221;.<\/p>\n<p>Os seis deputados que comp\u00f5em a bancada do PSOL, mantendo a coer\u00eancia do partido, votaram contra o impeachment da presidente Dilma Rousseff e repudiaram, em seus votos, o processo conduzido por um deputado r\u00e9u na Lava Jato. Ivan Valente (SP), Chico Alencar (RJ), Luiza Erundina (SP), Jean Wyllys (RJ), Glauber Braga (RJ) e Edmilson Rodrigues (PA) denunciaram, ainda, a farsa em curso, j\u00e1 que o processo aprovado ontem na C\u00e2mara tem v\u00edcios de origem e pouca ou nenhuma consist\u00eancia jur\u00eddica, al\u00e9m de significar um retrocesso pol\u00edtico.<\/p>\n<p>Dilma n\u00e3o est\u00e1 sendo julgada por corrup\u00e7\u00e3o ou pelos erros de seu governo. Est\u00e1 sendo julgada por ter praticado as chamadas \u201cpedaladas fiscais\u201d, decretos de suplementa\u00e7\u00e3o or\u00e7ament\u00e1ria que adiaram pagamentos a bancos p\u00fablicos e privados, mas que n\u00e3o caracterizam crime de responsabilidade \u2013 necessidade primeira para destituir um presidente eleito. A insufici\u00eancia jur\u00eddica aumenta quando o pedido \u00e9 feito apenas para Dilma, como se seu vice, Michel Temer, n\u00e3o tivesse se \u201cbeneficiado\u201d juntamente com a presidente. Al\u00e9m de n\u00e3o ser questionado, ele e seu partido se beneficiar\u00e3o diretamente caso o processo de impeachment seja finalmente aprovado no Senado e aceito pelo Supremo Tribunal Federal.<\/p>\n<p><strong>Leia mais: <a href=\"http:\/\/www.psol50.org.br\/2016\/04\/por-que-o-psol-vota-contra-o-impeachment\/\"><em>Por que o PSOL vota contra o impeachment<\/em><\/a><\/strong><\/p>\n<p><strong>Elei\u00e7\u00e3o de Temer \u00e9 uma fraude<\/strong><br \/>\nPrimeiro a votar na sess\u00e3o de ontem (17), o l\u00edder do partido na C\u00e2mara, deputado Ivan Valente, reafirmou o que vinha dizendo desde a sexta-feira (15) &#8211; quando oficialmente teve in\u00edcio a sess\u00e3o de debate sobre o impeachment &#8211; que n\u00e3o aceitar\u00e1 processo conduzido por Eduardo Cunha, pela sua condi\u00e7\u00e3o de r\u00e9u na Lava Jato e por ser alvo de uma representa\u00e7\u00e3o no Conselho de \u00c9tica, protocolada pelo PSOL e pela Rede. Ele tamb\u00e9m rejeitou a possibilidade de Michel Temer se tornar presidente do Brasil. \u201cA todo o povo brasileiro, quero dizer que n\u00e3o aceito o corrupto Eduardo Cunha presidindo qualquer processo de impeachment. Ele deveria ser o primeiro a ser impedido. A elei\u00e7\u00e3o de Temer, se vingar o impeachment, \u00e9 uma fraude, que deve ser evitada, porque Temer \u00e9 uma arma\u00e7\u00e3o para sacrificar os trabalhadores e para abafar a Lava Jato\u201d.<\/p>\n<p>De forma breve e emocionada, Luiza Erundina, pr\u00e9-candidata \u00e0 Prefeitura de S\u00e3o Paulo pelo PSOL, dedicou seu voto \u00e0 luta das mulheres e de todos aqueles que enfrentaram a ditadura civil-militar em defesa da democracia. \u201cPelos que deram a vida pela democracia no Brasil e pelo empoderamento das mulheres, meu voto \u00e9 n\u00e3o!&#8221;.<\/p>\n<p>Edmilson Rodrigues, do Par\u00e1 e pr\u00e9-candidato a prefeito de Bel\u00e9m, destacou a atua\u00e7\u00e3o do PSOL como oposi\u00e7\u00e3o de esquerda ao governo Dilma, mas que, ao mesmo tempo, vem denunciando a ofensiva da direita e o avan\u00e7o conservador. \u201cCom a moral de ser de um partido, o PSOL, que faz oposi\u00e7\u00e3o, mas uma oposi\u00e7\u00e3o de esquerda, program\u00e1tica e socialista ao governo e n\u00e3o conive com golpe \u00e0 democracia, nosso voto \u00e9 n\u00e3o\u201d.<\/p>\n<p>\u201cContra a hipocrisia que faz corruptos se tornaram arautos da moralidade p\u00fablica. Contra o condutor ileg\u00edtimo desta farsa, que est\u00e1 ali sentado \u00e0 presid\u00eancia da mesa da C\u00e2mara. Por uma reforma pol\u00edtica radical, com participa\u00e7\u00e3o popular, que tire o poder da grana do sistema degenerado. Pelos direitos da popula\u00e7\u00e3o, do povo que luta por terra, trabalho e dignidade\u201d, disse o deputado Chico Alencar, ao declarar seu voto contr\u00e1rio ao impeachment e refor\u00e7ando a den\u00fancia do PSOL do golpe em curso.<\/p>\n<p><strong>\u201cPor aqueles que nunca escolheram o lado f\u00e1cil da hist\u00f3ria\u201d<\/strong><br \/>\nUm dos deputados que mais arrancaram aplausos no plen\u00e1rio e tamb\u00e9m dos manifestantes que acompanhavam a vota\u00e7\u00e3o no gramado do Congresso Nacional, Glauber Braga fez a defesa do voto \u201cn\u00e3o\u201d com uma homenagem magistral e emocionante a v\u00e1rios lutadores brasileiros. \u201cEu voto por aqueles que nunca escolheram o lado f\u00e1cil da hist\u00f3ria. Eu voto por Marighella, eu voto por Pl\u00ednio de Arruda Sampaio, eu voto por Evandro Lins e Silva, eu voto por Arraes, eu voto por Lu\u00eds Carlos Prestes, eu voto por Olga Ben\u00e1rio, eu voto por Brizola e Darcy Ribeiro, eu voto por Zumbi dos Palmares. Eu voto n\u00e3o\u201d, defendeu o deputado fluminense, cujo voto est\u00e1 entre os mais aclamados nas redes sociais pelos manifestantes contr\u00e1rios ao impeachment.<\/p>\n<p>\u00daltimo a votar pelo PSOL, Jean Wyllys tamb\u00e9m fez uma declara\u00e7\u00e3o de voto denunciando a figura de Eduardo Cunha e lembrando, emocionado, os movimentos sociais que historicamente lutam por mais direitos e contra a opress\u00e3o e o avan\u00e7o do conservadorismo. \u201cEm nome dos direitos, da popula\u00e7\u00e3o LGBT, do povo negro exterminado nas periferias, dos trabalhadores da cultura, dos sem-teto, dos sem-terra, eu voto n\u00e3o ao golpe. E durmam com essa, canalhas\u201d.<\/p>\n<p><strong>&#8220;A batalha pela democracia n\u00e3o terminou&#8221;<\/strong><br \/>\nE Executiva Nacional do PSOL se re\u00fane na noite desta segunda-feira, em Bras\u00edlia, para avaliar os desdobramentos da vota\u00e7\u00e3o de ontem na C\u00e2mara. Mas, na avalia\u00e7\u00e3o do presidente nacional do partido, Luiz Ara\u00fajo, a situa\u00e7\u00e3o n\u00e3o est\u00e1 definida e \u00e9 preciso continuar as press\u00f5es nas ruas para barrar o golpe institucional, a ofensiva da direita e as medidas de ajuste fiscal do governo e tamb\u00e9m para garantir a imediata puni\u00e7\u00e3o de Eduardo Cunha. \u201cUm impeachment sem crime de responsabilidade, tramado por um not\u00f3rio corrupto e vice-presidente e comandado por um r\u00e9u no STF, solto apenas por conveni\u00eancia das elites, \u00e9 um golpe claro. A batalha pela democracia n\u00e3o terminou. Seguiremos lutando para barrar o golpe e, ao mesmo tempo, exigindo puni\u00e7\u00e3o imediata de Eduardo Cunha. E imediata suspens\u00e3o de todas as propostas que viabilizam o ajuste fiscal\u201d.<\/p>\n<p>Ara\u00fajo, ao reafirmar a atua\u00e7\u00e3o do PSOL como oposi\u00e7\u00e3o program\u00e1tica e de esquerda ao governo, critica as op\u00e7\u00f5es feitas pelo Pal\u00e1cio do Planalto em nome da governabilidade, al\u00e9m de demarcar o que representam os votos favor\u00e1veis ao impeachment. \u201cO resultado mostra os erros do governo na escolha de aliados e \u00e9 representativo do avan\u00e7o do fisiologismo e conservadorismo\u201d.<\/p>\n<p>O processo seguir\u00e1 agora para o Senado Federal, onde tamb\u00e9m ser\u00e1 analisado por uma comiss\u00e3o especial e depois pelo plen\u00e1rio da Casa. Para que Dilma seja afastada do cargo, o processo precisa da aprova\u00e7\u00e3o de 41 senadores.<\/p>\n<p>Confira, abaixo, o voto dos deputados do PSOL.<\/p>\n<p><iframe loading=\"lazy\" style=\"border: none; overflow: hidden;\" src=\"https:\/\/www.facebook.com\/plugins\/post.php?href=https%3A%2F%2Fwww.facebook.com%2FIvanValentePSOL%2Fvideos%2F1181751751869705%2F&amp;width=500\" width=\"500\" height=\"426\" frameborder=\"0\" scrolling=\"no\"><\/iframe><\/p>\n<p><iframe loading=\"lazy\" style=\"border: none; overflow: hidden;\" src=\"https:\/\/www.facebook.com\/plugins\/post.php?href=https%3A%2F%2Fwww.facebook.com%2Fluizaerundina%2Fvideos%2F1170327906333456%2F&amp;width=500\" width=\"500\" height=\"445\" frameborder=\"0\" scrolling=\"no\"><\/iframe><\/p>\n<p><iframe loading=\"lazy\" style=\"border: none; overflow: hidden;\" src=\"https:\/\/www.facebook.com\/plugins\/post.php?href=https%3A%2F%2Fwww.facebook.com%2Fedmilsonpsol%2Fvideos%2F1134016146638858%2F&amp;width=500\" width=\"500\" height=\"556\" frameborder=\"0\" scrolling=\"no\"><\/iframe><\/p>\n<p><iframe loading=\"lazy\" style=\"border: none; overflow: hidden;\" src=\"https:\/\/www.facebook.com\/plugins\/post.php?href=https%3A%2F%2Fwww.facebook.com%2Fchicoalencar%2Fvideos%2F816416391793947%2F&amp;width=500\" width=\"500\" height=\"600\" frameborder=\"0\" scrolling=\"no\"><\/iframe><\/p>\n<p><iframe loading=\"lazy\" style=\"border: none; overflow: hidden;\" src=\"https:\/\/www.facebook.com\/plugins\/post.php?href=https%3A%2F%2Fwww.facebook.com%2Fglauber.braga1%2Fvideos%2F588314637992228%2F&amp;width=500\" width=\"500\" height=\"432\" frameborder=\"0\" scrolling=\"no\"><\/iframe><\/p>\n<p><iframe loading=\"lazy\" style=\"border: none; overflow: hidden;\" src=\"https:\/\/www.facebook.com\/plugins\/post.php?href=https%3A%2F%2Fwww.facebook.com%2Fjean.wyllys%2Fvideos%2F1073562216025118%2F&amp;width=500\" width=\"500\" height=\"497\" frameborder=\"0\" scrolling=\"no\"><\/iframe><\/p>\n","protected":false},"excerpt":{"rendered":"<p>Para presidente do partido, batalha pela democracia n\u00e3o terminou. &#8220;Seguiremos lutando para barrar o golpe e, ao mesmo tempo, exigindo puni\u00e7\u00e3o imediata de Eduardo Cunha. E imediata suspens\u00e3o de todas as propostas que viabilizam o ajuste fiscal\u201d J\u00e1 passavam das 17 horas desse domingo (17\/04), quando o presidente da C\u00e2mara, deputado Eduardo Cunha (PMDB-RJ) \u2013 [&hellip;]<\/p>\n","protected":false},"author":2,"featured_media":12070,"comment_status":"open","ping_status":"open","sticky":false,"template":"","format":"standard","meta":{"_acf_changed":false,"footnotes":""},"categories":[10,1882,6,14],"tags":[1432,2410,709,1680,87,973,2890,4238,1191,151,4136,3981,220,552,244,663,1801,553,1748,4240,4239],"class_list":{"0":"post-12069","1":"post","2":"type-post","3":"status-publish","4":"format-standard","5":"has-post-thumbnail","7":"category-acao-parlamentares","8":"category-brasil","9":"category-noticias","10":"category-partido","11":"tag-ajuste-fiscal","12":"tag-avanco-conservador","13":"tag-camara-dos-deputados","14":"tag-chico-alencar","15":"tag-democracia","16":"tag-edmilson-rodrigues","17":"tag-eduardo-cunha","18":"tag-farsa","19":"tag-glauber-braga","20":"tag-golpe","21":"tag-golpe-institucional","22":"tag-governo-dilma","23":"tag-impeachment","24":"tag-ivan-valente","25":"tag-jair-bolsonaro","26":"tag-jean-wyllys","27":"tag-luiz-araujo","28":"tag-luiza-erundina","29":"tag-michel-temer","30":"tag-ofensiva-da-direita","31":"tag-presidente-dilma-rousseff"},"acf":[],"yoast_head":"<!-- This site is optimized with the Yoast SEO plugin v26.5 - https:\/\/yoast.com\/wordpress\/plugins\/seo\/ -->\n<title>Ao votar contra o impeachment, PSOL denuncia farsa de Cunha e Temer - PSOL 50<\/title>\n<meta name=\"robots\" content=\"index, follow, max-snippet:-1, max-image-preview:large, max-video-preview:-1\" \/>\n<link rel=\"canonical\" href=\"https:\/\/psol50.org.br\/com-voto-contrario-do-psol-farsa-do-impeachment-conduzida-por-reu-na-lava-jato-e-aprovada-na-camara\/\" \/>\n<meta property=\"og:locale\" content=\"pt_BR\" \/>\n<meta property=\"og:type\" content=\"article\" \/>\n<meta property=\"og:title\" content=\"Ao votar contra o impeachment, PSOL denuncia farsa de Cunha e Temer - PSOL 50\" \/>\n<meta property=\"og:description\" content=\"Para presidente do partido, batalha pela democracia n\u00e3o terminou. &#8220;Seguiremos lutando para barrar o golpe e, ao mesmo tempo, exigindo puni\u00e7\u00e3o imediata de Eduardo Cunha. E imediata suspens\u00e3o de todas as propostas que viabilizam o ajuste fiscal\u201d J\u00e1 passavam das 17 horas desse domingo (17\/04), quando o presidente da C\u00e2mara, deputado Eduardo Cunha (PMDB-RJ) \u2013 [&hellip;]\" \/>\n<meta property=\"og:url\" content=\"https:\/\/psol50.org.br\/com-voto-contrario-do-psol-farsa-do-impeachment-conduzida-por-reu-na-lava-jato-e-aprovada-na-camara\/\" \/>\n<meta property=\"og:site_name\" content=\"PSOL 50\" \/>\n<meta property=\"article:publisher\" content=\"https:\/\/www.facebook.com\/psol50\" \/>\n<meta property=\"article:published_time\" content=\"2016-04-18T18:40:15+00:00\" \/>\n<meta property=\"og:image\" content=\"https:\/\/psol50.org.br\/inc\/uploads\/2018\/07\/capa.png\" \/>\n\t<meta property=\"og:image:width\" content=\"1350\" \/>\n\t<meta property=\"og:image:height\" content=\"900\" \/>\n\t<meta property=\"og:image:type\" content=\"image\/png\" \/>\n<meta name=\"author\" content=\"Comunica\u00e7\u00e3o PSOL\" \/>\n<meta name=\"twitter:card\" content=\"summary_large_image\" \/>\n<meta name=\"twitter:creator\" content=\"@psol50\" \/>\n<meta name=\"twitter:site\" content=\"@psol50\" \/>\n<meta name=\"twitter:label1\" content=\"Escrito por\" \/>\n\t<meta name=\"twitter:data1\" content=\"Comunica\u00e7\u00e3o PSOL\" \/>\n\t<meta name=\"twitter:label2\" content=\"Est. tempo de leitura\" \/>\n\t<meta name=\"twitter:data2\" content=\"8 minutos\" \/>\n<script type=\"application\/ld+json\" class=\"yoast-schema-graph\">{\"@context\":\"https:\/\/schema.org\",\"@graph\":[{\"@type\":\"Article\",\"@id\":\"https:\/\/psol50.org.br\/com-voto-contrario-do-psol-farsa-do-impeachment-conduzida-por-reu-na-lava-jato-e-aprovada-na-camara\/#article\",\"isPartOf\":{\"@id\":\"https:\/\/psol50.org.br\/com-voto-contrario-do-psol-farsa-do-impeachment-conduzida-por-reu-na-lava-jato-e-aprovada-na-camara\/\"},\"author\":{\"name\":\"Comunica\u00e7\u00e3o PSOL\",\"@id\":\"https:\/\/psol50.org.br\/#\/schema\/person\/475dfa57d0b815993c714c2e96491fcd\"},\"headline\":\"Ao votar contra o impeachment, PSOL denuncia farsa de Cunha e Temer\",\"datePublished\":\"2016-04-18T18:40:15+00:00\",\"mainEntityOfPage\":{\"@id\":\"https:\/\/psol50.org.br\/com-voto-contrario-do-psol-farsa-do-impeachment-conduzida-por-reu-na-lava-jato-e-aprovada-na-camara\/\"},\"wordCount\":1535,\"commentCount\":0,\"publisher\":{\"@id\":\"https:\/\/psol50.org.br\/#organization\"},\"image\":{\"@id\":\"https:\/\/psol50.org.br\/com-voto-contrario-do-psol-farsa-do-impeachment-conduzida-por-reu-na-lava-jato-e-aprovada-na-camara\/#primaryimage\"},\"thumbnailUrl\":\"\",\"keywords\":[\"Ajuste Fiscal\",\"avan\u00e7o conservador\",\"C\u00e2mara dos Deputados\",\"Chico Alencar\",\"democracia\",\"Edmilson Rodrigues\",\"Eduardo Cunha\",\"farsa\",\"Glauber Braga\",\"golpe\",\"golpe institucional\",\"governo Dilma\",\"impeachment\",\"Ivan Valente\",\"Jair Bolsonaro\",\"Jean Wyllys\",\"Luiz Ara\u00fajo\",\"Luiza Erundina\",\"Michel Temer\",\"ofensiva da direita\",\"presidente Dilma Rousseff\"],\"articleSection\":[\"A\u00e7\u00e3o Parlamentar\",\"Brasil\",\"Not\u00edcias\",\"Partido\"],\"inLanguage\":\"pt-BR\",\"potentialAction\":[{\"@type\":\"CommentAction\",\"name\":\"Comment\",\"target\":[\"https:\/\/psol50.org.br\/com-voto-contrario-do-psol-farsa-do-impeachment-conduzida-por-reu-na-lava-jato-e-aprovada-na-camara\/#respond\"]}]},{\"@type\":\"WebPage\",\"@id\":\"https:\/\/psol50.org.br\/com-voto-contrario-do-psol-farsa-do-impeachment-conduzida-por-reu-na-lava-jato-e-aprovada-na-camara\/\",\"url\":\"https:\/\/psol50.org.br\/com-voto-contrario-do-psol-farsa-do-impeachment-conduzida-por-reu-na-lava-jato-e-aprovada-na-camara\/\",\"name\":\"Ao votar contra o impeachment, PSOL denuncia farsa de Cunha e Temer - PSOL 50\",\"isPartOf\":{\"@id\":\"https:\/\/psol50.org.br\/#website\"},\"primaryImageOfPage\":{\"@id\":\"https:\/\/psol50.org.br\/com-voto-contrario-do-psol-farsa-do-impeachment-conduzida-por-reu-na-lava-jato-e-aprovada-na-camara\/#primaryimage\"},\"image\":{\"@id\":\"https:\/\/psol50.org.br\/com-voto-contrario-do-psol-farsa-do-impeachment-conduzida-por-reu-na-lava-jato-e-aprovada-na-camara\/#primaryimage\"},\"thumbnailUrl\":\"\",\"datePublished\":\"2016-04-18T18:40:15+00:00\",\"breadcrumb\":{\"@id\":\"https:\/\/psol50.org.br\/com-voto-contrario-do-psol-farsa-do-impeachment-conduzida-por-reu-na-lava-jato-e-aprovada-na-camara\/#breadcrumb\"},\"inLanguage\":\"pt-BR\",\"potentialAction\":[{\"@type\":\"ReadAction\",\"target\":[\"https:\/\/psol50.org.br\/com-voto-contrario-do-psol-farsa-do-impeachment-conduzida-por-reu-na-lava-jato-e-aprovada-na-camara\/\"]}]},{\"@type\":\"ImageObject\",\"inLanguage\":\"pt-BR\",\"@id\":\"https:\/\/psol50.org.br\/com-voto-contrario-do-psol-farsa-do-impeachment-conduzida-por-reu-na-lava-jato-e-aprovada-na-camara\/#primaryimage\",\"url\":\"\",\"contentUrl\":\"\"},{\"@type\":\"BreadcrumbList\",\"@id\":\"https:\/\/psol50.org.br\/com-voto-contrario-do-psol-farsa-do-impeachment-conduzida-por-reu-na-lava-jato-e-aprovada-na-camara\/#breadcrumb\",\"itemListElement\":[{\"@type\":\"ListItem\",\"position\":1,\"name\":\"In\u00edcio\",\"item\":\"https:\/\/psol50.org.br\/\"},{\"@type\":\"ListItem\",\"position\":2,\"name\":\"Ao votar contra o impeachment, PSOL denuncia farsa de Cunha e Temer\"}]},{\"@type\":\"WebSite\",\"@id\":\"https:\/\/psol50.org.br\/#website\",\"url\":\"https:\/\/psol50.org.br\/\",\"name\":\"PSOL 50\",\"description\":\"Site oficial do Partido Socialismo e Liberdade\",\"publisher\":{\"@id\":\"https:\/\/psol50.org.br\/#organization\"},\"alternateName\":\"PSOL50\",\"potentialAction\":[{\"@type\":\"SearchAction\",\"target\":{\"@type\":\"EntryPoint\",\"urlTemplate\":\"https:\/\/psol50.org.br\/?s={search_term_string}\"},\"query-input\":{\"@type\":\"PropertyValueSpecification\",\"valueRequired\":true,\"valueName\":\"search_term_string\"}}],\"inLanguage\":\"pt-BR\"},{\"@type\":\"Organization\",\"@id\":\"https:\/\/psol50.org.br\/#organization\",\"name\":\"PSOL 50\",\"alternateName\":\"PSOL 50\",\"url\":\"https:\/\/psol50.org.br\/\",\"logo\":{\"@type\":\"ImageObject\",\"inLanguage\":\"pt-BR\",\"@id\":\"https:\/\/psol50.org.br\/#\/schema\/logo\/image\/\",\"url\":\"https:\/\/psol50.org.br\/inc\/uploads\/2018\/07\/capa.png\",\"contentUrl\":\"https:\/\/psol50.org.br\/inc\/uploads\/2018\/07\/capa.png\",\"width\":1350,\"height\":900,\"caption\":\"PSOL 50\"},\"image\":{\"@id\":\"https:\/\/psol50.org.br\/#\/schema\/logo\/image\/\"},\"sameAs\":[\"https:\/\/www.facebook.com\/psol50\",\"https:\/\/x.com\/psol50\",\"https:\/\/www.instagram.com\/psol50\/\",\"https:\/\/www.youtube.com\/channel\/UC7SnJS5o1os7a6CaiNabzcg\"]},{\"@type\":\"Person\",\"@id\":\"https:\/\/psol50.org.br\/#\/schema\/person\/475dfa57d0b815993c714c2e96491fcd\",\"name\":\"Comunica\u00e7\u00e3o PSOL\",\"image\":{\"@type\":\"ImageObject\",\"inLanguage\":\"pt-BR\",\"@id\":\"https:\/\/psol50.org.br\/#\/schema\/person\/image\/\",\"url\":\"https:\/\/secure.gravatar.com\/avatar\/b34fc4f4e468a4e51785917065a3db57b841f5c95dba6ad8c73aaf8f66f8f9bf?s=96&d=mm&r=g\",\"contentUrl\":\"https:\/\/secure.gravatar.com\/avatar\/b34fc4f4e468a4e51785917065a3db57b841f5c95dba6ad8c73aaf8f66f8f9bf?s=96&d=mm&r=g\",\"caption\":\"Comunica\u00e7\u00e3o PSOL\"}}]}<\/script>\n<!-- \/ Yoast SEO plugin. -->","yoast_head_json":{"title":"Ao votar contra o impeachment, PSOL denuncia farsa de Cunha e Temer - PSOL 50","robots":{"index":"index","follow":"follow","max-snippet":"max-snippet:-1","max-image-preview":"max-image-preview:large","max-video-preview":"max-video-preview:-1"},"canonical":"https:\/\/psol50.org.br\/com-voto-contrario-do-psol-farsa-do-impeachment-conduzida-por-reu-na-lava-jato-e-aprovada-na-camara\/","og_locale":"pt_BR","og_type":"article","og_title":"Ao votar contra o impeachment, PSOL denuncia farsa de Cunha e Temer - PSOL 50","og_description":"Para presidente do partido, batalha pela democracia n\u00e3o terminou. &#8220;Seguiremos lutando para barrar o golpe e, ao mesmo tempo, exigindo puni\u00e7\u00e3o imediata de Eduardo Cunha. E imediata suspens\u00e3o de todas as propostas que viabilizam o ajuste fiscal\u201d J\u00e1 passavam das 17 horas desse domingo (17\/04), quando o presidente da C\u00e2mara, deputado Eduardo Cunha (PMDB-RJ) \u2013 [&hellip;]","og_url":"https:\/\/psol50.org.br\/com-voto-contrario-do-psol-farsa-do-impeachment-conduzida-por-reu-na-lava-jato-e-aprovada-na-camara\/","og_site_name":"PSOL 50","article_publisher":"https:\/\/www.facebook.com\/psol50","article_published_time":"2016-04-18T18:40:15+00:00","og_image":[{"width":1350,"height":900,"url":"https:\/\/psol50.org.br\/inc\/uploads\/2018\/07\/capa.png","type":"image\/png"}],"author":"Comunica\u00e7\u00e3o PSOL","twitter_card":"summary_large_image","twitter_creator":"@psol50","twitter_site":"@psol50","twitter_misc":{"Escrito por":"Comunica\u00e7\u00e3o PSOL","Est. tempo de leitura":"8 minutos"},"schema":{"@context":"https:\/\/schema.org","@graph":[{"@type":"Article","@id":"https:\/\/psol50.org.br\/com-voto-contrario-do-psol-farsa-do-impeachment-conduzida-por-reu-na-lava-jato-e-aprovada-na-camara\/#article","isPartOf":{"@id":"https:\/\/psol50.org.br\/com-voto-contrario-do-psol-farsa-do-impeachment-conduzida-por-reu-na-lava-jato-e-aprovada-na-camara\/"},"author":{"name":"Comunica\u00e7\u00e3o PSOL","@id":"https:\/\/psol50.org.br\/#\/schema\/person\/475dfa57d0b815993c714c2e96491fcd"},"headline":"Ao votar contra o impeachment, PSOL denuncia farsa de Cunha e Temer","datePublished":"2016-04-18T18:40:15+00:00","mainEntityOfPage":{"@id":"https:\/\/psol50.org.br\/com-voto-contrario-do-psol-farsa-do-impeachment-conduzida-por-reu-na-lava-jato-e-aprovada-na-camara\/"},"wordCount":1535,"commentCount":0,"publisher":{"@id":"https:\/\/psol50.org.br\/#organization"},"image":{"@id":"https:\/\/psol50.org.br\/com-voto-contrario-do-psol-farsa-do-impeachment-conduzida-por-reu-na-lava-jato-e-aprovada-na-camara\/#primaryimage"},"thumbnailUrl":"","keywords":["Ajuste Fiscal","avan\u00e7o conservador","C\u00e2mara dos Deputados","Chico Alencar","democracia","Edmilson Rodrigues","Eduardo Cunha","farsa","Glauber Braga","golpe","golpe institucional","governo Dilma","impeachment","Ivan Valente","Jair Bolsonaro","Jean Wyllys","Luiz Ara\u00fajo","Luiza Erundina","Michel Temer","ofensiva da direita","presidente Dilma Rousseff"],"articleSection":["A\u00e7\u00e3o Parlamentar","Brasil","Not\u00edcias","Partido"],"inLanguage":"pt-BR","potentialAction":[{"@type":"CommentAction","name":"Comment","target":["https:\/\/psol50.org.br\/com-voto-contrario-do-psol-farsa-do-impeachment-conduzida-por-reu-na-lava-jato-e-aprovada-na-camara\/#respond"]}]},{"@type":"WebPage","@id":"https:\/\/psol50.org.br\/com-voto-contrario-do-psol-farsa-do-impeachment-conduzida-por-reu-na-lava-jato-e-aprovada-na-camara\/","url":"https:\/\/psol50.org.br\/com-voto-contrario-do-psol-farsa-do-impeachment-conduzida-por-reu-na-lava-jato-e-aprovada-na-camara\/","name":"Ao votar contra o impeachment, PSOL denuncia farsa de Cunha e Temer - PSOL 50","isPartOf":{"@id":"https:\/\/psol50.org.br\/#website"},"primaryImageOfPage":{"@id":"https:\/\/psol50.org.br\/com-voto-contrario-do-psol-farsa-do-impeachment-conduzida-por-reu-na-lava-jato-e-aprovada-na-camara\/#primaryimage"},"image":{"@id":"https:\/\/psol50.org.br\/com-voto-contrario-do-psol-farsa-do-impeachment-conduzida-por-reu-na-lava-jato-e-aprovada-na-camara\/#primaryimage"},"thumbnailUrl":"","datePublished":"2016-04-18T18:40:15+00:00","breadcrumb":{"@id":"https:\/\/psol50.org.br\/com-voto-contrario-do-psol-farsa-do-impeachment-conduzida-por-reu-na-lava-jato-e-aprovada-na-camara\/#breadcrumb"},"inLanguage":"pt-BR","potentialAction":[{"@type":"ReadAction","target":["https:\/\/psol50.org.br\/com-voto-contrario-do-psol-farsa-do-impeachment-conduzida-por-reu-na-lava-jato-e-aprovada-na-camara\/"]}]},{"@type":"ImageObject","inLanguage":"pt-BR","@id":"https:\/\/psol50.org.br\/com-voto-contrario-do-psol-farsa-do-impeachment-conduzida-por-reu-na-lava-jato-e-aprovada-na-camara\/#primaryimage","url":"","contentUrl":""},{"@type":"BreadcrumbList","@id":"https:\/\/psol50.org.br\/com-voto-contrario-do-psol-farsa-do-impeachment-conduzida-por-reu-na-lava-jato-e-aprovada-na-camara\/#breadcrumb","itemListElement":[{"@type":"ListItem","position":1,"name":"In\u00edcio","item":"https:\/\/psol50.org.br\/"},{"@type":"ListItem","position":2,"name":"Ao votar contra o impeachment, PSOL denuncia farsa de Cunha e Temer"}]},{"@type":"WebSite","@id":"https:\/\/psol50.org.br\/#website","url":"https:\/\/psol50.org.br\/","name":"PSOL 50","description":"Site oficial do Partido Socialismo e Liberdade","publisher":{"@id":"https:\/\/psol50.org.br\/#organization"},"alternateName":"PSOL50","potentialAction":[{"@type":"SearchAction","target":{"@type":"EntryPoint","urlTemplate":"https:\/\/psol50.org.br\/?s={search_term_string}"},"query-input":{"@type":"PropertyValueSpecification","valueRequired":true,"valueName":"search_term_string"}}],"inLanguage":"pt-BR"},{"@type":"Organization","@id":"https:\/\/psol50.org.br\/#organization","name":"PSOL 50","alternateName":"PSOL 50","url":"https:\/\/psol50.org.br\/","logo":{"@type":"ImageObject","inLanguage":"pt-BR","@id":"https:\/\/psol50.org.br\/#\/schema\/logo\/image\/","url":"https:\/\/psol50.org.br\/inc\/uploads\/2018\/07\/capa.png","contentUrl":"https:\/\/psol50.org.br\/inc\/uploads\/2018\/07\/capa.png","width":1350,"height":900,"caption":"PSOL 50"},"image":{"@id":"https:\/\/psol50.org.br\/#\/schema\/logo\/image\/"},"sameAs":["https:\/\/www.facebook.com\/psol50","https:\/\/x.com\/psol50","https:\/\/www.instagram.com\/psol50\/","https:\/\/www.youtube.com\/channel\/UC7SnJS5o1os7a6CaiNabzcg"]},{"@type":"Person","@id":"https:\/\/psol50.org.br\/#\/schema\/person\/475dfa57d0b815993c714c2e96491fcd","name":"Comunica\u00e7\u00e3o PSOL","image":{"@type":"ImageObject","inLanguage":"pt-BR","@id":"https:\/\/psol50.org.br\/#\/schema\/person\/image\/","url":"https:\/\/secure.gravatar.com\/avatar\/b34fc4f4e468a4e51785917065a3db57b841f5c95dba6ad8c73aaf8f66f8f9bf?s=96&d=mm&r=g","contentUrl":"https:\/\/secure.gravatar.com\/avatar\/b34fc4f4e468a4e51785917065a3db57b841f5c95dba6ad8c73aaf8f66f8f9bf?s=96&d=mm&r=g","caption":"Comunica\u00e7\u00e3o PSOL"}}]}},"_links":{"self":[{"href":"https:\/\/psol50.org.br\/rest\/wp\/v2\/posts\/12069","targetHints":{"allow":["GET"]}}],"collection":[{"href":"https:\/\/psol50.org.br\/rest\/wp\/v2\/posts"}],"about":[{"href":"https:\/\/psol50.org.br\/rest\/wp\/v2\/types\/post"}],"author":[{"embeddable":true,"href":"https:\/\/psol50.org.br\/rest\/wp\/v2\/users\/2"}],"replies":[{"embeddable":true,"href":"https:\/\/psol50.org.br\/rest\/wp\/v2\/comments?post=12069"}],"version-history":[{"count":0,"href":"https:\/\/psol50.org.br\/rest\/wp\/v2\/posts\/12069\/revisions"}],"wp:featuredmedia":[{"embeddable":true,"href":"https:\/\/psol50.org.br\/rest\/"}],"wp:attachment":[{"href":"https:\/\/psol50.org.br\/rest\/wp\/v2\/media?parent=12069"}],"wp:term":[{"taxonomy":"category","embeddable":true,"href":"https:\/\/psol50.org.br\/rest\/wp\/v2\/categories?post=12069"},{"taxonomy":"post_tag","embeddable":true,"href":"https:\/\/psol50.org.br\/rest\/wp\/v2\/tags?post=12069"}],"curies":[{"name":"wp","href":"https:\/\/api.w.org\/{rel}","templated":true}]}}