{"id":12085,"date":"2016-04-18T22:10:12","date_gmt":"2016-04-18T22:10:12","guid":{"rendered":"http:\/\/www.psol50.org.br\/?p=12085"},"modified":"2016-04-18T22:10:12","modified_gmt":"2016-04-18T22:10:12","slug":"tem-cara-de-legal-e-tem-jeito-de-legal-mas-nao-passa-de-um-golpe-velhaco","status":"publish","type":"post","link":"https:\/\/psol50.org.br\/tem-cara-de-legal-e-tem-jeito-de-legal-mas-nao-passa-de-um-golpe-velhaco\/","title":{"rendered":"GILBERTO MARINGONI: Tem cara de legal e tem jeito de legal, mas n\u00e3o passa de um golpe velhaco"},"content":{"rendered":"<p><span style=\"font-family: verdana, geneva, sans-serif;\"><span style=\"font-size: 14px;\">Pronto. A C\u00e2mara dos Deputados consumou o golpe paraguaio ou hondurenho, a depender do gosto do distinto fregu\u00eas.<\/p>\n<p><\/span><span style=\"font-size: 14px;\"><span style=\"color: #373e4d;\">N\u00e3o mais tanques e tropas em torno do Pal\u00e1cio, mas um cipoal confuso de acusa\u00e7\u00f5es \u00e0 mandat\u00e1ria, embasado em flex\u00edveis leituras da Constitui\u00e7\u00e3o. N\u00e3o mais &#8220;vivandeiras alvoro\u00e7adas que v\u00e3o aos bivaques bulir com os granadeiros e provocar extravag\u00e2ncias do Poder Militar&#8221;, como dizia o ex-ditador Humberto Castello Branco (1897-1967). Vivandeiras preferem agora bulir com financistas e ju\u00edzes, tudo sob manto legal e afian\u00e7ado por &#8220;renomados juristas&#8221;, a categoria da hora.<\/p>\n<p><\/span><span style=\"color: #373e4d;\">Embora o processo siga para o Senado, a sorte est\u00e1 lan\u00e7ada: o governo Dilma acabou. Melhor: chegam a termos 14 anos de lulismo. Temos no Pal\u00e1cio uma presidente que j\u00e1 n\u00e3o dirige o pa\u00eds.<\/p>\n<p><\/span><span style=\"color: #000000;\"><b>Podrid\u00e3o<br \/>\n<\/b><\/span><span style=\"color: #000000;\">O governo ser\u00e1 \u2013 em poucas semanas &#8211; tomado de assalto pelo que h\u00e1 de mais apodrecido e corrupto na pol\u00edtica brasileira. Setores sem voto e sem qualquer condi\u00e7\u00e3o de alcan\u00e7ar o poder pela escolha popular se aboletar\u00e3o no Planalto, na Esplanada e nas estatais e dar\u00e3o prosseguimento a uma vers\u00e3o <i>hard <\/i>da cartilha que Dilma Rousseff j\u00e1 vinha adotando desde que jogou no lixo suas promessas e entrou de cabe\u00e7a no programa do advers\u00e1rio de 2014.<\/p>\n<p><\/span><span style=\"color: #000000;\">\u00c9 preciso denunciar o golpe para avan\u00e7ar. T\u00e3o real quanto essa assertiva, \u00e9 for\u00e7oso dizer: sem apontar op\u00e7\u00f5es e erros cometidos, n\u00e3o se avan\u00e7ar\u00e1. N\u00e3o se trata de ir atr\u00e1s de culpados, mas de saber que a responsabilidade pelos 7 a 1 n\u00e3o \u00e9 dos alem\u00e3es, mas de nosso pr\u00f3prio time.<\/p>\n<p><\/span><span style=\"color: #000000;\">O PT construiu, ao longo dos \u00faltimos 14 anos, um mito. O de que \u00e9 poss\u00edvel mudar o Brasil sem conflitos ou rupturas. Durante um tempo de crescimento econ\u00f4mico \u2013 por fatores externos \u2013 essa senda pareceu exequ\u00edvel. Em tempos de retra\u00e7\u00e3o, n\u00e3o mais.<\/p>\n<p><\/span><span style=\"color: #000000;\"><b>R<\/b><b>itmo e intensidade<br \/>\n<\/b><\/span><span style=\"color: #000000;\">N\u00e3o haver\u00e1 mudan\u00e7as de rumo num governo Michel Temer. Elas ser\u00e3o de ritmo e de intensidade. Nas condi\u00e7\u00f5es atuais, isso far\u00e1 grande diferen\u00e7a.<\/p>\n<p><\/span><span style=\"color: #000000;\">O que era o programa de A\u00e9cio, que Dilma escolheu para governar? Em r\u00e1pidas palavras, fazia uma leitura de que os crescentes d\u00e9ficits or\u00e7ament\u00e1rios teriam de ser solucionados com um tratamento de choque. Haveria um descontrole inflacion\u00e1rio e a receita teria de ser uma trombada ortodoxa. Isso implicaria realismo tarif\u00e1rio nos pre\u00e7os administrados, austeridade or\u00e7ament\u00e1ria, eleva\u00e7\u00e3o dos juros e toda a bula de manual neocl\u00e1ssico.<\/p>\n<p><\/span><span style=\"color: #000000;\">O ajuste deflagrado no in\u00edcio de 2015 implicou cortes de investimentos e custeio, retirada de direitos trabalhistas, encarecimento do cr\u00e9dito e tesouradas do or\u00e7amento p\u00fablico.<\/p>\n<p><\/span><span style=\"color: #000000;\"><b>O \u00eaxito do ajuste<br \/>\n<\/b><\/span><span style=\"color: #000000;\">O receitu\u00e1rio, ao contr\u00e1rio do que se divulga, obteve \u00eaxito espetacular. Nunca foi prop\u00f3sito do ajuste promover desenvolvimento ou coisa que o valha.<\/p>\n<p><\/span><span style=\"color: #000000;\">Atrav\u00e9s dele, realinhou-se o c\u00e2mbio, reduziu-se a atividade econ\u00f4mica, derrubou-se o PIB, privatizou-se mais de vinte estatais \u2013 em especial do setor el\u00e9trico \u2013 aumentou-se o desemprego (era uma das molas mestras para se reduzir sal\u00e1rios) e agravaram-se conflitos sociais. Tudo era perfeitamente previs\u00edvel, ainda mais em meio \u00e0 maior crise capitalista planet\u00e1ria das \u00faltimas oito d\u00e9cadas.<\/p>\n<p><\/span><span style=\"color: #000000;\">Curiosamente, cumpria-se ali a m\u00e1xima neoliberal: <i>n\u00e3o h\u00e1 alternativas<\/i>. Situa\u00e7\u00e3o e oposi\u00e7\u00e3o t\u00eam o mesmo diagn\u00f3stico e rem\u00e9dio. Ou, no senso comum lulista, todos podem se sentar em torno de uma mesa e chegar a um consenso sobre o melhor para o pa\u00eds.<\/p>\n<p><\/span><span style=\"color: #000000;\"><b>N\u00e3o ousa dizer o nome<br \/>\n<\/b><\/span><span style=\"color: #141823;\">H\u00e1 um problema nesse racioc\u00ednio: ele pode ser explicado, mas n\u00e3o pode ser dito. Durante a elei\u00e7\u00e3o, tornou-se para a campanha petista o programa que n\u00e3o ousa dizer o nome, para usar a terminologia de Oscar Wilde para o amor entre homens.<\/p>\n<p><\/span><span style=\"color: #141823;\">A\u00e9cio e Dilma tinham em mente o mesmo ajuste. Ele anunciava como medidas salvacionistas. Ela execrou tal possibilidade. E ganhou.<\/p>\n<p><\/span><span style=\"color: #141823;\"><b>Ficha que n\u00e3o cai<br \/>\n<\/b><\/span><span style=\"color: #141823;\">Talvez ainda demore para cair a ficha dos petistas sobre a imensa gravidade daquilo que ficou popularizado como &#8220;estelionato eleitoral&#8221;. Avaliam \u2013 penso eu \u2013 tratar-se de um problema, mas n\u00e3o tanto, pois FHC fez o mesmo em 1998. Prometeu estabilidade e, logo ap\u00f3s tomar posse, houve fuga de capitais, crise cambial e eleva\u00e7\u00e3o da taxa selic a 44,95%, em mar\u00e7o de 1999.<\/p>\n<p><\/span><span style=\"color: #000000;\">O tucano colheu alta taxa de rejei\u00e7\u00e3o em todo o seu segundo mandato e perdeu a elei\u00e7\u00e3o de 2002. Como havia uma for\u00e7a pol\u00edtica que se consolidava como nova organizadora do sistema \u2013 o PT \u2013 a institucionalidade n\u00e3o foi abalada.<\/p>\n<p><\/span><span style=\"color: #000000;\">Ou seja, a agremia\u00e7\u00e3o de Lula come\u00e7ava a cumprir o papel de novo vetor de ordenamento pol\u00edtico, em torno do qual as disputas se articulavam. Papel an\u00e1logo foi cumprido pelo PMDB na segunda metade dos anos 1980 e pelo PSDB na d\u00e9cada seguinte.<\/p>\n<p><\/span><span style=\"color: #000000;\">Nas elei\u00e7\u00f5es de 2014, o quadro era outro.<\/p>\n<p><\/span><span style=\"color: #000000;\">Um ano e meio antes, o Brasil fora convulsionado por espetaculares mobiliza\u00e7\u00f5es. Sem compreender o mal estar social que se desenhava, as respostas oficiais foram insuficientes. Mas elas expressavam nas ruas um embate entre direita e esquerda, que viria \u00e0 luz mais tarde.<\/p>\n<p><\/span><span style=\"color: #000000;\">Em 2014, tivemos as mais disputadas e politizadas elei\u00e7\u00f5es presidenciais desde 1989, quando Lula e Fernando Collor ter\u00e7aram armas em rede nacional. Na refrega que levou Dilma Rousseff ao seu segundo mandato, o diferencial foi em cima da independ\u00eancia do Banco Central, do comportamento da grande m\u00eddia e do rep\u00fadio ao ajuste e \u00e0 perda de direitos. Algo raro em termos mundiais!<\/p>\n<p><\/span><span style=\"color: #000000;\">Com um fator adicional: o enfrentamento se deu sem que houvesse um novo vetor organizador \u00e0 vista. Para todos os efeitos, o PT seguiria cumprindo tal papel.<\/p>\n<p><\/span><span style=\"color: #000000;\"><b>Logro eleitoral<br \/>\n<\/b><\/span><span style=\"color: #000000;\">A hist\u00f3ria a seguir \u00e9 conhecida. Tr\u00eas dias ap\u00f3s o fechamento das urnas, o Banco Central eleva a taxa de juros \u2013 contrariando o discurso desenvolvimentista de campanha \u2013 v\u00e1rios personagens ligados \u00e0 direita foram indicados para o minist\u00e9rio, medidas dr\u00e1sticas foram anunciadas na Economia e a popularidade da mandat\u00e1ria desabou logo nos primeiros meses.<\/p>\n<p><\/span><span style=\"color: #000000;\">O eleitorado sentiu que havia sido logrado. Sentiu na conta de luz, no pre\u00e7o da gasolina, no aumento do desemprego e na queda da renda. E sequer recebeu explica\u00e7\u00e3o plaus\u00edvel para t\u00e3o surpreendente guinada.<\/p>\n<p><\/span><span style=\"color: #000000;\">O estelionato equivaleu a um torpedo disparado contra o principal pilar da democracia: a legitimidade do voto. O eleitor escolhe a partir de uma expectativa, lastreada em prega\u00e7\u00e3o dos candidatos. Quando se rompe a conex\u00e3o entre voto e a\u00e7\u00e3o concreta, qual o valor das elei\u00e7\u00f5es?<\/p>\n<p><\/span><span style=\"color: #000000;\">A a\u00e7\u00e3o petista desqualificou n\u00e3o apenas sua gest\u00e3o, mas a pr\u00f3pria pr\u00e1tica democr\u00e1tica. E erodiu balizas de funcionamento da institucionalidade. Se a escolha popular nada vale, pode tudo, vale tudo.<\/p>\n<p><\/span><span style=\"color: #000000;\"><b>O avan\u00e7o da direita<br \/>\n<\/b><\/span><span style=\"color: #000000;\">Ao voltar-se contra as bases sociais hist\u00f3ricas do PT e perder seu apoio, Dilma aos poucos passou a ser uma presidente de rarefeita legitimidade popular. Ali pela metade de 2015, podia-se perguntar &#8220;Afinal, quem a presidente representa?&#8221;.<\/p>\n<p><\/span><span style=\"color: #000000;\">As respostas s\u00e3o desencontradas. A t\u00e1bua de salva\u00e7\u00e3o passou a ser alegar os 54,5 milh\u00f5es de votos.<\/p>\n<p><\/span><span style=\"color: #000000;\">Mas o n\u00famero atesta uma situa\u00e7\u00e3o espec\u00edfica do dia 27 de outubro de 2014. Garante a legalidade do mandato, mas n\u00e3o expressa um processo de perda objetiva de apoio.<\/p>\n<p><\/span><span style=\"color: #000000;\">\u00c9 justamente esse ponto, o da perda de apoios, que abre espa\u00e7o para a direita.<\/p>\n<p><\/span><span style=\"color: #000000;\">As for\u00e7as conservadoras n\u00e3o mudaram. Seguem elitistas, excludentes e antidemocr\u00e1ticas como sempre foram. Mas ficaram contidas por mais de uma d\u00e9cada diante da alt\u00edssima legitimidade dos ex-presidente Lula (2003-20010) e de Dima Rousseff em seu governo inicial (2011-2014). Isso garantiu que um pacto de conviv\u00eancia, estabelecido em 2002, fosse mantido.<\/p>\n<p><\/span><span style=\"color: #000000;\">Ao perceber que o muro de conten\u00e7\u00e3o, materializado por sua representatividade social, fora implodido pela pr\u00f3pria mandat\u00e1ria e que a pr\u00e1tica democr\u00e1tica fora enfraquecida, a direita avan\u00e7ou em toda a linha, seja no Congresso, seja na m\u00eddia e nas ruas.<\/p>\n<p><\/span><span style=\"color: #000000;\"><b>Desconfi\u00e1vel<br \/>\n<\/b><\/span><span style=\"color: #000000;\">Dilma aplica o programa da direita, mas n\u00e3o \u00e9 totalmente confi\u00e1vel \u00e0 direita. Ela pode entregar o pr\u00e9-sal, formular a Lei Antiterrorismo, sancionar a lei da morda\u00e7a contra a esquerda nas elei\u00e7\u00f5es, pode privatizar, financeirizar etc., mas n\u00e3o basta.<\/p>\n<p><\/span><span style=\"color: #000000;\">Dois problemas apareceram.<\/p>\n<p><\/span><span style=\"color: #000000;\">O primeiro \u00e9 a profundidade da crise. Com o fim do superciclo das <i>commodities<\/i>, n\u00e3o h\u00e1 mais excedente a ser distribu\u00eddo. Acabou o ganha-ganha para ricos e pobres e \u00e9 necess\u00e1rio preservar os interesses dos de cima. Isso est\u00e1 sendo feito via recess\u00e3o e desemprego.<\/p>\n<p><\/span><span style=\"color: #000000;\">Sendo mais claro, acabou o pacto estabelecido em 2002, entre o PT e as classes dominantes. A <i>Carta aos Brasileiros<\/i>, em s\u00edntese dizia: podem governar, desde que n\u00e3o toquem em nada do que \u00e9 essencial. Assim, preservou-se a pol\u00edtica econ\u00f4mica de FHC, n\u00e3o se mexeu na Lei de Anistia, nos monop\u00f3lios da m\u00eddia, na propriedade da terra e os ganhos do topo da pir\u00e2mide social ficaram intocados.<\/p>\n<p><\/span><span style=\"color: #000000;\">O segundo \u00e9 que agora, para concretizar tais ganhos, \u00e9 essencial reprimir os de baixo. E isso, at\u00e9 agora, o governo Dilma n\u00e3o fez, at\u00e9 mesmo pelas liga\u00e7\u00f5es hist\u00f3ricas do PT com o movimento popular.<\/p>\n<p><\/span><span style=\"color: #000000;\">Numa situa\u00e7\u00e3o de agudiza\u00e7\u00e3o da luta de classes, enfrentar esses setores \u00e9 imprescind\u00edvel. \u00c9 urgente seguir o exemplo dos estados de S\u00e3o Paulo, Paran\u00e1 e Goi\u00e1s \u2013 governados pelo PSDB -, onde um Estado de exce\u00e7\u00e3o informal j\u00e1 vigora.<\/p>\n<p><\/span><span style=\"color: #000000;\"><b>O golpe<br \/>\n<\/b><\/span><span style=\"color: #000000;\">\u00c9 nesse quadro que aparece o atalho do <i>impeachment <\/i>para dar o golpe que n\u00e3o ousa dizer o nome. \u00c9 bulindo com ju\u00edzes carreiristas, instrumentalizando a Pol\u00edcia Federal \u2013 diante da omiss\u00e3o governamental \u2013 e usando \u00e0 larga os meios de comunica\u00e7\u00e3o (financiados e prestigiados pela administra\u00e7\u00e3o federal) que se chega ao resultado de 367 a 137 na C\u00e2mara.<\/p>\n<p><\/span><span style=\"color: #000000;\">O golpe n\u00e3o veio de fora da coaliz\u00e3o governamental, mas de seu interior. N\u00e3o foi um embate cl\u00e1ssico situa\u00e7\u00e3o <i>versus <\/i>oposi\u00e7\u00e3o, mas a express\u00e3o clara do esgotamento do pacto. N\u00e3o foi um golpe em uma noite de ver\u00e3o. Foi meticulosamente constru\u00eddo pelos dois lados.<\/p>\n<p><\/span><span style=\"color: #000000;\">A noite de 17 de abril de 2016 entrar\u00e1 para a Hist\u00f3ria como uma inf\u00e2mia. O rebotalho da pol\u00edtica esgani\u00e7ou-se ao microfone para agradecer a Deus, \u00e0 fam\u00edlia (e \u00e0 propriedade, poder\u00edamos dizer) e chancelou um tapet\u00e3o institucional na democracia brasileira.<\/p>\n<p><\/span><span style=\"color: #000000;\">O problema desta n\u00e3o \u00e9 o fato de ser jovem e tenra. \u00c9 o fato de ser uma democracia de classe, num pa\u00eds de abissais diferen\u00e7as sociais. Por isso ela \u00e9 inst\u00e1vel.<\/p>\n<p><\/span><span style=\"color: #000000;\"><b>Rebeli\u00e3o e desobedi\u00eanca<br \/>\n<\/b><\/span><span style=\"color: #000000;\">Resta aos democratas a den\u00fancia, a rebeli\u00e3o, a desobedi\u00eancia civil e a luta. E a necessidade premente de se reconstituir n\u00e3o apenas a esquerda, mas um novo vetor progressista.<\/p>\n<p><\/span><span style=\"color: #000000;\">A grande novidade foi a constata\u00e7\u00e3o de que existe uma esquerda de massas viva e pujante. Talvez as frentes surgidas nessa guerra \u2013 A Povo Sem Medo e a Brasil Popular \u2013 sejam embri\u00f5es de um novo polo organizativo.<\/p>\n<p><\/span><span style=\"color: #000000;\">N\u00e3o nos iludamos: o governo Temer ter\u00e1 imensas dificuldades para se estabilizar. A crise \u00e9 profunda. Mesmo usando o discurso da &#8220;heran\u00e7a maldita&#8221;, brandido pelo PT h\u00e1 mais de uma d\u00e9cada, sem melhorar minimamente a vida do povo, sua j\u00e1 escassa legitimidade ir\u00e1 pelo ralo.<\/p>\n<p><\/span><span style=\"color: #000000;\">Enfim, \u00e9 hora de lamber feridas.<\/p>\n<p><\/span><span style=\"color: #000000;\">Mas \u00e9 urgente examinar os erros e insufici\u00eancias desse per\u00edodo. S\u00f3 assim ser\u00e1 poss\u00edvel andar para a frente e n\u00e3o suar numa esteira, na qual tem-se at\u00e9 a ilus\u00e3o de correr sem sair do lugar.<\/span><\/span><\/span><\/p>\n","protected":false},"excerpt":{"rendered":"<p>Pronto. A C\u00e2mara dos Deputados consumou o golpe paraguaio ou hondurenho, a depender do gosto do distinto fregu\u00eas. N\u00e3o mais tanques e tropas em torno do Pal\u00e1cio, mas um cipoal confuso de acusa\u00e7\u00f5es \u00e0 mandat\u00e1ria, embasado em flex\u00edveis leituras da Constitui\u00e7\u00e3o. N\u00e3o mais &#8220;vivandeiras alvoro\u00e7adas que v\u00e3o aos bivaques bulir com os granadeiros e provocar [&hellip;]<\/p>\n","protected":false},"author":2,"featured_media":12086,"comment_status":"open","ping_status":"open","sticky":false,"template":"","format":"standard","meta":{"_acf_changed":false,"footnotes":""},"categories":[3],"tags":[4241,1432,2410,87,3705,2890,790,2970,151,4136,3981,4242,1748,400,4239,319],"class_list":{"0":"post-12085","1":"post","2":"type-post","3":"status-publish","4":"format-standard","5":"has-post-thumbnail","7":"category-artigos-e-entrevistas","8":"tag-aecio","9":"tag-ajuste-fiscal","10":"tag-avanco-conservador","11":"tag-democracia","12":"tag-direita","13":"tag-eduardo-cunha","14":"tag-esquerda","15":"tag-gilberto-maringoni","16":"tag-golpe","17":"tag-golpe-institucional","18":"tag-governo-dilma","19":"tag-impechment","20":"tag-michel-temer","21":"tag-neoliberal","22":"tag-presidente-dilma-rousseff","23":"tag-pt"},"acf":[],"yoast_head":"<!-- This site is optimized with the Yoast SEO plugin v26.5 - https:\/\/yoast.com\/wordpress\/plugins\/seo\/ -->\n<title>GILBERTO MARINGONI: Tem cara de legal e tem jeito de legal, mas n\u00e3o passa de um golpe velhaco - PSOL 50<\/title>\n<meta name=\"robots\" content=\"index, follow, max-snippet:-1, max-image-preview:large, max-video-preview:-1\" \/>\n<link rel=\"canonical\" href=\"https:\/\/psol50.org.br\/tem-cara-de-legal-e-tem-jeito-de-legal-mas-nao-passa-de-um-golpe-velhaco\/\" \/>\n<meta property=\"og:locale\" content=\"pt_BR\" \/>\n<meta property=\"og:type\" content=\"article\" \/>\n<meta property=\"og:title\" content=\"GILBERTO MARINGONI: Tem cara de legal e tem jeito de legal, mas n\u00e3o passa de um golpe velhaco - PSOL 50\" \/>\n<meta property=\"og:description\" content=\"Pronto. A C\u00e2mara dos Deputados consumou o golpe paraguaio ou hondurenho, a depender do gosto do distinto fregu\u00eas. N\u00e3o mais tanques e tropas em torno do Pal\u00e1cio, mas um cipoal confuso de acusa\u00e7\u00f5es \u00e0 mandat\u00e1ria, embasado em flex\u00edveis leituras da Constitui\u00e7\u00e3o. N\u00e3o mais &#8220;vivandeiras alvoro\u00e7adas que v\u00e3o aos bivaques bulir com os granadeiros e provocar [&hellip;]\" \/>\n<meta property=\"og:url\" content=\"https:\/\/psol50.org.br\/tem-cara-de-legal-e-tem-jeito-de-legal-mas-nao-passa-de-um-golpe-velhaco\/\" \/>\n<meta property=\"og:site_name\" content=\"PSOL 50\" \/>\n<meta property=\"article:publisher\" content=\"https:\/\/www.facebook.com\/psol50\" \/>\n<meta property=\"article:published_time\" content=\"2016-04-18T22:10:12+00:00\" \/>\n<meta property=\"og:image\" content=\"https:\/\/psol50.org.br\/inc\/uploads\/2018\/07\/capa.png\" \/>\n\t<meta property=\"og:image:width\" content=\"1350\" \/>\n\t<meta property=\"og:image:height\" content=\"900\" \/>\n\t<meta property=\"og:image:type\" content=\"image\/png\" \/>\n<meta name=\"author\" content=\"Comunica\u00e7\u00e3o PSOL\" \/>\n<meta name=\"twitter:card\" content=\"summary_large_image\" \/>\n<meta name=\"twitter:creator\" content=\"@psol50\" \/>\n<meta name=\"twitter:site\" content=\"@psol50\" \/>\n<meta name=\"twitter:label1\" content=\"Escrito por\" \/>\n\t<meta name=\"twitter:data1\" content=\"Comunica\u00e7\u00e3o PSOL\" \/>\n\t<meta name=\"twitter:label2\" content=\"Est. tempo de leitura\" \/>\n\t<meta name=\"twitter:data2\" content=\"10 minutos\" \/>\n<script type=\"application\/ld+json\" class=\"yoast-schema-graph\">{\"@context\":\"https:\/\/schema.org\",\"@graph\":[{\"@type\":\"Article\",\"@id\":\"https:\/\/psol50.org.br\/tem-cara-de-legal-e-tem-jeito-de-legal-mas-nao-passa-de-um-golpe-velhaco\/#article\",\"isPartOf\":{\"@id\":\"https:\/\/psol50.org.br\/tem-cara-de-legal-e-tem-jeito-de-legal-mas-nao-passa-de-um-golpe-velhaco\/\"},\"author\":{\"name\":\"Comunica\u00e7\u00e3o PSOL\",\"@id\":\"https:\/\/psol50.org.br\/#\/schema\/person\/475dfa57d0b815993c714c2e96491fcd\"},\"headline\":\"GILBERTO MARINGONI: Tem cara de legal e tem jeito de legal, mas n\u00e3o passa de um golpe velhaco\",\"datePublished\":\"2016-04-18T22:10:12+00:00\",\"mainEntityOfPage\":{\"@id\":\"https:\/\/psol50.org.br\/tem-cara-de-legal-e-tem-jeito-de-legal-mas-nao-passa-de-um-golpe-velhaco\/\"},\"wordCount\":1994,\"commentCount\":0,\"publisher\":{\"@id\":\"https:\/\/psol50.org.br\/#organization\"},\"image\":{\"@id\":\"https:\/\/psol50.org.br\/tem-cara-de-legal-e-tem-jeito-de-legal-mas-nao-passa-de-um-golpe-velhaco\/#primaryimage\"},\"thumbnailUrl\":\"\",\"keywords\":[\"A\u00e9cio\",\"Ajuste Fiscal\",\"avan\u00e7o conservador\",\"democracia\",\"direita\",\"Eduardo Cunha\",\"esquerda\",\"Gilberto Maringoni\",\"golpe\",\"golpe institucional\",\"governo Dilma\",\"impechment\",\"Michel Temer\",\"neoliberal\",\"presidente Dilma Rousseff\",\"PT\"],\"articleSection\":[\"Artigos\"],\"inLanguage\":\"pt-BR\",\"potentialAction\":[{\"@type\":\"CommentAction\",\"name\":\"Comment\",\"target\":[\"https:\/\/psol50.org.br\/tem-cara-de-legal-e-tem-jeito-de-legal-mas-nao-passa-de-um-golpe-velhaco\/#respond\"]}]},{\"@type\":\"WebPage\",\"@id\":\"https:\/\/psol50.org.br\/tem-cara-de-legal-e-tem-jeito-de-legal-mas-nao-passa-de-um-golpe-velhaco\/\",\"url\":\"https:\/\/psol50.org.br\/tem-cara-de-legal-e-tem-jeito-de-legal-mas-nao-passa-de-um-golpe-velhaco\/\",\"name\":\"GILBERTO MARINGONI: Tem cara de legal e tem jeito de legal, mas n\u00e3o passa de um golpe velhaco - PSOL 50\",\"isPartOf\":{\"@id\":\"https:\/\/psol50.org.br\/#website\"},\"primaryImageOfPage\":{\"@id\":\"https:\/\/psol50.org.br\/tem-cara-de-legal-e-tem-jeito-de-legal-mas-nao-passa-de-um-golpe-velhaco\/#primaryimage\"},\"image\":{\"@id\":\"https:\/\/psol50.org.br\/tem-cara-de-legal-e-tem-jeito-de-legal-mas-nao-passa-de-um-golpe-velhaco\/#primaryimage\"},\"thumbnailUrl\":\"\",\"datePublished\":\"2016-04-18T22:10:12+00:00\",\"breadcrumb\":{\"@id\":\"https:\/\/psol50.org.br\/tem-cara-de-legal-e-tem-jeito-de-legal-mas-nao-passa-de-um-golpe-velhaco\/#breadcrumb\"},\"inLanguage\":\"pt-BR\",\"potentialAction\":[{\"@type\":\"ReadAction\",\"target\":[\"https:\/\/psol50.org.br\/tem-cara-de-legal-e-tem-jeito-de-legal-mas-nao-passa-de-um-golpe-velhaco\/\"]}]},{\"@type\":\"ImageObject\",\"inLanguage\":\"pt-BR\",\"@id\":\"https:\/\/psol50.org.br\/tem-cara-de-legal-e-tem-jeito-de-legal-mas-nao-passa-de-um-golpe-velhaco\/#primaryimage\",\"url\":\"\",\"contentUrl\":\"\"},{\"@type\":\"BreadcrumbList\",\"@id\":\"https:\/\/psol50.org.br\/tem-cara-de-legal-e-tem-jeito-de-legal-mas-nao-passa-de-um-golpe-velhaco\/#breadcrumb\",\"itemListElement\":[{\"@type\":\"ListItem\",\"position\":1,\"name\":\"In\u00edcio\",\"item\":\"https:\/\/psol50.org.br\/\"},{\"@type\":\"ListItem\",\"position\":2,\"name\":\"GILBERTO MARINGONI: Tem cara de legal e tem jeito de legal, mas n\u00e3o passa de um golpe velhaco\"}]},{\"@type\":\"WebSite\",\"@id\":\"https:\/\/psol50.org.br\/#website\",\"url\":\"https:\/\/psol50.org.br\/\",\"name\":\"PSOL 50\",\"description\":\"Site oficial do Partido Socialismo e Liberdade\",\"publisher\":{\"@id\":\"https:\/\/psol50.org.br\/#organization\"},\"alternateName\":\"PSOL50\",\"potentialAction\":[{\"@type\":\"SearchAction\",\"target\":{\"@type\":\"EntryPoint\",\"urlTemplate\":\"https:\/\/psol50.org.br\/?s={search_term_string}\"},\"query-input\":{\"@type\":\"PropertyValueSpecification\",\"valueRequired\":true,\"valueName\":\"search_term_string\"}}],\"inLanguage\":\"pt-BR\"},{\"@type\":\"Organization\",\"@id\":\"https:\/\/psol50.org.br\/#organization\",\"name\":\"PSOL 50\",\"alternateName\":\"PSOL 50\",\"url\":\"https:\/\/psol50.org.br\/\",\"logo\":{\"@type\":\"ImageObject\",\"inLanguage\":\"pt-BR\",\"@id\":\"https:\/\/psol50.org.br\/#\/schema\/logo\/image\/\",\"url\":\"https:\/\/psol50.org.br\/inc\/uploads\/2018\/07\/capa.png\",\"contentUrl\":\"https:\/\/psol50.org.br\/inc\/uploads\/2018\/07\/capa.png\",\"width\":1350,\"height\":900,\"caption\":\"PSOL 50\"},\"image\":{\"@id\":\"https:\/\/psol50.org.br\/#\/schema\/logo\/image\/\"},\"sameAs\":[\"https:\/\/www.facebook.com\/psol50\",\"https:\/\/x.com\/psol50\",\"https:\/\/www.instagram.com\/psol50\/\",\"https:\/\/www.youtube.com\/channel\/UC7SnJS5o1os7a6CaiNabzcg\"]},{\"@type\":\"Person\",\"@id\":\"https:\/\/psol50.org.br\/#\/schema\/person\/475dfa57d0b815993c714c2e96491fcd\",\"name\":\"Comunica\u00e7\u00e3o PSOL\",\"image\":{\"@type\":\"ImageObject\",\"inLanguage\":\"pt-BR\",\"@id\":\"https:\/\/psol50.org.br\/#\/schema\/person\/image\/\",\"url\":\"https:\/\/secure.gravatar.com\/avatar\/b34fc4f4e468a4e51785917065a3db57b841f5c95dba6ad8c73aaf8f66f8f9bf?s=96&d=mm&r=g\",\"contentUrl\":\"https:\/\/secure.gravatar.com\/avatar\/b34fc4f4e468a4e51785917065a3db57b841f5c95dba6ad8c73aaf8f66f8f9bf?s=96&d=mm&r=g\",\"caption\":\"Comunica\u00e7\u00e3o PSOL\"}}]}<\/script>\n<!-- \/ Yoast SEO plugin. -->","yoast_head_json":{"title":"GILBERTO MARINGONI: Tem cara de legal e tem jeito de legal, mas n\u00e3o passa de um golpe velhaco - PSOL 50","robots":{"index":"index","follow":"follow","max-snippet":"max-snippet:-1","max-image-preview":"max-image-preview:large","max-video-preview":"max-video-preview:-1"},"canonical":"https:\/\/psol50.org.br\/tem-cara-de-legal-e-tem-jeito-de-legal-mas-nao-passa-de-um-golpe-velhaco\/","og_locale":"pt_BR","og_type":"article","og_title":"GILBERTO MARINGONI: Tem cara de legal e tem jeito de legal, mas n\u00e3o passa de um golpe velhaco - PSOL 50","og_description":"Pronto. A C\u00e2mara dos Deputados consumou o golpe paraguaio ou hondurenho, a depender do gosto do distinto fregu\u00eas. N\u00e3o mais tanques e tropas em torno do Pal\u00e1cio, mas um cipoal confuso de acusa\u00e7\u00f5es \u00e0 mandat\u00e1ria, embasado em flex\u00edveis leituras da Constitui\u00e7\u00e3o. N\u00e3o mais &#8220;vivandeiras alvoro\u00e7adas que v\u00e3o aos bivaques bulir com os granadeiros e provocar [&hellip;]","og_url":"https:\/\/psol50.org.br\/tem-cara-de-legal-e-tem-jeito-de-legal-mas-nao-passa-de-um-golpe-velhaco\/","og_site_name":"PSOL 50","article_publisher":"https:\/\/www.facebook.com\/psol50","article_published_time":"2016-04-18T22:10:12+00:00","og_image":[{"width":1350,"height":900,"url":"https:\/\/psol50.org.br\/inc\/uploads\/2018\/07\/capa.png","type":"image\/png"}],"author":"Comunica\u00e7\u00e3o PSOL","twitter_card":"summary_large_image","twitter_creator":"@psol50","twitter_site":"@psol50","twitter_misc":{"Escrito por":"Comunica\u00e7\u00e3o PSOL","Est. tempo de leitura":"10 minutos"},"schema":{"@context":"https:\/\/schema.org","@graph":[{"@type":"Article","@id":"https:\/\/psol50.org.br\/tem-cara-de-legal-e-tem-jeito-de-legal-mas-nao-passa-de-um-golpe-velhaco\/#article","isPartOf":{"@id":"https:\/\/psol50.org.br\/tem-cara-de-legal-e-tem-jeito-de-legal-mas-nao-passa-de-um-golpe-velhaco\/"},"author":{"name":"Comunica\u00e7\u00e3o PSOL","@id":"https:\/\/psol50.org.br\/#\/schema\/person\/475dfa57d0b815993c714c2e96491fcd"},"headline":"GILBERTO MARINGONI: Tem cara de legal e tem jeito de legal, mas n\u00e3o passa de um golpe velhaco","datePublished":"2016-04-18T22:10:12+00:00","mainEntityOfPage":{"@id":"https:\/\/psol50.org.br\/tem-cara-de-legal-e-tem-jeito-de-legal-mas-nao-passa-de-um-golpe-velhaco\/"},"wordCount":1994,"commentCount":0,"publisher":{"@id":"https:\/\/psol50.org.br\/#organization"},"image":{"@id":"https:\/\/psol50.org.br\/tem-cara-de-legal-e-tem-jeito-de-legal-mas-nao-passa-de-um-golpe-velhaco\/#primaryimage"},"thumbnailUrl":"","keywords":["A\u00e9cio","Ajuste Fiscal","avan\u00e7o conservador","democracia","direita","Eduardo Cunha","esquerda","Gilberto Maringoni","golpe","golpe institucional","governo Dilma","impechment","Michel Temer","neoliberal","presidente Dilma Rousseff","PT"],"articleSection":["Artigos"],"inLanguage":"pt-BR","potentialAction":[{"@type":"CommentAction","name":"Comment","target":["https:\/\/psol50.org.br\/tem-cara-de-legal-e-tem-jeito-de-legal-mas-nao-passa-de-um-golpe-velhaco\/#respond"]}]},{"@type":"WebPage","@id":"https:\/\/psol50.org.br\/tem-cara-de-legal-e-tem-jeito-de-legal-mas-nao-passa-de-um-golpe-velhaco\/","url":"https:\/\/psol50.org.br\/tem-cara-de-legal-e-tem-jeito-de-legal-mas-nao-passa-de-um-golpe-velhaco\/","name":"GILBERTO MARINGONI: Tem cara de legal e tem jeito de legal, mas n\u00e3o passa de um golpe velhaco - PSOL 50","isPartOf":{"@id":"https:\/\/psol50.org.br\/#website"},"primaryImageOfPage":{"@id":"https:\/\/psol50.org.br\/tem-cara-de-legal-e-tem-jeito-de-legal-mas-nao-passa-de-um-golpe-velhaco\/#primaryimage"},"image":{"@id":"https:\/\/psol50.org.br\/tem-cara-de-legal-e-tem-jeito-de-legal-mas-nao-passa-de-um-golpe-velhaco\/#primaryimage"},"thumbnailUrl":"","datePublished":"2016-04-18T22:10:12+00:00","breadcrumb":{"@id":"https:\/\/psol50.org.br\/tem-cara-de-legal-e-tem-jeito-de-legal-mas-nao-passa-de-um-golpe-velhaco\/#breadcrumb"},"inLanguage":"pt-BR","potentialAction":[{"@type":"ReadAction","target":["https:\/\/psol50.org.br\/tem-cara-de-legal-e-tem-jeito-de-legal-mas-nao-passa-de-um-golpe-velhaco\/"]}]},{"@type":"ImageObject","inLanguage":"pt-BR","@id":"https:\/\/psol50.org.br\/tem-cara-de-legal-e-tem-jeito-de-legal-mas-nao-passa-de-um-golpe-velhaco\/#primaryimage","url":"","contentUrl":""},{"@type":"BreadcrumbList","@id":"https:\/\/psol50.org.br\/tem-cara-de-legal-e-tem-jeito-de-legal-mas-nao-passa-de-um-golpe-velhaco\/#breadcrumb","itemListElement":[{"@type":"ListItem","position":1,"name":"In\u00edcio","item":"https:\/\/psol50.org.br\/"},{"@type":"ListItem","position":2,"name":"GILBERTO MARINGONI: Tem cara de legal e tem jeito de legal, mas n\u00e3o passa de um golpe velhaco"}]},{"@type":"WebSite","@id":"https:\/\/psol50.org.br\/#website","url":"https:\/\/psol50.org.br\/","name":"PSOL 50","description":"Site oficial do Partido Socialismo e Liberdade","publisher":{"@id":"https:\/\/psol50.org.br\/#organization"},"alternateName":"PSOL50","potentialAction":[{"@type":"SearchAction","target":{"@type":"EntryPoint","urlTemplate":"https:\/\/psol50.org.br\/?s={search_term_string}"},"query-input":{"@type":"PropertyValueSpecification","valueRequired":true,"valueName":"search_term_string"}}],"inLanguage":"pt-BR"},{"@type":"Organization","@id":"https:\/\/psol50.org.br\/#organization","name":"PSOL 50","alternateName":"PSOL 50","url":"https:\/\/psol50.org.br\/","logo":{"@type":"ImageObject","inLanguage":"pt-BR","@id":"https:\/\/psol50.org.br\/#\/schema\/logo\/image\/","url":"https:\/\/psol50.org.br\/inc\/uploads\/2018\/07\/capa.png","contentUrl":"https:\/\/psol50.org.br\/inc\/uploads\/2018\/07\/capa.png","width":1350,"height":900,"caption":"PSOL 50"},"image":{"@id":"https:\/\/psol50.org.br\/#\/schema\/logo\/image\/"},"sameAs":["https:\/\/www.facebook.com\/psol50","https:\/\/x.com\/psol50","https:\/\/www.instagram.com\/psol50\/","https:\/\/www.youtube.com\/channel\/UC7SnJS5o1os7a6CaiNabzcg"]},{"@type":"Person","@id":"https:\/\/psol50.org.br\/#\/schema\/person\/475dfa57d0b815993c714c2e96491fcd","name":"Comunica\u00e7\u00e3o PSOL","image":{"@type":"ImageObject","inLanguage":"pt-BR","@id":"https:\/\/psol50.org.br\/#\/schema\/person\/image\/","url":"https:\/\/secure.gravatar.com\/avatar\/b34fc4f4e468a4e51785917065a3db57b841f5c95dba6ad8c73aaf8f66f8f9bf?s=96&d=mm&r=g","contentUrl":"https:\/\/secure.gravatar.com\/avatar\/b34fc4f4e468a4e51785917065a3db57b841f5c95dba6ad8c73aaf8f66f8f9bf?s=96&d=mm&r=g","caption":"Comunica\u00e7\u00e3o PSOL"}}]}},"_links":{"self":[{"href":"https:\/\/psol50.org.br\/rest\/wp\/v2\/posts\/12085","targetHints":{"allow":["GET"]}}],"collection":[{"href":"https:\/\/psol50.org.br\/rest\/wp\/v2\/posts"}],"about":[{"href":"https:\/\/psol50.org.br\/rest\/wp\/v2\/types\/post"}],"author":[{"embeddable":true,"href":"https:\/\/psol50.org.br\/rest\/wp\/v2\/users\/2"}],"replies":[{"embeddable":true,"href":"https:\/\/psol50.org.br\/rest\/wp\/v2\/comments?post=12085"}],"version-history":[{"count":0,"href":"https:\/\/psol50.org.br\/rest\/wp\/v2\/posts\/12085\/revisions"}],"wp:featuredmedia":[{"embeddable":true,"href":"https:\/\/psol50.org.br\/rest\/"}],"wp:attachment":[{"href":"https:\/\/psol50.org.br\/rest\/wp\/v2\/media?parent=12085"}],"wp:term":[{"taxonomy":"category","embeddable":true,"href":"https:\/\/psol50.org.br\/rest\/wp\/v2\/categories?post=12085"},{"taxonomy":"post_tag","embeddable":true,"href":"https:\/\/psol50.org.br\/rest\/wp\/v2\/tags?post=12085"}],"curies":[{"name":"wp","href":"https:\/\/api.w.org\/{rel}","templated":true}]}}