{"id":12090,"date":"2016-04-19T18:41:11","date_gmt":"2016-04-19T18:41:11","guid":{"rendered":"http:\/\/www.psol50.org.br\/?p=12090"},"modified":"2016-04-19T18:41:11","modified_gmt":"2016-04-19T18:41:11","slug":"psol-segue-na-luta-pela-democracia","status":"publish","type":"post","link":"https:\/\/psol50.org.br\/psol-segue-na-luta-pela-democracia\/","title":{"rendered":"PSOL segue na luta pela democracia"},"content":{"rendered":"<p>Em reuni\u00e3o nesta segunda-feira (18), a Executiva Nacional do PSOL promoveu um amplo debate sobre os desdobramentos da aprova\u00e7\u00e3o do processo de impeachment contra a presidente Dilma Rousseff no \u00faltimo (17), pela C\u00e2mara dos Deputados. Os dirigentes nacionais do partido discutiram o resultado do processo conduzido por Eduardo Cunha (PMDB-SP), presidente da C\u00e2mara e reconhecido prelo Supremo Tribunal Federal como r\u00e9u na Opera\u00e7\u00e3o Lava Jato; pelo vice-presidente da Rep\u00fablica, Michel Temer; e por seus fieis aliados, como Paulinho da For\u00e7a (SD-SP), Jair Bolsonaro (PSC-RJ), A\u00e9cio Neves (PSDB-MG) e tantos outros porta-vozes da escalada conservadora no Congresso Nacional. Eles tamb\u00e9m consideraram a destacada atua\u00e7\u00e3o combativa da bancada do partido na C\u00e2mara, que denunciaram a farsa em curso, j\u00e1 que o processo aprovado na C\u00e2mara tem v\u00edcios de origem e pouca ou nenhuma consist\u00eancia jur\u00eddica, al\u00e9m de significar um retrocesso pol\u00edtico. \u201cA bancada do PSOL votou unida contra o golpe parlamentar: Ivan Valente, Chico Alencar, Glauber Braga, Jean Wyllys, Edmilson Rodrigues e Luiza Erundina representaram os anseios dos setores democr\u00e1ticos e progressistas que n\u00e3o aceitam as sa\u00eddas conservadoras representadas pelo impeachment\u201d, afirma resolu\u00e7\u00e3o aprovada pela Executiva Nacional, ao final da reuni\u00e3o.<\/p>\n<p><strong>Leia mais:\u00a0<a href=\"http:\/\/www.psol50.org.br\/2016\/04\/no-plenario-da-camara-psol-reafirma-posicao-contraria-ao-impeachment\/\"><em>No plen\u00e1rio da C\u00e2mara, PSOL reafirma posi\u00e7\u00e3o contr\u00e1ria ao impeachment<\/em><\/a><\/strong><\/p>\n<p>O PSOL avalia, ainda, que o resultado da vota\u00e7\u00e3o na C\u00e2mara representa um ataque \u00e0 democracia brasileira e \u00e0 vontade popular. E reafirma a disposi\u00e7\u00e3o de sua milit\u00e2ncia a continuar mobilizada nas ruas, para barrar o golpe institucional que ainda ser\u00e1 analisado no Senado Federal. \u201cNosso engajamento continua nas ruas. Apoiaremos a mobiliza\u00e7\u00e3o da Frente Povo Sem Medo para pressionar o Senado Federal contra a consuma\u00e7\u00e3o do golpe parlamentar iniciado pela C\u00e2mara dos Deputados. N\u00e3o veremos qualquer legitimidade num eventual governo Michel Temer, que afrontaria a soberania popular e o resultado das urnas\u201d.<\/p>\n<p>O partido tamb\u00e9m reafirma o seu entendimento de que a supera\u00e7\u00e3o da crise atual s\u00f3 ser\u00e1 poss\u00edvel com sa\u00eddas \u00e0 esquerda. Confira, abaixo, o texto completo da resolu\u00e7\u00e3o.<\/p>\n<p><strong>Nota P\u00fablica<br \/>\n<\/strong><strong>PSOL segue na luta pela democracia<\/strong><\/p>\n<p>A democracia brasileira e a vontade popular foram atacadas neste domingo. Conduzido por um r\u00e9u do Supremo Tribunal Federal (STF) e urdido por um vice-presidente que conspira contra a legalidade, o processo de impeachment aprovado pela C\u00e2mara dos Deputados \u00e9 ilegal \u2013 por n\u00e3o se basear em crime de responsabilidade comprovado \u2013 e ileg\u00edtimo \u2013 por ser liderado pelo corrupto Eduardo Cunha. Por essa raz\u00e3o, a bancada do PSOL votou unida contra o golpe parlamentar: Ivan Valente, Chico Alencar, Glauber Braga, Jean Wyllys, Edmilson Rodrigues e Luiza Erundina representaram os anseios dos setores democr\u00e1ticos e progressistas que n\u00e3o aceitam as sa\u00eddas conservadoras representadas pelo impeachment.<\/p>\n<p>Como oposi\u00e7\u00e3o de esquerda ao governo Dilma, deixamos claro ao longo de todo o processo na C\u00e2mara dos Deputados que nosso engajamento na luta contra o golpe parlamentar n\u00e3o significava apoio \u00e0 agenda conservadora do governo liderado pelo PT. Como repetido exaustivamente por nossos parlamentares, nossa luta \u00e9 pela democracia.<\/p>\n<p>Nosso engajamento continua nas ruas. Apoiaremos a mobiliza\u00e7\u00e3o da Frente Povo Sem Medo para pressionar o Senado Federal contra a consuma\u00e7\u00e3o do golpe parlamentar iniciado pela C\u00e2mara dos Deputados. N\u00e3o veremos qualquer legitimidade num eventual governo Michel Temer, que afrontaria a soberania popular e o resultado das urnas.<\/p>\n<p>Buscaremos constituir uma alternativa para a atual crise pol\u00edtica e econ\u00f4mica atrav\u00e9s de um programa de reformas populares e em di\u00e1logo com os lutadores sociais que est\u00e3o nas ruas em defesa da democracia e da manuten\u00e7\u00e3o dos direitos sociais. Esse \u00e9 o compromisso do PSOL: reconstruir um projeto de esquerda para o Brasil.<\/p>\n<p><strong>Executiva Nacional do PSOL<br \/>\n<\/strong><strong>Bras\u00edlia, 18 de abril de 2016<\/strong><\/p>\n","protected":false},"excerpt":{"rendered":"<p>Em reuni\u00e3o nesta segunda-feira (18), a Executiva Nacional do PSOL promoveu um amplo debate sobre os desdobramentos da aprova\u00e7\u00e3o do processo de impeachment contra a presidente Dilma Rousseff no \u00faltimo (17), pela C\u00e2mara dos Deputados. Os dirigentes nacionais do partido discutiram o resultado do processo conduzido por Eduardo Cunha (PMDB-SP), presidente da C\u00e2mara e reconhecido [&hellip;]<\/p>\n","protected":false},"author":2,"featured_media":12093,"comment_status":"open","ping_status":"open","sticky":false,"template":"","format":"standard","meta":{"_acf_changed":false,"footnotes":""},"categories":[1882,6,14],"tags":[1432,2410,2734,1680,87,973,2890,790,1878,1191,151,4136,4243,3981,3183,220,552,4244,553,4123,4240,22,319],"class_list":{"0":"post-12090","1":"post","2":"type-post","3":"status-publish","4":"format-standard","5":"has-post-thumbnail","7":"category-brasil","8":"category-noticias","9":"category-partido","10":"tag-ajuste-fiscal","11":"tag-avanco-conservador","12":"tag-bancada-do-psol","13":"tag-chico-alencar","14":"tag-democracia","15":"tag-edmilson-rodrigues","16":"tag-eduardo-cunha","17":"tag-esquerda","18":"tag-frente-povo-sem-medo","19":"tag-glauber-braga","20":"tag-golpe","21":"tag-golpe-institucional","22":"tag-golpe-parlamentar","23":"tag-governo-dilma","24":"tag-governo-dilma-rousseff","25":"tag-impeachment","26":"tag-ivan-valente","27":"tag-jean-wyylys","28":"tag-luiza-erundina","29":"tag-miche-temer","30":"tag-ofensiva-da-direita","31":"tag-psol","32":"tag-pt"},"acf":[],"yoast_head":"<!-- This site is optimized with the Yoast SEO plugin v26.5 - https:\/\/yoast.com\/wordpress\/plugins\/seo\/ -->\n<title>PSOL segue na luta pela democracia - PSOL 50<\/title>\n<meta name=\"robots\" content=\"index, follow, max-snippet:-1, max-image-preview:large, max-video-preview:-1\" \/>\n<link rel=\"canonical\" href=\"https:\/\/psol50.org.br\/psol-segue-na-luta-pela-democracia\/\" \/>\n<meta property=\"og:locale\" content=\"pt_BR\" \/>\n<meta property=\"og:type\" content=\"article\" \/>\n<meta property=\"og:title\" content=\"PSOL segue na luta pela democracia - PSOL 50\" \/>\n<meta property=\"og:description\" content=\"Em reuni\u00e3o nesta segunda-feira (18), a Executiva Nacional do PSOL promoveu um amplo debate sobre os desdobramentos da aprova\u00e7\u00e3o do processo de impeachment contra a presidente Dilma Rousseff no \u00faltimo (17), pela C\u00e2mara dos Deputados. Os dirigentes nacionais do partido discutiram o resultado do processo conduzido por Eduardo Cunha (PMDB-SP), presidente da C\u00e2mara e reconhecido [&hellip;]\" \/>\n<meta property=\"og:url\" content=\"https:\/\/psol50.org.br\/psol-segue-na-luta-pela-democracia\/\" \/>\n<meta property=\"og:site_name\" content=\"PSOL 50\" \/>\n<meta property=\"article:publisher\" content=\"https:\/\/www.facebook.com\/psol50\" \/>\n<meta property=\"article:published_time\" content=\"2016-04-19T18:41:11+00:00\" \/>\n<meta property=\"og:image\" content=\"https:\/\/psol50.org.br\/inc\/uploads\/2018\/07\/capa.png\" \/>\n\t<meta property=\"og:image:width\" content=\"1350\" \/>\n\t<meta property=\"og:image:height\" content=\"900\" \/>\n\t<meta property=\"og:image:type\" content=\"image\/png\" \/>\n<meta name=\"author\" content=\"Comunica\u00e7\u00e3o PSOL\" \/>\n<meta name=\"twitter:card\" content=\"summary_large_image\" \/>\n<meta name=\"twitter:creator\" content=\"@psol50\" \/>\n<meta name=\"twitter:site\" content=\"@psol50\" \/>\n<meta name=\"twitter:label1\" content=\"Escrito por\" \/>\n\t<meta name=\"twitter:data1\" content=\"Comunica\u00e7\u00e3o PSOL\" \/>\n\t<meta name=\"twitter:label2\" content=\"Est. tempo de leitura\" \/>\n\t<meta name=\"twitter:data2\" content=\"3 minutos\" \/>\n<script type=\"application\/ld+json\" class=\"yoast-schema-graph\">{\"@context\":\"https:\/\/schema.org\",\"@graph\":[{\"@type\":\"Article\",\"@id\":\"https:\/\/psol50.org.br\/psol-segue-na-luta-pela-democracia\/#article\",\"isPartOf\":{\"@id\":\"https:\/\/psol50.org.br\/psol-segue-na-luta-pela-democracia\/\"},\"author\":{\"name\":\"Comunica\u00e7\u00e3o PSOL\",\"@id\":\"https:\/\/psol50.org.br\/#\/schema\/person\/475dfa57d0b815993c714c2e96491fcd\"},\"headline\":\"PSOL segue na luta pela democracia\",\"datePublished\":\"2016-04-19T18:41:11+00:00\",\"mainEntityOfPage\":{\"@id\":\"https:\/\/psol50.org.br\/psol-segue-na-luta-pela-democracia\/\"},\"wordCount\":651,\"commentCount\":0,\"publisher\":{\"@id\":\"https:\/\/psol50.org.br\/#organization\"},\"image\":{\"@id\":\"https:\/\/psol50.org.br\/psol-segue-na-luta-pela-democracia\/#primaryimage\"},\"thumbnailUrl\":\"\",\"keywords\":[\"Ajuste Fiscal\",\"avan\u00e7o conservador\",\"Bancada do PSOL\",\"Chico Alencar\",\"democracia\",\"Edmilson Rodrigues\",\"Eduardo Cunha\",\"esquerda\",\"Frente Povo Sem Medo\",\"Glauber Braga\",\"golpe\",\"golpe institucional\",\"golpe parlamentar\",\"governo Dilma\",\"governo Dilma Rousseff\",\"impeachment\",\"Ivan Valente\",\"Jean Wyylys\",\"Luiza Erundina\",\"Miche Temer\",\"ofensiva da direita\",\"PSOL\",\"PT\"],\"articleSection\":[\"Brasil\",\"Not\u00edcias\",\"Partido\"],\"inLanguage\":\"pt-BR\",\"potentialAction\":[{\"@type\":\"CommentAction\",\"name\":\"Comment\",\"target\":[\"https:\/\/psol50.org.br\/psol-segue-na-luta-pela-democracia\/#respond\"]}]},{\"@type\":\"WebPage\",\"@id\":\"https:\/\/psol50.org.br\/psol-segue-na-luta-pela-democracia\/\",\"url\":\"https:\/\/psol50.org.br\/psol-segue-na-luta-pela-democracia\/\",\"name\":\"PSOL segue na luta pela democracia - PSOL 50\",\"isPartOf\":{\"@id\":\"https:\/\/psol50.org.br\/#website\"},\"primaryImageOfPage\":{\"@id\":\"https:\/\/psol50.org.br\/psol-segue-na-luta-pela-democracia\/#primaryimage\"},\"image\":{\"@id\":\"https:\/\/psol50.org.br\/psol-segue-na-luta-pela-democracia\/#primaryimage\"},\"thumbnailUrl\":\"\",\"datePublished\":\"2016-04-19T18:41:11+00:00\",\"breadcrumb\":{\"@id\":\"https:\/\/psol50.org.br\/psol-segue-na-luta-pela-democracia\/#breadcrumb\"},\"inLanguage\":\"pt-BR\",\"potentialAction\":[{\"@type\":\"ReadAction\",\"target\":[\"https:\/\/psol50.org.br\/psol-segue-na-luta-pela-democracia\/\"]}]},{\"@type\":\"ImageObject\",\"inLanguage\":\"pt-BR\",\"@id\":\"https:\/\/psol50.org.br\/psol-segue-na-luta-pela-democracia\/#primaryimage\",\"url\":\"\",\"contentUrl\":\"\"},{\"@type\":\"BreadcrumbList\",\"@id\":\"https:\/\/psol50.org.br\/psol-segue-na-luta-pela-democracia\/#breadcrumb\",\"itemListElement\":[{\"@type\":\"ListItem\",\"position\":1,\"name\":\"In\u00edcio\",\"item\":\"https:\/\/psol50.org.br\/\"},{\"@type\":\"ListItem\",\"position\":2,\"name\":\"PSOL segue na luta pela democracia\"}]},{\"@type\":\"WebSite\",\"@id\":\"https:\/\/psol50.org.br\/#website\",\"url\":\"https:\/\/psol50.org.br\/\",\"name\":\"PSOL 50\",\"description\":\"Site oficial do Partido Socialismo e Liberdade\",\"publisher\":{\"@id\":\"https:\/\/psol50.org.br\/#organization\"},\"alternateName\":\"PSOL50\",\"potentialAction\":[{\"@type\":\"SearchAction\",\"target\":{\"@type\":\"EntryPoint\",\"urlTemplate\":\"https:\/\/psol50.org.br\/?s={search_term_string}\"},\"query-input\":{\"@type\":\"PropertyValueSpecification\",\"valueRequired\":true,\"valueName\":\"search_term_string\"}}],\"inLanguage\":\"pt-BR\"},{\"@type\":\"Organization\",\"@id\":\"https:\/\/psol50.org.br\/#organization\",\"name\":\"PSOL 50\",\"alternateName\":\"PSOL 50\",\"url\":\"https:\/\/psol50.org.br\/\",\"logo\":{\"@type\":\"ImageObject\",\"inLanguage\":\"pt-BR\",\"@id\":\"https:\/\/psol50.org.br\/#\/schema\/logo\/image\/\",\"url\":\"https:\/\/psol50.org.br\/inc\/uploads\/2018\/07\/capa.png\",\"contentUrl\":\"https:\/\/psol50.org.br\/inc\/uploads\/2018\/07\/capa.png\",\"width\":1350,\"height\":900,\"caption\":\"PSOL 50\"},\"image\":{\"@id\":\"https:\/\/psol50.org.br\/#\/schema\/logo\/image\/\"},\"sameAs\":[\"https:\/\/www.facebook.com\/psol50\",\"https:\/\/x.com\/psol50\",\"https:\/\/www.instagram.com\/psol50\/\",\"https:\/\/www.youtube.com\/channel\/UC7SnJS5o1os7a6CaiNabzcg\"]},{\"@type\":\"Person\",\"@id\":\"https:\/\/psol50.org.br\/#\/schema\/person\/475dfa57d0b815993c714c2e96491fcd\",\"name\":\"Comunica\u00e7\u00e3o PSOL\",\"image\":{\"@type\":\"ImageObject\",\"inLanguage\":\"pt-BR\",\"@id\":\"https:\/\/psol50.org.br\/#\/schema\/person\/image\/\",\"url\":\"https:\/\/secure.gravatar.com\/avatar\/b34fc4f4e468a4e51785917065a3db57b841f5c95dba6ad8c73aaf8f66f8f9bf?s=96&d=mm&r=g\",\"contentUrl\":\"https:\/\/secure.gravatar.com\/avatar\/b34fc4f4e468a4e51785917065a3db57b841f5c95dba6ad8c73aaf8f66f8f9bf?s=96&d=mm&r=g\",\"caption\":\"Comunica\u00e7\u00e3o PSOL\"}}]}<\/script>\n<!-- \/ Yoast SEO plugin. -->","yoast_head_json":{"title":"PSOL segue na luta pela democracia - PSOL 50","robots":{"index":"index","follow":"follow","max-snippet":"max-snippet:-1","max-image-preview":"max-image-preview:large","max-video-preview":"max-video-preview:-1"},"canonical":"https:\/\/psol50.org.br\/psol-segue-na-luta-pela-democracia\/","og_locale":"pt_BR","og_type":"article","og_title":"PSOL segue na luta pela democracia - PSOL 50","og_description":"Em reuni\u00e3o nesta segunda-feira (18), a Executiva Nacional do PSOL promoveu um amplo debate sobre os desdobramentos da aprova\u00e7\u00e3o do processo de impeachment contra a presidente Dilma Rousseff no \u00faltimo (17), pela C\u00e2mara dos Deputados. Os dirigentes nacionais do partido discutiram o resultado do processo conduzido por Eduardo Cunha (PMDB-SP), presidente da C\u00e2mara e reconhecido [&hellip;]","og_url":"https:\/\/psol50.org.br\/psol-segue-na-luta-pela-democracia\/","og_site_name":"PSOL 50","article_publisher":"https:\/\/www.facebook.com\/psol50","article_published_time":"2016-04-19T18:41:11+00:00","og_image":[{"width":1350,"height":900,"url":"https:\/\/psol50.org.br\/inc\/uploads\/2018\/07\/capa.png","type":"image\/png"}],"author":"Comunica\u00e7\u00e3o PSOL","twitter_card":"summary_large_image","twitter_creator":"@psol50","twitter_site":"@psol50","twitter_misc":{"Escrito por":"Comunica\u00e7\u00e3o PSOL","Est. tempo de leitura":"3 minutos"},"schema":{"@context":"https:\/\/schema.org","@graph":[{"@type":"Article","@id":"https:\/\/psol50.org.br\/psol-segue-na-luta-pela-democracia\/#article","isPartOf":{"@id":"https:\/\/psol50.org.br\/psol-segue-na-luta-pela-democracia\/"},"author":{"name":"Comunica\u00e7\u00e3o PSOL","@id":"https:\/\/psol50.org.br\/#\/schema\/person\/475dfa57d0b815993c714c2e96491fcd"},"headline":"PSOL segue na luta pela democracia","datePublished":"2016-04-19T18:41:11+00:00","mainEntityOfPage":{"@id":"https:\/\/psol50.org.br\/psol-segue-na-luta-pela-democracia\/"},"wordCount":651,"commentCount":0,"publisher":{"@id":"https:\/\/psol50.org.br\/#organization"},"image":{"@id":"https:\/\/psol50.org.br\/psol-segue-na-luta-pela-democracia\/#primaryimage"},"thumbnailUrl":"","keywords":["Ajuste Fiscal","avan\u00e7o conservador","Bancada do PSOL","Chico Alencar","democracia","Edmilson Rodrigues","Eduardo Cunha","esquerda","Frente Povo Sem Medo","Glauber Braga","golpe","golpe institucional","golpe parlamentar","governo Dilma","governo Dilma Rousseff","impeachment","Ivan Valente","Jean Wyylys","Luiza Erundina","Miche Temer","ofensiva da direita","PSOL","PT"],"articleSection":["Brasil","Not\u00edcias","Partido"],"inLanguage":"pt-BR","potentialAction":[{"@type":"CommentAction","name":"Comment","target":["https:\/\/psol50.org.br\/psol-segue-na-luta-pela-democracia\/#respond"]}]},{"@type":"WebPage","@id":"https:\/\/psol50.org.br\/psol-segue-na-luta-pela-democracia\/","url":"https:\/\/psol50.org.br\/psol-segue-na-luta-pela-democracia\/","name":"PSOL segue na luta pela democracia - PSOL 50","isPartOf":{"@id":"https:\/\/psol50.org.br\/#website"},"primaryImageOfPage":{"@id":"https:\/\/psol50.org.br\/psol-segue-na-luta-pela-democracia\/#primaryimage"},"image":{"@id":"https:\/\/psol50.org.br\/psol-segue-na-luta-pela-democracia\/#primaryimage"},"thumbnailUrl":"","datePublished":"2016-04-19T18:41:11+00:00","breadcrumb":{"@id":"https:\/\/psol50.org.br\/psol-segue-na-luta-pela-democracia\/#breadcrumb"},"inLanguage":"pt-BR","potentialAction":[{"@type":"ReadAction","target":["https:\/\/psol50.org.br\/psol-segue-na-luta-pela-democracia\/"]}]},{"@type":"ImageObject","inLanguage":"pt-BR","@id":"https:\/\/psol50.org.br\/psol-segue-na-luta-pela-democracia\/#primaryimage","url":"","contentUrl":""},{"@type":"BreadcrumbList","@id":"https:\/\/psol50.org.br\/psol-segue-na-luta-pela-democracia\/#breadcrumb","itemListElement":[{"@type":"ListItem","position":1,"name":"In\u00edcio","item":"https:\/\/psol50.org.br\/"},{"@type":"ListItem","position":2,"name":"PSOL segue na luta pela democracia"}]},{"@type":"WebSite","@id":"https:\/\/psol50.org.br\/#website","url":"https:\/\/psol50.org.br\/","name":"PSOL 50","description":"Site oficial do Partido Socialismo e Liberdade","publisher":{"@id":"https:\/\/psol50.org.br\/#organization"},"alternateName":"PSOL50","potentialAction":[{"@type":"SearchAction","target":{"@type":"EntryPoint","urlTemplate":"https:\/\/psol50.org.br\/?s={search_term_string}"},"query-input":{"@type":"PropertyValueSpecification","valueRequired":true,"valueName":"search_term_string"}}],"inLanguage":"pt-BR"},{"@type":"Organization","@id":"https:\/\/psol50.org.br\/#organization","name":"PSOL 50","alternateName":"PSOL 50","url":"https:\/\/psol50.org.br\/","logo":{"@type":"ImageObject","inLanguage":"pt-BR","@id":"https:\/\/psol50.org.br\/#\/schema\/logo\/image\/","url":"https:\/\/psol50.org.br\/inc\/uploads\/2018\/07\/capa.png","contentUrl":"https:\/\/psol50.org.br\/inc\/uploads\/2018\/07\/capa.png","width":1350,"height":900,"caption":"PSOL 50"},"image":{"@id":"https:\/\/psol50.org.br\/#\/schema\/logo\/image\/"},"sameAs":["https:\/\/www.facebook.com\/psol50","https:\/\/x.com\/psol50","https:\/\/www.instagram.com\/psol50\/","https:\/\/www.youtube.com\/channel\/UC7SnJS5o1os7a6CaiNabzcg"]},{"@type":"Person","@id":"https:\/\/psol50.org.br\/#\/schema\/person\/475dfa57d0b815993c714c2e96491fcd","name":"Comunica\u00e7\u00e3o PSOL","image":{"@type":"ImageObject","inLanguage":"pt-BR","@id":"https:\/\/psol50.org.br\/#\/schema\/person\/image\/","url":"https:\/\/secure.gravatar.com\/avatar\/b34fc4f4e468a4e51785917065a3db57b841f5c95dba6ad8c73aaf8f66f8f9bf?s=96&d=mm&r=g","contentUrl":"https:\/\/secure.gravatar.com\/avatar\/b34fc4f4e468a4e51785917065a3db57b841f5c95dba6ad8c73aaf8f66f8f9bf?s=96&d=mm&r=g","caption":"Comunica\u00e7\u00e3o PSOL"}}]}},"_links":{"self":[{"href":"https:\/\/psol50.org.br\/rest\/wp\/v2\/posts\/12090","targetHints":{"allow":["GET"]}}],"collection":[{"href":"https:\/\/psol50.org.br\/rest\/wp\/v2\/posts"}],"about":[{"href":"https:\/\/psol50.org.br\/rest\/wp\/v2\/types\/post"}],"author":[{"embeddable":true,"href":"https:\/\/psol50.org.br\/rest\/wp\/v2\/users\/2"}],"replies":[{"embeddable":true,"href":"https:\/\/psol50.org.br\/rest\/wp\/v2\/comments?post=12090"}],"version-history":[{"count":0,"href":"https:\/\/psol50.org.br\/rest\/wp\/v2\/posts\/12090\/revisions"}],"wp:featuredmedia":[{"embeddable":true,"href":"https:\/\/psol50.org.br\/rest\/"}],"wp:attachment":[{"href":"https:\/\/psol50.org.br\/rest\/wp\/v2\/media?parent=12090"}],"wp:term":[{"taxonomy":"category","embeddable":true,"href":"https:\/\/psol50.org.br\/rest\/wp\/v2\/categories?post=12090"},{"taxonomy":"post_tag","embeddable":true,"href":"https:\/\/psol50.org.br\/rest\/wp\/v2\/tags?post=12090"}],"curies":[{"name":"wp","href":"https:\/\/api.w.org\/{rel}","templated":true}]}}