{"id":12097,"date":"2016-04-19T21:26:34","date_gmt":"2016-04-19T21:26:34","guid":{"rendered":"http:\/\/www.psol50.org.br\/?p=12097"},"modified":"2016-04-19T21:26:34","modified_gmt":"2016-04-19T21:26:34","slug":"requerimento-de-marinor-brito-na-camara-municipal-de-belem-se-solidariza-com-jean-wyllys","status":"publish","type":"post","link":"https:\/\/psol50.org.br\/requerimento-de-marinor-brito-na-camara-municipal-de-belem-se-solidariza-com-jean-wyllys\/","title":{"rendered":"Requerimento de Marinor Brito, na C\u00e2mara Municipal de Bel\u00e9m, se solidariza com Jean Wyllys"},"content":{"rendered":"<p>A vereadora do PSOL em Bel\u00e9m, Marinor Brito, apresentou na sess\u00e3o desta ter\u00e7a-feira (19), requerimento em desagravo ao deputado federal Jean Wyllys (PSOL-RJ).<\/p>\n<p>No of\u00edcio, a vereadora repudia a forma criminosa e que mais uma vez se repetiu, com agress\u00f5es e tentativa de intimida\u00e7\u00e3o, al\u00e9m de insultos e palavr\u00f5es proferidos pelo ex-militar e deputado federal, Jair Bolsonaro (PSC\/RJ), ao parlamentar do PSOL, durante sess\u00e3o da C\u00e2mara Federal, no \u00faltimo domingo (17).<\/p>\n<p>\u201c\u00c9 uma iniciativa que pretende ser dos vereadores de Bel\u00e9m comprometidos com as liberdades, a democracia e que entendem que a ditadura militar de 21 anos foi o cap\u00edtulo mais desumano e perverso da hist\u00f3ria recente do pa\u00eds, com sequelas incur\u00e1veis para nosso povo e que por isso, deve ficar na lembran\u00e7a de homens e mulheres de bem para que nunca mais se repita. Seja pelas atitudes conden\u00e1veis de quem se esconde atr\u00e1s de um mandato parlamentar como o capital Bolsonaro. Ou seja, por aqueles que escolheram as sombras dos por\u00f5es para pr\u00e1ticas de crimes e que at\u00e9 hoje est\u00e3o por a\u00ed, impunes conspirando contra as liberdades do povo\u201d, concluiu Marinor.<\/p>\n<p>&nbsp;<\/p>\n","protected":false},"excerpt":{"rendered":"<p>A vereadora do PSOL em Bel\u00e9m, Marinor Brito, apresentou na sess\u00e3o desta ter\u00e7a-feira (19), requerimento em desagravo ao deputado federal Jean Wyllys (PSOL-RJ). No of\u00edcio, a vereadora repudia a forma criminosa e que mais uma vez se repetiu, com agress\u00f5es e tentativa de intimida\u00e7\u00e3o, al\u00e9m de insultos e palavr\u00f5es proferidos pelo ex-militar e deputado federal, [&hellip;]<\/p>\n","protected":false},"author":2,"featured_media":12098,"comment_status":"open","ping_status":"open","sticky":false,"template":"","format":"standard","meta":{"_acf_changed":false,"footnotes":""},"categories":[10,654,14],"tags":[643,2430,4245,244,663,1818,22,4246,1363],"class_list":{"0":"post-12097","1":"post","2":"type-post","3":"status-publish","4":"format-standard","5":"has-post-thumbnail","7":"category-acao-parlamentares","8":"category-estados","9":"category-partido","10":"tag-belem","11":"tag-deputado-federal","12":"tag-ex-militar","13":"tag-jair-bolsonaro","14":"tag-jean-wyllys","15":"tag-marinor-brito","16":"tag-psol","17":"tag-requerimento-de-desagravo","18":"tag-vereadora"},"acf":[],"yoast_head":"<!-- This site is optimized with the Yoast SEO plugin v26.5 - https:\/\/yoast.com\/wordpress\/plugins\/seo\/ -->\n<title>Requerimento de Marinor Brito, na C\u00e2mara Municipal de Bel\u00e9m, se solidariza com Jean Wyllys - PSOL 50<\/title>\n<meta name=\"robots\" content=\"index, follow, max-snippet:-1, max-image-preview:large, max-video-preview:-1\" \/>\n<link rel=\"canonical\" href=\"https:\/\/psol50.org.br\/requerimento-de-marinor-brito-na-camara-municipal-de-belem-se-solidariza-com-jean-wyllys\/\" \/>\n<meta property=\"og:locale\" content=\"pt_BR\" \/>\n<meta property=\"og:type\" content=\"article\" \/>\n<meta property=\"og:title\" content=\"Requerimento de Marinor Brito, na C\u00e2mara Municipal de Bel\u00e9m, se solidariza com Jean Wyllys - PSOL 50\" \/>\n<meta property=\"og:description\" content=\"A vereadora do PSOL em Bel\u00e9m, Marinor Brito, apresentou na sess\u00e3o desta ter\u00e7a-feira (19), requerimento em desagravo ao deputado federal Jean Wyllys (PSOL-RJ). No of\u00edcio, a vereadora repudia a forma criminosa e que mais uma vez se repetiu, com agress\u00f5es e tentativa de intimida\u00e7\u00e3o, al\u00e9m de insultos e palavr\u00f5es proferidos pelo ex-militar e deputado federal, [&hellip;]\" \/>\n<meta property=\"og:url\" content=\"https:\/\/psol50.org.br\/requerimento-de-marinor-brito-na-camara-municipal-de-belem-se-solidariza-com-jean-wyllys\/\" \/>\n<meta property=\"og:site_name\" content=\"PSOL 50\" \/>\n<meta property=\"article:publisher\" content=\"https:\/\/www.facebook.com\/psol50\" \/>\n<meta property=\"article:published_time\" content=\"2016-04-19T21:26:34+00:00\" \/>\n<meta property=\"og:image\" content=\"https:\/\/psol50.org.br\/inc\/uploads\/2018\/07\/capa.png\" \/>\n\t<meta property=\"og:image:width\" content=\"1350\" \/>\n\t<meta property=\"og:image:height\" content=\"900\" \/>\n\t<meta property=\"og:image:type\" content=\"image\/png\" \/>\n<meta name=\"author\" content=\"Comunica\u00e7\u00e3o PSOL\" \/>\n<meta name=\"twitter:card\" content=\"summary_large_image\" \/>\n<meta name=\"twitter:creator\" content=\"@psol50\" \/>\n<meta name=\"twitter:site\" content=\"@psol50\" \/>\n<meta name=\"twitter:label1\" content=\"Escrito por\" \/>\n\t<meta name=\"twitter:data1\" content=\"Comunica\u00e7\u00e3o PSOL\" \/>\n\t<meta name=\"twitter:label2\" content=\"Est. tempo de leitura\" \/>\n\t<meta name=\"twitter:data2\" content=\"1 minuto\" \/>\n<script type=\"application\/ld+json\" class=\"yoast-schema-graph\">{\"@context\":\"https:\/\/schema.org\",\"@graph\":[{\"@type\":\"Article\",\"@id\":\"https:\/\/psol50.org.br\/requerimento-de-marinor-brito-na-camara-municipal-de-belem-se-solidariza-com-jean-wyllys\/#article\",\"isPartOf\":{\"@id\":\"https:\/\/psol50.org.br\/requerimento-de-marinor-brito-na-camara-municipal-de-belem-se-solidariza-com-jean-wyllys\/\"},\"author\":{\"name\":\"Comunica\u00e7\u00e3o PSOL\",\"@id\":\"https:\/\/psol50.org.br\/#\/schema\/person\/475dfa57d0b815993c714c2e96491fcd\"},\"headline\":\"Requerimento de Marinor Brito, na C\u00e2mara Municipal de Bel\u00e9m, se solidariza com Jean Wyllys\",\"datePublished\":\"2016-04-19T21:26:34+00:00\",\"mainEntityOfPage\":{\"@id\":\"https:\/\/psol50.org.br\/requerimento-de-marinor-brito-na-camara-municipal-de-belem-se-solidariza-com-jean-wyllys\/\"},\"wordCount\":217,\"commentCount\":0,\"publisher\":{\"@id\":\"https:\/\/psol50.org.br\/#organization\"},\"image\":{\"@id\":\"https:\/\/psol50.org.br\/requerimento-de-marinor-brito-na-camara-municipal-de-belem-se-solidariza-com-jean-wyllys\/#primaryimage\"},\"thumbnailUrl\":\"\",\"keywords\":[\"Bel\u00e9m\",\"deputado federal\",\"ex-militar\",\"Jair Bolsonaro\",\"Jean Wyllys\",\"Marinor Brito\",\"PSOL\",\"requerimento de desagravo\",\"vereadora\"],\"articleSection\":[\"A\u00e7\u00e3o Parlamentar\",\"Estados\",\"Partido\"],\"inLanguage\":\"pt-BR\",\"potentialAction\":[{\"@type\":\"CommentAction\",\"name\":\"Comment\",\"target\":[\"https:\/\/psol50.org.br\/requerimento-de-marinor-brito-na-camara-municipal-de-belem-se-solidariza-com-jean-wyllys\/#respond\"]}]},{\"@type\":\"WebPage\",\"@id\":\"https:\/\/psol50.org.br\/requerimento-de-marinor-brito-na-camara-municipal-de-belem-se-solidariza-com-jean-wyllys\/\",\"url\":\"https:\/\/psol50.org.br\/requerimento-de-marinor-brito-na-camara-municipal-de-belem-se-solidariza-com-jean-wyllys\/\",\"name\":\"Requerimento de Marinor Brito, na C\u00e2mara Municipal de Bel\u00e9m, se solidariza com Jean Wyllys - PSOL 50\",\"isPartOf\":{\"@id\":\"https:\/\/psol50.org.br\/#website\"},\"primaryImageOfPage\":{\"@id\":\"https:\/\/psol50.org.br\/requerimento-de-marinor-brito-na-camara-municipal-de-belem-se-solidariza-com-jean-wyllys\/#primaryimage\"},\"image\":{\"@id\":\"https:\/\/psol50.org.br\/requerimento-de-marinor-brito-na-camara-municipal-de-belem-se-solidariza-com-jean-wyllys\/#primaryimage\"},\"thumbnailUrl\":\"\",\"datePublished\":\"2016-04-19T21:26:34+00:00\",\"breadcrumb\":{\"@id\":\"https:\/\/psol50.org.br\/requerimento-de-marinor-brito-na-camara-municipal-de-belem-se-solidariza-com-jean-wyllys\/#breadcrumb\"},\"inLanguage\":\"pt-BR\",\"potentialAction\":[{\"@type\":\"ReadAction\",\"target\":[\"https:\/\/psol50.org.br\/requerimento-de-marinor-brito-na-camara-municipal-de-belem-se-solidariza-com-jean-wyllys\/\"]}]},{\"@type\":\"ImageObject\",\"inLanguage\":\"pt-BR\",\"@id\":\"https:\/\/psol50.org.br\/requerimento-de-marinor-brito-na-camara-municipal-de-belem-se-solidariza-com-jean-wyllys\/#primaryimage\",\"url\":\"\",\"contentUrl\":\"\"},{\"@type\":\"BreadcrumbList\",\"@id\":\"https:\/\/psol50.org.br\/requerimento-de-marinor-brito-na-camara-municipal-de-belem-se-solidariza-com-jean-wyllys\/#breadcrumb\",\"itemListElement\":[{\"@type\":\"ListItem\",\"position\":1,\"name\":\"In\u00edcio\",\"item\":\"https:\/\/psol50.org.br\/\"},{\"@type\":\"ListItem\",\"position\":2,\"name\":\"Requerimento de Marinor Brito, na C\u00e2mara Municipal de Bel\u00e9m, se solidariza com Jean Wyllys\"}]},{\"@type\":\"WebSite\",\"@id\":\"https:\/\/psol50.org.br\/#website\",\"url\":\"https:\/\/psol50.org.br\/\",\"name\":\"PSOL 50\",\"description\":\"Site oficial do Partido Socialismo e Liberdade\",\"publisher\":{\"@id\":\"https:\/\/psol50.org.br\/#organization\"},\"alternateName\":\"PSOL50\",\"potentialAction\":[{\"@type\":\"SearchAction\",\"target\":{\"@type\":\"EntryPoint\",\"urlTemplate\":\"https:\/\/psol50.org.br\/?s={search_term_string}\"},\"query-input\":{\"@type\":\"PropertyValueSpecification\",\"valueRequired\":true,\"valueName\":\"search_term_string\"}}],\"inLanguage\":\"pt-BR\"},{\"@type\":\"Organization\",\"@id\":\"https:\/\/psol50.org.br\/#organization\",\"name\":\"PSOL 50\",\"alternateName\":\"PSOL 50\",\"url\":\"https:\/\/psol50.org.br\/\",\"logo\":{\"@type\":\"ImageObject\",\"inLanguage\":\"pt-BR\",\"@id\":\"https:\/\/psol50.org.br\/#\/schema\/logo\/image\/\",\"url\":\"https:\/\/psol50.org.br\/inc\/uploads\/2018\/07\/capa.png\",\"contentUrl\":\"https:\/\/psol50.org.br\/inc\/uploads\/2018\/07\/capa.png\",\"width\":1350,\"height\":900,\"caption\":\"PSOL 50\"},\"image\":{\"@id\":\"https:\/\/psol50.org.br\/#\/schema\/logo\/image\/\"},\"sameAs\":[\"https:\/\/www.facebook.com\/psol50\",\"https:\/\/x.com\/psol50\",\"https:\/\/www.instagram.com\/psol50\/\",\"https:\/\/www.youtube.com\/channel\/UC7SnJS5o1os7a6CaiNabzcg\"]},{\"@type\":\"Person\",\"@id\":\"https:\/\/psol50.org.br\/#\/schema\/person\/475dfa57d0b815993c714c2e96491fcd\",\"name\":\"Comunica\u00e7\u00e3o PSOL\",\"image\":{\"@type\":\"ImageObject\",\"inLanguage\":\"pt-BR\",\"@id\":\"https:\/\/psol50.org.br\/#\/schema\/person\/image\/\",\"url\":\"https:\/\/secure.gravatar.com\/avatar\/b34fc4f4e468a4e51785917065a3db57b841f5c95dba6ad8c73aaf8f66f8f9bf?s=96&d=mm&r=g\",\"contentUrl\":\"https:\/\/secure.gravatar.com\/avatar\/b34fc4f4e468a4e51785917065a3db57b841f5c95dba6ad8c73aaf8f66f8f9bf?s=96&d=mm&r=g\",\"caption\":\"Comunica\u00e7\u00e3o PSOL\"}}]}<\/script>\n<!-- \/ Yoast SEO plugin. -->","yoast_head_json":{"title":"Requerimento de Marinor Brito, na C\u00e2mara Municipal de Bel\u00e9m, se solidariza com Jean Wyllys - PSOL 50","robots":{"index":"index","follow":"follow","max-snippet":"max-snippet:-1","max-image-preview":"max-image-preview:large","max-video-preview":"max-video-preview:-1"},"canonical":"https:\/\/psol50.org.br\/requerimento-de-marinor-brito-na-camara-municipal-de-belem-se-solidariza-com-jean-wyllys\/","og_locale":"pt_BR","og_type":"article","og_title":"Requerimento de Marinor Brito, na C\u00e2mara Municipal de Bel\u00e9m, se solidariza com Jean Wyllys - PSOL 50","og_description":"A vereadora do PSOL em Bel\u00e9m, Marinor Brito, apresentou na sess\u00e3o desta ter\u00e7a-feira (19), requerimento em desagravo ao deputado federal Jean Wyllys (PSOL-RJ). No of\u00edcio, a vereadora repudia a forma criminosa e que mais uma vez se repetiu, com agress\u00f5es e tentativa de intimida\u00e7\u00e3o, al\u00e9m de insultos e palavr\u00f5es proferidos pelo ex-militar e deputado federal, [&hellip;]","og_url":"https:\/\/psol50.org.br\/requerimento-de-marinor-brito-na-camara-municipal-de-belem-se-solidariza-com-jean-wyllys\/","og_site_name":"PSOL 50","article_publisher":"https:\/\/www.facebook.com\/psol50","article_published_time":"2016-04-19T21:26:34+00:00","og_image":[{"width":1350,"height":900,"url":"https:\/\/psol50.org.br\/inc\/uploads\/2018\/07\/capa.png","type":"image\/png"}],"author":"Comunica\u00e7\u00e3o PSOL","twitter_card":"summary_large_image","twitter_creator":"@psol50","twitter_site":"@psol50","twitter_misc":{"Escrito por":"Comunica\u00e7\u00e3o PSOL","Est. tempo de leitura":"1 minuto"},"schema":{"@context":"https:\/\/schema.org","@graph":[{"@type":"Article","@id":"https:\/\/psol50.org.br\/requerimento-de-marinor-brito-na-camara-municipal-de-belem-se-solidariza-com-jean-wyllys\/#article","isPartOf":{"@id":"https:\/\/psol50.org.br\/requerimento-de-marinor-brito-na-camara-municipal-de-belem-se-solidariza-com-jean-wyllys\/"},"author":{"name":"Comunica\u00e7\u00e3o PSOL","@id":"https:\/\/psol50.org.br\/#\/schema\/person\/475dfa57d0b815993c714c2e96491fcd"},"headline":"Requerimento de Marinor Brito, na C\u00e2mara Municipal de Bel\u00e9m, se solidariza com Jean Wyllys","datePublished":"2016-04-19T21:26:34+00:00","mainEntityOfPage":{"@id":"https:\/\/psol50.org.br\/requerimento-de-marinor-brito-na-camara-municipal-de-belem-se-solidariza-com-jean-wyllys\/"},"wordCount":217,"commentCount":0,"publisher":{"@id":"https:\/\/psol50.org.br\/#organization"},"image":{"@id":"https:\/\/psol50.org.br\/requerimento-de-marinor-brito-na-camara-municipal-de-belem-se-solidariza-com-jean-wyllys\/#primaryimage"},"thumbnailUrl":"","keywords":["Bel\u00e9m","deputado federal","ex-militar","Jair Bolsonaro","Jean Wyllys","Marinor Brito","PSOL","requerimento de desagravo","vereadora"],"articleSection":["A\u00e7\u00e3o Parlamentar","Estados","Partido"],"inLanguage":"pt-BR","potentialAction":[{"@type":"CommentAction","name":"Comment","target":["https:\/\/psol50.org.br\/requerimento-de-marinor-brito-na-camara-municipal-de-belem-se-solidariza-com-jean-wyllys\/#respond"]}]},{"@type":"WebPage","@id":"https:\/\/psol50.org.br\/requerimento-de-marinor-brito-na-camara-municipal-de-belem-se-solidariza-com-jean-wyllys\/","url":"https:\/\/psol50.org.br\/requerimento-de-marinor-brito-na-camara-municipal-de-belem-se-solidariza-com-jean-wyllys\/","name":"Requerimento de Marinor Brito, na C\u00e2mara Municipal de Bel\u00e9m, se solidariza com Jean Wyllys - PSOL 50","isPartOf":{"@id":"https:\/\/psol50.org.br\/#website"},"primaryImageOfPage":{"@id":"https:\/\/psol50.org.br\/requerimento-de-marinor-brito-na-camara-municipal-de-belem-se-solidariza-com-jean-wyllys\/#primaryimage"},"image":{"@id":"https:\/\/psol50.org.br\/requerimento-de-marinor-brito-na-camara-municipal-de-belem-se-solidariza-com-jean-wyllys\/#primaryimage"},"thumbnailUrl":"","datePublished":"2016-04-19T21:26:34+00:00","breadcrumb":{"@id":"https:\/\/psol50.org.br\/requerimento-de-marinor-brito-na-camara-municipal-de-belem-se-solidariza-com-jean-wyllys\/#breadcrumb"},"inLanguage":"pt-BR","potentialAction":[{"@type":"ReadAction","target":["https:\/\/psol50.org.br\/requerimento-de-marinor-brito-na-camara-municipal-de-belem-se-solidariza-com-jean-wyllys\/"]}]},{"@type":"ImageObject","inLanguage":"pt-BR","@id":"https:\/\/psol50.org.br\/requerimento-de-marinor-brito-na-camara-municipal-de-belem-se-solidariza-com-jean-wyllys\/#primaryimage","url":"","contentUrl":""},{"@type":"BreadcrumbList","@id":"https:\/\/psol50.org.br\/requerimento-de-marinor-brito-na-camara-municipal-de-belem-se-solidariza-com-jean-wyllys\/#breadcrumb","itemListElement":[{"@type":"ListItem","position":1,"name":"In\u00edcio","item":"https:\/\/psol50.org.br\/"},{"@type":"ListItem","position":2,"name":"Requerimento de Marinor Brito, na C\u00e2mara Municipal de Bel\u00e9m, se solidariza com Jean Wyllys"}]},{"@type":"WebSite","@id":"https:\/\/psol50.org.br\/#website","url":"https:\/\/psol50.org.br\/","name":"PSOL 50","description":"Site oficial do Partido Socialismo e Liberdade","publisher":{"@id":"https:\/\/psol50.org.br\/#organization"},"alternateName":"PSOL50","potentialAction":[{"@type":"SearchAction","target":{"@type":"EntryPoint","urlTemplate":"https:\/\/psol50.org.br\/?s={search_term_string}"},"query-input":{"@type":"PropertyValueSpecification","valueRequired":true,"valueName":"search_term_string"}}],"inLanguage":"pt-BR"},{"@type":"Organization","@id":"https:\/\/psol50.org.br\/#organization","name":"PSOL 50","alternateName":"PSOL 50","url":"https:\/\/psol50.org.br\/","logo":{"@type":"ImageObject","inLanguage":"pt-BR","@id":"https:\/\/psol50.org.br\/#\/schema\/logo\/image\/","url":"https:\/\/psol50.org.br\/inc\/uploads\/2018\/07\/capa.png","contentUrl":"https:\/\/psol50.org.br\/inc\/uploads\/2018\/07\/capa.png","width":1350,"height":900,"caption":"PSOL 50"},"image":{"@id":"https:\/\/psol50.org.br\/#\/schema\/logo\/image\/"},"sameAs":["https:\/\/www.facebook.com\/psol50","https:\/\/x.com\/psol50","https:\/\/www.instagram.com\/psol50\/","https:\/\/www.youtube.com\/channel\/UC7SnJS5o1os7a6CaiNabzcg"]},{"@type":"Person","@id":"https:\/\/psol50.org.br\/#\/schema\/person\/475dfa57d0b815993c714c2e96491fcd","name":"Comunica\u00e7\u00e3o PSOL","image":{"@type":"ImageObject","inLanguage":"pt-BR","@id":"https:\/\/psol50.org.br\/#\/schema\/person\/image\/","url":"https:\/\/secure.gravatar.com\/avatar\/b34fc4f4e468a4e51785917065a3db57b841f5c95dba6ad8c73aaf8f66f8f9bf?s=96&d=mm&r=g","contentUrl":"https:\/\/secure.gravatar.com\/avatar\/b34fc4f4e468a4e51785917065a3db57b841f5c95dba6ad8c73aaf8f66f8f9bf?s=96&d=mm&r=g","caption":"Comunica\u00e7\u00e3o PSOL"}}]}},"_links":{"self":[{"href":"https:\/\/psol50.org.br\/rest\/wp\/v2\/posts\/12097","targetHints":{"allow":["GET"]}}],"collection":[{"href":"https:\/\/psol50.org.br\/rest\/wp\/v2\/posts"}],"about":[{"href":"https:\/\/psol50.org.br\/rest\/wp\/v2\/types\/post"}],"author":[{"embeddable":true,"href":"https:\/\/psol50.org.br\/rest\/wp\/v2\/users\/2"}],"replies":[{"embeddable":true,"href":"https:\/\/psol50.org.br\/rest\/wp\/v2\/comments?post=12097"}],"version-history":[{"count":0,"href":"https:\/\/psol50.org.br\/rest\/wp\/v2\/posts\/12097\/revisions"}],"wp:featuredmedia":[{"embeddable":true,"href":"https:\/\/psol50.org.br\/rest\/"}],"wp:attachment":[{"href":"https:\/\/psol50.org.br\/rest\/wp\/v2\/media?parent=12097"}],"wp:term":[{"taxonomy":"category","embeddable":true,"href":"https:\/\/psol50.org.br\/rest\/wp\/v2\/categories?post=12097"},{"taxonomy":"post_tag","embeddable":true,"href":"https:\/\/psol50.org.br\/rest\/wp\/v2\/tags?post=12097"}],"curies":[{"name":"wp","href":"https:\/\/api.w.org\/{rel}","templated":true}]}}