{"id":12100,"date":"2016-04-20T18:15:58","date_gmt":"2016-04-20T18:15:58","guid":{"rendered":"http:\/\/www.psol50.org.br\/?p=12100"},"modified":"2016-04-20T18:15:58","modified_gmt":"2016-04-20T18:15:58","slug":"psol-rj-reafirma-apoio-a-jean-e-denuncia-ofensas-e-agressoes-de-bolsonro","status":"publish","type":"post","link":"https:\/\/psol50.org.br\/psol-rj-reafirma-apoio-a-jean-e-denuncia-ofensas-e-agressoes-de-bolsonro\/","title":{"rendered":"PSOL-RJ reafirma apoio a Jean Wyllys e denuncia ofensas e agress\u00f5es de Bolsonaro"},"content":{"rendered":"<p>Em nota divulgada nesta quarta-feira (20), a Executiva Estadual do PSOL do Rio de Janeiro declara seu total apoio ao deputado Jean Wyllys, em fun\u00e7\u00e3o do epis\u00f3dio envolvendo o deputado Jair Bolsonaro (PSC-RJ) que, como de costume, ofendeu e agrediu o parlamentar do PSOL na sess\u00e3o do \u00faltimo domingo (17), que votou o processo do impeachment. De acordo com o PSOL-RJ, a atitude de Bolsonaro representa \u201cmais uma express\u00e3o da degrada\u00e7\u00e3o do parlamento brasileiro, contra a qual nossa corajosa bancada de seis parlamentares honestos e combativos luta cotidianamente\u201d.<\/p>\n<p>Na nota, o partido destaca as v\u00e1rias mentiras espalhadas contra Jean, especialmente por representantes e apoiadores da bancada da b\u00edblia, que abriga o pr\u00f3prio Bolsonaro, Eduardo Cunha e Marco Feliciano. \u201cEles fazem isso contra Jean pela defesa que o nosso deputado faz das lutas dos oprimidos, dos difamados e das minorias alijadas de direitos\u201d.<\/p>\n<p>Confira, abaixo, o texto completo.<\/p>\n<p><strong>Toda solidariedade a Jean Wyllys<br \/>\n<\/strong>A Executiva Estadual do PSOL do Rio de Janeiro se solidariza com o deputado federal Jean Wyllys (PSOL-RJ) e expressa publicamente seu total apoio ao parlamentar em sua luta pela democracia, os direitos humanos e as liberdades individuais e contra o fascismo e o fundamentalismo. O triste epis\u00f3dio envolvendo o deputado Jair Bolsonaro, que mais uma vez agrediu e ofendeu o Jean no plen\u00e1rio da C\u00e2mara, foi mais uma express\u00e3o da degrada\u00e7\u00e3o do parlamento brasileiro, contra a qual nossa corajosa bancada de seis parlamentares honestos e combativos luta cotidianamente.<\/p>\n<p>Desde o in\u00edcio do seu primeiro mandato na C\u00e2mara dos Deputados, Jean \u00e9 alvo constante de campanhas difamat\u00f3rias covardes e criminosas orquestradas pela quadrilha liderada pelo r\u00e9u Eduardo Cunha e pelas bancadas da b\u00edblia, do boi e da bala, representantes do reacionarismo, do fundamentalismo e do desprezo pelos direitos humanos. J\u00e1 inventaram uma falsa entrevista que mostrava Jean defendendo a pedofilia; inexistentes projeto de lei para &#8220;mudar trechos da B\u00edblia&#8221;, &#8220;obrigar as crian\u00e7as a mudar de sexo&#8221;, &#8220;implantar o ensino da religi\u00e3o isl\u00e2mica nas escolas&#8221; e outros absurdos semelhantes; falsas declara\u00e7\u00f5es de Jean ofendendo os crist\u00e3os e falando que a B\u00edblia &#8220;\u00e9 uma palha\u00e7ada&#8221;; uma inexistente contribui\u00e7\u00e3o de 1 milh\u00e3o de reais do governo federal para um filme sobre ele, entre outras mentiras que circulam nas redes sociais. Tudo isso \u00e9 feito com um grande investimento de dinheiro para espalhar as mentiras contra o Jean e tentar sujar sua reputa\u00e7\u00e3o.<\/p>\n<p>Eles fazem isso contra Jean pela defesa que o nosso deputado faz das lutas dos oprimidos, dos difamados e das minorias alijadas de direitos. N\u00e3o o perdoam por ser autor dos projetos de lei de casamento igualit\u00e1rio, a lei de identidade de g\u00eanero, a legaliza\u00e7\u00e3o do aborto, a legaliza\u00e7\u00e3o da maconha. O que n\u00e3o perdoam \u00e9 ele defender o povo de santo, as prostitutas, os LGBT, os povos ind\u00edgenas, as v\u00edtimas da viol\u00eancia policial, as mulheres. O que n\u00e3o perdoam \u00e9 ele denunciar e contestar com intelig\u00eancia a agenda conservadora e reacion\u00e1ria do r\u00e9u-presidente da C\u00e2mara e sua corja.<\/p>\n<p>Por isso, no dia a dia do parlamento, Jean \u00e9 permanentemente hostilizado, intimidado e desrespeitado por outros parlamentares e recebe constantes ataques e amea\u00e7as. O deputado Jair Bolsonaro costuma insult\u00e1-lo nas reuni\u00f5es das comiss\u00f5es da C\u00e2mara, chamando-o de &#8220;bichinha&#8221;, &#8220;veado&#8221;, &#8220;cu ambulante&#8221;, &#8220;queima-rosca&#8221; e outras ofensas homof\u00f3bicas e palavras de baixo cal\u00e3o. Qualquer pessoa LGBT, assim como mulheres, negros e negras e outros setores oprimidos, sabem o que significa ser insultado e ofendido todos os dias. Os homof\u00f3bicos, racistas e machistas querem a impunidade para fazer isso sem receber resposta. Querem que os alvos de suas ofensas fiquem calados e sem reagir. Mas n\u00f3s, do PSOL, reagimos, contestamos, lutamos e n\u00e3o nos calamos. E n\u00e3o aceitamos essa invers\u00e3o perversa que culpabiliza os oprimidos e enaltece os opressores: depois da reivindica\u00e7\u00e3o p\u00fablica que o deputado Bolsonaro fez da tortura e da morte, \u00e9 absurdo que o esc\u00e2ndalo seja a cuspida de Jean contra quem cospe diariamente na dignidade humana de milh\u00f5es de cidad\u00e3os e cidad\u00e3s.<\/p>\n<p>O deputado Jair Bolsonaro simboliza o que h\u00e1 de pior na nossa sociedade: fascismo, defesa da tortura, da pena de morte, da homofobia, do racismo, do machismo, desprezo pelos pobres, pela juventude, pelos estudantes, pelo saber, pela democracia. H\u00e1 muito tempo que ele deveria ter sido expulso do Congresso Nacional e julgado pelos crimes que cometeu, mas a quadrilha liderada pelo r\u00e9u Cunha protege aos seus e persegue os que defendem os direitos humanos da popula\u00e7\u00e3o e a \u00e9tica na pol\u00edtica.<\/p>\n<p>Toda a nossa solidariedade a Jean! Fora Cunha! Fora Bolsonaro!<\/p>\n<p><strong>Executiva Estadual do PSOL-RJ<br \/>\n<\/strong><strong>Rio de Janeiro, 20 de mar\u00e7o de 2016<\/strong><\/p>\n","protected":false},"excerpt":{"rendered":"<p>Em nota divulgada nesta quarta-feira (20), a Executiva Estadual do PSOL do Rio de Janeiro declara seu total apoio ao deputado Jean Wyllys, em fun\u00e7\u00e3o do epis\u00f3dio envolvendo o deputado Jair Bolsonaro (PSC-RJ) que, como de costume, ofendeu e agrediu o parlamentar do PSOL na sess\u00e3o do \u00faltimo domingo (17), que votou o processo do [&hellip;]<\/p>\n","protected":false},"author":2,"featured_media":11585,"comment_status":"open","ping_status":"open","sticky":false,"template":"","format":"standard","meta":{"_acf_changed":false,"footnotes":""},"categories":[10,654,6,14],"tags":[4247,4248,2960,534,4249,1070,407,3962,244,663,153,2334],"class_list":{"0":"post-12100","1":"post","2":"type-post","3":"status-publish","4":"format-standard","5":"has-post-thumbnail","7":"category-acao-parlamentares","8":"category-estados","9":"category-noticias","10":"category-partido","11":"tag-bancada-da-bala","12":"tag-bancada-da-biblia","13":"tag-bancada-do-boi","14":"tag-direitos-humanos","15":"tag-executiva-estadual-do-psol-rj","16":"tag-fascismo","17":"tag-fora-bolsonaro","18":"tag-fora-cunha","19":"tag-jair-bolsonaro","20":"tag-jean-wyllys","21":"tag-lgbt","22":"tag-psol-rj"},"acf":[],"yoast_head":"<!-- This site is optimized with the Yoast SEO plugin v26.5 - https:\/\/yoast.com\/wordpress\/plugins\/seo\/ -->\n<title>PSOL-RJ reafirma apoio a Jean Wyllys e denuncia ofensas e agress\u00f5es de Bolsonaro - PSOL 50<\/title>\n<meta name=\"robots\" content=\"index, follow, max-snippet:-1, max-image-preview:large, max-video-preview:-1\" \/>\n<link rel=\"canonical\" href=\"https:\/\/psol50.org.br\/psol-rj-reafirma-apoio-a-jean-e-denuncia-ofensas-e-agressoes-de-bolsonro\/\" \/>\n<meta property=\"og:locale\" content=\"pt_BR\" \/>\n<meta property=\"og:type\" content=\"article\" \/>\n<meta property=\"og:title\" content=\"PSOL-RJ reafirma apoio a Jean Wyllys e denuncia ofensas e agress\u00f5es de Bolsonaro - PSOL 50\" \/>\n<meta property=\"og:description\" content=\"Em nota divulgada nesta quarta-feira (20), a Executiva Estadual do PSOL do Rio de Janeiro declara seu total apoio ao deputado Jean Wyllys, em fun\u00e7\u00e3o do epis\u00f3dio envolvendo o deputado Jair Bolsonaro (PSC-RJ) que, como de costume, ofendeu e agrediu o parlamentar do PSOL na sess\u00e3o do \u00faltimo domingo (17), que votou o processo do [&hellip;]\" \/>\n<meta property=\"og:url\" content=\"https:\/\/psol50.org.br\/psol-rj-reafirma-apoio-a-jean-e-denuncia-ofensas-e-agressoes-de-bolsonro\/\" \/>\n<meta property=\"og:site_name\" content=\"PSOL 50\" \/>\n<meta property=\"article:publisher\" content=\"https:\/\/www.facebook.com\/psol50\" \/>\n<meta property=\"article:published_time\" content=\"2016-04-20T18:15:58+00:00\" \/>\n<meta property=\"og:image\" content=\"https:\/\/psol50.org.br\/inc\/uploads\/2018\/07\/capa.png\" \/>\n\t<meta property=\"og:image:width\" content=\"1350\" \/>\n\t<meta property=\"og:image:height\" content=\"900\" \/>\n\t<meta property=\"og:image:type\" content=\"image\/png\" \/>\n<meta name=\"author\" content=\"Comunica\u00e7\u00e3o PSOL\" \/>\n<meta name=\"twitter:card\" content=\"summary_large_image\" \/>\n<meta name=\"twitter:creator\" content=\"@psol50\" \/>\n<meta name=\"twitter:site\" content=\"@psol50\" \/>\n<meta name=\"twitter:label1\" content=\"Escrito por\" \/>\n\t<meta name=\"twitter:data1\" content=\"Comunica\u00e7\u00e3o PSOL\" \/>\n\t<meta name=\"twitter:label2\" content=\"Est. tempo de leitura\" \/>\n\t<meta name=\"twitter:data2\" content=\"4 minutos\" \/>\n<script type=\"application\/ld+json\" class=\"yoast-schema-graph\">{\"@context\":\"https:\/\/schema.org\",\"@graph\":[{\"@type\":\"Article\",\"@id\":\"https:\/\/psol50.org.br\/psol-rj-reafirma-apoio-a-jean-e-denuncia-ofensas-e-agressoes-de-bolsonro\/#article\",\"isPartOf\":{\"@id\":\"https:\/\/psol50.org.br\/psol-rj-reafirma-apoio-a-jean-e-denuncia-ofensas-e-agressoes-de-bolsonro\/\"},\"author\":{\"name\":\"Comunica\u00e7\u00e3o PSOL\",\"@id\":\"https:\/\/psol50.org.br\/#\/schema\/person\/475dfa57d0b815993c714c2e96491fcd\"},\"headline\":\"PSOL-RJ reafirma apoio a Jean Wyllys e denuncia ofensas e agress\u00f5es de Bolsonaro\",\"datePublished\":\"2016-04-20T18:15:58+00:00\",\"mainEntityOfPage\":{\"@id\":\"https:\/\/psol50.org.br\/psol-rj-reafirma-apoio-a-jean-e-denuncia-ofensas-e-agressoes-de-bolsonro\/\"},\"wordCount\":824,\"commentCount\":0,\"publisher\":{\"@id\":\"https:\/\/psol50.org.br\/#organization\"},\"image\":{\"@id\":\"https:\/\/psol50.org.br\/psol-rj-reafirma-apoio-a-jean-e-denuncia-ofensas-e-agressoes-de-bolsonro\/#primaryimage\"},\"thumbnailUrl\":\"\",\"keywords\":[\"Bancada da Bala\",\"Bancada da Biblia\",\"bancada do boi\",\"direitos humanos\",\"Executiva Estadual do PSOL-RJ\",\"fascismo\",\"Fora Bolsonaro\",\"Fora Cunha\",\"Jair Bolsonaro\",\"Jean Wyllys\",\"LGBT\",\"PSOL-RJ\"],\"articleSection\":[\"A\u00e7\u00e3o Parlamentar\",\"Estados\",\"Not\u00edcias\",\"Partido\"],\"inLanguage\":\"pt-BR\",\"potentialAction\":[{\"@type\":\"CommentAction\",\"name\":\"Comment\",\"target\":[\"https:\/\/psol50.org.br\/psol-rj-reafirma-apoio-a-jean-e-denuncia-ofensas-e-agressoes-de-bolsonro\/#respond\"]}]},{\"@type\":\"WebPage\",\"@id\":\"https:\/\/psol50.org.br\/psol-rj-reafirma-apoio-a-jean-e-denuncia-ofensas-e-agressoes-de-bolsonro\/\",\"url\":\"https:\/\/psol50.org.br\/psol-rj-reafirma-apoio-a-jean-e-denuncia-ofensas-e-agressoes-de-bolsonro\/\",\"name\":\"PSOL-RJ reafirma apoio a Jean Wyllys e denuncia ofensas e agress\u00f5es de Bolsonaro - PSOL 50\",\"isPartOf\":{\"@id\":\"https:\/\/psol50.org.br\/#website\"},\"primaryImageOfPage\":{\"@id\":\"https:\/\/psol50.org.br\/psol-rj-reafirma-apoio-a-jean-e-denuncia-ofensas-e-agressoes-de-bolsonro\/#primaryimage\"},\"image\":{\"@id\":\"https:\/\/psol50.org.br\/psol-rj-reafirma-apoio-a-jean-e-denuncia-ofensas-e-agressoes-de-bolsonro\/#primaryimage\"},\"thumbnailUrl\":\"\",\"datePublished\":\"2016-04-20T18:15:58+00:00\",\"breadcrumb\":{\"@id\":\"https:\/\/psol50.org.br\/psol-rj-reafirma-apoio-a-jean-e-denuncia-ofensas-e-agressoes-de-bolsonro\/#breadcrumb\"},\"inLanguage\":\"pt-BR\",\"potentialAction\":[{\"@type\":\"ReadAction\",\"target\":[\"https:\/\/psol50.org.br\/psol-rj-reafirma-apoio-a-jean-e-denuncia-ofensas-e-agressoes-de-bolsonro\/\"]}]},{\"@type\":\"ImageObject\",\"inLanguage\":\"pt-BR\",\"@id\":\"https:\/\/psol50.org.br\/psol-rj-reafirma-apoio-a-jean-e-denuncia-ofensas-e-agressoes-de-bolsonro\/#primaryimage\",\"url\":\"\",\"contentUrl\":\"\"},{\"@type\":\"BreadcrumbList\",\"@id\":\"https:\/\/psol50.org.br\/psol-rj-reafirma-apoio-a-jean-e-denuncia-ofensas-e-agressoes-de-bolsonro\/#breadcrumb\",\"itemListElement\":[{\"@type\":\"ListItem\",\"position\":1,\"name\":\"In\u00edcio\",\"item\":\"https:\/\/psol50.org.br\/\"},{\"@type\":\"ListItem\",\"position\":2,\"name\":\"PSOL-RJ reafirma apoio a Jean Wyllys e denuncia ofensas e agress\u00f5es de Bolsonaro\"}]},{\"@type\":\"WebSite\",\"@id\":\"https:\/\/psol50.org.br\/#website\",\"url\":\"https:\/\/psol50.org.br\/\",\"name\":\"PSOL 50\",\"description\":\"Site oficial do Partido Socialismo e Liberdade\",\"publisher\":{\"@id\":\"https:\/\/psol50.org.br\/#organization\"},\"alternateName\":\"PSOL50\",\"potentialAction\":[{\"@type\":\"SearchAction\",\"target\":{\"@type\":\"EntryPoint\",\"urlTemplate\":\"https:\/\/psol50.org.br\/?s={search_term_string}\"},\"query-input\":{\"@type\":\"PropertyValueSpecification\",\"valueRequired\":true,\"valueName\":\"search_term_string\"}}],\"inLanguage\":\"pt-BR\"},{\"@type\":\"Organization\",\"@id\":\"https:\/\/psol50.org.br\/#organization\",\"name\":\"PSOL 50\",\"alternateName\":\"PSOL 50\",\"url\":\"https:\/\/psol50.org.br\/\",\"logo\":{\"@type\":\"ImageObject\",\"inLanguage\":\"pt-BR\",\"@id\":\"https:\/\/psol50.org.br\/#\/schema\/logo\/image\/\",\"url\":\"https:\/\/psol50.org.br\/inc\/uploads\/2018\/07\/capa.png\",\"contentUrl\":\"https:\/\/psol50.org.br\/inc\/uploads\/2018\/07\/capa.png\",\"width\":1350,\"height\":900,\"caption\":\"PSOL 50\"},\"image\":{\"@id\":\"https:\/\/psol50.org.br\/#\/schema\/logo\/image\/\"},\"sameAs\":[\"https:\/\/www.facebook.com\/psol50\",\"https:\/\/x.com\/psol50\",\"https:\/\/www.instagram.com\/psol50\/\",\"https:\/\/www.youtube.com\/channel\/UC7SnJS5o1os7a6CaiNabzcg\"]},{\"@type\":\"Person\",\"@id\":\"https:\/\/psol50.org.br\/#\/schema\/person\/475dfa57d0b815993c714c2e96491fcd\",\"name\":\"Comunica\u00e7\u00e3o PSOL\",\"image\":{\"@type\":\"ImageObject\",\"inLanguage\":\"pt-BR\",\"@id\":\"https:\/\/psol50.org.br\/#\/schema\/person\/image\/\",\"url\":\"https:\/\/secure.gravatar.com\/avatar\/b34fc4f4e468a4e51785917065a3db57b841f5c95dba6ad8c73aaf8f66f8f9bf?s=96&d=mm&r=g\",\"contentUrl\":\"https:\/\/secure.gravatar.com\/avatar\/b34fc4f4e468a4e51785917065a3db57b841f5c95dba6ad8c73aaf8f66f8f9bf?s=96&d=mm&r=g\",\"caption\":\"Comunica\u00e7\u00e3o PSOL\"}}]}<\/script>\n<!-- \/ Yoast SEO plugin. -->","yoast_head_json":{"title":"PSOL-RJ reafirma apoio a Jean Wyllys e denuncia ofensas e agress\u00f5es de Bolsonaro - PSOL 50","robots":{"index":"index","follow":"follow","max-snippet":"max-snippet:-1","max-image-preview":"max-image-preview:large","max-video-preview":"max-video-preview:-1"},"canonical":"https:\/\/psol50.org.br\/psol-rj-reafirma-apoio-a-jean-e-denuncia-ofensas-e-agressoes-de-bolsonro\/","og_locale":"pt_BR","og_type":"article","og_title":"PSOL-RJ reafirma apoio a Jean Wyllys e denuncia ofensas e agress\u00f5es de Bolsonaro - PSOL 50","og_description":"Em nota divulgada nesta quarta-feira (20), a Executiva Estadual do PSOL do Rio de Janeiro declara seu total apoio ao deputado Jean Wyllys, em fun\u00e7\u00e3o do epis\u00f3dio envolvendo o deputado Jair Bolsonaro (PSC-RJ) que, como de costume, ofendeu e agrediu o parlamentar do PSOL na sess\u00e3o do \u00faltimo domingo (17), que votou o processo do [&hellip;]","og_url":"https:\/\/psol50.org.br\/psol-rj-reafirma-apoio-a-jean-e-denuncia-ofensas-e-agressoes-de-bolsonro\/","og_site_name":"PSOL 50","article_publisher":"https:\/\/www.facebook.com\/psol50","article_published_time":"2016-04-20T18:15:58+00:00","og_image":[{"width":1350,"height":900,"url":"https:\/\/psol50.org.br\/inc\/uploads\/2018\/07\/capa.png","type":"image\/png"}],"author":"Comunica\u00e7\u00e3o PSOL","twitter_card":"summary_large_image","twitter_creator":"@psol50","twitter_site":"@psol50","twitter_misc":{"Escrito por":"Comunica\u00e7\u00e3o PSOL","Est. tempo de leitura":"4 minutos"},"schema":{"@context":"https:\/\/schema.org","@graph":[{"@type":"Article","@id":"https:\/\/psol50.org.br\/psol-rj-reafirma-apoio-a-jean-e-denuncia-ofensas-e-agressoes-de-bolsonro\/#article","isPartOf":{"@id":"https:\/\/psol50.org.br\/psol-rj-reafirma-apoio-a-jean-e-denuncia-ofensas-e-agressoes-de-bolsonro\/"},"author":{"name":"Comunica\u00e7\u00e3o PSOL","@id":"https:\/\/psol50.org.br\/#\/schema\/person\/475dfa57d0b815993c714c2e96491fcd"},"headline":"PSOL-RJ reafirma apoio a Jean Wyllys e denuncia ofensas e agress\u00f5es de Bolsonaro","datePublished":"2016-04-20T18:15:58+00:00","mainEntityOfPage":{"@id":"https:\/\/psol50.org.br\/psol-rj-reafirma-apoio-a-jean-e-denuncia-ofensas-e-agressoes-de-bolsonro\/"},"wordCount":824,"commentCount":0,"publisher":{"@id":"https:\/\/psol50.org.br\/#organization"},"image":{"@id":"https:\/\/psol50.org.br\/psol-rj-reafirma-apoio-a-jean-e-denuncia-ofensas-e-agressoes-de-bolsonro\/#primaryimage"},"thumbnailUrl":"","keywords":["Bancada da Bala","Bancada da Biblia","bancada do boi","direitos humanos","Executiva Estadual do PSOL-RJ","fascismo","Fora Bolsonaro","Fora Cunha","Jair Bolsonaro","Jean Wyllys","LGBT","PSOL-RJ"],"articleSection":["A\u00e7\u00e3o Parlamentar","Estados","Not\u00edcias","Partido"],"inLanguage":"pt-BR","potentialAction":[{"@type":"CommentAction","name":"Comment","target":["https:\/\/psol50.org.br\/psol-rj-reafirma-apoio-a-jean-e-denuncia-ofensas-e-agressoes-de-bolsonro\/#respond"]}]},{"@type":"WebPage","@id":"https:\/\/psol50.org.br\/psol-rj-reafirma-apoio-a-jean-e-denuncia-ofensas-e-agressoes-de-bolsonro\/","url":"https:\/\/psol50.org.br\/psol-rj-reafirma-apoio-a-jean-e-denuncia-ofensas-e-agressoes-de-bolsonro\/","name":"PSOL-RJ reafirma apoio a Jean Wyllys e denuncia ofensas e agress\u00f5es de Bolsonaro - PSOL 50","isPartOf":{"@id":"https:\/\/psol50.org.br\/#website"},"primaryImageOfPage":{"@id":"https:\/\/psol50.org.br\/psol-rj-reafirma-apoio-a-jean-e-denuncia-ofensas-e-agressoes-de-bolsonro\/#primaryimage"},"image":{"@id":"https:\/\/psol50.org.br\/psol-rj-reafirma-apoio-a-jean-e-denuncia-ofensas-e-agressoes-de-bolsonro\/#primaryimage"},"thumbnailUrl":"","datePublished":"2016-04-20T18:15:58+00:00","breadcrumb":{"@id":"https:\/\/psol50.org.br\/psol-rj-reafirma-apoio-a-jean-e-denuncia-ofensas-e-agressoes-de-bolsonro\/#breadcrumb"},"inLanguage":"pt-BR","potentialAction":[{"@type":"ReadAction","target":["https:\/\/psol50.org.br\/psol-rj-reafirma-apoio-a-jean-e-denuncia-ofensas-e-agressoes-de-bolsonro\/"]}]},{"@type":"ImageObject","inLanguage":"pt-BR","@id":"https:\/\/psol50.org.br\/psol-rj-reafirma-apoio-a-jean-e-denuncia-ofensas-e-agressoes-de-bolsonro\/#primaryimage","url":"","contentUrl":""},{"@type":"BreadcrumbList","@id":"https:\/\/psol50.org.br\/psol-rj-reafirma-apoio-a-jean-e-denuncia-ofensas-e-agressoes-de-bolsonro\/#breadcrumb","itemListElement":[{"@type":"ListItem","position":1,"name":"In\u00edcio","item":"https:\/\/psol50.org.br\/"},{"@type":"ListItem","position":2,"name":"PSOL-RJ reafirma apoio a Jean Wyllys e denuncia ofensas e agress\u00f5es de Bolsonaro"}]},{"@type":"WebSite","@id":"https:\/\/psol50.org.br\/#website","url":"https:\/\/psol50.org.br\/","name":"PSOL 50","description":"Site oficial do Partido Socialismo e Liberdade","publisher":{"@id":"https:\/\/psol50.org.br\/#organization"},"alternateName":"PSOL50","potentialAction":[{"@type":"SearchAction","target":{"@type":"EntryPoint","urlTemplate":"https:\/\/psol50.org.br\/?s={search_term_string}"},"query-input":{"@type":"PropertyValueSpecification","valueRequired":true,"valueName":"search_term_string"}}],"inLanguage":"pt-BR"},{"@type":"Organization","@id":"https:\/\/psol50.org.br\/#organization","name":"PSOL 50","alternateName":"PSOL 50","url":"https:\/\/psol50.org.br\/","logo":{"@type":"ImageObject","inLanguage":"pt-BR","@id":"https:\/\/psol50.org.br\/#\/schema\/logo\/image\/","url":"https:\/\/psol50.org.br\/inc\/uploads\/2018\/07\/capa.png","contentUrl":"https:\/\/psol50.org.br\/inc\/uploads\/2018\/07\/capa.png","width":1350,"height":900,"caption":"PSOL 50"},"image":{"@id":"https:\/\/psol50.org.br\/#\/schema\/logo\/image\/"},"sameAs":["https:\/\/www.facebook.com\/psol50","https:\/\/x.com\/psol50","https:\/\/www.instagram.com\/psol50\/","https:\/\/www.youtube.com\/channel\/UC7SnJS5o1os7a6CaiNabzcg"]},{"@type":"Person","@id":"https:\/\/psol50.org.br\/#\/schema\/person\/475dfa57d0b815993c714c2e96491fcd","name":"Comunica\u00e7\u00e3o PSOL","image":{"@type":"ImageObject","inLanguage":"pt-BR","@id":"https:\/\/psol50.org.br\/#\/schema\/person\/image\/","url":"https:\/\/secure.gravatar.com\/avatar\/b34fc4f4e468a4e51785917065a3db57b841f5c95dba6ad8c73aaf8f66f8f9bf?s=96&d=mm&r=g","contentUrl":"https:\/\/secure.gravatar.com\/avatar\/b34fc4f4e468a4e51785917065a3db57b841f5c95dba6ad8c73aaf8f66f8f9bf?s=96&d=mm&r=g","caption":"Comunica\u00e7\u00e3o PSOL"}}]}},"_links":{"self":[{"href":"https:\/\/psol50.org.br\/rest\/wp\/v2\/posts\/12100","targetHints":{"allow":["GET"]}}],"collection":[{"href":"https:\/\/psol50.org.br\/rest\/wp\/v2\/posts"}],"about":[{"href":"https:\/\/psol50.org.br\/rest\/wp\/v2\/types\/post"}],"author":[{"embeddable":true,"href":"https:\/\/psol50.org.br\/rest\/wp\/v2\/users\/2"}],"replies":[{"embeddable":true,"href":"https:\/\/psol50.org.br\/rest\/wp\/v2\/comments?post=12100"}],"version-history":[{"count":0,"href":"https:\/\/psol50.org.br\/rest\/wp\/v2\/posts\/12100\/revisions"}],"wp:featuredmedia":[{"embeddable":true,"href":"https:\/\/psol50.org.br\/rest\/"}],"wp:attachment":[{"href":"https:\/\/psol50.org.br\/rest\/wp\/v2\/media?parent=12100"}],"wp:term":[{"taxonomy":"category","embeddable":true,"href":"https:\/\/psol50.org.br\/rest\/wp\/v2\/categories?post=12100"},{"taxonomy":"post_tag","embeddable":true,"href":"https:\/\/psol50.org.br\/rest\/wp\/v2\/tags?post=12100"}],"curies":[{"name":"wp","href":"https:\/\/api.w.org\/{rel}","templated":true}]}}