{"id":12117,"date":"2016-04-22T18:20:33","date_gmt":"2016-04-22T18:20:33","guid":{"rendered":"http:\/\/www.psol50.org.br\/?p=12117"},"modified":"2016-04-22T18:20:33","modified_gmt":"2016-04-22T18:20:33","slug":"ivan-valente-golpe-homenagem-a-torturador-e-preconceito-as-sombras-por-tras-do-impeachment","status":"publish","type":"post","link":"https:\/\/psol50.org.br\/ivan-valente-golpe-homenagem-a-torturador-e-preconceito-as-sombras-por-tras-do-impeachment\/","title":{"rendered":"IVAN VALENTE: Golpe, homenagem a torturador e preconceito: as sombras por tr\u00e1s do impeachment"},"content":{"rendered":"<p>O processo de impeachment tem trazido das sombras o conservadorismo torpe e valores retr\u00f3grados. O golpe em curso, no momento de sua vota\u00e7\u00e3o, contou com homenagem ao maior torturador do Brasil, Carlos Alberto Brilhante Ustra, algo que causa arrepio aos democratas e revela quem sustenta a sabotagem \u00e0 democracia.<\/p>\n<p>Nessa semana, a revista Veja apresentou a esposa do conspirador Michel Temer como \u201cbela, recatada e do lar\u201d, afirma\u00e7\u00e3o inacredit\u00e1vel de ser dita em pleno s\u00e9culo XXI, por reproduzir um modelo de comportamento feminino que remonta \u00e0s amarras mentais do patriarcalismo.<\/p>\n<p>Chama a aten\u00e7\u00e3o e assusta o conjunto de valores que est\u00e1 por tr\u00e1s do impeachment. Na verdade, trata-se de uma revela\u00e7\u00e3o.<\/p>\n<p>Dilma, por sua vez, sofre ataques machistas constantemente. A direita busca colar pechas nela consolidadas pelo sexismo.<\/p>\n<p>N\u00e3o podemos aceitar em hip\u00f3tese alguma cr\u00edticas rasteiras. Ao contr\u00e1rio, devemos combat\u00ea-las.<\/p>\n<p>N\u00e3o concordamos com os governos da presidenta Dilma. Sempre defendemos mais direitos e mais democracia e consideramos que seu governo falhou nesses aspectos. No entanto, justamente por defend\u00ea-los, devemos n\u00e3o s\u00f3 criticar, mas denunciar o conjunto de ideias e valores reacion\u00e1rios que tem aparecido.<\/p>\n<p>Dilma teve uma trajet\u00f3ria de luta contra a ditadura, algo a ser muito valorizado. N\u00e3o pesa contra ela den\u00fancias de corrup\u00e7\u00e3o, diferentemente de boa parte dos parlamentares que votou pelo impeachment, a come\u00e7ar pelo r\u00e9u no STF Eduardo Cunha.<\/p>\n<p>Reiteramos que nossas profundas diferen\u00e7as pol\u00edticas com o PT e Dilma n\u00e3o nos far\u00e3o curvar para o que h\u00e1 de mais s\u00f3rdido na sociedade brasileira.<\/p>\n<p>&nbsp;<\/p>\n","protected":false},"excerpt":{"rendered":"<p>O processo de impeachment tem trazido das sombras o conservadorismo torpe e valores retr\u00f3grados. O golpe em curso, no momento de sua vota\u00e7\u00e3o, contou com homenagem ao maior torturador do Brasil, Carlos Alberto Brilhante Ustra, algo que causa arrepio aos democratas e revela quem sustenta a sabotagem \u00e0 democracia. Nessa semana, a revista Veja apresentou [&hellip;]<\/p>\n","protected":false},"author":2,"featured_media":12118,"comment_status":"open","ping_status":"open","sticky":false,"template":"","format":"standard","meta":{"_acf_changed":false,"footnotes":""},"categories":[10,3,1882,14],"tags":[4252,4253,87,3964,295,2890,151,4242,552,1748,911,4254,1210],"class_list":{"0":"post-12117","1":"post","2":"type-post","3":"status-publish","4":"format-standard","5":"has-post-thumbnail","7":"category-acao-parlamentares","8":"category-artigos-e-entrevistas","9":"category-brasil","10":"category-partido","11":"tag-carlos-alberto-brilhante-ustra","12":"tag-conservadorismo","13":"tag-democracia","14":"tag-dilma","15":"tag-ditadura","16":"tag-eduardo-cunha","17":"tag-golpe","18":"tag-impechment","19":"tag-ivan-valente","20":"tag-michel-temer","21":"tag-preconceito","22":"tag-revista-veja","23":"tag-tortura"},"acf":[],"yoast_head":"<!-- This site is optimized with the Yoast SEO plugin v26.5 - https:\/\/yoast.com\/wordpress\/plugins\/seo\/ -->\n<title>IVAN VALENTE: Golpe, homenagem a torturador e preconceito: as sombras por tr\u00e1s do impeachment - PSOL 50<\/title>\n<meta name=\"robots\" content=\"index, follow, max-snippet:-1, max-image-preview:large, max-video-preview:-1\" \/>\n<link rel=\"canonical\" href=\"https:\/\/psol50.org.br\/ivan-valente-golpe-homenagem-a-torturador-e-preconceito-as-sombras-por-tras-do-impeachment\/\" \/>\n<meta property=\"og:locale\" content=\"pt_BR\" \/>\n<meta property=\"og:type\" content=\"article\" \/>\n<meta property=\"og:title\" content=\"IVAN VALENTE: Golpe, homenagem a torturador e preconceito: as sombras por tr\u00e1s do impeachment - PSOL 50\" \/>\n<meta property=\"og:description\" content=\"O processo de impeachment tem trazido das sombras o conservadorismo torpe e valores retr\u00f3grados. O golpe em curso, no momento de sua vota\u00e7\u00e3o, contou com homenagem ao maior torturador do Brasil, Carlos Alberto Brilhante Ustra, algo que causa arrepio aos democratas e revela quem sustenta a sabotagem \u00e0 democracia. Nessa semana, a revista Veja apresentou [&hellip;]\" \/>\n<meta property=\"og:url\" content=\"https:\/\/psol50.org.br\/ivan-valente-golpe-homenagem-a-torturador-e-preconceito-as-sombras-por-tras-do-impeachment\/\" \/>\n<meta property=\"og:site_name\" content=\"PSOL 50\" \/>\n<meta property=\"article:publisher\" content=\"https:\/\/www.facebook.com\/psol50\" \/>\n<meta property=\"article:published_time\" content=\"2016-04-22T18:20:33+00:00\" \/>\n<meta property=\"og:image\" content=\"https:\/\/psol50.org.br\/inc\/uploads\/2018\/07\/capa.png\" \/>\n\t<meta property=\"og:image:width\" content=\"1350\" \/>\n\t<meta property=\"og:image:height\" content=\"900\" \/>\n\t<meta property=\"og:image:type\" content=\"image\/png\" \/>\n<meta name=\"author\" content=\"Comunica\u00e7\u00e3o PSOL\" \/>\n<meta name=\"twitter:card\" content=\"summary_large_image\" \/>\n<meta name=\"twitter:creator\" content=\"@psol50\" \/>\n<meta name=\"twitter:site\" content=\"@psol50\" \/>\n<meta name=\"twitter:label1\" content=\"Escrito por\" \/>\n\t<meta name=\"twitter:data1\" content=\"Comunica\u00e7\u00e3o PSOL\" \/>\n\t<meta name=\"twitter:label2\" content=\"Est. tempo de leitura\" \/>\n\t<meta name=\"twitter:data2\" content=\"1 minuto\" \/>\n<script type=\"application\/ld+json\" class=\"yoast-schema-graph\">{\"@context\":\"https:\/\/schema.org\",\"@graph\":[{\"@type\":\"Article\",\"@id\":\"https:\/\/psol50.org.br\/ivan-valente-golpe-homenagem-a-torturador-e-preconceito-as-sombras-por-tras-do-impeachment\/#article\",\"isPartOf\":{\"@id\":\"https:\/\/psol50.org.br\/ivan-valente-golpe-homenagem-a-torturador-e-preconceito-as-sombras-por-tras-do-impeachment\/\"},\"author\":{\"name\":\"Comunica\u00e7\u00e3o PSOL\",\"@id\":\"https:\/\/psol50.org.br\/#\/schema\/person\/475dfa57d0b815993c714c2e96491fcd\"},\"headline\":\"IVAN VALENTE: Golpe, homenagem a torturador e preconceito: as sombras por tr\u00e1s do impeachment\",\"datePublished\":\"2016-04-22T18:20:33+00:00\",\"mainEntityOfPage\":{\"@id\":\"https:\/\/psol50.org.br\/ivan-valente-golpe-homenagem-a-torturador-e-preconceito-as-sombras-por-tras-do-impeachment\/\"},\"wordCount\":291,\"commentCount\":0,\"publisher\":{\"@id\":\"https:\/\/psol50.org.br\/#organization\"},\"image\":{\"@id\":\"https:\/\/psol50.org.br\/ivan-valente-golpe-homenagem-a-torturador-e-preconceito-as-sombras-por-tras-do-impeachment\/#primaryimage\"},\"thumbnailUrl\":\"\",\"keywords\":[\"Carlos Alberto Brilhante Ustra\",\"conservadorismo\",\"democracia\",\"Dilma\",\"Ditadura\",\"Eduardo Cunha\",\"golpe\",\"impechment\",\"Ivan Valente\",\"Michel Temer\",\"preconceito\",\"revista Veja\",\"tortura\"],\"articleSection\":[\"A\u00e7\u00e3o Parlamentar\",\"Artigos\",\"Brasil\",\"Partido\"],\"inLanguage\":\"pt-BR\",\"potentialAction\":[{\"@type\":\"CommentAction\",\"name\":\"Comment\",\"target\":[\"https:\/\/psol50.org.br\/ivan-valente-golpe-homenagem-a-torturador-e-preconceito-as-sombras-por-tras-do-impeachment\/#respond\"]}]},{\"@type\":\"WebPage\",\"@id\":\"https:\/\/psol50.org.br\/ivan-valente-golpe-homenagem-a-torturador-e-preconceito-as-sombras-por-tras-do-impeachment\/\",\"url\":\"https:\/\/psol50.org.br\/ivan-valente-golpe-homenagem-a-torturador-e-preconceito-as-sombras-por-tras-do-impeachment\/\",\"name\":\"IVAN VALENTE: Golpe, homenagem a torturador e preconceito: as sombras por tr\u00e1s do impeachment - PSOL 50\",\"isPartOf\":{\"@id\":\"https:\/\/psol50.org.br\/#website\"},\"primaryImageOfPage\":{\"@id\":\"https:\/\/psol50.org.br\/ivan-valente-golpe-homenagem-a-torturador-e-preconceito-as-sombras-por-tras-do-impeachment\/#primaryimage\"},\"image\":{\"@id\":\"https:\/\/psol50.org.br\/ivan-valente-golpe-homenagem-a-torturador-e-preconceito-as-sombras-por-tras-do-impeachment\/#primaryimage\"},\"thumbnailUrl\":\"\",\"datePublished\":\"2016-04-22T18:20:33+00:00\",\"breadcrumb\":{\"@id\":\"https:\/\/psol50.org.br\/ivan-valente-golpe-homenagem-a-torturador-e-preconceito-as-sombras-por-tras-do-impeachment\/#breadcrumb\"},\"inLanguage\":\"pt-BR\",\"potentialAction\":[{\"@type\":\"ReadAction\",\"target\":[\"https:\/\/psol50.org.br\/ivan-valente-golpe-homenagem-a-torturador-e-preconceito-as-sombras-por-tras-do-impeachment\/\"]}]},{\"@type\":\"ImageObject\",\"inLanguage\":\"pt-BR\",\"@id\":\"https:\/\/psol50.org.br\/ivan-valente-golpe-homenagem-a-torturador-e-preconceito-as-sombras-por-tras-do-impeachment\/#primaryimage\",\"url\":\"\",\"contentUrl\":\"\"},{\"@type\":\"BreadcrumbList\",\"@id\":\"https:\/\/psol50.org.br\/ivan-valente-golpe-homenagem-a-torturador-e-preconceito-as-sombras-por-tras-do-impeachment\/#breadcrumb\",\"itemListElement\":[{\"@type\":\"ListItem\",\"position\":1,\"name\":\"In\u00edcio\",\"item\":\"https:\/\/psol50.org.br\/\"},{\"@type\":\"ListItem\",\"position\":2,\"name\":\"IVAN VALENTE: Golpe, homenagem a torturador e preconceito: as sombras por tr\u00e1s do impeachment\"}]},{\"@type\":\"WebSite\",\"@id\":\"https:\/\/psol50.org.br\/#website\",\"url\":\"https:\/\/psol50.org.br\/\",\"name\":\"PSOL 50\",\"description\":\"Site oficial do Partido Socialismo e Liberdade\",\"publisher\":{\"@id\":\"https:\/\/psol50.org.br\/#organization\"},\"alternateName\":\"PSOL50\",\"potentialAction\":[{\"@type\":\"SearchAction\",\"target\":{\"@type\":\"EntryPoint\",\"urlTemplate\":\"https:\/\/psol50.org.br\/?s={search_term_string}\"},\"query-input\":{\"@type\":\"PropertyValueSpecification\",\"valueRequired\":true,\"valueName\":\"search_term_string\"}}],\"inLanguage\":\"pt-BR\"},{\"@type\":\"Organization\",\"@id\":\"https:\/\/psol50.org.br\/#organization\",\"name\":\"PSOL 50\",\"alternateName\":\"PSOL 50\",\"url\":\"https:\/\/psol50.org.br\/\",\"logo\":{\"@type\":\"ImageObject\",\"inLanguage\":\"pt-BR\",\"@id\":\"https:\/\/psol50.org.br\/#\/schema\/logo\/image\/\",\"url\":\"https:\/\/psol50.org.br\/inc\/uploads\/2018\/07\/capa.png\",\"contentUrl\":\"https:\/\/psol50.org.br\/inc\/uploads\/2018\/07\/capa.png\",\"width\":1350,\"height\":900,\"caption\":\"PSOL 50\"},\"image\":{\"@id\":\"https:\/\/psol50.org.br\/#\/schema\/logo\/image\/\"},\"sameAs\":[\"https:\/\/www.facebook.com\/psol50\",\"https:\/\/x.com\/psol50\",\"https:\/\/www.instagram.com\/psol50\/\",\"https:\/\/www.youtube.com\/channel\/UC7SnJS5o1os7a6CaiNabzcg\"]},{\"@type\":\"Person\",\"@id\":\"https:\/\/psol50.org.br\/#\/schema\/person\/475dfa57d0b815993c714c2e96491fcd\",\"name\":\"Comunica\u00e7\u00e3o PSOL\",\"image\":{\"@type\":\"ImageObject\",\"inLanguage\":\"pt-BR\",\"@id\":\"https:\/\/psol50.org.br\/#\/schema\/person\/image\/\",\"url\":\"https:\/\/secure.gravatar.com\/avatar\/b34fc4f4e468a4e51785917065a3db57b841f5c95dba6ad8c73aaf8f66f8f9bf?s=96&d=mm&r=g\",\"contentUrl\":\"https:\/\/secure.gravatar.com\/avatar\/b34fc4f4e468a4e51785917065a3db57b841f5c95dba6ad8c73aaf8f66f8f9bf?s=96&d=mm&r=g\",\"caption\":\"Comunica\u00e7\u00e3o PSOL\"}}]}<\/script>\n<!-- \/ Yoast SEO plugin. -->","yoast_head_json":{"title":"IVAN VALENTE: Golpe, homenagem a torturador e preconceito: as sombras por tr\u00e1s do impeachment - PSOL 50","robots":{"index":"index","follow":"follow","max-snippet":"max-snippet:-1","max-image-preview":"max-image-preview:large","max-video-preview":"max-video-preview:-1"},"canonical":"https:\/\/psol50.org.br\/ivan-valente-golpe-homenagem-a-torturador-e-preconceito-as-sombras-por-tras-do-impeachment\/","og_locale":"pt_BR","og_type":"article","og_title":"IVAN VALENTE: Golpe, homenagem a torturador e preconceito: as sombras por tr\u00e1s do impeachment - PSOL 50","og_description":"O processo de impeachment tem trazido das sombras o conservadorismo torpe e valores retr\u00f3grados. O golpe em curso, no momento de sua vota\u00e7\u00e3o, contou com homenagem ao maior torturador do Brasil, Carlos Alberto Brilhante Ustra, algo que causa arrepio aos democratas e revela quem sustenta a sabotagem \u00e0 democracia. Nessa semana, a revista Veja apresentou [&hellip;]","og_url":"https:\/\/psol50.org.br\/ivan-valente-golpe-homenagem-a-torturador-e-preconceito-as-sombras-por-tras-do-impeachment\/","og_site_name":"PSOL 50","article_publisher":"https:\/\/www.facebook.com\/psol50","article_published_time":"2016-04-22T18:20:33+00:00","og_image":[{"width":1350,"height":900,"url":"https:\/\/psol50.org.br\/inc\/uploads\/2018\/07\/capa.png","type":"image\/png"}],"author":"Comunica\u00e7\u00e3o PSOL","twitter_card":"summary_large_image","twitter_creator":"@psol50","twitter_site":"@psol50","twitter_misc":{"Escrito por":"Comunica\u00e7\u00e3o PSOL","Est. tempo de leitura":"1 minuto"},"schema":{"@context":"https:\/\/schema.org","@graph":[{"@type":"Article","@id":"https:\/\/psol50.org.br\/ivan-valente-golpe-homenagem-a-torturador-e-preconceito-as-sombras-por-tras-do-impeachment\/#article","isPartOf":{"@id":"https:\/\/psol50.org.br\/ivan-valente-golpe-homenagem-a-torturador-e-preconceito-as-sombras-por-tras-do-impeachment\/"},"author":{"name":"Comunica\u00e7\u00e3o PSOL","@id":"https:\/\/psol50.org.br\/#\/schema\/person\/475dfa57d0b815993c714c2e96491fcd"},"headline":"IVAN VALENTE: Golpe, homenagem a torturador e preconceito: as sombras por tr\u00e1s do impeachment","datePublished":"2016-04-22T18:20:33+00:00","mainEntityOfPage":{"@id":"https:\/\/psol50.org.br\/ivan-valente-golpe-homenagem-a-torturador-e-preconceito-as-sombras-por-tras-do-impeachment\/"},"wordCount":291,"commentCount":0,"publisher":{"@id":"https:\/\/psol50.org.br\/#organization"},"image":{"@id":"https:\/\/psol50.org.br\/ivan-valente-golpe-homenagem-a-torturador-e-preconceito-as-sombras-por-tras-do-impeachment\/#primaryimage"},"thumbnailUrl":"","keywords":["Carlos Alberto Brilhante Ustra","conservadorismo","democracia","Dilma","Ditadura","Eduardo Cunha","golpe","impechment","Ivan Valente","Michel Temer","preconceito","revista Veja","tortura"],"articleSection":["A\u00e7\u00e3o Parlamentar","Artigos","Brasil","Partido"],"inLanguage":"pt-BR","potentialAction":[{"@type":"CommentAction","name":"Comment","target":["https:\/\/psol50.org.br\/ivan-valente-golpe-homenagem-a-torturador-e-preconceito-as-sombras-por-tras-do-impeachment\/#respond"]}]},{"@type":"WebPage","@id":"https:\/\/psol50.org.br\/ivan-valente-golpe-homenagem-a-torturador-e-preconceito-as-sombras-por-tras-do-impeachment\/","url":"https:\/\/psol50.org.br\/ivan-valente-golpe-homenagem-a-torturador-e-preconceito-as-sombras-por-tras-do-impeachment\/","name":"IVAN VALENTE: Golpe, homenagem a torturador e preconceito: as sombras por tr\u00e1s do impeachment - PSOL 50","isPartOf":{"@id":"https:\/\/psol50.org.br\/#website"},"primaryImageOfPage":{"@id":"https:\/\/psol50.org.br\/ivan-valente-golpe-homenagem-a-torturador-e-preconceito-as-sombras-por-tras-do-impeachment\/#primaryimage"},"image":{"@id":"https:\/\/psol50.org.br\/ivan-valente-golpe-homenagem-a-torturador-e-preconceito-as-sombras-por-tras-do-impeachment\/#primaryimage"},"thumbnailUrl":"","datePublished":"2016-04-22T18:20:33+00:00","breadcrumb":{"@id":"https:\/\/psol50.org.br\/ivan-valente-golpe-homenagem-a-torturador-e-preconceito-as-sombras-por-tras-do-impeachment\/#breadcrumb"},"inLanguage":"pt-BR","potentialAction":[{"@type":"ReadAction","target":["https:\/\/psol50.org.br\/ivan-valente-golpe-homenagem-a-torturador-e-preconceito-as-sombras-por-tras-do-impeachment\/"]}]},{"@type":"ImageObject","inLanguage":"pt-BR","@id":"https:\/\/psol50.org.br\/ivan-valente-golpe-homenagem-a-torturador-e-preconceito-as-sombras-por-tras-do-impeachment\/#primaryimage","url":"","contentUrl":""},{"@type":"BreadcrumbList","@id":"https:\/\/psol50.org.br\/ivan-valente-golpe-homenagem-a-torturador-e-preconceito-as-sombras-por-tras-do-impeachment\/#breadcrumb","itemListElement":[{"@type":"ListItem","position":1,"name":"In\u00edcio","item":"https:\/\/psol50.org.br\/"},{"@type":"ListItem","position":2,"name":"IVAN VALENTE: Golpe, homenagem a torturador e preconceito: as sombras por tr\u00e1s do impeachment"}]},{"@type":"WebSite","@id":"https:\/\/psol50.org.br\/#website","url":"https:\/\/psol50.org.br\/","name":"PSOL 50","description":"Site oficial do Partido Socialismo e Liberdade","publisher":{"@id":"https:\/\/psol50.org.br\/#organization"},"alternateName":"PSOL50","potentialAction":[{"@type":"SearchAction","target":{"@type":"EntryPoint","urlTemplate":"https:\/\/psol50.org.br\/?s={search_term_string}"},"query-input":{"@type":"PropertyValueSpecification","valueRequired":true,"valueName":"search_term_string"}}],"inLanguage":"pt-BR"},{"@type":"Organization","@id":"https:\/\/psol50.org.br\/#organization","name":"PSOL 50","alternateName":"PSOL 50","url":"https:\/\/psol50.org.br\/","logo":{"@type":"ImageObject","inLanguage":"pt-BR","@id":"https:\/\/psol50.org.br\/#\/schema\/logo\/image\/","url":"https:\/\/psol50.org.br\/inc\/uploads\/2018\/07\/capa.png","contentUrl":"https:\/\/psol50.org.br\/inc\/uploads\/2018\/07\/capa.png","width":1350,"height":900,"caption":"PSOL 50"},"image":{"@id":"https:\/\/psol50.org.br\/#\/schema\/logo\/image\/"},"sameAs":["https:\/\/www.facebook.com\/psol50","https:\/\/x.com\/psol50","https:\/\/www.instagram.com\/psol50\/","https:\/\/www.youtube.com\/channel\/UC7SnJS5o1os7a6CaiNabzcg"]},{"@type":"Person","@id":"https:\/\/psol50.org.br\/#\/schema\/person\/475dfa57d0b815993c714c2e96491fcd","name":"Comunica\u00e7\u00e3o PSOL","image":{"@type":"ImageObject","inLanguage":"pt-BR","@id":"https:\/\/psol50.org.br\/#\/schema\/person\/image\/","url":"https:\/\/secure.gravatar.com\/avatar\/b34fc4f4e468a4e51785917065a3db57b841f5c95dba6ad8c73aaf8f66f8f9bf?s=96&d=mm&r=g","contentUrl":"https:\/\/secure.gravatar.com\/avatar\/b34fc4f4e468a4e51785917065a3db57b841f5c95dba6ad8c73aaf8f66f8f9bf?s=96&d=mm&r=g","caption":"Comunica\u00e7\u00e3o PSOL"}}]}},"_links":{"self":[{"href":"https:\/\/psol50.org.br\/rest\/wp\/v2\/posts\/12117","targetHints":{"allow":["GET"]}}],"collection":[{"href":"https:\/\/psol50.org.br\/rest\/wp\/v2\/posts"}],"about":[{"href":"https:\/\/psol50.org.br\/rest\/wp\/v2\/types\/post"}],"author":[{"embeddable":true,"href":"https:\/\/psol50.org.br\/rest\/wp\/v2\/users\/2"}],"replies":[{"embeddable":true,"href":"https:\/\/psol50.org.br\/rest\/wp\/v2\/comments?post=12117"}],"version-history":[{"count":0,"href":"https:\/\/psol50.org.br\/rest\/wp\/v2\/posts\/12117\/revisions"}],"wp:featuredmedia":[{"embeddable":true,"href":"https:\/\/psol50.org.br\/rest\/"}],"wp:attachment":[{"href":"https:\/\/psol50.org.br\/rest\/wp\/v2\/media?parent=12117"}],"wp:term":[{"taxonomy":"category","embeddable":true,"href":"https:\/\/psol50.org.br\/rest\/wp\/v2\/categories?post=12117"},{"taxonomy":"post_tag","embeddable":true,"href":"https:\/\/psol50.org.br\/rest\/wp\/v2\/tags?post=12117"}],"curies":[{"name":"wp","href":"https:\/\/api.w.org\/{rel}","templated":true}]}}