{"id":12121,"date":"2016-04-22T21:34:54","date_gmt":"2016-04-22T21:34:54","guid":{"rendered":"http:\/\/www.psol50.org.br\/?p=12121"},"modified":"2016-04-22T21:34:54","modified_gmt":"2016-04-22T21:34:54","slug":"inaceitavel-a-apologia-a-tortura-e-disseminacao-de-preconceitos","status":"publish","type":"post","link":"https:\/\/psol50.org.br\/inaceitavel-a-apologia-a-tortura-e-disseminacao-de-preconceitos\/","title":{"rendered":"&#8220;\u00c9 inaceit\u00e1vel a apologia \u00e0 tortura e a dissemina\u00e7\u00e3o de preconceitos&#8221;"},"content":{"rendered":"<p>O deputado estadual do PSOL-RJ Marcelo Freixo foi \u00e0 tribunal da Assembleia Legislativa do Rio de Janeiro (Alerj) denunciar a declara\u00e7\u00e3o feita pelo deputado Jair Bolsonaro (PSC-RJ) na sess\u00e3o que votou o processo de impeachment da presidente Dilma Roussrff, no \u00faltimo domingo (17). Ao declarar seu voto favor\u00e1vel ao afastamento da presidente, Bolsonaro exaltou a ditadura civil-militar, lembrando o coronel Carlos Alberto Brilhante Ustra, que foi chefe do DOI-Codi, tendo sido o respons\u00e1vel pelas torturas b\u00e1rbaras promovidas contra os presos pol\u00edticos que lutavam por democracia. O deputado fundamentalista ainda fez refer\u00eancia ao fato de Dilma ter sido torturada quando Ustra comandava o mais sangrento quartel dos tempos da repress\u00e3o.\u00a0&#8220;\u00c9 inaceit\u00e1vel que membro do congresso fa\u00e7a uma homenagem \u00e0 tortura. Muita gente morreu e foi torturada para que este congresso esteja aberto. \u00c9 crime ir ao microfone para defende<span class=\"text_exposed_show\">r Coronel Ustra, um dos maiores s\u00edmbolos da tortura. Isso foi feito domingo, ao vivo. Isso \u00e9 um desrespeito \u00e0 memoria dos nossos mortos e a todos que acreditam na democracia. N\u00e3o pode ser tolerado. \u00c9 necess\u00e1rio que todos os partidos falem sobre isso. N\u00e3o \u00e9 exclusivo da esquerda. N\u00e3o \u00e9 poss\u00edvel se calar porque, neste caso, a coniv\u00eancia \u00e9 muito perigosa&#8221;.<\/span><\/p>\n<p>Freixo tamb\u00e9m ressaltou a import\u00e2ncia de manter forte a luta em defesa da democracia. &#8220;Venho a essa tribuna fazer uma homenagem a muitas e muitos que foram decisivos para que a gente, hoje, tivesse um pouco do conv\u00edvio com a democracia&#8221;.<\/p>\n<p>Assista, abaixo, a emocionante fala do deputado.<\/p>\n<p><iframe loading=\"lazy\" src=\"https:\/\/www.facebook.com\/plugins\/post.php?href=https%3A%2F%2Fwww.facebook.com%2FMarceloFreixoPsol%2Fvideos%2F1161176600589261%2F&#038;width=500\" width=\"500\" height=\"589\" style=\"border:none;overflow:hidden\" scrolling=\"no\" frameborder=\"0\" allowTransparency=\"true\"><\/iframe><\/p>\n","protected":false},"excerpt":{"rendered":"<p>O deputado estadual do PSOL-RJ Marcelo Freixo foi \u00e0 tribunal da Assembleia Legislativa do Rio de Janeiro (Alerj) denunciar a declara\u00e7\u00e3o feita pelo deputado Jair Bolsonaro (PSC-RJ) na sess\u00e3o que votou o processo de impeachment da presidente Dilma Roussrff, no \u00faltimo domingo (17). Ao declarar seu voto favor\u00e1vel ao afastamento da presidente, Bolsonaro exaltou a [&hellip;]<\/p>\n","protected":false},"author":2,"featured_media":12122,"comment_status":"open","ping_status":"open","sticky":false,"template":"","format":"standard","meta":{"_acf_changed":false,"footnotes":""},"categories":[2812],"tags":[4255,4252,235,87,4256,3199,2890,790,151,220,244,663,2330,4257,911,1210],"class_list":{"0":"post-12121","1":"post","2":"type-post","3":"status-publish","4":"format-standard","5":"has-post-thumbnail","7":"category-videos_tv","8":"tag-amelinha-teles","9":"tag-carlos-alberto-brilhante-ustra","10":"tag-crime","11":"tag-democracia","12":"tag-ditadura-civil-militar","13":"tag-doi-codi","14":"tag-eduardo-cunha","15":"tag-esquerda","16":"tag-golpe","17":"tag-impeachment","18":"tag-jair-bolsonaro","19":"tag-jean-wyllys","20":"tag-memoria","21":"tag-mortos","22":"tag-preconceito","23":"tag-tortura"},"acf":[],"yoast_head":"<!-- This site is optimized with the Yoast SEO plugin v26.5 - https:\/\/yoast.com\/wordpress\/plugins\/seo\/ -->\n<title>&quot;\u00c9 inaceit\u00e1vel a apologia \u00e0 tortura e a dissemina\u00e7\u00e3o de preconceitos&quot; - PSOL 50<\/title>\n<meta name=\"robots\" content=\"index, follow, max-snippet:-1, max-image-preview:large, max-video-preview:-1\" \/>\n<link rel=\"canonical\" href=\"https:\/\/psol50.org.br\/inaceitavel-a-apologia-a-tortura-e-disseminacao-de-preconceitos\/\" \/>\n<meta property=\"og:locale\" content=\"pt_BR\" \/>\n<meta property=\"og:type\" content=\"article\" \/>\n<meta property=\"og:title\" content=\"&quot;\u00c9 inaceit\u00e1vel a apologia \u00e0 tortura e a dissemina\u00e7\u00e3o de preconceitos&quot; - PSOL 50\" \/>\n<meta property=\"og:description\" content=\"O deputado estadual do PSOL-RJ Marcelo Freixo foi \u00e0 tribunal da Assembleia Legislativa do Rio de Janeiro (Alerj) denunciar a declara\u00e7\u00e3o feita pelo deputado Jair Bolsonaro (PSC-RJ) na sess\u00e3o que votou o processo de impeachment da presidente Dilma Roussrff, no \u00faltimo domingo (17). Ao declarar seu voto favor\u00e1vel ao afastamento da presidente, Bolsonaro exaltou a [&hellip;]\" \/>\n<meta property=\"og:url\" content=\"https:\/\/psol50.org.br\/inaceitavel-a-apologia-a-tortura-e-disseminacao-de-preconceitos\/\" \/>\n<meta property=\"og:site_name\" content=\"PSOL 50\" \/>\n<meta property=\"article:publisher\" content=\"https:\/\/www.facebook.com\/psol50\" \/>\n<meta property=\"article:published_time\" content=\"2016-04-22T21:34:54+00:00\" \/>\n<meta property=\"og:image\" content=\"https:\/\/psol50.org.br\/inc\/uploads\/2018\/07\/capa.png\" \/>\n\t<meta property=\"og:image:width\" content=\"1350\" \/>\n\t<meta property=\"og:image:height\" content=\"900\" \/>\n\t<meta property=\"og:image:type\" content=\"image\/png\" \/>\n<meta name=\"author\" content=\"Comunica\u00e7\u00e3o PSOL\" \/>\n<meta name=\"twitter:card\" content=\"summary_large_image\" \/>\n<meta name=\"twitter:creator\" content=\"@psol50\" \/>\n<meta name=\"twitter:site\" content=\"@psol50\" \/>\n<meta name=\"twitter:label1\" content=\"Escrito por\" \/>\n\t<meta name=\"twitter:data1\" content=\"Comunica\u00e7\u00e3o PSOL\" \/>\n\t<meta name=\"twitter:label2\" content=\"Est. tempo de leitura\" \/>\n\t<meta name=\"twitter:data2\" content=\"1 minuto\" \/>\n<script type=\"application\/ld+json\" class=\"yoast-schema-graph\">{\"@context\":\"https:\/\/schema.org\",\"@graph\":[{\"@type\":\"Article\",\"@id\":\"https:\/\/psol50.org.br\/inaceitavel-a-apologia-a-tortura-e-disseminacao-de-preconceitos\/#article\",\"isPartOf\":{\"@id\":\"https:\/\/psol50.org.br\/inaceitavel-a-apologia-a-tortura-e-disseminacao-de-preconceitos\/\"},\"author\":{\"name\":\"Comunica\u00e7\u00e3o PSOL\",\"@id\":\"https:\/\/psol50.org.br\/#\/schema\/person\/475dfa57d0b815993c714c2e96491fcd\"},\"headline\":\"&#8220;\u00c9 inaceit\u00e1vel a apologia \u00e0 tortura e a dissemina\u00e7\u00e3o de preconceitos&#8221;\",\"datePublished\":\"2016-04-22T21:34:54+00:00\",\"mainEntityOfPage\":{\"@id\":\"https:\/\/psol50.org.br\/inaceitavel-a-apologia-a-tortura-e-disseminacao-de-preconceitos\/\"},\"wordCount\":268,\"commentCount\":0,\"publisher\":{\"@id\":\"https:\/\/psol50.org.br\/#organization\"},\"image\":{\"@id\":\"https:\/\/psol50.org.br\/inaceitavel-a-apologia-a-tortura-e-disseminacao-de-preconceitos\/#primaryimage\"},\"thumbnailUrl\":\"\",\"keywords\":[\"Amelinha Teles\",\"Carlos Alberto Brilhante Ustra\",\"crime\",\"democracia\",\"ditadura civil-militar\",\"DOI-Codi\",\"Eduardo Cunha\",\"esquerda\",\"golpe\",\"impeachment\",\"Jair Bolsonaro\",\"Jean Wyllys\",\"mem\u00f3ria\",\"mortos\",\"preconceito\",\"tortura\"],\"articleSection\":[\"V\u00cdDEOS | MULTIM\u00cdDIA | FLC TV\"],\"inLanguage\":\"pt-BR\",\"potentialAction\":[{\"@type\":\"CommentAction\",\"name\":\"Comment\",\"target\":[\"https:\/\/psol50.org.br\/inaceitavel-a-apologia-a-tortura-e-disseminacao-de-preconceitos\/#respond\"]}]},{\"@type\":\"WebPage\",\"@id\":\"https:\/\/psol50.org.br\/inaceitavel-a-apologia-a-tortura-e-disseminacao-de-preconceitos\/\",\"url\":\"https:\/\/psol50.org.br\/inaceitavel-a-apologia-a-tortura-e-disseminacao-de-preconceitos\/\",\"name\":\"\\\"\u00c9 inaceit\u00e1vel a apologia \u00e0 tortura e a dissemina\u00e7\u00e3o de preconceitos\\\" - PSOL 50\",\"isPartOf\":{\"@id\":\"https:\/\/psol50.org.br\/#website\"},\"primaryImageOfPage\":{\"@id\":\"https:\/\/psol50.org.br\/inaceitavel-a-apologia-a-tortura-e-disseminacao-de-preconceitos\/#primaryimage\"},\"image\":{\"@id\":\"https:\/\/psol50.org.br\/inaceitavel-a-apologia-a-tortura-e-disseminacao-de-preconceitos\/#primaryimage\"},\"thumbnailUrl\":\"\",\"datePublished\":\"2016-04-22T21:34:54+00:00\",\"breadcrumb\":{\"@id\":\"https:\/\/psol50.org.br\/inaceitavel-a-apologia-a-tortura-e-disseminacao-de-preconceitos\/#breadcrumb\"},\"inLanguage\":\"pt-BR\",\"potentialAction\":[{\"@type\":\"ReadAction\",\"target\":[\"https:\/\/psol50.org.br\/inaceitavel-a-apologia-a-tortura-e-disseminacao-de-preconceitos\/\"]}]},{\"@type\":\"ImageObject\",\"inLanguage\":\"pt-BR\",\"@id\":\"https:\/\/psol50.org.br\/inaceitavel-a-apologia-a-tortura-e-disseminacao-de-preconceitos\/#primaryimage\",\"url\":\"\",\"contentUrl\":\"\"},{\"@type\":\"BreadcrumbList\",\"@id\":\"https:\/\/psol50.org.br\/inaceitavel-a-apologia-a-tortura-e-disseminacao-de-preconceitos\/#breadcrumb\",\"itemListElement\":[{\"@type\":\"ListItem\",\"position\":1,\"name\":\"In\u00edcio\",\"item\":\"https:\/\/psol50.org.br\/\"},{\"@type\":\"ListItem\",\"position\":2,\"name\":\"&#8220;\u00c9 inaceit\u00e1vel a apologia \u00e0 tortura e a dissemina\u00e7\u00e3o de preconceitos&#8221;\"}]},{\"@type\":\"WebSite\",\"@id\":\"https:\/\/psol50.org.br\/#website\",\"url\":\"https:\/\/psol50.org.br\/\",\"name\":\"PSOL 50\",\"description\":\"Site oficial do Partido Socialismo e Liberdade\",\"publisher\":{\"@id\":\"https:\/\/psol50.org.br\/#organization\"},\"alternateName\":\"PSOL50\",\"potentialAction\":[{\"@type\":\"SearchAction\",\"target\":{\"@type\":\"EntryPoint\",\"urlTemplate\":\"https:\/\/psol50.org.br\/?s={search_term_string}\"},\"query-input\":{\"@type\":\"PropertyValueSpecification\",\"valueRequired\":true,\"valueName\":\"search_term_string\"}}],\"inLanguage\":\"pt-BR\"},{\"@type\":\"Organization\",\"@id\":\"https:\/\/psol50.org.br\/#organization\",\"name\":\"PSOL 50\",\"alternateName\":\"PSOL 50\",\"url\":\"https:\/\/psol50.org.br\/\",\"logo\":{\"@type\":\"ImageObject\",\"inLanguage\":\"pt-BR\",\"@id\":\"https:\/\/psol50.org.br\/#\/schema\/logo\/image\/\",\"url\":\"https:\/\/psol50.org.br\/inc\/uploads\/2018\/07\/capa.png\",\"contentUrl\":\"https:\/\/psol50.org.br\/inc\/uploads\/2018\/07\/capa.png\",\"width\":1350,\"height\":900,\"caption\":\"PSOL 50\"},\"image\":{\"@id\":\"https:\/\/psol50.org.br\/#\/schema\/logo\/image\/\"},\"sameAs\":[\"https:\/\/www.facebook.com\/psol50\",\"https:\/\/x.com\/psol50\",\"https:\/\/www.instagram.com\/psol50\/\",\"https:\/\/www.youtube.com\/channel\/UC7SnJS5o1os7a6CaiNabzcg\"]},{\"@type\":\"Person\",\"@id\":\"https:\/\/psol50.org.br\/#\/schema\/person\/475dfa57d0b815993c714c2e96491fcd\",\"name\":\"Comunica\u00e7\u00e3o PSOL\",\"image\":{\"@type\":\"ImageObject\",\"inLanguage\":\"pt-BR\",\"@id\":\"https:\/\/psol50.org.br\/#\/schema\/person\/image\/\",\"url\":\"https:\/\/secure.gravatar.com\/avatar\/b34fc4f4e468a4e51785917065a3db57b841f5c95dba6ad8c73aaf8f66f8f9bf?s=96&d=mm&r=g\",\"contentUrl\":\"https:\/\/secure.gravatar.com\/avatar\/b34fc4f4e468a4e51785917065a3db57b841f5c95dba6ad8c73aaf8f66f8f9bf?s=96&d=mm&r=g\",\"caption\":\"Comunica\u00e7\u00e3o PSOL\"}}]}<\/script>\n<!-- \/ Yoast SEO plugin. -->","yoast_head_json":{"title":"\"\u00c9 inaceit\u00e1vel a apologia \u00e0 tortura e a dissemina\u00e7\u00e3o de preconceitos\" - PSOL 50","robots":{"index":"index","follow":"follow","max-snippet":"max-snippet:-1","max-image-preview":"max-image-preview:large","max-video-preview":"max-video-preview:-1"},"canonical":"https:\/\/psol50.org.br\/inaceitavel-a-apologia-a-tortura-e-disseminacao-de-preconceitos\/","og_locale":"pt_BR","og_type":"article","og_title":"\"\u00c9 inaceit\u00e1vel a apologia \u00e0 tortura e a dissemina\u00e7\u00e3o de preconceitos\" - PSOL 50","og_description":"O deputado estadual do PSOL-RJ Marcelo Freixo foi \u00e0 tribunal da Assembleia Legislativa do Rio de Janeiro (Alerj) denunciar a declara\u00e7\u00e3o feita pelo deputado Jair Bolsonaro (PSC-RJ) na sess\u00e3o que votou o processo de impeachment da presidente Dilma Roussrff, no \u00faltimo domingo (17). Ao declarar seu voto favor\u00e1vel ao afastamento da presidente, Bolsonaro exaltou a [&hellip;]","og_url":"https:\/\/psol50.org.br\/inaceitavel-a-apologia-a-tortura-e-disseminacao-de-preconceitos\/","og_site_name":"PSOL 50","article_publisher":"https:\/\/www.facebook.com\/psol50","article_published_time":"2016-04-22T21:34:54+00:00","og_image":[{"width":1350,"height":900,"url":"https:\/\/psol50.org.br\/inc\/uploads\/2018\/07\/capa.png","type":"image\/png"}],"author":"Comunica\u00e7\u00e3o PSOL","twitter_card":"summary_large_image","twitter_creator":"@psol50","twitter_site":"@psol50","twitter_misc":{"Escrito por":"Comunica\u00e7\u00e3o PSOL","Est. tempo de leitura":"1 minuto"},"schema":{"@context":"https:\/\/schema.org","@graph":[{"@type":"Article","@id":"https:\/\/psol50.org.br\/inaceitavel-a-apologia-a-tortura-e-disseminacao-de-preconceitos\/#article","isPartOf":{"@id":"https:\/\/psol50.org.br\/inaceitavel-a-apologia-a-tortura-e-disseminacao-de-preconceitos\/"},"author":{"name":"Comunica\u00e7\u00e3o PSOL","@id":"https:\/\/psol50.org.br\/#\/schema\/person\/475dfa57d0b815993c714c2e96491fcd"},"headline":"&#8220;\u00c9 inaceit\u00e1vel a apologia \u00e0 tortura e a dissemina\u00e7\u00e3o de preconceitos&#8221;","datePublished":"2016-04-22T21:34:54+00:00","mainEntityOfPage":{"@id":"https:\/\/psol50.org.br\/inaceitavel-a-apologia-a-tortura-e-disseminacao-de-preconceitos\/"},"wordCount":268,"commentCount":0,"publisher":{"@id":"https:\/\/psol50.org.br\/#organization"},"image":{"@id":"https:\/\/psol50.org.br\/inaceitavel-a-apologia-a-tortura-e-disseminacao-de-preconceitos\/#primaryimage"},"thumbnailUrl":"","keywords":["Amelinha Teles","Carlos Alberto Brilhante Ustra","crime","democracia","ditadura civil-militar","DOI-Codi","Eduardo Cunha","esquerda","golpe","impeachment","Jair Bolsonaro","Jean Wyllys","mem\u00f3ria","mortos","preconceito","tortura"],"articleSection":["V\u00cdDEOS | MULTIM\u00cdDIA | FLC TV"],"inLanguage":"pt-BR","potentialAction":[{"@type":"CommentAction","name":"Comment","target":["https:\/\/psol50.org.br\/inaceitavel-a-apologia-a-tortura-e-disseminacao-de-preconceitos\/#respond"]}]},{"@type":"WebPage","@id":"https:\/\/psol50.org.br\/inaceitavel-a-apologia-a-tortura-e-disseminacao-de-preconceitos\/","url":"https:\/\/psol50.org.br\/inaceitavel-a-apologia-a-tortura-e-disseminacao-de-preconceitos\/","name":"\"\u00c9 inaceit\u00e1vel a apologia \u00e0 tortura e a dissemina\u00e7\u00e3o de preconceitos\" - PSOL 50","isPartOf":{"@id":"https:\/\/psol50.org.br\/#website"},"primaryImageOfPage":{"@id":"https:\/\/psol50.org.br\/inaceitavel-a-apologia-a-tortura-e-disseminacao-de-preconceitos\/#primaryimage"},"image":{"@id":"https:\/\/psol50.org.br\/inaceitavel-a-apologia-a-tortura-e-disseminacao-de-preconceitos\/#primaryimage"},"thumbnailUrl":"","datePublished":"2016-04-22T21:34:54+00:00","breadcrumb":{"@id":"https:\/\/psol50.org.br\/inaceitavel-a-apologia-a-tortura-e-disseminacao-de-preconceitos\/#breadcrumb"},"inLanguage":"pt-BR","potentialAction":[{"@type":"ReadAction","target":["https:\/\/psol50.org.br\/inaceitavel-a-apologia-a-tortura-e-disseminacao-de-preconceitos\/"]}]},{"@type":"ImageObject","inLanguage":"pt-BR","@id":"https:\/\/psol50.org.br\/inaceitavel-a-apologia-a-tortura-e-disseminacao-de-preconceitos\/#primaryimage","url":"","contentUrl":""},{"@type":"BreadcrumbList","@id":"https:\/\/psol50.org.br\/inaceitavel-a-apologia-a-tortura-e-disseminacao-de-preconceitos\/#breadcrumb","itemListElement":[{"@type":"ListItem","position":1,"name":"In\u00edcio","item":"https:\/\/psol50.org.br\/"},{"@type":"ListItem","position":2,"name":"&#8220;\u00c9 inaceit\u00e1vel a apologia \u00e0 tortura e a dissemina\u00e7\u00e3o de preconceitos&#8221;"}]},{"@type":"WebSite","@id":"https:\/\/psol50.org.br\/#website","url":"https:\/\/psol50.org.br\/","name":"PSOL 50","description":"Site oficial do Partido Socialismo e Liberdade","publisher":{"@id":"https:\/\/psol50.org.br\/#organization"},"alternateName":"PSOL50","potentialAction":[{"@type":"SearchAction","target":{"@type":"EntryPoint","urlTemplate":"https:\/\/psol50.org.br\/?s={search_term_string}"},"query-input":{"@type":"PropertyValueSpecification","valueRequired":true,"valueName":"search_term_string"}}],"inLanguage":"pt-BR"},{"@type":"Organization","@id":"https:\/\/psol50.org.br\/#organization","name":"PSOL 50","alternateName":"PSOL 50","url":"https:\/\/psol50.org.br\/","logo":{"@type":"ImageObject","inLanguage":"pt-BR","@id":"https:\/\/psol50.org.br\/#\/schema\/logo\/image\/","url":"https:\/\/psol50.org.br\/inc\/uploads\/2018\/07\/capa.png","contentUrl":"https:\/\/psol50.org.br\/inc\/uploads\/2018\/07\/capa.png","width":1350,"height":900,"caption":"PSOL 50"},"image":{"@id":"https:\/\/psol50.org.br\/#\/schema\/logo\/image\/"},"sameAs":["https:\/\/www.facebook.com\/psol50","https:\/\/x.com\/psol50","https:\/\/www.instagram.com\/psol50\/","https:\/\/www.youtube.com\/channel\/UC7SnJS5o1os7a6CaiNabzcg"]},{"@type":"Person","@id":"https:\/\/psol50.org.br\/#\/schema\/person\/475dfa57d0b815993c714c2e96491fcd","name":"Comunica\u00e7\u00e3o PSOL","image":{"@type":"ImageObject","inLanguage":"pt-BR","@id":"https:\/\/psol50.org.br\/#\/schema\/person\/image\/","url":"https:\/\/secure.gravatar.com\/avatar\/b34fc4f4e468a4e51785917065a3db57b841f5c95dba6ad8c73aaf8f66f8f9bf?s=96&d=mm&r=g","contentUrl":"https:\/\/secure.gravatar.com\/avatar\/b34fc4f4e468a4e51785917065a3db57b841f5c95dba6ad8c73aaf8f66f8f9bf?s=96&d=mm&r=g","caption":"Comunica\u00e7\u00e3o PSOL"}}]}},"_links":{"self":[{"href":"https:\/\/psol50.org.br\/rest\/wp\/v2\/posts\/12121","targetHints":{"allow":["GET"]}}],"collection":[{"href":"https:\/\/psol50.org.br\/rest\/wp\/v2\/posts"}],"about":[{"href":"https:\/\/psol50.org.br\/rest\/wp\/v2\/types\/post"}],"author":[{"embeddable":true,"href":"https:\/\/psol50.org.br\/rest\/wp\/v2\/users\/2"}],"replies":[{"embeddable":true,"href":"https:\/\/psol50.org.br\/rest\/wp\/v2\/comments?post=12121"}],"version-history":[{"count":0,"href":"https:\/\/psol50.org.br\/rest\/wp\/v2\/posts\/12121\/revisions"}],"wp:featuredmedia":[{"embeddable":true,"href":"https:\/\/psol50.org.br\/rest\/"}],"wp:attachment":[{"href":"https:\/\/psol50.org.br\/rest\/wp\/v2\/media?parent=12121"}],"wp:term":[{"taxonomy":"category","embeddable":true,"href":"https:\/\/psol50.org.br\/rest\/wp\/v2\/categories?post=12121"},{"taxonomy":"post_tag","embeddable":true,"href":"https:\/\/psol50.org.br\/rest\/wp\/v2\/tags?post=12121"}],"curies":[{"name":"wp","href":"https:\/\/api.w.org\/{rel}","templated":true}]}}