{"id":1213,"date":"2007-08-14T00:00:00","date_gmt":"2007-08-14T00:00:00","guid":{"rendered":"http:\/\/psol50.org.br\/arquivo\/2007\/08\/14\/psol-realiza-ato-pela-saida-de-renan-calheiros\/"},"modified":"2007-08-14T00:00:00","modified_gmt":"2007-08-14T00:00:00","slug":"psol-realiza-ato-pela-saida-de-renan-calheiros","status":"publish","type":"post","link":"https:\/\/psol50.org.br\/psol-realiza-ato-pela-saida-de-renan-calheiros\/","title":{"rendered":"PSOL realiza ato pela sa\u00edda de Renan Calheiros"},"content":{"rendered":"<p>\n<img loading=\"lazy\" decoding=\"async\" style=\"margin: 5px;float: left\" src=\"images\/stories\/imagens\/070814fora.jpg\" alt=\"070814fora.jpg\" title=\"070814fora.jpg\" width=\"90\" height=\"70\" \/>Em protesto contra a corrup\u00e7\u00e3o e contra a perman\u00eancia do senador Renan Calheiros na Presid\u00eancia do Senado Federal foram recolhidas 60 mil assinaturas e entregues ao  presidente da C\u00e2mara. O PSOL, respons\u00e1vel por recolher as assinaturas em todo o pa\u00eds, realizou uma manifesta\u00e7\u00e3o em frente ao Congresso. O documento tamb\u00e9m foi entregue ao 2\u00ba vice-presidente do Senado.\n<\/p>\n<p><!--more--><\/p>\n<p>\nRenan Calheiros responde a dois processos no Conselho de \u00c9tica do<br \/>\nSenado. Um deles investiga o pagamento de despesas pessoais por um<br \/>\nlobista e o outro apura a rela\u00e7\u00e3o entre o parlamentar e a cervejaria<br \/>\nSchincariol. Outro processo pode ser aberto para investigar a compra de<br \/>\nve\u00edculos de comunica\u00e7\u00e3o em Alagoas por interm\u00e9dio de &quot;laranjas&quot;.\n<\/p>\n<p>\nA deputada federal Luciana Genro (PSOL\/RS), que estava na manifesta\u00e7\u00e3o,<br \/>\ndestacou a import\u00e2ncia da participa\u00e7\u00e3o popular no atual cen\u00e1rio<br \/>\npol\u00edtico. Segundo a deputada \u00e9 muito importante a press\u00e3o externa,<br \/>\nporque  se depender apenas da vontade do Senado, \u00e9 muito dif\u00edcil uma<br \/>\ncassa\u00e7\u00e3o do senador Renan Calheiros. Ela afirma que por isso a opini\u00e3o<br \/>\np\u00fablica, a imprensa, a mobiliza\u00e7\u00e3o social s\u00e3o importantes para que se<br \/>\ntenha alguma chance. Luciana acredita que h\u00e1 uma indigna\u00e7\u00e3o muito<br \/>\ngrande, embora n\u00e3o haja uma mobiliza\u00e7\u00e3o muito grande.\n<\/p>\n<p>\nTamb\u00e9m participaram da manifesta\u00e7\u00e3o a presidente do PSOL, Helo\u00edsa<br \/>\nHelena; os deputados do partido Ivan Valente (SP), Chico Alencar (RJ) e<br \/>\nLuciana Genro; o senador Jos\u00e9 Nery (PSOL\/PA); e o deputado Fernando<br \/>\nGabeira (PV\/RJ).<\/p>\n","protected":false},"excerpt":{"rendered":"<p>Em protesto contra a corrup\u00e7\u00e3o e contra a perman\u00eancia do senador Renan Calheiros na Presid\u00eancia do Senado Federal foram recolhidas 60 mil assinaturas e entregues ao presidente da C\u00e2mara. O PSOL, respons\u00e1vel por recolher as assinaturas em todo o pa\u00eds, realizou uma manifesta\u00e7\u00e3o em frente ao Congresso. O documento tamb\u00e9m foi entregue ao 2\u00ba vice-presidente [&hellip;]<\/p>\n","protected":false},"author":2,"featured_media":0,"comment_status":"open","ping_status":"open","sticky":false,"template":"","format":"standard","meta":{"_acf_changed":false,"footnotes":""},"categories":[4766],"tags":[],"class_list":{"0":"post-1213","1":"post","2":"type-post","3":"status-publish","4":"format-standard","6":"category-arquivo"},"acf":[],"yoast_head":"<!-- This site is optimized with the Yoast SEO plugin v26.5 - https:\/\/yoast.com\/wordpress\/plugins\/seo\/ -->\n<title>PSOL realiza ato pela sa\u00edda de Renan Calheiros - PSOL 50<\/title>\n<meta name=\"robots\" content=\"index, follow, max-snippet:-1, max-image-preview:large, max-video-preview:-1\" \/>\n<link rel=\"canonical\" href=\"https:\/\/psol50.org.br\/psol-realiza-ato-pela-saida-de-renan-calheiros\/\" \/>\n<meta property=\"og:locale\" content=\"pt_BR\" \/>\n<meta property=\"og:type\" content=\"article\" \/>\n<meta property=\"og:title\" content=\"PSOL realiza ato pela sa\u00edda de Renan Calheiros - PSOL 50\" \/>\n<meta property=\"og:description\" content=\"Em protesto contra a corrup\u00e7\u00e3o e contra a perman\u00eancia do senador Renan Calheiros na Presid\u00eancia do Senado Federal foram recolhidas 60 mil assinaturas e entregues ao presidente da C\u00e2mara. O PSOL, respons\u00e1vel por recolher as assinaturas em todo o pa\u00eds, realizou uma manifesta\u00e7\u00e3o em frente ao Congresso. O documento tamb\u00e9m foi entregue ao 2\u00ba vice-presidente [&hellip;]\" \/>\n<meta property=\"og:url\" content=\"https:\/\/psol50.org.br\/psol-realiza-ato-pela-saida-de-renan-calheiros\/\" \/>\n<meta property=\"og:site_name\" content=\"PSOL 50\" \/>\n<meta property=\"article:publisher\" content=\"https:\/\/www.facebook.com\/psol50\" \/>\n<meta property=\"article:published_time\" content=\"2007-08-14T00:00:00+00:00\" \/>\n<meta property=\"og:image\" content=\"http:\/\/images\/stories\/imagens\/070814fora.jpg\" \/>\n<meta name=\"author\" content=\"Comunica\u00e7\u00e3o PSOL\" \/>\n<meta name=\"twitter:card\" content=\"summary_large_image\" \/>\n<meta name=\"twitter:creator\" content=\"@psol50\" \/>\n<meta name=\"twitter:site\" content=\"@psol50\" \/>\n<meta name=\"twitter:label1\" content=\"Escrito por\" \/>\n\t<meta name=\"twitter:data1\" content=\"Comunica\u00e7\u00e3o PSOL\" \/>\n\t<meta name=\"twitter:label2\" content=\"Est. tempo de leitura\" \/>\n\t<meta name=\"twitter:data2\" content=\"1 minuto\" \/>\n<script type=\"application\/ld+json\" class=\"yoast-schema-graph\">{\"@context\":\"https:\/\/schema.org\",\"@graph\":[{\"@type\":\"Article\",\"@id\":\"https:\/\/psol50.org.br\/psol-realiza-ato-pela-saida-de-renan-calheiros\/#article\",\"isPartOf\":{\"@id\":\"https:\/\/psol50.org.br\/psol-realiza-ato-pela-saida-de-renan-calheiros\/\"},\"author\":{\"name\":\"Comunica\u00e7\u00e3o PSOL\",\"@id\":\"https:\/\/psol50.org.br\/#\/schema\/person\/475dfa57d0b815993c714c2e96491fcd\"},\"headline\":\"PSOL realiza ato pela sa\u00edda de Renan Calheiros\",\"datePublished\":\"2007-08-14T00:00:00+00:00\",\"mainEntityOfPage\":{\"@id\":\"https:\/\/psol50.org.br\/psol-realiza-ato-pela-saida-de-renan-calheiros\/\"},\"wordCount\":268,\"commentCount\":0,\"publisher\":{\"@id\":\"https:\/\/psol50.org.br\/#organization\"},\"articleSection\":[\"Arquivo\"],\"inLanguage\":\"pt-BR\",\"potentialAction\":[{\"@type\":\"CommentAction\",\"name\":\"Comment\",\"target\":[\"https:\/\/psol50.org.br\/psol-realiza-ato-pela-saida-de-renan-calheiros\/#respond\"]}]},{\"@type\":\"WebPage\",\"@id\":\"https:\/\/psol50.org.br\/psol-realiza-ato-pela-saida-de-renan-calheiros\/\",\"url\":\"https:\/\/psol50.org.br\/psol-realiza-ato-pela-saida-de-renan-calheiros\/\",\"name\":\"PSOL realiza ato pela sa\u00edda de Renan Calheiros - PSOL 50\",\"isPartOf\":{\"@id\":\"https:\/\/psol50.org.br\/#website\"},\"datePublished\":\"2007-08-14T00:00:00+00:00\",\"breadcrumb\":{\"@id\":\"https:\/\/psol50.org.br\/psol-realiza-ato-pela-saida-de-renan-calheiros\/#breadcrumb\"},\"inLanguage\":\"pt-BR\",\"potentialAction\":[{\"@type\":\"ReadAction\",\"target\":[\"https:\/\/psol50.org.br\/psol-realiza-ato-pela-saida-de-renan-calheiros\/\"]}]},{\"@type\":\"BreadcrumbList\",\"@id\":\"https:\/\/psol50.org.br\/psol-realiza-ato-pela-saida-de-renan-calheiros\/#breadcrumb\",\"itemListElement\":[{\"@type\":\"ListItem\",\"position\":1,\"name\":\"In\u00edcio\",\"item\":\"https:\/\/psol50.org.br\/\"},{\"@type\":\"ListItem\",\"position\":2,\"name\":\"PSOL realiza ato pela sa\u00edda de Renan Calheiros\"}]},{\"@type\":\"WebSite\",\"@id\":\"https:\/\/psol50.org.br\/#website\",\"url\":\"https:\/\/psol50.org.br\/\",\"name\":\"PSOL 50\",\"description\":\"Site oficial do Partido Socialismo e Liberdade\",\"publisher\":{\"@id\":\"https:\/\/psol50.org.br\/#organization\"},\"alternateName\":\"PSOL50\",\"potentialAction\":[{\"@type\":\"SearchAction\",\"target\":{\"@type\":\"EntryPoint\",\"urlTemplate\":\"https:\/\/psol50.org.br\/?s={search_term_string}\"},\"query-input\":{\"@type\":\"PropertyValueSpecification\",\"valueRequired\":true,\"valueName\":\"search_term_string\"}}],\"inLanguage\":\"pt-BR\"},{\"@type\":\"Organization\",\"@id\":\"https:\/\/psol50.org.br\/#organization\",\"name\":\"PSOL 50\",\"alternateName\":\"PSOL 50\",\"url\":\"https:\/\/psol50.org.br\/\",\"logo\":{\"@type\":\"ImageObject\",\"inLanguage\":\"pt-BR\",\"@id\":\"https:\/\/psol50.org.br\/#\/schema\/logo\/image\/\",\"url\":\"https:\/\/psol50.org.br\/inc\/uploads\/2018\/07\/capa.png\",\"contentUrl\":\"https:\/\/psol50.org.br\/inc\/uploads\/2018\/07\/capa.png\",\"width\":1350,\"height\":900,\"caption\":\"PSOL 50\"},\"image\":{\"@id\":\"https:\/\/psol50.org.br\/#\/schema\/logo\/image\/\"},\"sameAs\":[\"https:\/\/www.facebook.com\/psol50\",\"https:\/\/x.com\/psol50\",\"https:\/\/www.instagram.com\/psol50\/\",\"https:\/\/www.youtube.com\/channel\/UC7SnJS5o1os7a6CaiNabzcg\"]},{\"@type\":\"Person\",\"@id\":\"https:\/\/psol50.org.br\/#\/schema\/person\/475dfa57d0b815993c714c2e96491fcd\",\"name\":\"Comunica\u00e7\u00e3o PSOL\",\"image\":{\"@type\":\"ImageObject\",\"inLanguage\":\"pt-BR\",\"@id\":\"https:\/\/psol50.org.br\/#\/schema\/person\/image\/\",\"url\":\"https:\/\/secure.gravatar.com\/avatar\/b34fc4f4e468a4e51785917065a3db57b841f5c95dba6ad8c73aaf8f66f8f9bf?s=96&d=mm&r=g\",\"contentUrl\":\"https:\/\/secure.gravatar.com\/avatar\/b34fc4f4e468a4e51785917065a3db57b841f5c95dba6ad8c73aaf8f66f8f9bf?s=96&d=mm&r=g\",\"caption\":\"Comunica\u00e7\u00e3o PSOL\"}}]}<\/script>\n<!-- \/ Yoast SEO plugin. -->","yoast_head_json":{"title":"PSOL realiza ato pela sa\u00edda de Renan Calheiros - PSOL 50","robots":{"index":"index","follow":"follow","max-snippet":"max-snippet:-1","max-image-preview":"max-image-preview:large","max-video-preview":"max-video-preview:-1"},"canonical":"https:\/\/psol50.org.br\/psol-realiza-ato-pela-saida-de-renan-calheiros\/","og_locale":"pt_BR","og_type":"article","og_title":"PSOL realiza ato pela sa\u00edda de Renan Calheiros - PSOL 50","og_description":"Em protesto contra a corrup\u00e7\u00e3o e contra a perman\u00eancia do senador Renan Calheiros na Presid\u00eancia do Senado Federal foram recolhidas 60 mil assinaturas e entregues ao presidente da C\u00e2mara. O PSOL, respons\u00e1vel por recolher as assinaturas em todo o pa\u00eds, realizou uma manifesta\u00e7\u00e3o em frente ao Congresso. O documento tamb\u00e9m foi entregue ao 2\u00ba vice-presidente [&hellip;]","og_url":"https:\/\/psol50.org.br\/psol-realiza-ato-pela-saida-de-renan-calheiros\/","og_site_name":"PSOL 50","article_publisher":"https:\/\/www.facebook.com\/psol50","article_published_time":"2007-08-14T00:00:00+00:00","og_image":[{"url":"images\/stories\/imagens\/070814fora.jpg","type":"","width":"","height":""}],"author":"Comunica\u00e7\u00e3o PSOL","twitter_card":"summary_large_image","twitter_creator":"@psol50","twitter_site":"@psol50","twitter_misc":{"Escrito por":"Comunica\u00e7\u00e3o PSOL","Est. tempo de leitura":"1 minuto"},"schema":{"@context":"https:\/\/schema.org","@graph":[{"@type":"Article","@id":"https:\/\/psol50.org.br\/psol-realiza-ato-pela-saida-de-renan-calheiros\/#article","isPartOf":{"@id":"https:\/\/psol50.org.br\/psol-realiza-ato-pela-saida-de-renan-calheiros\/"},"author":{"name":"Comunica\u00e7\u00e3o PSOL","@id":"https:\/\/psol50.org.br\/#\/schema\/person\/475dfa57d0b815993c714c2e96491fcd"},"headline":"PSOL realiza ato pela sa\u00edda de Renan Calheiros","datePublished":"2007-08-14T00:00:00+00:00","mainEntityOfPage":{"@id":"https:\/\/psol50.org.br\/psol-realiza-ato-pela-saida-de-renan-calheiros\/"},"wordCount":268,"commentCount":0,"publisher":{"@id":"https:\/\/psol50.org.br\/#organization"},"articleSection":["Arquivo"],"inLanguage":"pt-BR","potentialAction":[{"@type":"CommentAction","name":"Comment","target":["https:\/\/psol50.org.br\/psol-realiza-ato-pela-saida-de-renan-calheiros\/#respond"]}]},{"@type":"WebPage","@id":"https:\/\/psol50.org.br\/psol-realiza-ato-pela-saida-de-renan-calheiros\/","url":"https:\/\/psol50.org.br\/psol-realiza-ato-pela-saida-de-renan-calheiros\/","name":"PSOL realiza ato pela sa\u00edda de Renan Calheiros - PSOL 50","isPartOf":{"@id":"https:\/\/psol50.org.br\/#website"},"datePublished":"2007-08-14T00:00:00+00:00","breadcrumb":{"@id":"https:\/\/psol50.org.br\/psol-realiza-ato-pela-saida-de-renan-calheiros\/#breadcrumb"},"inLanguage":"pt-BR","potentialAction":[{"@type":"ReadAction","target":["https:\/\/psol50.org.br\/psol-realiza-ato-pela-saida-de-renan-calheiros\/"]}]},{"@type":"BreadcrumbList","@id":"https:\/\/psol50.org.br\/psol-realiza-ato-pela-saida-de-renan-calheiros\/#breadcrumb","itemListElement":[{"@type":"ListItem","position":1,"name":"In\u00edcio","item":"https:\/\/psol50.org.br\/"},{"@type":"ListItem","position":2,"name":"PSOL realiza ato pela sa\u00edda de Renan Calheiros"}]},{"@type":"WebSite","@id":"https:\/\/psol50.org.br\/#website","url":"https:\/\/psol50.org.br\/","name":"PSOL 50","description":"Site oficial do Partido Socialismo e Liberdade","publisher":{"@id":"https:\/\/psol50.org.br\/#organization"},"alternateName":"PSOL50","potentialAction":[{"@type":"SearchAction","target":{"@type":"EntryPoint","urlTemplate":"https:\/\/psol50.org.br\/?s={search_term_string}"},"query-input":{"@type":"PropertyValueSpecification","valueRequired":true,"valueName":"search_term_string"}}],"inLanguage":"pt-BR"},{"@type":"Organization","@id":"https:\/\/psol50.org.br\/#organization","name":"PSOL 50","alternateName":"PSOL 50","url":"https:\/\/psol50.org.br\/","logo":{"@type":"ImageObject","inLanguage":"pt-BR","@id":"https:\/\/psol50.org.br\/#\/schema\/logo\/image\/","url":"https:\/\/psol50.org.br\/inc\/uploads\/2018\/07\/capa.png","contentUrl":"https:\/\/psol50.org.br\/inc\/uploads\/2018\/07\/capa.png","width":1350,"height":900,"caption":"PSOL 50"},"image":{"@id":"https:\/\/psol50.org.br\/#\/schema\/logo\/image\/"},"sameAs":["https:\/\/www.facebook.com\/psol50","https:\/\/x.com\/psol50","https:\/\/www.instagram.com\/psol50\/","https:\/\/www.youtube.com\/channel\/UC7SnJS5o1os7a6CaiNabzcg"]},{"@type":"Person","@id":"https:\/\/psol50.org.br\/#\/schema\/person\/475dfa57d0b815993c714c2e96491fcd","name":"Comunica\u00e7\u00e3o PSOL","image":{"@type":"ImageObject","inLanguage":"pt-BR","@id":"https:\/\/psol50.org.br\/#\/schema\/person\/image\/","url":"https:\/\/secure.gravatar.com\/avatar\/b34fc4f4e468a4e51785917065a3db57b841f5c95dba6ad8c73aaf8f66f8f9bf?s=96&d=mm&r=g","contentUrl":"https:\/\/secure.gravatar.com\/avatar\/b34fc4f4e468a4e51785917065a3db57b841f5c95dba6ad8c73aaf8f66f8f9bf?s=96&d=mm&r=g","caption":"Comunica\u00e7\u00e3o PSOL"}}]}},"_links":{"self":[{"href":"https:\/\/psol50.org.br\/rest\/wp\/v2\/posts\/1213","targetHints":{"allow":["GET"]}}],"collection":[{"href":"https:\/\/psol50.org.br\/rest\/wp\/v2\/posts"}],"about":[{"href":"https:\/\/psol50.org.br\/rest\/wp\/v2\/types\/post"}],"author":[{"embeddable":true,"href":"https:\/\/psol50.org.br\/rest\/wp\/v2\/users\/2"}],"replies":[{"embeddable":true,"href":"https:\/\/psol50.org.br\/rest\/wp\/v2\/comments?post=1213"}],"version-history":[{"count":0,"href":"https:\/\/psol50.org.br\/rest\/wp\/v2\/posts\/1213\/revisions"}],"wp:attachment":[{"href":"https:\/\/psol50.org.br\/rest\/wp\/v2\/media?parent=1213"}],"wp:term":[{"taxonomy":"category","embeddable":true,"href":"https:\/\/psol50.org.br\/rest\/wp\/v2\/categories?post=1213"},{"taxonomy":"post_tag","embeddable":true,"href":"https:\/\/psol50.org.br\/rest\/wp\/v2\/tags?post=1213"}],"curies":[{"name":"wp","href":"https:\/\/api.w.org\/{rel}","templated":true}]}}