{"id":12130,"date":"2016-04-25T20:34:42","date_gmt":"2016-04-25T20:34:42","guid":{"rendered":"http:\/\/www.psol50.org.br\/?p=12130"},"modified":"2016-04-25T20:34:42","modified_gmt":"2016-04-25T20:34:42","slug":"luciana-genro-rebeliao-imparavel","status":"publish","type":"post","link":"https:\/\/psol50.org.br\/luciana-genro-rebeliao-imparavel\/","title":{"rendered":"LUCIANA GENRO: Rebeli\u00e3o Impar\u00e1vel"},"content":{"rendered":"<p><em><span style=\"font-size: 13px;\">Artigo publicado originalmente no blog <a href=\"http:\/\/agoraequesaoelas.blogfolha.uol.com.br\/2016\/04\/22\/rebeliao-imparavel\/\">#Agora\u00e9QueS\u00e3oElas<\/a><\/span><\/em><\/p>\n<p>N\u00e3o podemos, e nem temos o direito, de julgar Marcela Temer. N\u00e3o sabemos o contexto em que ela decidiu \u2013 se foi ela mesma quem decidiu \u2013 se casar aos 20 anos com um homem de mais de 60. E n\u00e3o qualquer homem, mas Michel Temer, uma figura para l\u00e1 de sinistra. Alguns podem pensar que ela \u00e9 uma sortuda. Outros, uma coitada, manipulada pelos pais. Ou uma arrivista que usou o casamento como escada. Ou, ainda, que ela se apaixonou por uma figura paterna.<\/p>\n<p>N\u00e3o sabemos tamb\u00e9m se a Marcela que a Veja desenhou \u00e9 real ou uma inven\u00e7\u00e3o. E, se for uma inven\u00e7\u00e3o, \u00e9 uma inven\u00e7\u00e3o de quem? Da Veja, dos pais de Marcela, de Temer ou da pr\u00f3pria Marcela?<\/p>\n<p>Tudo especula\u00e7\u00e3o.<\/p>\n<p>O interessante neste epis\u00f3dio do #belarecatadaedolar nem \u00e9 discutir o estere\u00f3tipo que a Veja quis propagandear. Conhecemos bem a revista e o pr\u00f3prio estere\u00f3tipo para nos surpreender. O novo \u00e9 a rea\u00e7\u00e3o. As redes sociais foram invadidas por foto de mulheres ironizando o estere\u00f3tipo, com fotos de todos os tipos, contrariando o modelo oferecido.<\/p>\n<p>A grande m\u00eddia nunca foi nossa aliada. As revistas de moda reproduzem um padr\u00e3o de mulher quase inating\u00edvel, constru\u00eddo para fazer girar a \u201ceconomia da beleza\u201d, na verdade uma \u201cditadura da beleza\u201d, de um tipo de beleza. Onde est\u00e3o as mulheres negras, trans, l\u00e9sbicas, bissexuais, gordas, deficientes? Elas n\u00e3o fazem parte deste padr\u00e3o constru\u00eddo pelo patriarcado e pelo capitalismo.<\/p>\n<p>Mas a resist\u00eancia a tudo isso \u00e9 cada vez maior. Desde a campanha eleitoral para a Presid\u00eancia da Rep\u00fablica, percebi este movimento que depois chamamos de primavera das mulheres. Quando eu ergui o dedo para o A\u00e9cio, pela rea\u00e7\u00e3o que houve, percebi que muitas se viram representadas.<\/p>\n<p>Tamb\u00e9m vimos esta onda de resist\u00eancia com as hashtags #MeuPrimeiroAss\u00e9dio e #MeuAmigoSecreto. A campanha \u201cAgora \u00e9 que s\u00e3o elas\u201d abriu um importante debate sobre os espa\u00e7os de forma\u00e7\u00e3o de opini\u00e3o, majoritariamente ocupados por homens. A iniciativa \u201cEntreviste uma mulher\u201d demonstra que existem excelentes profissionais mulheres em todas as \u00e1reas, que podem falar com propriedade sobre todos os temas apesar dos homens geralmente serem sempre os pricurados a opinar.<\/p>\n<p>Quando a Veja retrata Marcela Temer como recatada e do lar, al\u00e9m de refor\u00e7ar um padr\u00e3o do que seria uma \u201cboa esposa\u201d, tamb\u00e9m revela que o que se espera das mulheres \u00e9 que sejam coadjuvantes da pol\u00edtica. O normal e adequado \u00e9 ser esposa, ser primeira dama. De acordo com esta vis\u00e3o, o que deve ser desejado para uma mulher e por uma mulher \u00e9 n\u00e3o ser protagonista.<\/p>\n<p>Mas o feiti\u00e7o virou contra o feiticeiro. O epis\u00f3dio mostrou que a primavera feminista n\u00e3o terminou e, acredito, n\u00e3o vai terminar. As mulheres brasileiras est\u00e3o em estado permanente de rebeli\u00e3o contra o machismo. A luta contra Eduardo Cunha revelou uma pot\u00eancia de resist\u00eancia democr\u00e1tica contra qualquer tentativa de retirada de direitos, ainda racionados, que as mulheres possuem no pa\u00eds. A rea\u00e7\u00e3o nas redes sociais \u00e0 reportagem da Veja mostrou que a resist\u00eancia ser\u00e1 permanente e em todos os terrenos.<\/p>\n<p>A oposi\u00e7\u00e3o ao modelo representado pela Veja n\u00e3o significa que n\u00e3o possamos ser belas, n\u00e3o possamos ser recatadas e at\u00e9 mesmo pessoas do lar. Podemos ser o que quisermos, inclusive isso. Mas n\u00e3o nos prestaremos a s\u00edmbolo. Nosso padr\u00e3o de beleza, nosso recato ou ousadia, nossa vontade de ficar em casa cuidando dos filhos ou de trabalhar fora e rodar o mundo, tudo isso, e muito mais, tem que ser uma escolha nossa. O novo \u00e9 que hoje muitas mulheres se rebelam contra os modelos impostos. Os modelos e as imposi\u00e7\u00f5es ainda existem, e isso \u00e9 terr\u00edvel. Mas a rebeli\u00e3o \u00e9 impar\u00e1vel. E, assim como a personagem do filme \u201cAs sufragistas\u201d afirmou, eu repito: \u201cVenceremos!\u201d.<\/p>\n<p>&nbsp;<\/p>\n","protected":false},"excerpt":{"rendered":"<p>Artigo publicado originalmente no blog #Agora\u00e9QueS\u00e3oElas N\u00e3o podemos, e nem temos o direito, de julgar Marcela Temer. N\u00e3o sabemos o contexto em que ela decidiu \u2013 se foi ela mesma quem decidiu \u2013 se casar aos 20 anos com um homem de mais de 60. E n\u00e3o qualquer homem, mas Michel Temer, uma figura para [&hellip;]<\/p>\n","protected":false},"author":2,"featured_media":12131,"comment_status":"open","ping_status":"open","sticky":false,"template":"","format":"standard","meta":{"_acf_changed":false,"footnotes":""},"categories":[3,1882],"tags":[4258,4259,4260,4261,4262,2890,4263,2174,276,4264,1748,4,5,4265,146,4266],"class_list":{"0":"post-12130","1":"post","2":"type-post","3":"status-publish","4":"format-standard","5":"has-post-thumbnail","7":"category-artigos-e-entrevistas","8":"category-brasil","9":"tag-agoraequesaoelas","10":"tag-belarecatadaedolar","11":"tag-meuamigosecreto","12":"tag-meuprimeiroassedio","13":"tag-bissexuais","14":"tag-eduardo-cunha","15":"tag-lesbicas","16":"tag-luciana-genro","17":"tag-machismo","18":"tag-marcela-temer","19":"tag-michel-temer","20":"tag-mulheres","21":"tag-negras","22":"tag-primavera-feminista","23":"tag-trans","24":"tag-veja"},"acf":[],"yoast_head":"<!-- This site is optimized with the Yoast SEO plugin v26.5 - https:\/\/yoast.com\/wordpress\/plugins\/seo\/ -->\n<title>LUCIANA GENRO: Rebeli\u00e3o Impar\u00e1vel - PSOL 50<\/title>\n<meta name=\"robots\" content=\"index, follow, max-snippet:-1, max-image-preview:large, max-video-preview:-1\" \/>\n<link rel=\"canonical\" href=\"https:\/\/psol50.org.br\/luciana-genro-rebeliao-imparavel\/\" \/>\n<meta property=\"og:locale\" content=\"pt_BR\" \/>\n<meta property=\"og:type\" content=\"article\" \/>\n<meta property=\"og:title\" content=\"LUCIANA GENRO: Rebeli\u00e3o Impar\u00e1vel - PSOL 50\" \/>\n<meta property=\"og:description\" content=\"Artigo publicado originalmente no blog #Agora\u00e9QueS\u00e3oElas N\u00e3o podemos, e nem temos o direito, de julgar Marcela Temer. N\u00e3o sabemos o contexto em que ela decidiu \u2013 se foi ela mesma quem decidiu \u2013 se casar aos 20 anos com um homem de mais de 60. E n\u00e3o qualquer homem, mas Michel Temer, uma figura para [&hellip;]\" \/>\n<meta property=\"og:url\" content=\"https:\/\/psol50.org.br\/luciana-genro-rebeliao-imparavel\/\" \/>\n<meta property=\"og:site_name\" content=\"PSOL 50\" \/>\n<meta property=\"article:publisher\" content=\"https:\/\/www.facebook.com\/psol50\" \/>\n<meta property=\"article:published_time\" content=\"2016-04-25T20:34:42+00:00\" \/>\n<meta property=\"og:image\" content=\"https:\/\/psol50.org.br\/inc\/uploads\/2018\/07\/capa.png\" \/>\n\t<meta property=\"og:image:width\" content=\"1350\" \/>\n\t<meta property=\"og:image:height\" content=\"900\" \/>\n\t<meta property=\"og:image:type\" content=\"image\/png\" \/>\n<meta name=\"author\" content=\"Comunica\u00e7\u00e3o PSOL\" \/>\n<meta name=\"twitter:card\" content=\"summary_large_image\" \/>\n<meta name=\"twitter:creator\" content=\"@psol50\" \/>\n<meta name=\"twitter:site\" content=\"@psol50\" \/>\n<meta name=\"twitter:label1\" content=\"Escrito por\" \/>\n\t<meta name=\"twitter:data1\" content=\"Comunica\u00e7\u00e3o PSOL\" \/>\n\t<meta name=\"twitter:label2\" content=\"Est. tempo de leitura\" \/>\n\t<meta name=\"twitter:data2\" content=\"3 minutos\" \/>\n<script type=\"application\/ld+json\" class=\"yoast-schema-graph\">{\"@context\":\"https:\/\/schema.org\",\"@graph\":[{\"@type\":\"Article\",\"@id\":\"https:\/\/psol50.org.br\/luciana-genro-rebeliao-imparavel\/#article\",\"isPartOf\":{\"@id\":\"https:\/\/psol50.org.br\/luciana-genro-rebeliao-imparavel\/\"},\"author\":{\"name\":\"Comunica\u00e7\u00e3o PSOL\",\"@id\":\"https:\/\/psol50.org.br\/#\/schema\/person\/475dfa57d0b815993c714c2e96491fcd\"},\"headline\":\"LUCIANA GENRO: Rebeli\u00e3o Impar\u00e1vel\",\"datePublished\":\"2016-04-25T20:34:42+00:00\",\"mainEntityOfPage\":{\"@id\":\"https:\/\/psol50.org.br\/luciana-genro-rebeliao-imparavel\/\"},\"wordCount\":678,\"commentCount\":0,\"publisher\":{\"@id\":\"https:\/\/psol50.org.br\/#organization\"},\"image\":{\"@id\":\"https:\/\/psol50.org.br\/luciana-genro-rebeliao-imparavel\/#primaryimage\"},\"thumbnailUrl\":\"\",\"keywords\":[\"#Agora\u00e9QueS\u00e3oElas\",\"#belarecatadaedolar\",\"#meuamigosecreto\",\"#meuprimeiroass\u00e9dio\",\"bissexuais\",\"Eduardo Cunha\",\"l\u00e9sbicas\",\"Luciana Genro\",\"machismo\",\"Marcela Temer\",\"Michel Temer\",\"mulheres\",\"negras\",\"primavera feminista\",\"trans\",\"Veja\"],\"articleSection\":[\"Artigos\",\"Brasil\"],\"inLanguage\":\"pt-BR\",\"potentialAction\":[{\"@type\":\"CommentAction\",\"name\":\"Comment\",\"target\":[\"https:\/\/psol50.org.br\/luciana-genro-rebeliao-imparavel\/#respond\"]}]},{\"@type\":\"WebPage\",\"@id\":\"https:\/\/psol50.org.br\/luciana-genro-rebeliao-imparavel\/\",\"url\":\"https:\/\/psol50.org.br\/luciana-genro-rebeliao-imparavel\/\",\"name\":\"LUCIANA GENRO: Rebeli\u00e3o Impar\u00e1vel - PSOL 50\",\"isPartOf\":{\"@id\":\"https:\/\/psol50.org.br\/#website\"},\"primaryImageOfPage\":{\"@id\":\"https:\/\/psol50.org.br\/luciana-genro-rebeliao-imparavel\/#primaryimage\"},\"image\":{\"@id\":\"https:\/\/psol50.org.br\/luciana-genro-rebeliao-imparavel\/#primaryimage\"},\"thumbnailUrl\":\"\",\"datePublished\":\"2016-04-25T20:34:42+00:00\",\"breadcrumb\":{\"@id\":\"https:\/\/psol50.org.br\/luciana-genro-rebeliao-imparavel\/#breadcrumb\"},\"inLanguage\":\"pt-BR\",\"potentialAction\":[{\"@type\":\"ReadAction\",\"target\":[\"https:\/\/psol50.org.br\/luciana-genro-rebeliao-imparavel\/\"]}]},{\"@type\":\"ImageObject\",\"inLanguage\":\"pt-BR\",\"@id\":\"https:\/\/psol50.org.br\/luciana-genro-rebeliao-imparavel\/#primaryimage\",\"url\":\"\",\"contentUrl\":\"\"},{\"@type\":\"BreadcrumbList\",\"@id\":\"https:\/\/psol50.org.br\/luciana-genro-rebeliao-imparavel\/#breadcrumb\",\"itemListElement\":[{\"@type\":\"ListItem\",\"position\":1,\"name\":\"In\u00edcio\",\"item\":\"https:\/\/psol50.org.br\/\"},{\"@type\":\"ListItem\",\"position\":2,\"name\":\"LUCIANA GENRO: Rebeli\u00e3o Impar\u00e1vel\"}]},{\"@type\":\"WebSite\",\"@id\":\"https:\/\/psol50.org.br\/#website\",\"url\":\"https:\/\/psol50.org.br\/\",\"name\":\"PSOL 50\",\"description\":\"Site oficial do Partido Socialismo e Liberdade\",\"publisher\":{\"@id\":\"https:\/\/psol50.org.br\/#organization\"},\"alternateName\":\"PSOL50\",\"potentialAction\":[{\"@type\":\"SearchAction\",\"target\":{\"@type\":\"EntryPoint\",\"urlTemplate\":\"https:\/\/psol50.org.br\/?s={search_term_string}\"},\"query-input\":{\"@type\":\"PropertyValueSpecification\",\"valueRequired\":true,\"valueName\":\"search_term_string\"}}],\"inLanguage\":\"pt-BR\"},{\"@type\":\"Organization\",\"@id\":\"https:\/\/psol50.org.br\/#organization\",\"name\":\"PSOL 50\",\"alternateName\":\"PSOL 50\",\"url\":\"https:\/\/psol50.org.br\/\",\"logo\":{\"@type\":\"ImageObject\",\"inLanguage\":\"pt-BR\",\"@id\":\"https:\/\/psol50.org.br\/#\/schema\/logo\/image\/\",\"url\":\"https:\/\/psol50.org.br\/inc\/uploads\/2018\/07\/capa.png\",\"contentUrl\":\"https:\/\/psol50.org.br\/inc\/uploads\/2018\/07\/capa.png\",\"width\":1350,\"height\":900,\"caption\":\"PSOL 50\"},\"image\":{\"@id\":\"https:\/\/psol50.org.br\/#\/schema\/logo\/image\/\"},\"sameAs\":[\"https:\/\/www.facebook.com\/psol50\",\"https:\/\/x.com\/psol50\",\"https:\/\/www.instagram.com\/psol50\/\",\"https:\/\/www.youtube.com\/channel\/UC7SnJS5o1os7a6CaiNabzcg\"]},{\"@type\":\"Person\",\"@id\":\"https:\/\/psol50.org.br\/#\/schema\/person\/475dfa57d0b815993c714c2e96491fcd\",\"name\":\"Comunica\u00e7\u00e3o PSOL\",\"image\":{\"@type\":\"ImageObject\",\"inLanguage\":\"pt-BR\",\"@id\":\"https:\/\/psol50.org.br\/#\/schema\/person\/image\/\",\"url\":\"https:\/\/secure.gravatar.com\/avatar\/b34fc4f4e468a4e51785917065a3db57b841f5c95dba6ad8c73aaf8f66f8f9bf?s=96&d=mm&r=g\",\"contentUrl\":\"https:\/\/secure.gravatar.com\/avatar\/b34fc4f4e468a4e51785917065a3db57b841f5c95dba6ad8c73aaf8f66f8f9bf?s=96&d=mm&r=g\",\"caption\":\"Comunica\u00e7\u00e3o PSOL\"}}]}<\/script>\n<!-- \/ Yoast SEO plugin. -->","yoast_head_json":{"title":"LUCIANA GENRO: Rebeli\u00e3o Impar\u00e1vel - PSOL 50","robots":{"index":"index","follow":"follow","max-snippet":"max-snippet:-1","max-image-preview":"max-image-preview:large","max-video-preview":"max-video-preview:-1"},"canonical":"https:\/\/psol50.org.br\/luciana-genro-rebeliao-imparavel\/","og_locale":"pt_BR","og_type":"article","og_title":"LUCIANA GENRO: Rebeli\u00e3o Impar\u00e1vel - PSOL 50","og_description":"Artigo publicado originalmente no blog #Agora\u00e9QueS\u00e3oElas N\u00e3o podemos, e nem temos o direito, de julgar Marcela Temer. N\u00e3o sabemos o contexto em que ela decidiu \u2013 se foi ela mesma quem decidiu \u2013 se casar aos 20 anos com um homem de mais de 60. E n\u00e3o qualquer homem, mas Michel Temer, uma figura para [&hellip;]","og_url":"https:\/\/psol50.org.br\/luciana-genro-rebeliao-imparavel\/","og_site_name":"PSOL 50","article_publisher":"https:\/\/www.facebook.com\/psol50","article_published_time":"2016-04-25T20:34:42+00:00","og_image":[{"width":1350,"height":900,"url":"https:\/\/psol50.org.br\/inc\/uploads\/2018\/07\/capa.png","type":"image\/png"}],"author":"Comunica\u00e7\u00e3o PSOL","twitter_card":"summary_large_image","twitter_creator":"@psol50","twitter_site":"@psol50","twitter_misc":{"Escrito por":"Comunica\u00e7\u00e3o PSOL","Est. tempo de leitura":"3 minutos"},"schema":{"@context":"https:\/\/schema.org","@graph":[{"@type":"Article","@id":"https:\/\/psol50.org.br\/luciana-genro-rebeliao-imparavel\/#article","isPartOf":{"@id":"https:\/\/psol50.org.br\/luciana-genro-rebeliao-imparavel\/"},"author":{"name":"Comunica\u00e7\u00e3o PSOL","@id":"https:\/\/psol50.org.br\/#\/schema\/person\/475dfa57d0b815993c714c2e96491fcd"},"headline":"LUCIANA GENRO: Rebeli\u00e3o Impar\u00e1vel","datePublished":"2016-04-25T20:34:42+00:00","mainEntityOfPage":{"@id":"https:\/\/psol50.org.br\/luciana-genro-rebeliao-imparavel\/"},"wordCount":678,"commentCount":0,"publisher":{"@id":"https:\/\/psol50.org.br\/#organization"},"image":{"@id":"https:\/\/psol50.org.br\/luciana-genro-rebeliao-imparavel\/#primaryimage"},"thumbnailUrl":"","keywords":["#Agora\u00e9QueS\u00e3oElas","#belarecatadaedolar","#meuamigosecreto","#meuprimeiroass\u00e9dio","bissexuais","Eduardo Cunha","l\u00e9sbicas","Luciana Genro","machismo","Marcela Temer","Michel Temer","mulheres","negras","primavera feminista","trans","Veja"],"articleSection":["Artigos","Brasil"],"inLanguage":"pt-BR","potentialAction":[{"@type":"CommentAction","name":"Comment","target":["https:\/\/psol50.org.br\/luciana-genro-rebeliao-imparavel\/#respond"]}]},{"@type":"WebPage","@id":"https:\/\/psol50.org.br\/luciana-genro-rebeliao-imparavel\/","url":"https:\/\/psol50.org.br\/luciana-genro-rebeliao-imparavel\/","name":"LUCIANA GENRO: Rebeli\u00e3o Impar\u00e1vel - PSOL 50","isPartOf":{"@id":"https:\/\/psol50.org.br\/#website"},"primaryImageOfPage":{"@id":"https:\/\/psol50.org.br\/luciana-genro-rebeliao-imparavel\/#primaryimage"},"image":{"@id":"https:\/\/psol50.org.br\/luciana-genro-rebeliao-imparavel\/#primaryimage"},"thumbnailUrl":"","datePublished":"2016-04-25T20:34:42+00:00","breadcrumb":{"@id":"https:\/\/psol50.org.br\/luciana-genro-rebeliao-imparavel\/#breadcrumb"},"inLanguage":"pt-BR","potentialAction":[{"@type":"ReadAction","target":["https:\/\/psol50.org.br\/luciana-genro-rebeliao-imparavel\/"]}]},{"@type":"ImageObject","inLanguage":"pt-BR","@id":"https:\/\/psol50.org.br\/luciana-genro-rebeliao-imparavel\/#primaryimage","url":"","contentUrl":""},{"@type":"BreadcrumbList","@id":"https:\/\/psol50.org.br\/luciana-genro-rebeliao-imparavel\/#breadcrumb","itemListElement":[{"@type":"ListItem","position":1,"name":"In\u00edcio","item":"https:\/\/psol50.org.br\/"},{"@type":"ListItem","position":2,"name":"LUCIANA GENRO: Rebeli\u00e3o Impar\u00e1vel"}]},{"@type":"WebSite","@id":"https:\/\/psol50.org.br\/#website","url":"https:\/\/psol50.org.br\/","name":"PSOL 50","description":"Site oficial do Partido Socialismo e Liberdade","publisher":{"@id":"https:\/\/psol50.org.br\/#organization"},"alternateName":"PSOL50","potentialAction":[{"@type":"SearchAction","target":{"@type":"EntryPoint","urlTemplate":"https:\/\/psol50.org.br\/?s={search_term_string}"},"query-input":{"@type":"PropertyValueSpecification","valueRequired":true,"valueName":"search_term_string"}}],"inLanguage":"pt-BR"},{"@type":"Organization","@id":"https:\/\/psol50.org.br\/#organization","name":"PSOL 50","alternateName":"PSOL 50","url":"https:\/\/psol50.org.br\/","logo":{"@type":"ImageObject","inLanguage":"pt-BR","@id":"https:\/\/psol50.org.br\/#\/schema\/logo\/image\/","url":"https:\/\/psol50.org.br\/inc\/uploads\/2018\/07\/capa.png","contentUrl":"https:\/\/psol50.org.br\/inc\/uploads\/2018\/07\/capa.png","width":1350,"height":900,"caption":"PSOL 50"},"image":{"@id":"https:\/\/psol50.org.br\/#\/schema\/logo\/image\/"},"sameAs":["https:\/\/www.facebook.com\/psol50","https:\/\/x.com\/psol50","https:\/\/www.instagram.com\/psol50\/","https:\/\/www.youtube.com\/channel\/UC7SnJS5o1os7a6CaiNabzcg"]},{"@type":"Person","@id":"https:\/\/psol50.org.br\/#\/schema\/person\/475dfa57d0b815993c714c2e96491fcd","name":"Comunica\u00e7\u00e3o PSOL","image":{"@type":"ImageObject","inLanguage":"pt-BR","@id":"https:\/\/psol50.org.br\/#\/schema\/person\/image\/","url":"https:\/\/secure.gravatar.com\/avatar\/b34fc4f4e468a4e51785917065a3db57b841f5c95dba6ad8c73aaf8f66f8f9bf?s=96&d=mm&r=g","contentUrl":"https:\/\/secure.gravatar.com\/avatar\/b34fc4f4e468a4e51785917065a3db57b841f5c95dba6ad8c73aaf8f66f8f9bf?s=96&d=mm&r=g","caption":"Comunica\u00e7\u00e3o PSOL"}}]}},"_links":{"self":[{"href":"https:\/\/psol50.org.br\/rest\/wp\/v2\/posts\/12130","targetHints":{"allow":["GET"]}}],"collection":[{"href":"https:\/\/psol50.org.br\/rest\/wp\/v2\/posts"}],"about":[{"href":"https:\/\/psol50.org.br\/rest\/wp\/v2\/types\/post"}],"author":[{"embeddable":true,"href":"https:\/\/psol50.org.br\/rest\/wp\/v2\/users\/2"}],"replies":[{"embeddable":true,"href":"https:\/\/psol50.org.br\/rest\/wp\/v2\/comments?post=12130"}],"version-history":[{"count":0,"href":"https:\/\/psol50.org.br\/rest\/wp\/v2\/posts\/12130\/revisions"}],"wp:featuredmedia":[{"embeddable":true,"href":"https:\/\/psol50.org.br\/rest\/"}],"wp:attachment":[{"href":"https:\/\/psol50.org.br\/rest\/wp\/v2\/media?parent=12130"}],"wp:term":[{"taxonomy":"category","embeddable":true,"href":"https:\/\/psol50.org.br\/rest\/wp\/v2\/categories?post=12130"},{"taxonomy":"post_tag","embeddable":true,"href":"https:\/\/psol50.org.br\/rest\/wp\/v2\/tags?post=12130"}],"curies":[{"name":"wp","href":"https:\/\/api.w.org\/{rel}","templated":true}]}}