{"id":12135,"date":"2016-04-26T21:23:49","date_gmt":"2016-04-26T21:23:49","guid":{"rendered":"http:\/\/www.psol50.org.br\/?p=12135"},"modified":"2016-04-26T21:23:49","modified_gmt":"2016-04-26T21:23:49","slug":"nota-do-psol-df-todo-apoio-a-jean-wyllys","status":"publish","type":"post","link":"https:\/\/psol50.org.br\/nota-do-psol-df-todo-apoio-a-jean-wyllys\/","title":{"rendered":"Nota do PSOL-DF: Todo apoio a Jean Wyllys"},"content":{"rendered":"<p>A Executiva do PSOL do Distrito Federal divulgou, nesta segunda-feira (25), uma nota p\u00fablica em que ressalta seu total apoio e solidariedade com o deputado federal Jean Wyllys (RJ), pelo fato de sofrer, constantemente, ataques e amea\u00e7as de fundamentalistas. \u201cDesde que assumiu o mandato, em raz\u00e3o de sua orienta\u00e7\u00e3o sexual e agenda pol\u00edtica libert\u00e1ria, Jean tem sofrido diariamente ataques caluniosos, preconceito, amea\u00e7as e violentas demonstra\u00e7\u00f5es de opress\u00e3o por parte dos segmentos mais intolerantes e reacion\u00e1rios do Parlamento\u201d, afirma o PSOL-DF.<\/p>\n<p>Para a dire\u00e7\u00e3o do partido no Distrito Federal, mesmo com todos os ataques sofridos, Jean Wyllys e seus colegas de bancada seguem entre os deputados mais combativos e atuantes na defesa dos direitos dos trabalhadores, dos povos ind\u00edgenas e tradicionais, da comunidade LGBT e contra o avan\u00e7o conservador e a retirada de direitos. Tamb\u00e9m tem se destacado na luta pela democracia e contra o golpe institucional em curso, liderado por Eduardo Cunha e Michel Temer e com o apoio de deputados como Jair Bolsonaro, Paulinho da For\u00e7a e Marco Feliciano. \u201cA bancada do PSOL resiste cumprindo a importante miss\u00e3o de ser oposi\u00e7\u00e3o coerente de esquerda ao governo Dilma e, ao mesmo tempo, defender a democracia, contra a farsa do impeachment comandada por Eduardo Cunha e Michel Temer\u201d.<\/p>\n<p>Leia abaixo a nota completa.<\/p>\n<p><strong>Todo apoio a Jean Wyllys<br \/>\n<\/strong>Em tempos de banaliza\u00e7\u00e3o da opress\u00e3o, de reorganiza\u00e7\u00e3o de setores conservadores e de uma ampla representa\u00e7\u00e3o do retrocesso na C\u00e2mara dos Deputados, as agendas da direita t\u00eam conquistado muito ades\u00e3o na sociedade.<\/p>\n<p>Apesar disso, a bancada do PSOL resiste cumprindo a importante miss\u00e3o de ser oposi\u00e7\u00e3o coerente de esquerda ao governo Dilma e, ao mesmo tempo, defender a democracia, contra a farsa do impeachment comandada por Eduardo Cunha e Michel Temer.<\/p>\n<p>Enquanto o Brasil assiste a um festival de hipocrisia e negocia\u00e7\u00f5es pautadas no fisiologismo, os\/a deputados\/a do PSOL apresentam uma alternativa combativa e comprometida com a agenda dos direitos humanos e sociais.<\/p>\n<p>Na linha de frente desse processo temos o valioso Jean Wyllys, o primeiro gay, cujo orgulho \u00e9 assumido publicamente, eleito deputado para representar milhares de cidad\u00e3os e cidad\u00e3s do Rio de Janeiro e milh\u00f5es em todo o pa\u00eds.<\/p>\n<p>Desde que assumiu o mandato, em raz\u00e3o de sua orienta\u00e7\u00e3o sexual e agenda pol\u00edtica libert\u00e1ria, Jean tem sofrido diariamente ataques caluniosos, preconceito, amea\u00e7as e violentas demonstra\u00e7\u00f5es de opress\u00e3o por parte dos segmentos mais intolerantes e reacion\u00e1rios do Parlamento.<\/p>\n<p>No domingo 17 de abril, enquanto proclamava em plen\u00e1rio seu voto contr\u00e1rio ao impeachment, diante de um \u201cpared\u00e3o\u201d do esc\u00e1rnio, o Deputado Jean Wyllys foi gravemente insultado por alguns deputados que o tentavam silenciar ou abafar sua voz.<\/p>\n<p>N\u00e3o conseguiram. Jean respondeu de forma corajosa, demonstrando desprezo \u00e0 homofobia e, em especial, \u00e0 postura degradante e criminosa do Deputado Jair Bolsonaro, conhecido fascista brasileiro.<\/p>\n<p>O PSOL do Distrito Federal, por meio de sua dire\u00e7\u00e3o executiva, vem se solidarizar com nosso militante e parlamentar Jean Wyllys e reafirmar nosso compromisso com as lutas da popula\u00e7\u00e3o LGBT, das mulheres, das negras e dos negros, da juventude, da periferia, dos ind\u00edgenas, dos sem terra e sem teto, das religi\u00f5es de matriz africana, das pessoas com defici\u00eancia e de todos os segmentos que sofrem de maneira mais acentuada com a viol\u00eancia capitalista e patriarcal.<\/p>\n<p>Orientamos nossa milit\u00e2ncia para que continue na luta contra o golpe da direita, o ajuste do governo e pelo aprofundamento da democracia brasileira. Seguiremos nas ruas para defender nosso deputado, por mais direitos e contra os retrocessos.<\/p>\n<p><strong>Bras\u00edlia, 25 de abril de 2016.<br \/>\n<\/strong><strong>Executiva do PSOL &#8211; Distrito Federal<\/strong><\/p>\n<p><strong>Leia mais:\u00a0<a href=\"http:\/\/www.psol50.org.br\/2016\/04\/psol-rj-reafirma-apoio-a-jean-e-denuncia-ofensas-e-agressoes-de-bolsonro\/\"><em>PSOL-RJ reafirma apoio a Jean Wyllys e denuncia ofensas e agress\u00f5es de Bolsonaro<\/em><\/a><\/strong><\/p>\n<p>&nbsp;<\/p>\n","protected":false},"excerpt":{"rendered":"<p>A Executiva do PSOL do Distrito Federal divulgou, nesta segunda-feira (25), uma nota p\u00fablica em que ressalta seu total apoio e solidariedade com o deputado federal Jean Wyllys (RJ), pelo fato de sofrer, constantemente, ataques e amea\u00e7as de fundamentalistas. \u201cDesde que assumiu o mandato, em raz\u00e3o de sua orienta\u00e7\u00e3o sexual e agenda pol\u00edtica libert\u00e1ria, Jean [&hellip;]<\/p>\n","protected":false},"author":2,"featured_media":12136,"comment_status":"open","ping_status":"open","sticky":false,"template":"","format":"standard","meta":{"_acf_changed":false,"footnotes":""},"categories":[10,654,6,14],"tags":[704,2075,2734,534,2890,4267,3070,244,663,153,4268,1748,3369,2037,2627,4269,4148,2219,4270],"class_list":{"0":"post-12135","1":"post","2":"type-post","3":"status-publish","4":"format-standard","5":"has-post-thumbnail","7":"category-acao-parlamentares","8":"category-estados","9":"category-noticias","10":"category-partido","11":"tag-ameacas","12":"tag-ataques","13":"tag-bancada-do-psol","14":"tag-direitos-humanos","15":"tag-eduardo-cunha","16":"tag-executiva-do-psol-df","17":"tag-gay","18":"tag-jair-bolsonaro","19":"tag-jean-wyllys","20":"tag-lgbt","21":"tag-marcos-feliciano","22":"tag-michel-temer","23":"tag-opressao","24":"tag-orientacao-sexual","25":"tag-paulinho-da-forca","26":"tag-politica-libertaria","27":"tag-preconceitos","28":"tag-psol-df","29":"tag-reacionarios"},"acf":[],"yoast_head":"<!-- This site is optimized with the Yoast SEO plugin v26.5 - https:\/\/yoast.com\/wordpress\/plugins\/seo\/ -->\n<title>Nota do PSOL-DF: Todo apoio a Jean Wyllys - PSOL 50<\/title>\n<meta name=\"robots\" content=\"index, follow, max-snippet:-1, max-image-preview:large, max-video-preview:-1\" \/>\n<link rel=\"canonical\" href=\"https:\/\/psol50.org.br\/nota-do-psol-df-todo-apoio-a-jean-wyllys\/\" \/>\n<meta property=\"og:locale\" content=\"pt_BR\" \/>\n<meta property=\"og:type\" content=\"article\" \/>\n<meta property=\"og:title\" content=\"Nota do PSOL-DF: Todo apoio a Jean Wyllys - PSOL 50\" \/>\n<meta property=\"og:description\" content=\"A Executiva do PSOL do Distrito Federal divulgou, nesta segunda-feira (25), uma nota p\u00fablica em que ressalta seu total apoio e solidariedade com o deputado federal Jean Wyllys (RJ), pelo fato de sofrer, constantemente, ataques e amea\u00e7as de fundamentalistas. \u201cDesde que assumiu o mandato, em raz\u00e3o de sua orienta\u00e7\u00e3o sexual e agenda pol\u00edtica libert\u00e1ria, Jean [&hellip;]\" \/>\n<meta property=\"og:url\" content=\"https:\/\/psol50.org.br\/nota-do-psol-df-todo-apoio-a-jean-wyllys\/\" \/>\n<meta property=\"og:site_name\" content=\"PSOL 50\" \/>\n<meta property=\"article:publisher\" content=\"https:\/\/www.facebook.com\/psol50\" \/>\n<meta property=\"article:published_time\" content=\"2016-04-26T21:23:49+00:00\" \/>\n<meta property=\"og:image\" content=\"https:\/\/psol50.org.br\/inc\/uploads\/2018\/07\/capa.png\" \/>\n\t<meta property=\"og:image:width\" content=\"1350\" \/>\n\t<meta property=\"og:image:height\" content=\"900\" \/>\n\t<meta property=\"og:image:type\" content=\"image\/png\" \/>\n<meta name=\"author\" content=\"Comunica\u00e7\u00e3o PSOL\" \/>\n<meta name=\"twitter:card\" content=\"summary_large_image\" \/>\n<meta name=\"twitter:creator\" content=\"@psol50\" \/>\n<meta name=\"twitter:site\" content=\"@psol50\" \/>\n<meta name=\"twitter:label1\" content=\"Escrito por\" \/>\n\t<meta name=\"twitter:data1\" content=\"Comunica\u00e7\u00e3o PSOL\" \/>\n\t<meta name=\"twitter:label2\" content=\"Est. tempo de leitura\" \/>\n\t<meta name=\"twitter:data2\" content=\"3 minutos\" \/>\n<script type=\"application\/ld+json\" class=\"yoast-schema-graph\">{\"@context\":\"https:\/\/schema.org\",\"@graph\":[{\"@type\":\"Article\",\"@id\":\"https:\/\/psol50.org.br\/nota-do-psol-df-todo-apoio-a-jean-wyllys\/#article\",\"isPartOf\":{\"@id\":\"https:\/\/psol50.org.br\/nota-do-psol-df-todo-apoio-a-jean-wyllys\/\"},\"author\":{\"name\":\"Comunica\u00e7\u00e3o PSOL\",\"@id\":\"https:\/\/psol50.org.br\/#\/schema\/person\/475dfa57d0b815993c714c2e96491fcd\"},\"headline\":\"Nota do PSOL-DF: Todo apoio a Jean Wyllys\",\"datePublished\":\"2016-04-26T21:23:49+00:00\",\"mainEntityOfPage\":{\"@id\":\"https:\/\/psol50.org.br\/nota-do-psol-df-todo-apoio-a-jean-wyllys\/\"},\"wordCount\":657,\"commentCount\":0,\"publisher\":{\"@id\":\"https:\/\/psol50.org.br\/#organization\"},\"image\":{\"@id\":\"https:\/\/psol50.org.br\/nota-do-psol-df-todo-apoio-a-jean-wyllys\/#primaryimage\"},\"thumbnailUrl\":\"\",\"keywords\":[\"amea\u00e7as\",\"ataques\",\"Bancada do PSOL\",\"direitos humanos\",\"Eduardo Cunha\",\"Executiva do PSOL-DF\",\"gay\",\"Jair Bolsonaro\",\"Jean Wyllys\",\"LGBT\",\"Marcos Feliciano\",\"Michel Temer\",\"opress\u00e3o\",\"Orienta\u00e7\u00e3o sexual\",\"Paulinho da For\u00e7a\",\"pol\u00edtica libert\u00e1ria\",\"preconceitos\",\"PSOL-DF\",\"reacion\u00e1rios\"],\"articleSection\":[\"A\u00e7\u00e3o Parlamentar\",\"Estados\",\"Not\u00edcias\",\"Partido\"],\"inLanguage\":\"pt-BR\",\"potentialAction\":[{\"@type\":\"CommentAction\",\"name\":\"Comment\",\"target\":[\"https:\/\/psol50.org.br\/nota-do-psol-df-todo-apoio-a-jean-wyllys\/#respond\"]}]},{\"@type\":\"WebPage\",\"@id\":\"https:\/\/psol50.org.br\/nota-do-psol-df-todo-apoio-a-jean-wyllys\/\",\"url\":\"https:\/\/psol50.org.br\/nota-do-psol-df-todo-apoio-a-jean-wyllys\/\",\"name\":\"Nota do PSOL-DF: Todo apoio a Jean Wyllys - PSOL 50\",\"isPartOf\":{\"@id\":\"https:\/\/psol50.org.br\/#website\"},\"primaryImageOfPage\":{\"@id\":\"https:\/\/psol50.org.br\/nota-do-psol-df-todo-apoio-a-jean-wyllys\/#primaryimage\"},\"image\":{\"@id\":\"https:\/\/psol50.org.br\/nota-do-psol-df-todo-apoio-a-jean-wyllys\/#primaryimage\"},\"thumbnailUrl\":\"\",\"datePublished\":\"2016-04-26T21:23:49+00:00\",\"breadcrumb\":{\"@id\":\"https:\/\/psol50.org.br\/nota-do-psol-df-todo-apoio-a-jean-wyllys\/#breadcrumb\"},\"inLanguage\":\"pt-BR\",\"potentialAction\":[{\"@type\":\"ReadAction\",\"target\":[\"https:\/\/psol50.org.br\/nota-do-psol-df-todo-apoio-a-jean-wyllys\/\"]}]},{\"@type\":\"ImageObject\",\"inLanguage\":\"pt-BR\",\"@id\":\"https:\/\/psol50.org.br\/nota-do-psol-df-todo-apoio-a-jean-wyllys\/#primaryimage\",\"url\":\"\",\"contentUrl\":\"\"},{\"@type\":\"BreadcrumbList\",\"@id\":\"https:\/\/psol50.org.br\/nota-do-psol-df-todo-apoio-a-jean-wyllys\/#breadcrumb\",\"itemListElement\":[{\"@type\":\"ListItem\",\"position\":1,\"name\":\"In\u00edcio\",\"item\":\"https:\/\/psol50.org.br\/\"},{\"@type\":\"ListItem\",\"position\":2,\"name\":\"Nota do PSOL-DF: Todo apoio a Jean Wyllys\"}]},{\"@type\":\"WebSite\",\"@id\":\"https:\/\/psol50.org.br\/#website\",\"url\":\"https:\/\/psol50.org.br\/\",\"name\":\"PSOL 50\",\"description\":\"Site oficial do Partido Socialismo e Liberdade\",\"publisher\":{\"@id\":\"https:\/\/psol50.org.br\/#organization\"},\"alternateName\":\"PSOL50\",\"potentialAction\":[{\"@type\":\"SearchAction\",\"target\":{\"@type\":\"EntryPoint\",\"urlTemplate\":\"https:\/\/psol50.org.br\/?s={search_term_string}\"},\"query-input\":{\"@type\":\"PropertyValueSpecification\",\"valueRequired\":true,\"valueName\":\"search_term_string\"}}],\"inLanguage\":\"pt-BR\"},{\"@type\":\"Organization\",\"@id\":\"https:\/\/psol50.org.br\/#organization\",\"name\":\"PSOL 50\",\"alternateName\":\"PSOL 50\",\"url\":\"https:\/\/psol50.org.br\/\",\"logo\":{\"@type\":\"ImageObject\",\"inLanguage\":\"pt-BR\",\"@id\":\"https:\/\/psol50.org.br\/#\/schema\/logo\/image\/\",\"url\":\"https:\/\/psol50.org.br\/inc\/uploads\/2018\/07\/capa.png\",\"contentUrl\":\"https:\/\/psol50.org.br\/inc\/uploads\/2018\/07\/capa.png\",\"width\":1350,\"height\":900,\"caption\":\"PSOL 50\"},\"image\":{\"@id\":\"https:\/\/psol50.org.br\/#\/schema\/logo\/image\/\"},\"sameAs\":[\"https:\/\/www.facebook.com\/psol50\",\"https:\/\/x.com\/psol50\",\"https:\/\/www.instagram.com\/psol50\/\",\"https:\/\/www.youtube.com\/channel\/UC7SnJS5o1os7a6CaiNabzcg\"]},{\"@type\":\"Person\",\"@id\":\"https:\/\/psol50.org.br\/#\/schema\/person\/475dfa57d0b815993c714c2e96491fcd\",\"name\":\"Comunica\u00e7\u00e3o PSOL\",\"image\":{\"@type\":\"ImageObject\",\"inLanguage\":\"pt-BR\",\"@id\":\"https:\/\/psol50.org.br\/#\/schema\/person\/image\/\",\"url\":\"https:\/\/secure.gravatar.com\/avatar\/b34fc4f4e468a4e51785917065a3db57b841f5c95dba6ad8c73aaf8f66f8f9bf?s=96&d=mm&r=g\",\"contentUrl\":\"https:\/\/secure.gravatar.com\/avatar\/b34fc4f4e468a4e51785917065a3db57b841f5c95dba6ad8c73aaf8f66f8f9bf?s=96&d=mm&r=g\",\"caption\":\"Comunica\u00e7\u00e3o PSOL\"}}]}<\/script>\n<!-- \/ Yoast SEO plugin. -->","yoast_head_json":{"title":"Nota do PSOL-DF: Todo apoio a Jean Wyllys - PSOL 50","robots":{"index":"index","follow":"follow","max-snippet":"max-snippet:-1","max-image-preview":"max-image-preview:large","max-video-preview":"max-video-preview:-1"},"canonical":"https:\/\/psol50.org.br\/nota-do-psol-df-todo-apoio-a-jean-wyllys\/","og_locale":"pt_BR","og_type":"article","og_title":"Nota do PSOL-DF: Todo apoio a Jean Wyllys - PSOL 50","og_description":"A Executiva do PSOL do Distrito Federal divulgou, nesta segunda-feira (25), uma nota p\u00fablica em que ressalta seu total apoio e solidariedade com o deputado federal Jean Wyllys (RJ), pelo fato de sofrer, constantemente, ataques e amea\u00e7as de fundamentalistas. \u201cDesde que assumiu o mandato, em raz\u00e3o de sua orienta\u00e7\u00e3o sexual e agenda pol\u00edtica libert\u00e1ria, Jean [&hellip;]","og_url":"https:\/\/psol50.org.br\/nota-do-psol-df-todo-apoio-a-jean-wyllys\/","og_site_name":"PSOL 50","article_publisher":"https:\/\/www.facebook.com\/psol50","article_published_time":"2016-04-26T21:23:49+00:00","og_image":[{"width":1350,"height":900,"url":"https:\/\/psol50.org.br\/inc\/uploads\/2018\/07\/capa.png","type":"image\/png"}],"author":"Comunica\u00e7\u00e3o PSOL","twitter_card":"summary_large_image","twitter_creator":"@psol50","twitter_site":"@psol50","twitter_misc":{"Escrito por":"Comunica\u00e7\u00e3o PSOL","Est. tempo de leitura":"3 minutos"},"schema":{"@context":"https:\/\/schema.org","@graph":[{"@type":"Article","@id":"https:\/\/psol50.org.br\/nota-do-psol-df-todo-apoio-a-jean-wyllys\/#article","isPartOf":{"@id":"https:\/\/psol50.org.br\/nota-do-psol-df-todo-apoio-a-jean-wyllys\/"},"author":{"name":"Comunica\u00e7\u00e3o PSOL","@id":"https:\/\/psol50.org.br\/#\/schema\/person\/475dfa57d0b815993c714c2e96491fcd"},"headline":"Nota do PSOL-DF: Todo apoio a Jean Wyllys","datePublished":"2016-04-26T21:23:49+00:00","mainEntityOfPage":{"@id":"https:\/\/psol50.org.br\/nota-do-psol-df-todo-apoio-a-jean-wyllys\/"},"wordCount":657,"commentCount":0,"publisher":{"@id":"https:\/\/psol50.org.br\/#organization"},"image":{"@id":"https:\/\/psol50.org.br\/nota-do-psol-df-todo-apoio-a-jean-wyllys\/#primaryimage"},"thumbnailUrl":"","keywords":["amea\u00e7as","ataques","Bancada do PSOL","direitos humanos","Eduardo Cunha","Executiva do PSOL-DF","gay","Jair Bolsonaro","Jean Wyllys","LGBT","Marcos Feliciano","Michel Temer","opress\u00e3o","Orienta\u00e7\u00e3o sexual","Paulinho da For\u00e7a","pol\u00edtica libert\u00e1ria","preconceitos","PSOL-DF","reacion\u00e1rios"],"articleSection":["A\u00e7\u00e3o Parlamentar","Estados","Not\u00edcias","Partido"],"inLanguage":"pt-BR","potentialAction":[{"@type":"CommentAction","name":"Comment","target":["https:\/\/psol50.org.br\/nota-do-psol-df-todo-apoio-a-jean-wyllys\/#respond"]}]},{"@type":"WebPage","@id":"https:\/\/psol50.org.br\/nota-do-psol-df-todo-apoio-a-jean-wyllys\/","url":"https:\/\/psol50.org.br\/nota-do-psol-df-todo-apoio-a-jean-wyllys\/","name":"Nota do PSOL-DF: Todo apoio a Jean Wyllys - PSOL 50","isPartOf":{"@id":"https:\/\/psol50.org.br\/#website"},"primaryImageOfPage":{"@id":"https:\/\/psol50.org.br\/nota-do-psol-df-todo-apoio-a-jean-wyllys\/#primaryimage"},"image":{"@id":"https:\/\/psol50.org.br\/nota-do-psol-df-todo-apoio-a-jean-wyllys\/#primaryimage"},"thumbnailUrl":"","datePublished":"2016-04-26T21:23:49+00:00","breadcrumb":{"@id":"https:\/\/psol50.org.br\/nota-do-psol-df-todo-apoio-a-jean-wyllys\/#breadcrumb"},"inLanguage":"pt-BR","potentialAction":[{"@type":"ReadAction","target":["https:\/\/psol50.org.br\/nota-do-psol-df-todo-apoio-a-jean-wyllys\/"]}]},{"@type":"ImageObject","inLanguage":"pt-BR","@id":"https:\/\/psol50.org.br\/nota-do-psol-df-todo-apoio-a-jean-wyllys\/#primaryimage","url":"","contentUrl":""},{"@type":"BreadcrumbList","@id":"https:\/\/psol50.org.br\/nota-do-psol-df-todo-apoio-a-jean-wyllys\/#breadcrumb","itemListElement":[{"@type":"ListItem","position":1,"name":"In\u00edcio","item":"https:\/\/psol50.org.br\/"},{"@type":"ListItem","position":2,"name":"Nota do PSOL-DF: Todo apoio a Jean Wyllys"}]},{"@type":"WebSite","@id":"https:\/\/psol50.org.br\/#website","url":"https:\/\/psol50.org.br\/","name":"PSOL 50","description":"Site oficial do Partido Socialismo e Liberdade","publisher":{"@id":"https:\/\/psol50.org.br\/#organization"},"alternateName":"PSOL50","potentialAction":[{"@type":"SearchAction","target":{"@type":"EntryPoint","urlTemplate":"https:\/\/psol50.org.br\/?s={search_term_string}"},"query-input":{"@type":"PropertyValueSpecification","valueRequired":true,"valueName":"search_term_string"}}],"inLanguage":"pt-BR"},{"@type":"Organization","@id":"https:\/\/psol50.org.br\/#organization","name":"PSOL 50","alternateName":"PSOL 50","url":"https:\/\/psol50.org.br\/","logo":{"@type":"ImageObject","inLanguage":"pt-BR","@id":"https:\/\/psol50.org.br\/#\/schema\/logo\/image\/","url":"https:\/\/psol50.org.br\/inc\/uploads\/2018\/07\/capa.png","contentUrl":"https:\/\/psol50.org.br\/inc\/uploads\/2018\/07\/capa.png","width":1350,"height":900,"caption":"PSOL 50"},"image":{"@id":"https:\/\/psol50.org.br\/#\/schema\/logo\/image\/"},"sameAs":["https:\/\/www.facebook.com\/psol50","https:\/\/x.com\/psol50","https:\/\/www.instagram.com\/psol50\/","https:\/\/www.youtube.com\/channel\/UC7SnJS5o1os7a6CaiNabzcg"]},{"@type":"Person","@id":"https:\/\/psol50.org.br\/#\/schema\/person\/475dfa57d0b815993c714c2e96491fcd","name":"Comunica\u00e7\u00e3o PSOL","image":{"@type":"ImageObject","inLanguage":"pt-BR","@id":"https:\/\/psol50.org.br\/#\/schema\/person\/image\/","url":"https:\/\/secure.gravatar.com\/avatar\/b34fc4f4e468a4e51785917065a3db57b841f5c95dba6ad8c73aaf8f66f8f9bf?s=96&d=mm&r=g","contentUrl":"https:\/\/secure.gravatar.com\/avatar\/b34fc4f4e468a4e51785917065a3db57b841f5c95dba6ad8c73aaf8f66f8f9bf?s=96&d=mm&r=g","caption":"Comunica\u00e7\u00e3o PSOL"}}]}},"_links":{"self":[{"href":"https:\/\/psol50.org.br\/rest\/wp\/v2\/posts\/12135","targetHints":{"allow":["GET"]}}],"collection":[{"href":"https:\/\/psol50.org.br\/rest\/wp\/v2\/posts"}],"about":[{"href":"https:\/\/psol50.org.br\/rest\/wp\/v2\/types\/post"}],"author":[{"embeddable":true,"href":"https:\/\/psol50.org.br\/rest\/wp\/v2\/users\/2"}],"replies":[{"embeddable":true,"href":"https:\/\/psol50.org.br\/rest\/wp\/v2\/comments?post=12135"}],"version-history":[{"count":0,"href":"https:\/\/psol50.org.br\/rest\/wp\/v2\/posts\/12135\/revisions"}],"wp:featuredmedia":[{"embeddable":true,"href":"https:\/\/psol50.org.br\/rest\/"}],"wp:attachment":[{"href":"https:\/\/psol50.org.br\/rest\/wp\/v2\/media?parent=12135"}],"wp:term":[{"taxonomy":"category","embeddable":true,"href":"https:\/\/psol50.org.br\/rest\/wp\/v2\/categories?post=12135"},{"taxonomy":"post_tag","embeddable":true,"href":"https:\/\/psol50.org.br\/rest\/wp\/v2\/tags?post=12135"}],"curies":[{"name":"wp","href":"https:\/\/api.w.org\/{rel}","templated":true}]}}