{"id":12152,"date":"2016-04-27T20:09:22","date_gmt":"2016-04-27T20:09:22","guid":{"rendered":"http:\/\/www.psol50.org.br\/?p=12152"},"modified":"2016-04-27T20:09:22","modified_gmt":"2016-04-27T20:09:22","slug":"pm-do-maranhao-prende-militantes-que-protestavam-contra-acao-de-fazendeiros-em-campos-naturais","status":"publish","type":"post","link":"https:\/\/psol50.org.br\/pm-do-maranhao-prende-militantes-que-protestavam-contra-acao-de-fazendeiros-em-campos-naturais\/","title":{"rendered":"PM do Maranh\u00e3o prende militantes que protestavam contra a\u00e7\u00e3o de fazendeiros em campos naturais"},"content":{"rendered":"<p><span style=\"font-size: 14px;\"><em>Na foto acima, campo natural na baixada maranhense, cercado por fazendeiros<\/em><\/span><\/p>\n<p>A Pol\u00edcia Militar do Maranh\u00e3o prendeu, no \u00faltimo dia 14 de abril, dois militantes que participavam de uma resist\u00eancia no munic\u00edpio de Anajatuba, contra o cercamento ilegal dos campos naturais e p\u00fablicos por parte de grandes fazendeiros da regi\u00e3o, a\u00e7\u00e3o que traz s\u00e9rios preju\u00edzos \u00e0 comunidade local e ao meio ambiente. Apol\u00f4nia Edinete Rocha Rodrigues e Ant\u00f4nio de Jesus Rocha tiveram pris\u00e3o decretada pela ju\u00edza titular da Comarca de Anajatuba, Jaqueline Rodrigues da Cunha, que tamb\u00e9m expediu decreto de pris\u00e3o preventiva contra outras 21 pessoas da zona rural do munic\u00edpio, quase todas atuando como pescadores, lavradores, criadores de animais de pequeno porte e extrativistas. O argumento utilizado, de forma completamente equivocada, tendenciosa e arbitr\u00e1ria, \u00e9 que os militantes, todos filiados ao PSOL, incorreram nos crimes de dano \u00e0 propriedade privada, forma\u00e7\u00e3o de quadrilha, desobedi\u00eancia e exerc\u00edcio arbitr\u00e1rio das pr\u00f3prias raz\u00f5es, previstos no C\u00f3digo Penal Brasileiro.<\/p>\n<p>Na avalia\u00e7\u00e3o do PSOL-MA, a a\u00e7\u00e3o do judici\u00e1rio estadual tem o claro objetivo de silenciar as comunidades rurais que lutam contra o cercamento ilegal e criminoso dos campos p\u00fablicos naturais pelos grandes fazendeiros da regi\u00e3o; se omitir no dever de combater o crime de grilagem de terras p\u00fablicas previsto no art. 20, caput, da Lei 4.947\/66; criminalizar as organiza\u00e7\u00f5es sociais e seus militantes, tratando as reivindica\u00e7\u00f5es e lutas das comunidades em atividade de quadrilha ou organiza\u00e7\u00e3o criminosa; e permitir que os campos naturais, imenso bioma existente no Maranh\u00e3o, possam ser objeto de apropria\u00e7\u00e3o, especula\u00e7\u00e3o e local destinado ao agroneg\u00f3cio e \u00e0 cria\u00e7\u00e3o extensiva de gado bubalino. Eles explicam, ainda, que essa luta mobilizou, anos atr\u00e1s, milhares de lavradores e pescadores maranhenses, para garantir a retirada total desse tipo de cria\u00e7\u00e3o na baixada maranhense.<\/p>\n<p>Os campos naturais s\u00e3o propriedades p\u00fablicas, de acesso livre \u00e0 popula\u00e7\u00e3o, transformados, em 1991, em \u00c1rea de Prote\u00e7\u00e3o Ambiental, por meio do Decreto Estadual n\u00ba 11.900. A partir dessa defini\u00e7\u00e3o, se tornaram s\u00edtios que devem ser protegidos, abrangendo 32 munic\u00edpios, sendo uma grande parte de suas extens\u00f5es de propriedade da Uni\u00e3o.<\/p>\n<p>Os ativistas e trabalhadores rurais da regi\u00e3o denunciam que fazendeiros est\u00e3o cercando os campos, impedindo o livre acesso da comunidade local \u00e0s \u00e1reas imprescind\u00edveis para sua sobreviv\u00eancia, a pesca, a cria\u00e7\u00e3o dos animais, abastecimento de \u00e1gua, entre outros tantos direitos. Diante desse cen\u00e1rio, a dire\u00e7\u00e3o do partido no estado considera que os presos pol\u00edticos de Anajatuba est\u00e3o sendo criminalizados em nome de uma ordem jur\u00eddica que naturaliza os crimes praticados contra o patrim\u00f4nio p\u00fablico ambiental pela casta de fazendeiros da regi\u00e3o, mas n\u00e3o tolera quando o povo se levanta contra a injusti\u00e7a.<\/p>\n<p>O PSOL-MA ressalta, ainda, que embora a quest\u00e3o seja de compet\u00eancia da Justi\u00e7a Federal, por se tratar de \u00e1rea da Uni\u00e3o, a ju\u00edza da comarca e os desembargadores locais entendem que a compet\u00eancia estadual \u00e9 leg\u00edtima. Enquanto isso, os presos continuam em locais insalubres, um deles sem comunica\u00e7\u00e3o, a n\u00e3o ser por interm\u00e9dio de advogado. Os demais encontram-se ou foragidos ou em situa\u00e7\u00e3o de afli\u00e7\u00e3o, por estarem amea\u00e7ados de suas liberdades.<\/p>\n<p>&nbsp;<\/p>\n","protected":false},"excerpt":{"rendered":"<p>Na foto acima, campo natural na baixada maranhense, cercado por fazendeiros A Pol\u00edcia Militar do Maranh\u00e3o prendeu, no \u00faltimo dia 14 de abril, dois militantes que participavam de uma resist\u00eancia no munic\u00edpio de Anajatuba, contra o cercamento ilegal dos campos naturais e p\u00fablicos por parte de grandes fazendeiros da regi\u00e3o, a\u00e7\u00e3o que traz s\u00e9rios preju\u00edzos [&hellip;]<\/p>\n","protected":false},"author":2,"featured_media":12153,"comment_status":"open","ping_status":"open","sticky":false,"template":"","format":"standard","meta":{"_acf_changed":false,"footnotes":""},"categories":[654,1104,6],"tags":[1073,4290,4291,4292,3213,4293,4294,3384,4295,4296,900,456,2567,1377],"class_list":{"0":"post-12152","1":"post","2":"type-post","3":"status-publish","4":"format-standard","5":"has-post-thumbnail","7":"category-estados","8":"category-movimento","9":"category-noticias","10":"tag-agronegocio","11":"tag-anajatuba","12":"tag-antonio-de-jesus-rocha","13":"tag-apolonia-edinete-rocha-rodrigues","14":"tag-area-de-protecao-ambiental","15":"tag-baixada-maranhense","16":"tag-campos-naturais","17":"tag-fazendeiros","18":"tag-judiciario-estadual","19":"tag-juiza-jaqueline-rodrigues-da-cunha","20":"tag-justica-federal","21":"tag-maranhao","22":"tag-psol-ma","23":"tag-uniao"},"acf":[],"yoast_head":"<!-- This site is optimized with the Yoast SEO plugin v26.5 - https:\/\/yoast.com\/wordpress\/plugins\/seo\/ -->\n<title>PM do Maranh\u00e3o prende militantes que protestavam contra a\u00e7\u00e3o de fazendeiros em campos naturais - PSOL 50<\/title>\n<meta name=\"robots\" content=\"index, follow, max-snippet:-1, max-image-preview:large, max-video-preview:-1\" \/>\n<link rel=\"canonical\" href=\"https:\/\/psol50.org.br\/pm-do-maranhao-prende-militantes-que-protestavam-contra-acao-de-fazendeiros-em-campos-naturais\/\" \/>\n<meta property=\"og:locale\" content=\"pt_BR\" \/>\n<meta property=\"og:type\" content=\"article\" \/>\n<meta property=\"og:title\" content=\"PM do Maranh\u00e3o prende militantes que protestavam contra a\u00e7\u00e3o de fazendeiros em campos naturais - PSOL 50\" \/>\n<meta property=\"og:description\" content=\"Na foto acima, campo natural na baixada maranhense, cercado por fazendeiros A Pol\u00edcia Militar do Maranh\u00e3o prendeu, no \u00faltimo dia 14 de abril, dois militantes que participavam de uma resist\u00eancia no munic\u00edpio de Anajatuba, contra o cercamento ilegal dos campos naturais e p\u00fablicos por parte de grandes fazendeiros da regi\u00e3o, a\u00e7\u00e3o que traz s\u00e9rios preju\u00edzos [&hellip;]\" \/>\n<meta property=\"og:url\" content=\"https:\/\/psol50.org.br\/pm-do-maranhao-prende-militantes-que-protestavam-contra-acao-de-fazendeiros-em-campos-naturais\/\" \/>\n<meta property=\"og:site_name\" content=\"PSOL 50\" \/>\n<meta property=\"article:publisher\" content=\"https:\/\/www.facebook.com\/psol50\" \/>\n<meta property=\"article:published_time\" content=\"2016-04-27T20:09:22+00:00\" \/>\n<meta property=\"og:image\" content=\"https:\/\/psol50.org.br\/inc\/uploads\/2018\/07\/capa.png\" \/>\n\t<meta property=\"og:image:width\" content=\"1350\" \/>\n\t<meta property=\"og:image:height\" content=\"900\" \/>\n\t<meta property=\"og:image:type\" content=\"image\/png\" \/>\n<meta name=\"author\" content=\"Comunica\u00e7\u00e3o PSOL\" \/>\n<meta name=\"twitter:card\" content=\"summary_large_image\" \/>\n<meta name=\"twitter:creator\" content=\"@psol50\" \/>\n<meta name=\"twitter:site\" content=\"@psol50\" \/>\n<meta name=\"twitter:label1\" content=\"Escrito por\" \/>\n\t<meta name=\"twitter:data1\" content=\"Comunica\u00e7\u00e3o PSOL\" \/>\n\t<meta name=\"twitter:label2\" content=\"Est. tempo de leitura\" \/>\n\t<meta name=\"twitter:data2\" content=\"3 minutos\" \/>\n<script type=\"application\/ld+json\" class=\"yoast-schema-graph\">{\"@context\":\"https:\/\/schema.org\",\"@graph\":[{\"@type\":\"Article\",\"@id\":\"https:\/\/psol50.org.br\/pm-do-maranhao-prende-militantes-que-protestavam-contra-acao-de-fazendeiros-em-campos-naturais\/#article\",\"isPartOf\":{\"@id\":\"https:\/\/psol50.org.br\/pm-do-maranhao-prende-militantes-que-protestavam-contra-acao-de-fazendeiros-em-campos-naturais\/\"},\"author\":{\"name\":\"Comunica\u00e7\u00e3o PSOL\",\"@id\":\"https:\/\/psol50.org.br\/#\/schema\/person\/475dfa57d0b815993c714c2e96491fcd\"},\"headline\":\"PM do Maranh\u00e3o prende militantes que protestavam contra a\u00e7\u00e3o de fazendeiros em campos naturais\",\"datePublished\":\"2016-04-27T20:09:22+00:00\",\"mainEntityOfPage\":{\"@id\":\"https:\/\/psol50.org.br\/pm-do-maranhao-prende-militantes-que-protestavam-contra-acao-de-fazendeiros-em-campos-naturais\/\"},\"wordCount\":584,\"commentCount\":0,\"publisher\":{\"@id\":\"https:\/\/psol50.org.br\/#organization\"},\"image\":{\"@id\":\"https:\/\/psol50.org.br\/pm-do-maranhao-prende-militantes-que-protestavam-contra-acao-de-fazendeiros-em-campos-naturais\/#primaryimage\"},\"thumbnailUrl\":\"\",\"keywords\":[\"agroneg\u00f3cio\",\"Anajatuba\",\"Ant\u00f4nio de Jesus Rocha\",\"Apol\u00f4nia Edinete Rocha Rodrigues\",\"\u00e1rea de prote\u00e7\u00e3o ambiental\",\"baixada maranhense\",\"campos naturais\",\"fazendeiros\",\"judici\u00e1rio estadual\",\"ju\u00edza Jaqueline Rodrigues da Cunha\",\"Justi\u00e7a Federal\",\"Maranh\u00e3o\",\"PSOL-MA\",\"uni\u00e3o\"],\"articleSection\":[\"Estados\",\"Movimento\",\"Not\u00edcias\"],\"inLanguage\":\"pt-BR\",\"potentialAction\":[{\"@type\":\"CommentAction\",\"name\":\"Comment\",\"target\":[\"https:\/\/psol50.org.br\/pm-do-maranhao-prende-militantes-que-protestavam-contra-acao-de-fazendeiros-em-campos-naturais\/#respond\"]}]},{\"@type\":\"WebPage\",\"@id\":\"https:\/\/psol50.org.br\/pm-do-maranhao-prende-militantes-que-protestavam-contra-acao-de-fazendeiros-em-campos-naturais\/\",\"url\":\"https:\/\/psol50.org.br\/pm-do-maranhao-prende-militantes-que-protestavam-contra-acao-de-fazendeiros-em-campos-naturais\/\",\"name\":\"PM do Maranh\u00e3o prende militantes que protestavam contra a\u00e7\u00e3o de fazendeiros em campos naturais - PSOL 50\",\"isPartOf\":{\"@id\":\"https:\/\/psol50.org.br\/#website\"},\"primaryImageOfPage\":{\"@id\":\"https:\/\/psol50.org.br\/pm-do-maranhao-prende-militantes-que-protestavam-contra-acao-de-fazendeiros-em-campos-naturais\/#primaryimage\"},\"image\":{\"@id\":\"https:\/\/psol50.org.br\/pm-do-maranhao-prende-militantes-que-protestavam-contra-acao-de-fazendeiros-em-campos-naturais\/#primaryimage\"},\"thumbnailUrl\":\"\",\"datePublished\":\"2016-04-27T20:09:22+00:00\",\"breadcrumb\":{\"@id\":\"https:\/\/psol50.org.br\/pm-do-maranhao-prende-militantes-que-protestavam-contra-acao-de-fazendeiros-em-campos-naturais\/#breadcrumb\"},\"inLanguage\":\"pt-BR\",\"potentialAction\":[{\"@type\":\"ReadAction\",\"target\":[\"https:\/\/psol50.org.br\/pm-do-maranhao-prende-militantes-que-protestavam-contra-acao-de-fazendeiros-em-campos-naturais\/\"]}]},{\"@type\":\"ImageObject\",\"inLanguage\":\"pt-BR\",\"@id\":\"https:\/\/psol50.org.br\/pm-do-maranhao-prende-militantes-que-protestavam-contra-acao-de-fazendeiros-em-campos-naturais\/#primaryimage\",\"url\":\"\",\"contentUrl\":\"\"},{\"@type\":\"BreadcrumbList\",\"@id\":\"https:\/\/psol50.org.br\/pm-do-maranhao-prende-militantes-que-protestavam-contra-acao-de-fazendeiros-em-campos-naturais\/#breadcrumb\",\"itemListElement\":[{\"@type\":\"ListItem\",\"position\":1,\"name\":\"In\u00edcio\",\"item\":\"https:\/\/psol50.org.br\/\"},{\"@type\":\"ListItem\",\"position\":2,\"name\":\"PM do Maranh\u00e3o prende militantes que protestavam contra a\u00e7\u00e3o de fazendeiros em campos naturais\"}]},{\"@type\":\"WebSite\",\"@id\":\"https:\/\/psol50.org.br\/#website\",\"url\":\"https:\/\/psol50.org.br\/\",\"name\":\"PSOL 50\",\"description\":\"Site oficial do Partido Socialismo e Liberdade\",\"publisher\":{\"@id\":\"https:\/\/psol50.org.br\/#organization\"},\"alternateName\":\"PSOL50\",\"potentialAction\":[{\"@type\":\"SearchAction\",\"target\":{\"@type\":\"EntryPoint\",\"urlTemplate\":\"https:\/\/psol50.org.br\/?s={search_term_string}\"},\"query-input\":{\"@type\":\"PropertyValueSpecification\",\"valueRequired\":true,\"valueName\":\"search_term_string\"}}],\"inLanguage\":\"pt-BR\"},{\"@type\":\"Organization\",\"@id\":\"https:\/\/psol50.org.br\/#organization\",\"name\":\"PSOL 50\",\"alternateName\":\"PSOL 50\",\"url\":\"https:\/\/psol50.org.br\/\",\"logo\":{\"@type\":\"ImageObject\",\"inLanguage\":\"pt-BR\",\"@id\":\"https:\/\/psol50.org.br\/#\/schema\/logo\/image\/\",\"url\":\"https:\/\/psol50.org.br\/inc\/uploads\/2018\/07\/capa.png\",\"contentUrl\":\"https:\/\/psol50.org.br\/inc\/uploads\/2018\/07\/capa.png\",\"width\":1350,\"height\":900,\"caption\":\"PSOL 50\"},\"image\":{\"@id\":\"https:\/\/psol50.org.br\/#\/schema\/logo\/image\/\"},\"sameAs\":[\"https:\/\/www.facebook.com\/psol50\",\"https:\/\/x.com\/psol50\",\"https:\/\/www.instagram.com\/psol50\/\",\"https:\/\/www.youtube.com\/channel\/UC7SnJS5o1os7a6CaiNabzcg\"]},{\"@type\":\"Person\",\"@id\":\"https:\/\/psol50.org.br\/#\/schema\/person\/475dfa57d0b815993c714c2e96491fcd\",\"name\":\"Comunica\u00e7\u00e3o PSOL\",\"image\":{\"@type\":\"ImageObject\",\"inLanguage\":\"pt-BR\",\"@id\":\"https:\/\/psol50.org.br\/#\/schema\/person\/image\/\",\"url\":\"https:\/\/secure.gravatar.com\/avatar\/b34fc4f4e468a4e51785917065a3db57b841f5c95dba6ad8c73aaf8f66f8f9bf?s=96&d=mm&r=g\",\"contentUrl\":\"https:\/\/secure.gravatar.com\/avatar\/b34fc4f4e468a4e51785917065a3db57b841f5c95dba6ad8c73aaf8f66f8f9bf?s=96&d=mm&r=g\",\"caption\":\"Comunica\u00e7\u00e3o PSOL\"}}]}<\/script>\n<!-- \/ Yoast SEO plugin. -->","yoast_head_json":{"title":"PM do Maranh\u00e3o prende militantes que protestavam contra a\u00e7\u00e3o de fazendeiros em campos naturais - PSOL 50","robots":{"index":"index","follow":"follow","max-snippet":"max-snippet:-1","max-image-preview":"max-image-preview:large","max-video-preview":"max-video-preview:-1"},"canonical":"https:\/\/psol50.org.br\/pm-do-maranhao-prende-militantes-que-protestavam-contra-acao-de-fazendeiros-em-campos-naturais\/","og_locale":"pt_BR","og_type":"article","og_title":"PM do Maranh\u00e3o prende militantes que protestavam contra a\u00e7\u00e3o de fazendeiros em campos naturais - PSOL 50","og_description":"Na foto acima, campo natural na baixada maranhense, cercado por fazendeiros A Pol\u00edcia Militar do Maranh\u00e3o prendeu, no \u00faltimo dia 14 de abril, dois militantes que participavam de uma resist\u00eancia no munic\u00edpio de Anajatuba, contra o cercamento ilegal dos campos naturais e p\u00fablicos por parte de grandes fazendeiros da regi\u00e3o, a\u00e7\u00e3o que traz s\u00e9rios preju\u00edzos [&hellip;]","og_url":"https:\/\/psol50.org.br\/pm-do-maranhao-prende-militantes-que-protestavam-contra-acao-de-fazendeiros-em-campos-naturais\/","og_site_name":"PSOL 50","article_publisher":"https:\/\/www.facebook.com\/psol50","article_published_time":"2016-04-27T20:09:22+00:00","og_image":[{"width":1350,"height":900,"url":"https:\/\/psol50.org.br\/inc\/uploads\/2018\/07\/capa.png","type":"image\/png"}],"author":"Comunica\u00e7\u00e3o PSOL","twitter_card":"summary_large_image","twitter_creator":"@psol50","twitter_site":"@psol50","twitter_misc":{"Escrito por":"Comunica\u00e7\u00e3o PSOL","Est. tempo de leitura":"3 minutos"},"schema":{"@context":"https:\/\/schema.org","@graph":[{"@type":"Article","@id":"https:\/\/psol50.org.br\/pm-do-maranhao-prende-militantes-que-protestavam-contra-acao-de-fazendeiros-em-campos-naturais\/#article","isPartOf":{"@id":"https:\/\/psol50.org.br\/pm-do-maranhao-prende-militantes-que-protestavam-contra-acao-de-fazendeiros-em-campos-naturais\/"},"author":{"name":"Comunica\u00e7\u00e3o PSOL","@id":"https:\/\/psol50.org.br\/#\/schema\/person\/475dfa57d0b815993c714c2e96491fcd"},"headline":"PM do Maranh\u00e3o prende militantes que protestavam contra a\u00e7\u00e3o de fazendeiros em campos naturais","datePublished":"2016-04-27T20:09:22+00:00","mainEntityOfPage":{"@id":"https:\/\/psol50.org.br\/pm-do-maranhao-prende-militantes-que-protestavam-contra-acao-de-fazendeiros-em-campos-naturais\/"},"wordCount":584,"commentCount":0,"publisher":{"@id":"https:\/\/psol50.org.br\/#organization"},"image":{"@id":"https:\/\/psol50.org.br\/pm-do-maranhao-prende-militantes-que-protestavam-contra-acao-de-fazendeiros-em-campos-naturais\/#primaryimage"},"thumbnailUrl":"","keywords":["agroneg\u00f3cio","Anajatuba","Ant\u00f4nio de Jesus Rocha","Apol\u00f4nia Edinete Rocha Rodrigues","\u00e1rea de prote\u00e7\u00e3o ambiental","baixada maranhense","campos naturais","fazendeiros","judici\u00e1rio estadual","ju\u00edza Jaqueline Rodrigues da Cunha","Justi\u00e7a Federal","Maranh\u00e3o","PSOL-MA","uni\u00e3o"],"articleSection":["Estados","Movimento","Not\u00edcias"],"inLanguage":"pt-BR","potentialAction":[{"@type":"CommentAction","name":"Comment","target":["https:\/\/psol50.org.br\/pm-do-maranhao-prende-militantes-que-protestavam-contra-acao-de-fazendeiros-em-campos-naturais\/#respond"]}]},{"@type":"WebPage","@id":"https:\/\/psol50.org.br\/pm-do-maranhao-prende-militantes-que-protestavam-contra-acao-de-fazendeiros-em-campos-naturais\/","url":"https:\/\/psol50.org.br\/pm-do-maranhao-prende-militantes-que-protestavam-contra-acao-de-fazendeiros-em-campos-naturais\/","name":"PM do Maranh\u00e3o prende militantes que protestavam contra a\u00e7\u00e3o de fazendeiros em campos naturais - PSOL 50","isPartOf":{"@id":"https:\/\/psol50.org.br\/#website"},"primaryImageOfPage":{"@id":"https:\/\/psol50.org.br\/pm-do-maranhao-prende-militantes-que-protestavam-contra-acao-de-fazendeiros-em-campos-naturais\/#primaryimage"},"image":{"@id":"https:\/\/psol50.org.br\/pm-do-maranhao-prende-militantes-que-protestavam-contra-acao-de-fazendeiros-em-campos-naturais\/#primaryimage"},"thumbnailUrl":"","datePublished":"2016-04-27T20:09:22+00:00","breadcrumb":{"@id":"https:\/\/psol50.org.br\/pm-do-maranhao-prende-militantes-que-protestavam-contra-acao-de-fazendeiros-em-campos-naturais\/#breadcrumb"},"inLanguage":"pt-BR","potentialAction":[{"@type":"ReadAction","target":["https:\/\/psol50.org.br\/pm-do-maranhao-prende-militantes-que-protestavam-contra-acao-de-fazendeiros-em-campos-naturais\/"]}]},{"@type":"ImageObject","inLanguage":"pt-BR","@id":"https:\/\/psol50.org.br\/pm-do-maranhao-prende-militantes-que-protestavam-contra-acao-de-fazendeiros-em-campos-naturais\/#primaryimage","url":"","contentUrl":""},{"@type":"BreadcrumbList","@id":"https:\/\/psol50.org.br\/pm-do-maranhao-prende-militantes-que-protestavam-contra-acao-de-fazendeiros-em-campos-naturais\/#breadcrumb","itemListElement":[{"@type":"ListItem","position":1,"name":"In\u00edcio","item":"https:\/\/psol50.org.br\/"},{"@type":"ListItem","position":2,"name":"PM do Maranh\u00e3o prende militantes que protestavam contra a\u00e7\u00e3o de fazendeiros em campos naturais"}]},{"@type":"WebSite","@id":"https:\/\/psol50.org.br\/#website","url":"https:\/\/psol50.org.br\/","name":"PSOL 50","description":"Site oficial do Partido Socialismo e Liberdade","publisher":{"@id":"https:\/\/psol50.org.br\/#organization"},"alternateName":"PSOL50","potentialAction":[{"@type":"SearchAction","target":{"@type":"EntryPoint","urlTemplate":"https:\/\/psol50.org.br\/?s={search_term_string}"},"query-input":{"@type":"PropertyValueSpecification","valueRequired":true,"valueName":"search_term_string"}}],"inLanguage":"pt-BR"},{"@type":"Organization","@id":"https:\/\/psol50.org.br\/#organization","name":"PSOL 50","alternateName":"PSOL 50","url":"https:\/\/psol50.org.br\/","logo":{"@type":"ImageObject","inLanguage":"pt-BR","@id":"https:\/\/psol50.org.br\/#\/schema\/logo\/image\/","url":"https:\/\/psol50.org.br\/inc\/uploads\/2018\/07\/capa.png","contentUrl":"https:\/\/psol50.org.br\/inc\/uploads\/2018\/07\/capa.png","width":1350,"height":900,"caption":"PSOL 50"},"image":{"@id":"https:\/\/psol50.org.br\/#\/schema\/logo\/image\/"},"sameAs":["https:\/\/www.facebook.com\/psol50","https:\/\/x.com\/psol50","https:\/\/www.instagram.com\/psol50\/","https:\/\/www.youtube.com\/channel\/UC7SnJS5o1os7a6CaiNabzcg"]},{"@type":"Person","@id":"https:\/\/psol50.org.br\/#\/schema\/person\/475dfa57d0b815993c714c2e96491fcd","name":"Comunica\u00e7\u00e3o PSOL","image":{"@type":"ImageObject","inLanguage":"pt-BR","@id":"https:\/\/psol50.org.br\/#\/schema\/person\/image\/","url":"https:\/\/secure.gravatar.com\/avatar\/b34fc4f4e468a4e51785917065a3db57b841f5c95dba6ad8c73aaf8f66f8f9bf?s=96&d=mm&r=g","contentUrl":"https:\/\/secure.gravatar.com\/avatar\/b34fc4f4e468a4e51785917065a3db57b841f5c95dba6ad8c73aaf8f66f8f9bf?s=96&d=mm&r=g","caption":"Comunica\u00e7\u00e3o PSOL"}}]}},"_links":{"self":[{"href":"https:\/\/psol50.org.br\/rest\/wp\/v2\/posts\/12152","targetHints":{"allow":["GET"]}}],"collection":[{"href":"https:\/\/psol50.org.br\/rest\/wp\/v2\/posts"}],"about":[{"href":"https:\/\/psol50.org.br\/rest\/wp\/v2\/types\/post"}],"author":[{"embeddable":true,"href":"https:\/\/psol50.org.br\/rest\/wp\/v2\/users\/2"}],"replies":[{"embeddable":true,"href":"https:\/\/psol50.org.br\/rest\/wp\/v2\/comments?post=12152"}],"version-history":[{"count":0,"href":"https:\/\/psol50.org.br\/rest\/wp\/v2\/posts\/12152\/revisions"}],"wp:featuredmedia":[{"embeddable":true,"href":"https:\/\/psol50.org.br\/rest\/"}],"wp:attachment":[{"href":"https:\/\/psol50.org.br\/rest\/wp\/v2\/media?parent=12152"}],"wp:term":[{"taxonomy":"category","embeddable":true,"href":"https:\/\/psol50.org.br\/rest\/wp\/v2\/categories?post=12152"},{"taxonomy":"post_tag","embeddable":true,"href":"https:\/\/psol50.org.br\/rest\/wp\/v2\/tags?post=12152"}],"curies":[{"name":"wp","href":"https:\/\/api.w.org\/{rel}","templated":true}]}}