{"id":12155,"date":"2016-04-27T21:14:33","date_gmt":"2016-04-27T21:14:33","guid":{"rendered":"http:\/\/www.psol50.org.br\/?p=12155"},"modified":"2016-04-27T21:14:33","modified_gmt":"2016-04-27T21:14:33","slug":"psol-e-instituto-vladimir-herzog-protocolam-representacao-contra-jair-bolsonaro","status":"publish","type":"post","link":"https:\/\/psol50.org.br\/psol-e-instituto-vladimir-herzog-protocolam-representacao-contra-jair-bolsonaro\/","title":{"rendered":"PSOL e Instituto Vladimir Herzog apresentam den\u00fancia contra Jair Bolsonaro por refer\u00eancia a torturador"},"content":{"rendered":"<p><em>Deputado praticou crime de apologia \u00e0 tortura e inj\u00faria. Partidos pedem apura\u00e7\u00e3o de responsabilidade em n\u00edvel criminal, civil e administrativo<\/em><\/p>\n<p>Por iniciativa do PSOL, foi protocolada, nesta quarta-feira (27\/04), na Procuradoria Geral da Rep\u00fablica (PGR), em Bras\u00edlia, uma representa\u00e7\u00e3o contra o deputado federal Jair Bolsonaro (PSC-RJ), solicitando apura\u00e7\u00e3o de responsabilidade em n\u00edvel criminal, civil e administrativo por conta do voto do parlamentar na sess\u00e3o do Plen\u00e1rio da C\u00e2mara em que foi votada a admissibilidade de abertura do processo de impeachment contra a presidente Dilma Rousseff, no \u00faltimo dia 17.<\/p>\n<p>A representa\u00e7\u00e3o, assinada pelo PSOL, PDT, PCdoB, Rede, PT e pelo Instituto Vladimir Herzog, tem a finalidade de solicitar ao procurador-geral da Rep\u00fablica, Rodrigo Janot, que apure as responsabilidades do deputado em rela\u00e7\u00e3o \u00e0 sua fala, na qual ficou evidente o crime de apologia \u00e0 tortura e ao torturador, na &#8220;homenagem&#8221; feita ao ex-coronel Brilhante Ustra. Bolsonaro fere o artigo 1\u00ba da Constitui\u00e7\u00e3o Federal, que se refere \u00e0 dignidade da pessoa humana.<\/p>\n<p>A conduta do deputado tamb\u00e9m est\u00e1 tipificada nos crimes contra a honra, do artigo 140 do C\u00f3digo Penal Brasileiro, que trata de inj\u00faria. Bolsonaro se referiu ao coronel Ustra como &#8220;o pavor de Dilma Roussef&#8221; \u2013 a presidente foi presa e torturada durante o regime militar no Brasil.<\/p>\n<p>O coronel Carlos Alberto Brilhante Ustra foi chefe do DOI-Codi de S\u00e3o Paulo, um dos mais cru\u00e9is e sangrentos centros de tortura do regime militar, e sobre ele pairam acusa\u00e7\u00f5es de torturas e de assassinatos de jovens e advers\u00e1rios pol\u00edticos do regime no per\u00edodo. Em 2008, o Coronel Ustra foi declarado torturador pela Justi\u00e7a de S\u00e3o Paulo, e a decis\u00e3o confirmada pelo Tribunal de Justi\u00e7a de S\u00e3o Paulo.<\/p>\n<p>Para o PSOL, \u00e9 inadmiss\u00edvel sob o ponto de vista \u00e9tico, moral e da dignidade da pessoa humana as declara\u00e7\u00f5es de Bolsonaro. &#8220;Apologia \u00e0 tortura, elogio a um torturador e inj\u00faria contra a presidente da Rep\u00fablica s\u00e3o pr\u00e1ticas que n\u00e3o podem ser admitidas dentro do Parlamento&#8221;, afirma o l\u00edder do PSOL, deputado Ivan Valente (SP).<\/p>\n<p>&#8220;Elogiar uma figura que dirigiu o DOI-Codi por quatro anos, quando mais de 40 pessoas desapareceram e outras centenas foram torturadas \u00e9 quebra de decoro, e n\u00e3o se pode alegar imunidade parlamentar&#8221;, completou o deputado. Ivan Valente destacou ainda que a PGR recebeu mais de 20 mil manifesta\u00e7\u00f5es, entre e-mails e postagem nas redes sociais, de indigna\u00e7\u00e3o da sociedade civil.<\/p>\n<p>O conselheiro do Instituto Vladmir Herzog, Ivo Herzog, falou sobre a expectativa pela manifesta\u00e7\u00e3o da PGR e afirmou que \u00e9 poss\u00edvel fazer justi\u00e7a no Brasil sem precisar recorrer \u00e0 Corte Interamericana de Direitos Humanos. &#8220;Fiquei extremamente indignado com a declara\u00e7\u00e3o [de Bolsonaro]. Vamos enfrentar pensamentos medievais fazendo justi\u00e7a. O caso espec\u00edfico desse deputado pode ser uma mudan\u00e7a na defesa dos direitos humanos&#8221;, declarou.<\/p>\n<p>Estiveram presentes \u00e0 PGR, al\u00e9m de Ivo Herzog e Ivan Valente, os deputados do PSOL Chico Alencar (RJ), Glauber Braga (RJ) e Edmilson Rodrigues (PA), do PCdoB Daniel Almeida (BA), Jandira Feghali (RJ) e Rubens Pereira Junior (MA), da Rede Aliel Machado (PR) e do PT Afonso Florence (BA). Eles foram recebidos pelo procurador regional Eduardo Pelella.<\/p>\n<p><em>Fonte: Lideran\u00e7a do PSOL<\/em><\/p>\n<p>&nbsp;<\/p>\n<p>&nbsp;<\/p>\n","protected":false},"excerpt":{"rendered":"<p>Deputado praticou crime de apologia \u00e0 tortura e inj\u00faria. Partidos pedem apura\u00e7\u00e3o de responsabilidade em n\u00edvel criminal, civil e administrativo Por iniciativa do PSOL, foi protocolada, nesta quarta-feira (27\/04), na Procuradoria Geral da Rep\u00fablica (PGR), em Bras\u00edlia, uma representa\u00e7\u00e3o contra o deputado federal Jair Bolsonaro (PSC-RJ), solicitando apura\u00e7\u00e3o de responsabilidade em n\u00edvel criminal, civil e [&hellip;]<\/p>\n","protected":false},"author":2,"featured_media":12156,"comment_status":"open","ping_status":"open","sticky":false,"template":"","format":"standard","meta":{"_acf_changed":false,"footnotes":""},"categories":[10,1882,6,14,3276],"tags":[1680,2324,4297,87,534,295,3199,973,1191,4298,552,4299,244,316,317,77,4239,4300,22,319,924,1606,3093,1210],"class_list":{"0":"post-12155","1":"post","2":"type-post","3":"status-publish","4":"format-standard","5":"has-post-thumbnail","7":"category-acao-parlamentares","8":"category-brasil","9":"category-noticias","10":"category-partido","11":"category-programas-de-tv-e-radio","12":"tag-chico-alencar","13":"tag-constituicao-federal","14":"tag-coronel-carlos-alberto-brilhante-ustra","15":"tag-democracia","16":"tag-direitos-humanos","17":"tag-ditadura","18":"tag-doi-codi","19":"tag-edmilson-rodrigues","20":"tag-glauber-braga","21":"tag-instituto-vladmir-herzog","22":"tag-ivan-valente","23":"tag-ivo-herzog","24":"tag-jair-bolsonaro","25":"tag-pcdob","26":"tag-pdt","27":"tag-pgr","28":"tag-presidente-dilma-rousseff","29":"tag-procurador-regional-eduardo-pelella","30":"tag-psol","31":"tag-pt","32":"tag-rede","33":"tag-representacao","34":"tag-rodrigo-janot","35":"tag-tortura"},"acf":[],"yoast_head":"<!-- This site is optimized with the Yoast SEO plugin v26.5 - https:\/\/yoast.com\/wordpress\/plugins\/seo\/ -->\n<title>PSOL e Instituto Vladimir Herzog apresentam den\u00fancia contra Jair Bolsonaro por refer\u00eancia a torturador - PSOL 50<\/title>\n<meta name=\"robots\" content=\"index, follow, max-snippet:-1, max-image-preview:large, max-video-preview:-1\" \/>\n<link rel=\"canonical\" href=\"https:\/\/psol50.org.br\/psol-e-instituto-vladimir-herzog-protocolam-representacao-contra-jair-bolsonaro\/\" \/>\n<meta property=\"og:locale\" content=\"pt_BR\" \/>\n<meta property=\"og:type\" content=\"article\" \/>\n<meta property=\"og:title\" content=\"PSOL e Instituto Vladimir Herzog apresentam den\u00fancia contra Jair Bolsonaro por refer\u00eancia a torturador - PSOL 50\" \/>\n<meta property=\"og:description\" content=\"Deputado praticou crime de apologia \u00e0 tortura e inj\u00faria. Partidos pedem apura\u00e7\u00e3o de responsabilidade em n\u00edvel criminal, civil e administrativo Por iniciativa do PSOL, foi protocolada, nesta quarta-feira (27\/04), na Procuradoria Geral da Rep\u00fablica (PGR), em Bras\u00edlia, uma representa\u00e7\u00e3o contra o deputado federal Jair Bolsonaro (PSC-RJ), solicitando apura\u00e7\u00e3o de responsabilidade em n\u00edvel criminal, civil e [&hellip;]\" \/>\n<meta property=\"og:url\" content=\"https:\/\/psol50.org.br\/psol-e-instituto-vladimir-herzog-protocolam-representacao-contra-jair-bolsonaro\/\" \/>\n<meta property=\"og:site_name\" content=\"PSOL 50\" \/>\n<meta property=\"article:publisher\" content=\"https:\/\/www.facebook.com\/psol50\" \/>\n<meta property=\"article:published_time\" content=\"2016-04-27T21:14:33+00:00\" \/>\n<meta property=\"og:image\" content=\"https:\/\/psol50.org.br\/inc\/uploads\/2018\/07\/capa.png\" \/>\n\t<meta property=\"og:image:width\" content=\"1350\" \/>\n\t<meta property=\"og:image:height\" content=\"900\" \/>\n\t<meta property=\"og:image:type\" content=\"image\/png\" \/>\n<meta name=\"author\" content=\"Comunica\u00e7\u00e3o PSOL\" \/>\n<meta name=\"twitter:card\" content=\"summary_large_image\" \/>\n<meta name=\"twitter:creator\" content=\"@psol50\" \/>\n<meta name=\"twitter:site\" content=\"@psol50\" \/>\n<meta name=\"twitter:label1\" content=\"Escrito por\" \/>\n\t<meta name=\"twitter:data1\" content=\"Comunica\u00e7\u00e3o PSOL\" \/>\n\t<meta name=\"twitter:label2\" content=\"Est. tempo de leitura\" \/>\n\t<meta name=\"twitter:data2\" content=\"3 minutos\" \/>\n<script type=\"application\/ld+json\" class=\"yoast-schema-graph\">{\"@context\":\"https:\/\/schema.org\",\"@graph\":[{\"@type\":\"Article\",\"@id\":\"https:\/\/psol50.org.br\/psol-e-instituto-vladimir-herzog-protocolam-representacao-contra-jair-bolsonaro\/#article\",\"isPartOf\":{\"@id\":\"https:\/\/psol50.org.br\/psol-e-instituto-vladimir-herzog-protocolam-representacao-contra-jair-bolsonaro\/\"},\"author\":{\"name\":\"Comunica\u00e7\u00e3o PSOL\",\"@id\":\"https:\/\/psol50.org.br\/#\/schema\/person\/475dfa57d0b815993c714c2e96491fcd\"},\"headline\":\"PSOL e Instituto Vladimir Herzog apresentam den\u00fancia contra Jair Bolsonaro por refer\u00eancia a torturador\",\"datePublished\":\"2016-04-27T21:14:33+00:00\",\"mainEntityOfPage\":{\"@id\":\"https:\/\/psol50.org.br\/psol-e-instituto-vladimir-herzog-protocolam-representacao-contra-jair-bolsonaro\/\"},\"wordCount\":565,\"commentCount\":0,\"publisher\":{\"@id\":\"https:\/\/psol50.org.br\/#organization\"},\"image\":{\"@id\":\"https:\/\/psol50.org.br\/psol-e-instituto-vladimir-herzog-protocolam-representacao-contra-jair-bolsonaro\/#primaryimage\"},\"thumbnailUrl\":\"\",\"keywords\":[\"Chico Alencar\",\"Constitui\u00e7\u00e3o Federal\",\"coronel Carlos Alberto Brilhante Ustra\",\"democracia\",\"direitos humanos\",\"Ditadura\",\"DOI-Codi\",\"Edmilson Rodrigues\",\"Glauber Braga\",\"Instituto Vladmir Herzog\",\"Ivan Valente\",\"Ivo Herzog\",\"Jair Bolsonaro\",\"PCdoB\",\"PDT\",\"PGR\",\"presidente Dilma Rousseff\",\"procurador regional Eduardo Pelella\",\"PSOL\",\"PT\",\"Rede\",\"representa\u00e7\u00e3o\",\"Rodrigo Janot\",\"tortura\"],\"articleSection\":[\"A\u00e7\u00e3o Parlamentar\",\"Brasil\",\"Not\u00edcias\",\"Partido\",\"Programas de TV e R\u00e1dio\"],\"inLanguage\":\"pt-BR\",\"potentialAction\":[{\"@type\":\"CommentAction\",\"name\":\"Comment\",\"target\":[\"https:\/\/psol50.org.br\/psol-e-instituto-vladimir-herzog-protocolam-representacao-contra-jair-bolsonaro\/#respond\"]}]},{\"@type\":\"WebPage\",\"@id\":\"https:\/\/psol50.org.br\/psol-e-instituto-vladimir-herzog-protocolam-representacao-contra-jair-bolsonaro\/\",\"url\":\"https:\/\/psol50.org.br\/psol-e-instituto-vladimir-herzog-protocolam-representacao-contra-jair-bolsonaro\/\",\"name\":\"PSOL e Instituto Vladimir Herzog apresentam den\u00fancia contra Jair Bolsonaro por refer\u00eancia a torturador - PSOL 50\",\"isPartOf\":{\"@id\":\"https:\/\/psol50.org.br\/#website\"},\"primaryImageOfPage\":{\"@id\":\"https:\/\/psol50.org.br\/psol-e-instituto-vladimir-herzog-protocolam-representacao-contra-jair-bolsonaro\/#primaryimage\"},\"image\":{\"@id\":\"https:\/\/psol50.org.br\/psol-e-instituto-vladimir-herzog-protocolam-representacao-contra-jair-bolsonaro\/#primaryimage\"},\"thumbnailUrl\":\"\",\"datePublished\":\"2016-04-27T21:14:33+00:00\",\"breadcrumb\":{\"@id\":\"https:\/\/psol50.org.br\/psol-e-instituto-vladimir-herzog-protocolam-representacao-contra-jair-bolsonaro\/#breadcrumb\"},\"inLanguage\":\"pt-BR\",\"potentialAction\":[{\"@type\":\"ReadAction\",\"target\":[\"https:\/\/psol50.org.br\/psol-e-instituto-vladimir-herzog-protocolam-representacao-contra-jair-bolsonaro\/\"]}]},{\"@type\":\"ImageObject\",\"inLanguage\":\"pt-BR\",\"@id\":\"https:\/\/psol50.org.br\/psol-e-instituto-vladimir-herzog-protocolam-representacao-contra-jair-bolsonaro\/#primaryimage\",\"url\":\"\",\"contentUrl\":\"\"},{\"@type\":\"BreadcrumbList\",\"@id\":\"https:\/\/psol50.org.br\/psol-e-instituto-vladimir-herzog-protocolam-representacao-contra-jair-bolsonaro\/#breadcrumb\",\"itemListElement\":[{\"@type\":\"ListItem\",\"position\":1,\"name\":\"In\u00edcio\",\"item\":\"https:\/\/psol50.org.br\/\"},{\"@type\":\"ListItem\",\"position\":2,\"name\":\"PSOL e Instituto Vladimir Herzog apresentam den\u00fancia contra Jair Bolsonaro por refer\u00eancia a torturador\"}]},{\"@type\":\"WebSite\",\"@id\":\"https:\/\/psol50.org.br\/#website\",\"url\":\"https:\/\/psol50.org.br\/\",\"name\":\"PSOL 50\",\"description\":\"Site oficial do Partido Socialismo e Liberdade\",\"publisher\":{\"@id\":\"https:\/\/psol50.org.br\/#organization\"},\"alternateName\":\"PSOL50\",\"potentialAction\":[{\"@type\":\"SearchAction\",\"target\":{\"@type\":\"EntryPoint\",\"urlTemplate\":\"https:\/\/psol50.org.br\/?s={search_term_string}\"},\"query-input\":{\"@type\":\"PropertyValueSpecification\",\"valueRequired\":true,\"valueName\":\"search_term_string\"}}],\"inLanguage\":\"pt-BR\"},{\"@type\":\"Organization\",\"@id\":\"https:\/\/psol50.org.br\/#organization\",\"name\":\"PSOL 50\",\"alternateName\":\"PSOL 50\",\"url\":\"https:\/\/psol50.org.br\/\",\"logo\":{\"@type\":\"ImageObject\",\"inLanguage\":\"pt-BR\",\"@id\":\"https:\/\/psol50.org.br\/#\/schema\/logo\/image\/\",\"url\":\"https:\/\/psol50.org.br\/inc\/uploads\/2018\/07\/capa.png\",\"contentUrl\":\"https:\/\/psol50.org.br\/inc\/uploads\/2018\/07\/capa.png\",\"width\":1350,\"height\":900,\"caption\":\"PSOL 50\"},\"image\":{\"@id\":\"https:\/\/psol50.org.br\/#\/schema\/logo\/image\/\"},\"sameAs\":[\"https:\/\/www.facebook.com\/psol50\",\"https:\/\/x.com\/psol50\",\"https:\/\/www.instagram.com\/psol50\/\",\"https:\/\/www.youtube.com\/channel\/UC7SnJS5o1os7a6CaiNabzcg\"]},{\"@type\":\"Person\",\"@id\":\"https:\/\/psol50.org.br\/#\/schema\/person\/475dfa57d0b815993c714c2e96491fcd\",\"name\":\"Comunica\u00e7\u00e3o PSOL\",\"image\":{\"@type\":\"ImageObject\",\"inLanguage\":\"pt-BR\",\"@id\":\"https:\/\/psol50.org.br\/#\/schema\/person\/image\/\",\"url\":\"https:\/\/secure.gravatar.com\/avatar\/b34fc4f4e468a4e51785917065a3db57b841f5c95dba6ad8c73aaf8f66f8f9bf?s=96&d=mm&r=g\",\"contentUrl\":\"https:\/\/secure.gravatar.com\/avatar\/b34fc4f4e468a4e51785917065a3db57b841f5c95dba6ad8c73aaf8f66f8f9bf?s=96&d=mm&r=g\",\"caption\":\"Comunica\u00e7\u00e3o PSOL\"}}]}<\/script>\n<!-- \/ Yoast SEO plugin. -->","yoast_head_json":{"title":"PSOL e Instituto Vladimir Herzog apresentam den\u00fancia contra Jair Bolsonaro por refer\u00eancia a torturador - PSOL 50","robots":{"index":"index","follow":"follow","max-snippet":"max-snippet:-1","max-image-preview":"max-image-preview:large","max-video-preview":"max-video-preview:-1"},"canonical":"https:\/\/psol50.org.br\/psol-e-instituto-vladimir-herzog-protocolam-representacao-contra-jair-bolsonaro\/","og_locale":"pt_BR","og_type":"article","og_title":"PSOL e Instituto Vladimir Herzog apresentam den\u00fancia contra Jair Bolsonaro por refer\u00eancia a torturador - PSOL 50","og_description":"Deputado praticou crime de apologia \u00e0 tortura e inj\u00faria. Partidos pedem apura\u00e7\u00e3o de responsabilidade em n\u00edvel criminal, civil e administrativo Por iniciativa do PSOL, foi protocolada, nesta quarta-feira (27\/04), na Procuradoria Geral da Rep\u00fablica (PGR), em Bras\u00edlia, uma representa\u00e7\u00e3o contra o deputado federal Jair Bolsonaro (PSC-RJ), solicitando apura\u00e7\u00e3o de responsabilidade em n\u00edvel criminal, civil e [&hellip;]","og_url":"https:\/\/psol50.org.br\/psol-e-instituto-vladimir-herzog-protocolam-representacao-contra-jair-bolsonaro\/","og_site_name":"PSOL 50","article_publisher":"https:\/\/www.facebook.com\/psol50","article_published_time":"2016-04-27T21:14:33+00:00","og_image":[{"width":1350,"height":900,"url":"https:\/\/psol50.org.br\/inc\/uploads\/2018\/07\/capa.png","type":"image\/png"}],"author":"Comunica\u00e7\u00e3o PSOL","twitter_card":"summary_large_image","twitter_creator":"@psol50","twitter_site":"@psol50","twitter_misc":{"Escrito por":"Comunica\u00e7\u00e3o PSOL","Est. tempo de leitura":"3 minutos"},"schema":{"@context":"https:\/\/schema.org","@graph":[{"@type":"Article","@id":"https:\/\/psol50.org.br\/psol-e-instituto-vladimir-herzog-protocolam-representacao-contra-jair-bolsonaro\/#article","isPartOf":{"@id":"https:\/\/psol50.org.br\/psol-e-instituto-vladimir-herzog-protocolam-representacao-contra-jair-bolsonaro\/"},"author":{"name":"Comunica\u00e7\u00e3o PSOL","@id":"https:\/\/psol50.org.br\/#\/schema\/person\/475dfa57d0b815993c714c2e96491fcd"},"headline":"PSOL e Instituto Vladimir Herzog apresentam den\u00fancia contra Jair Bolsonaro por refer\u00eancia a torturador","datePublished":"2016-04-27T21:14:33+00:00","mainEntityOfPage":{"@id":"https:\/\/psol50.org.br\/psol-e-instituto-vladimir-herzog-protocolam-representacao-contra-jair-bolsonaro\/"},"wordCount":565,"commentCount":0,"publisher":{"@id":"https:\/\/psol50.org.br\/#organization"},"image":{"@id":"https:\/\/psol50.org.br\/psol-e-instituto-vladimir-herzog-protocolam-representacao-contra-jair-bolsonaro\/#primaryimage"},"thumbnailUrl":"","keywords":["Chico Alencar","Constitui\u00e7\u00e3o Federal","coronel Carlos Alberto Brilhante Ustra","democracia","direitos humanos","Ditadura","DOI-Codi","Edmilson Rodrigues","Glauber Braga","Instituto Vladmir Herzog","Ivan Valente","Ivo Herzog","Jair Bolsonaro","PCdoB","PDT","PGR","presidente Dilma Rousseff","procurador regional Eduardo Pelella","PSOL","PT","Rede","representa\u00e7\u00e3o","Rodrigo Janot","tortura"],"articleSection":["A\u00e7\u00e3o Parlamentar","Brasil","Not\u00edcias","Partido","Programas de TV e R\u00e1dio"],"inLanguage":"pt-BR","potentialAction":[{"@type":"CommentAction","name":"Comment","target":["https:\/\/psol50.org.br\/psol-e-instituto-vladimir-herzog-protocolam-representacao-contra-jair-bolsonaro\/#respond"]}]},{"@type":"WebPage","@id":"https:\/\/psol50.org.br\/psol-e-instituto-vladimir-herzog-protocolam-representacao-contra-jair-bolsonaro\/","url":"https:\/\/psol50.org.br\/psol-e-instituto-vladimir-herzog-protocolam-representacao-contra-jair-bolsonaro\/","name":"PSOL e Instituto Vladimir Herzog apresentam den\u00fancia contra Jair Bolsonaro por refer\u00eancia a torturador - PSOL 50","isPartOf":{"@id":"https:\/\/psol50.org.br\/#website"},"primaryImageOfPage":{"@id":"https:\/\/psol50.org.br\/psol-e-instituto-vladimir-herzog-protocolam-representacao-contra-jair-bolsonaro\/#primaryimage"},"image":{"@id":"https:\/\/psol50.org.br\/psol-e-instituto-vladimir-herzog-protocolam-representacao-contra-jair-bolsonaro\/#primaryimage"},"thumbnailUrl":"","datePublished":"2016-04-27T21:14:33+00:00","breadcrumb":{"@id":"https:\/\/psol50.org.br\/psol-e-instituto-vladimir-herzog-protocolam-representacao-contra-jair-bolsonaro\/#breadcrumb"},"inLanguage":"pt-BR","potentialAction":[{"@type":"ReadAction","target":["https:\/\/psol50.org.br\/psol-e-instituto-vladimir-herzog-protocolam-representacao-contra-jair-bolsonaro\/"]}]},{"@type":"ImageObject","inLanguage":"pt-BR","@id":"https:\/\/psol50.org.br\/psol-e-instituto-vladimir-herzog-protocolam-representacao-contra-jair-bolsonaro\/#primaryimage","url":"","contentUrl":""},{"@type":"BreadcrumbList","@id":"https:\/\/psol50.org.br\/psol-e-instituto-vladimir-herzog-protocolam-representacao-contra-jair-bolsonaro\/#breadcrumb","itemListElement":[{"@type":"ListItem","position":1,"name":"In\u00edcio","item":"https:\/\/psol50.org.br\/"},{"@type":"ListItem","position":2,"name":"PSOL e Instituto Vladimir Herzog apresentam den\u00fancia contra Jair Bolsonaro por refer\u00eancia a torturador"}]},{"@type":"WebSite","@id":"https:\/\/psol50.org.br\/#website","url":"https:\/\/psol50.org.br\/","name":"PSOL 50","description":"Site oficial do Partido Socialismo e Liberdade","publisher":{"@id":"https:\/\/psol50.org.br\/#organization"},"alternateName":"PSOL50","potentialAction":[{"@type":"SearchAction","target":{"@type":"EntryPoint","urlTemplate":"https:\/\/psol50.org.br\/?s={search_term_string}"},"query-input":{"@type":"PropertyValueSpecification","valueRequired":true,"valueName":"search_term_string"}}],"inLanguage":"pt-BR"},{"@type":"Organization","@id":"https:\/\/psol50.org.br\/#organization","name":"PSOL 50","alternateName":"PSOL 50","url":"https:\/\/psol50.org.br\/","logo":{"@type":"ImageObject","inLanguage":"pt-BR","@id":"https:\/\/psol50.org.br\/#\/schema\/logo\/image\/","url":"https:\/\/psol50.org.br\/inc\/uploads\/2018\/07\/capa.png","contentUrl":"https:\/\/psol50.org.br\/inc\/uploads\/2018\/07\/capa.png","width":1350,"height":900,"caption":"PSOL 50"},"image":{"@id":"https:\/\/psol50.org.br\/#\/schema\/logo\/image\/"},"sameAs":["https:\/\/www.facebook.com\/psol50","https:\/\/x.com\/psol50","https:\/\/www.instagram.com\/psol50\/","https:\/\/www.youtube.com\/channel\/UC7SnJS5o1os7a6CaiNabzcg"]},{"@type":"Person","@id":"https:\/\/psol50.org.br\/#\/schema\/person\/475dfa57d0b815993c714c2e96491fcd","name":"Comunica\u00e7\u00e3o PSOL","image":{"@type":"ImageObject","inLanguage":"pt-BR","@id":"https:\/\/psol50.org.br\/#\/schema\/person\/image\/","url":"https:\/\/secure.gravatar.com\/avatar\/b34fc4f4e468a4e51785917065a3db57b841f5c95dba6ad8c73aaf8f66f8f9bf?s=96&d=mm&r=g","contentUrl":"https:\/\/secure.gravatar.com\/avatar\/b34fc4f4e468a4e51785917065a3db57b841f5c95dba6ad8c73aaf8f66f8f9bf?s=96&d=mm&r=g","caption":"Comunica\u00e7\u00e3o PSOL"}}]}},"_links":{"self":[{"href":"https:\/\/psol50.org.br\/rest\/wp\/v2\/posts\/12155","targetHints":{"allow":["GET"]}}],"collection":[{"href":"https:\/\/psol50.org.br\/rest\/wp\/v2\/posts"}],"about":[{"href":"https:\/\/psol50.org.br\/rest\/wp\/v2\/types\/post"}],"author":[{"embeddable":true,"href":"https:\/\/psol50.org.br\/rest\/wp\/v2\/users\/2"}],"replies":[{"embeddable":true,"href":"https:\/\/psol50.org.br\/rest\/wp\/v2\/comments?post=12155"}],"version-history":[{"count":0,"href":"https:\/\/psol50.org.br\/rest\/wp\/v2\/posts\/12155\/revisions"}],"wp:featuredmedia":[{"embeddable":true,"href":"https:\/\/psol50.org.br\/rest\/"}],"wp:attachment":[{"href":"https:\/\/psol50.org.br\/rest\/wp\/v2\/media?parent=12155"}],"wp:term":[{"taxonomy":"category","embeddable":true,"href":"https:\/\/psol50.org.br\/rest\/wp\/v2\/categories?post=12155"},{"taxonomy":"post_tag","embeddable":true,"href":"https:\/\/psol50.org.br\/rest\/wp\/v2\/tags?post=12155"}],"curies":[{"name":"wp","href":"https:\/\/api.w.org\/{rel}","templated":true}]}}