{"id":12158,"date":"2016-04-28T18:32:40","date_gmt":"2016-04-28T18:32:40","guid":{"rendered":"http:\/\/www.psol50.org.br\/?p=12158"},"modified":"2016-04-28T18:32:40","modified_gmt":"2016-04-28T18:32:40","slug":"deputados-do-psol-votarao-contra-mp-700-que-favorece-empreiteiras","status":"publish","type":"post","link":"https:\/\/psol50.org.br\/deputados-do-psol-votarao-contra-mp-700-que-favorece-empreiteiras\/","title":{"rendered":"Deputados do PSOL votar\u00e3o contra MP 700, que favorece empreiteiras"},"content":{"rendered":"<p>Est\u00e1 prestes a ser votado em Comiss\u00e3o Mista relat\u00f3rio favor\u00e1vel a uma Medida Provis\u00f3ria que favorece, ainda mais, empreiteiras que atuam na constru\u00e7\u00e3o civil. Trata-se da MP 700\/2015, que delega para elas o direito de promover desapropria\u00e7\u00f5es de utilidade p\u00fablica. A medida foi assinada pela presidenta Dilma Rousseff em 8 de dezembro de 2015. Os deputados do PSOL Chico Alencar (RJ) e Edmilson Rodrigues (PA), titular e suplente, respectivamente, da Comiss\u00e3o Mista que analisa a medida, votar\u00e3o\u00a0contra\u00a0o\u00a0relat\u00f3rio, que estava previsto para ser apreciado\u00a0nesta quinta-feira (28\/4). A reuni\u00e3o para discutir e analisar a proposta foi remarcada para a pr\u00f3xima ter\u00e7a-feira (03).<\/p>\n<p>S\u00e3o muitas as raz\u00f5es que levam os deputados a se posicionarem contr\u00e1rios \u00e0 medida. A primeira diz respeito \u00e0 possibilidade de empresas e concession\u00e1rios privados envolvidos em parceria com poder p\u00fablico terem o poder de desapropriar terras. Antes da edi\u00e7\u00e3o desta medida, somente os governos municipal, estadual ou federal tinham essa prerrogativa.<\/p>\n<p>Outro aspecto grave da MP: o privado pode desapropriar uma \u00e1rea bem maior do que a necess\u00e1ria para a obra, estando autorizada a explorar esse espa\u00e7o comercialmente de acordo com seu interesse. Isto quer dizer, por exemplo, que para constru\u00e7\u00e3o de um parque, a empreiteira est\u00e1 autorizada a desapropriar n\u00e3o apenas a \u00e1rea necess\u00e1ria para constru\u00e7\u00e3o do mesmo, mas uma bem maior para constru\u00e7\u00e3o de torres de salas comerciais.<\/p>\n<p>Para Raquel Rolnik, urbanista e professora da FAU\/USP, essa \u00e9 uma pegadinha da MP.\u00a0&#8220;Eu desaproprio para al\u00e9m do lugar que eu preciso para construir a escola, o hospital ou a estrada. Para al\u00e9m, quanto? Nenhuma defini\u00e7\u00e3o. O c\u00e9u \u00e9 o limite&#8221;, comentou a arquiteta e urbanista em audi\u00eancia p\u00fablica no Senado no dia 12 de abril. Ela esteve no debate a convite dos deputados psolistas.<\/p>\n<p>Para o deputado Edmilson, a possibilidade de contrata\u00e7\u00e3o baseada num projeto b\u00e1sico, pode ser, ainda, favor\u00e1vel \u00e0 corrup\u00e7\u00e3o. &#8220;Essa\u00a0ideia muito gen\u00e9rica do que vai ser o projeto \u00e9 um risco muito grande no momento em que n\u00f3s combatemos a corrup\u00e7\u00e3o, porque \u00e9 claro, esta salinha aqui se voc\u00ea tem aqui um carpete, coloca-se um granito e a obra pode ser multiplicada por 10 e num mesmo ambiente, n\u00e3o vai se alargar um cent\u00edmetro, n\u00e3o vai se derrubar nada.\u00a0Nossa responsabilidade \u00e9 grande, porque podemos estar regulando algo que, na verdade, \u00e9 desregulamenta\u00e7\u00e3o e viabilizando o vale-tudo&#8221;, questiona o deputado paraense.<\/p>\n<p>A segunda pegadinha da MP, de acordo com Rolnik, \u00e9 que ela permite especula\u00e7\u00e3o imobili\u00e1ria, uma vez que, o governo tendo desistido de realizar a obra, a empreiteira continua autorizada a explorar a \u00e1rea como quiser. Inclusive colocando os terrenos em fundos de investimento financeiro. &#8220;Essa \u00e9 uma estrat\u00e9gia absolutamente central do complexo imobili\u00e1rio financeiro que est\u00e1 tomando conta das nossas cidades. E h\u00e1 um personagem central desse complexo, que se chama empreiteira&#8221;, explica.<\/p>\n<p>Um \u00faltimo ponto a ser destacado \u00e9 a permiss\u00e3o \u00e0s empreiteiras a adentrar e inspecionar at\u00e9 o interior das casas de interesse dos empreendimentos, sem qualquer autoriza\u00e7\u00e3o judicial. &#8220;N\u00f3s simplesmente estamos fazendo avan\u00e7ar ainda mais aquilo que tem nos indignado h\u00e1 meses, h\u00e1 anos neste nosso Pa\u00eds. Enquanto estamos tentando nos dar conta de como enfrentar esse tema perverso da apropria\u00e7\u00e3o do p\u00fablico pelo privado, do desvio de recursos p\u00fablicos, n\u00f3s estamos criando mais um instrumento para isso&#8221;, conclui Rolnik sobre a MP.<\/p>\n<p><strong>Interven\u00e7\u00e3o do PSOL<br \/>\n<\/strong>Os deputados do PSOL, Chico Alencar e Edmilson Rodrigues, propuseram mudan\u00e7as no texto que, contudo, n\u00e3o foram acatadas. Uma delas determinava que a desapropria\u00e7\u00e3o s\u00f3 poderia ser feita pelo poder p\u00fablico. Outra mudan\u00e7a no texto indicava que os\u00a0planos de urbaniza\u00e7\u00e3o, de renova\u00e7\u00e3o urbana ou de parcelamento ou reparcelamento do solo, deveriam ser elaborados com participa\u00e7\u00e3o popular e ser aprovados por lei municipal espec\u00edfica.<\/p>\n<p>O texto tamb\u00e9m previa medidas compensat\u00f3rias quando o im\u00f3vel a ser desapropriado estivesse ocupado coletivamente ou individualmente por popula\u00e7\u00e3o de baixa renda ou em situa\u00e7\u00e3o de vulnerabilidade, para fins de moradia.<\/p>\n<p><em>Fonte: Mandato deputado Edmilson Rodrigues<\/em><\/p>\n<p>&nbsp;<\/p>\n","protected":false},"excerpt":{"rendered":"<p>Est\u00e1 prestes a ser votado em Comiss\u00e3o Mista relat\u00f3rio favor\u00e1vel a uma Medida Provis\u00f3ria que favorece, ainda mais, empreiteiras que atuam na constru\u00e7\u00e3o civil. Trata-se da MP 700\/2015, que delega para elas o direito de promover desapropria\u00e7\u00f5es de utilidade p\u00fablica. A medida foi assinada pela presidenta Dilma Rousseff em 8 de dezembro de 2015. Os [&hellip;]<\/p>\n","protected":false},"author":2,"featured_media":12159,"comment_status":"open","ping_status":"open","sticky":false,"template":"","format":"standard","meta":{"_acf_changed":false,"footnotes":""},"categories":[10,1882,6,14],"tags":[1680,4301,4302,2474,58,4303,973,4304,3048,4305,2573,22,2492,4306,4307],"class_list":{"0":"post-12158","1":"post","2":"type-post","3":"status-publish","4":"format-standard","5":"has-post-thumbnail","7":"category-acao-parlamentares","8":"category-brasil","9":"category-noticias","10":"category-partido","11":"tag-chico-alencar","12":"tag-comissao-mista","13":"tag-concessionarios-privados","14":"tag-construcao-civil","15":"tag-corrupcao","16":"tag-despropriacao","17":"tag-edmilson-rodrigues","18":"tag-empreiteiras","19":"tag-especulacao-imobiliaria","20":"tag-mp-700","21":"tag-poder-publico","22":"tag-psol","23":"tag-raquel-rolnik","24":"tag-terras-publicas","25":"tag-urbanista"},"acf":[],"yoast_head":"<!-- This site is optimized with the Yoast SEO plugin v26.5 - https:\/\/yoast.com\/wordpress\/plugins\/seo\/ -->\n<title>Deputados do PSOL votar\u00e3o contra MP 700, que favorece empreiteiras - PSOL 50<\/title>\n<meta name=\"robots\" content=\"index, follow, max-snippet:-1, max-image-preview:large, max-video-preview:-1\" \/>\n<link rel=\"canonical\" href=\"https:\/\/psol50.org.br\/deputados-do-psol-votarao-contra-mp-700-que-favorece-empreiteiras\/\" \/>\n<meta property=\"og:locale\" content=\"pt_BR\" \/>\n<meta property=\"og:type\" content=\"article\" \/>\n<meta property=\"og:title\" content=\"Deputados do PSOL votar\u00e3o contra MP 700, que favorece empreiteiras - PSOL 50\" \/>\n<meta property=\"og:description\" content=\"Est\u00e1 prestes a ser votado em Comiss\u00e3o Mista relat\u00f3rio favor\u00e1vel a uma Medida Provis\u00f3ria que favorece, ainda mais, empreiteiras que atuam na constru\u00e7\u00e3o civil. Trata-se da MP 700\/2015, que delega para elas o direito de promover desapropria\u00e7\u00f5es de utilidade p\u00fablica. A medida foi assinada pela presidenta Dilma Rousseff em 8 de dezembro de 2015. Os [&hellip;]\" \/>\n<meta property=\"og:url\" content=\"https:\/\/psol50.org.br\/deputados-do-psol-votarao-contra-mp-700-que-favorece-empreiteiras\/\" \/>\n<meta property=\"og:site_name\" content=\"PSOL 50\" \/>\n<meta property=\"article:publisher\" content=\"https:\/\/www.facebook.com\/psol50\" \/>\n<meta property=\"article:published_time\" content=\"2016-04-28T18:32:40+00:00\" \/>\n<meta property=\"og:image\" content=\"https:\/\/psol50.org.br\/inc\/uploads\/2018\/07\/capa.png\" \/>\n\t<meta property=\"og:image:width\" content=\"1350\" \/>\n\t<meta property=\"og:image:height\" content=\"900\" \/>\n\t<meta property=\"og:image:type\" content=\"image\/png\" \/>\n<meta name=\"author\" content=\"Comunica\u00e7\u00e3o PSOL\" \/>\n<meta name=\"twitter:card\" content=\"summary_large_image\" \/>\n<meta name=\"twitter:creator\" content=\"@psol50\" \/>\n<meta name=\"twitter:site\" content=\"@psol50\" \/>\n<meta name=\"twitter:label1\" content=\"Escrito por\" \/>\n\t<meta name=\"twitter:data1\" content=\"Comunica\u00e7\u00e3o PSOL\" \/>\n\t<meta name=\"twitter:label2\" content=\"Est. tempo de leitura\" \/>\n\t<meta name=\"twitter:data2\" content=\"4 minutos\" \/>\n<script type=\"application\/ld+json\" class=\"yoast-schema-graph\">{\"@context\":\"https:\/\/schema.org\",\"@graph\":[{\"@type\":\"Article\",\"@id\":\"https:\/\/psol50.org.br\/deputados-do-psol-votarao-contra-mp-700-que-favorece-empreiteiras\/#article\",\"isPartOf\":{\"@id\":\"https:\/\/psol50.org.br\/deputados-do-psol-votarao-contra-mp-700-que-favorece-empreiteiras\/\"},\"author\":{\"name\":\"Comunica\u00e7\u00e3o PSOL\",\"@id\":\"https:\/\/psol50.org.br\/#\/schema\/person\/475dfa57d0b815993c714c2e96491fcd\"},\"headline\":\"Deputados do PSOL votar\u00e3o contra MP 700, que favorece empreiteiras\",\"datePublished\":\"2016-04-28T18:32:40+00:00\",\"mainEntityOfPage\":{\"@id\":\"https:\/\/psol50.org.br\/deputados-do-psol-votarao-contra-mp-700-que-favorece-empreiteiras\/\"},\"wordCount\":716,\"commentCount\":0,\"publisher\":{\"@id\":\"https:\/\/psol50.org.br\/#organization\"},\"image\":{\"@id\":\"https:\/\/psol50.org.br\/deputados-do-psol-votarao-contra-mp-700-que-favorece-empreiteiras\/#primaryimage\"},\"thumbnailUrl\":\"\",\"keywords\":[\"Chico Alencar\",\"comiss\u00e3o mista\",\"concession\u00e1rios privados\",\"constru\u00e7\u00e3o civil\",\"corrup\u00e7\u00e3o\",\"despropria\u00e7\u00e3o\",\"Edmilson Rodrigues\",\"empreiteiras\",\"especula\u00e7\u00e3o imobili\u00e1ria\",\"MP 700\",\"poder p\u00fablico\",\"PSOL\",\"Raquel Rolnik\",\"terras p\u00fablicas\",\"urbanista\"],\"articleSection\":[\"A\u00e7\u00e3o Parlamentar\",\"Brasil\",\"Not\u00edcias\",\"Partido\"],\"inLanguage\":\"pt-BR\",\"potentialAction\":[{\"@type\":\"CommentAction\",\"name\":\"Comment\",\"target\":[\"https:\/\/psol50.org.br\/deputados-do-psol-votarao-contra-mp-700-que-favorece-empreiteiras\/#respond\"]}]},{\"@type\":\"WebPage\",\"@id\":\"https:\/\/psol50.org.br\/deputados-do-psol-votarao-contra-mp-700-que-favorece-empreiteiras\/\",\"url\":\"https:\/\/psol50.org.br\/deputados-do-psol-votarao-contra-mp-700-que-favorece-empreiteiras\/\",\"name\":\"Deputados do PSOL votar\u00e3o contra MP 700, que favorece empreiteiras - PSOL 50\",\"isPartOf\":{\"@id\":\"https:\/\/psol50.org.br\/#website\"},\"primaryImageOfPage\":{\"@id\":\"https:\/\/psol50.org.br\/deputados-do-psol-votarao-contra-mp-700-que-favorece-empreiteiras\/#primaryimage\"},\"image\":{\"@id\":\"https:\/\/psol50.org.br\/deputados-do-psol-votarao-contra-mp-700-que-favorece-empreiteiras\/#primaryimage\"},\"thumbnailUrl\":\"\",\"datePublished\":\"2016-04-28T18:32:40+00:00\",\"breadcrumb\":{\"@id\":\"https:\/\/psol50.org.br\/deputados-do-psol-votarao-contra-mp-700-que-favorece-empreiteiras\/#breadcrumb\"},\"inLanguage\":\"pt-BR\",\"potentialAction\":[{\"@type\":\"ReadAction\",\"target\":[\"https:\/\/psol50.org.br\/deputados-do-psol-votarao-contra-mp-700-que-favorece-empreiteiras\/\"]}]},{\"@type\":\"ImageObject\",\"inLanguage\":\"pt-BR\",\"@id\":\"https:\/\/psol50.org.br\/deputados-do-psol-votarao-contra-mp-700-que-favorece-empreiteiras\/#primaryimage\",\"url\":\"\",\"contentUrl\":\"\"},{\"@type\":\"BreadcrumbList\",\"@id\":\"https:\/\/psol50.org.br\/deputados-do-psol-votarao-contra-mp-700-que-favorece-empreiteiras\/#breadcrumb\",\"itemListElement\":[{\"@type\":\"ListItem\",\"position\":1,\"name\":\"In\u00edcio\",\"item\":\"https:\/\/psol50.org.br\/\"},{\"@type\":\"ListItem\",\"position\":2,\"name\":\"Deputados do PSOL votar\u00e3o contra MP 700, que favorece empreiteiras\"}]},{\"@type\":\"WebSite\",\"@id\":\"https:\/\/psol50.org.br\/#website\",\"url\":\"https:\/\/psol50.org.br\/\",\"name\":\"PSOL 50\",\"description\":\"Site oficial do Partido Socialismo e Liberdade\",\"publisher\":{\"@id\":\"https:\/\/psol50.org.br\/#organization\"},\"alternateName\":\"PSOL50\",\"potentialAction\":[{\"@type\":\"SearchAction\",\"target\":{\"@type\":\"EntryPoint\",\"urlTemplate\":\"https:\/\/psol50.org.br\/?s={search_term_string}\"},\"query-input\":{\"@type\":\"PropertyValueSpecification\",\"valueRequired\":true,\"valueName\":\"search_term_string\"}}],\"inLanguage\":\"pt-BR\"},{\"@type\":\"Organization\",\"@id\":\"https:\/\/psol50.org.br\/#organization\",\"name\":\"PSOL 50\",\"alternateName\":\"PSOL 50\",\"url\":\"https:\/\/psol50.org.br\/\",\"logo\":{\"@type\":\"ImageObject\",\"inLanguage\":\"pt-BR\",\"@id\":\"https:\/\/psol50.org.br\/#\/schema\/logo\/image\/\",\"url\":\"https:\/\/psol50.org.br\/inc\/uploads\/2018\/07\/capa.png\",\"contentUrl\":\"https:\/\/psol50.org.br\/inc\/uploads\/2018\/07\/capa.png\",\"width\":1350,\"height\":900,\"caption\":\"PSOL 50\"},\"image\":{\"@id\":\"https:\/\/psol50.org.br\/#\/schema\/logo\/image\/\"},\"sameAs\":[\"https:\/\/www.facebook.com\/psol50\",\"https:\/\/x.com\/psol50\",\"https:\/\/www.instagram.com\/psol50\/\",\"https:\/\/www.youtube.com\/channel\/UC7SnJS5o1os7a6CaiNabzcg\"]},{\"@type\":\"Person\",\"@id\":\"https:\/\/psol50.org.br\/#\/schema\/person\/475dfa57d0b815993c714c2e96491fcd\",\"name\":\"Comunica\u00e7\u00e3o PSOL\",\"image\":{\"@type\":\"ImageObject\",\"inLanguage\":\"pt-BR\",\"@id\":\"https:\/\/psol50.org.br\/#\/schema\/person\/image\/\",\"url\":\"https:\/\/secure.gravatar.com\/avatar\/b34fc4f4e468a4e51785917065a3db57b841f5c95dba6ad8c73aaf8f66f8f9bf?s=96&d=mm&r=g\",\"contentUrl\":\"https:\/\/secure.gravatar.com\/avatar\/b34fc4f4e468a4e51785917065a3db57b841f5c95dba6ad8c73aaf8f66f8f9bf?s=96&d=mm&r=g\",\"caption\":\"Comunica\u00e7\u00e3o PSOL\"}}]}<\/script>\n<!-- \/ Yoast SEO plugin. -->","yoast_head_json":{"title":"Deputados do PSOL votar\u00e3o contra MP 700, que favorece empreiteiras - PSOL 50","robots":{"index":"index","follow":"follow","max-snippet":"max-snippet:-1","max-image-preview":"max-image-preview:large","max-video-preview":"max-video-preview:-1"},"canonical":"https:\/\/psol50.org.br\/deputados-do-psol-votarao-contra-mp-700-que-favorece-empreiteiras\/","og_locale":"pt_BR","og_type":"article","og_title":"Deputados do PSOL votar\u00e3o contra MP 700, que favorece empreiteiras - PSOL 50","og_description":"Est\u00e1 prestes a ser votado em Comiss\u00e3o Mista relat\u00f3rio favor\u00e1vel a uma Medida Provis\u00f3ria que favorece, ainda mais, empreiteiras que atuam na constru\u00e7\u00e3o civil. Trata-se da MP 700\/2015, que delega para elas o direito de promover desapropria\u00e7\u00f5es de utilidade p\u00fablica. A medida foi assinada pela presidenta Dilma Rousseff em 8 de dezembro de 2015. Os [&hellip;]","og_url":"https:\/\/psol50.org.br\/deputados-do-psol-votarao-contra-mp-700-que-favorece-empreiteiras\/","og_site_name":"PSOL 50","article_publisher":"https:\/\/www.facebook.com\/psol50","article_published_time":"2016-04-28T18:32:40+00:00","og_image":[{"width":1350,"height":900,"url":"https:\/\/psol50.org.br\/inc\/uploads\/2018\/07\/capa.png","type":"image\/png"}],"author":"Comunica\u00e7\u00e3o PSOL","twitter_card":"summary_large_image","twitter_creator":"@psol50","twitter_site":"@psol50","twitter_misc":{"Escrito por":"Comunica\u00e7\u00e3o PSOL","Est. tempo de leitura":"4 minutos"},"schema":{"@context":"https:\/\/schema.org","@graph":[{"@type":"Article","@id":"https:\/\/psol50.org.br\/deputados-do-psol-votarao-contra-mp-700-que-favorece-empreiteiras\/#article","isPartOf":{"@id":"https:\/\/psol50.org.br\/deputados-do-psol-votarao-contra-mp-700-que-favorece-empreiteiras\/"},"author":{"name":"Comunica\u00e7\u00e3o PSOL","@id":"https:\/\/psol50.org.br\/#\/schema\/person\/475dfa57d0b815993c714c2e96491fcd"},"headline":"Deputados do PSOL votar\u00e3o contra MP 700, que favorece empreiteiras","datePublished":"2016-04-28T18:32:40+00:00","mainEntityOfPage":{"@id":"https:\/\/psol50.org.br\/deputados-do-psol-votarao-contra-mp-700-que-favorece-empreiteiras\/"},"wordCount":716,"commentCount":0,"publisher":{"@id":"https:\/\/psol50.org.br\/#organization"},"image":{"@id":"https:\/\/psol50.org.br\/deputados-do-psol-votarao-contra-mp-700-que-favorece-empreiteiras\/#primaryimage"},"thumbnailUrl":"","keywords":["Chico Alencar","comiss\u00e3o mista","concession\u00e1rios privados","constru\u00e7\u00e3o civil","corrup\u00e7\u00e3o","despropria\u00e7\u00e3o","Edmilson Rodrigues","empreiteiras","especula\u00e7\u00e3o imobili\u00e1ria","MP 700","poder p\u00fablico","PSOL","Raquel Rolnik","terras p\u00fablicas","urbanista"],"articleSection":["A\u00e7\u00e3o Parlamentar","Brasil","Not\u00edcias","Partido"],"inLanguage":"pt-BR","potentialAction":[{"@type":"CommentAction","name":"Comment","target":["https:\/\/psol50.org.br\/deputados-do-psol-votarao-contra-mp-700-que-favorece-empreiteiras\/#respond"]}]},{"@type":"WebPage","@id":"https:\/\/psol50.org.br\/deputados-do-psol-votarao-contra-mp-700-que-favorece-empreiteiras\/","url":"https:\/\/psol50.org.br\/deputados-do-psol-votarao-contra-mp-700-que-favorece-empreiteiras\/","name":"Deputados do PSOL votar\u00e3o contra MP 700, que favorece empreiteiras - PSOL 50","isPartOf":{"@id":"https:\/\/psol50.org.br\/#website"},"primaryImageOfPage":{"@id":"https:\/\/psol50.org.br\/deputados-do-psol-votarao-contra-mp-700-que-favorece-empreiteiras\/#primaryimage"},"image":{"@id":"https:\/\/psol50.org.br\/deputados-do-psol-votarao-contra-mp-700-que-favorece-empreiteiras\/#primaryimage"},"thumbnailUrl":"","datePublished":"2016-04-28T18:32:40+00:00","breadcrumb":{"@id":"https:\/\/psol50.org.br\/deputados-do-psol-votarao-contra-mp-700-que-favorece-empreiteiras\/#breadcrumb"},"inLanguage":"pt-BR","potentialAction":[{"@type":"ReadAction","target":["https:\/\/psol50.org.br\/deputados-do-psol-votarao-contra-mp-700-que-favorece-empreiteiras\/"]}]},{"@type":"ImageObject","inLanguage":"pt-BR","@id":"https:\/\/psol50.org.br\/deputados-do-psol-votarao-contra-mp-700-que-favorece-empreiteiras\/#primaryimage","url":"","contentUrl":""},{"@type":"BreadcrumbList","@id":"https:\/\/psol50.org.br\/deputados-do-psol-votarao-contra-mp-700-que-favorece-empreiteiras\/#breadcrumb","itemListElement":[{"@type":"ListItem","position":1,"name":"In\u00edcio","item":"https:\/\/psol50.org.br\/"},{"@type":"ListItem","position":2,"name":"Deputados do PSOL votar\u00e3o contra MP 700, que favorece empreiteiras"}]},{"@type":"WebSite","@id":"https:\/\/psol50.org.br\/#website","url":"https:\/\/psol50.org.br\/","name":"PSOL 50","description":"Site oficial do Partido Socialismo e Liberdade","publisher":{"@id":"https:\/\/psol50.org.br\/#organization"},"alternateName":"PSOL50","potentialAction":[{"@type":"SearchAction","target":{"@type":"EntryPoint","urlTemplate":"https:\/\/psol50.org.br\/?s={search_term_string}"},"query-input":{"@type":"PropertyValueSpecification","valueRequired":true,"valueName":"search_term_string"}}],"inLanguage":"pt-BR"},{"@type":"Organization","@id":"https:\/\/psol50.org.br\/#organization","name":"PSOL 50","alternateName":"PSOL 50","url":"https:\/\/psol50.org.br\/","logo":{"@type":"ImageObject","inLanguage":"pt-BR","@id":"https:\/\/psol50.org.br\/#\/schema\/logo\/image\/","url":"https:\/\/psol50.org.br\/inc\/uploads\/2018\/07\/capa.png","contentUrl":"https:\/\/psol50.org.br\/inc\/uploads\/2018\/07\/capa.png","width":1350,"height":900,"caption":"PSOL 50"},"image":{"@id":"https:\/\/psol50.org.br\/#\/schema\/logo\/image\/"},"sameAs":["https:\/\/www.facebook.com\/psol50","https:\/\/x.com\/psol50","https:\/\/www.instagram.com\/psol50\/","https:\/\/www.youtube.com\/channel\/UC7SnJS5o1os7a6CaiNabzcg"]},{"@type":"Person","@id":"https:\/\/psol50.org.br\/#\/schema\/person\/475dfa57d0b815993c714c2e96491fcd","name":"Comunica\u00e7\u00e3o PSOL","image":{"@type":"ImageObject","inLanguage":"pt-BR","@id":"https:\/\/psol50.org.br\/#\/schema\/person\/image\/","url":"https:\/\/secure.gravatar.com\/avatar\/b34fc4f4e468a4e51785917065a3db57b841f5c95dba6ad8c73aaf8f66f8f9bf?s=96&d=mm&r=g","contentUrl":"https:\/\/secure.gravatar.com\/avatar\/b34fc4f4e468a4e51785917065a3db57b841f5c95dba6ad8c73aaf8f66f8f9bf?s=96&d=mm&r=g","caption":"Comunica\u00e7\u00e3o PSOL"}}]}},"_links":{"self":[{"href":"https:\/\/psol50.org.br\/rest\/wp\/v2\/posts\/12158","targetHints":{"allow":["GET"]}}],"collection":[{"href":"https:\/\/psol50.org.br\/rest\/wp\/v2\/posts"}],"about":[{"href":"https:\/\/psol50.org.br\/rest\/wp\/v2\/types\/post"}],"author":[{"embeddable":true,"href":"https:\/\/psol50.org.br\/rest\/wp\/v2\/users\/2"}],"replies":[{"embeddable":true,"href":"https:\/\/psol50.org.br\/rest\/wp\/v2\/comments?post=12158"}],"version-history":[{"count":0,"href":"https:\/\/psol50.org.br\/rest\/wp\/v2\/posts\/12158\/revisions"}],"wp:featuredmedia":[{"embeddable":true,"href":"https:\/\/psol50.org.br\/rest\/"}],"wp:attachment":[{"href":"https:\/\/psol50.org.br\/rest\/wp\/v2\/media?parent=12158"}],"wp:term":[{"taxonomy":"category","embeddable":true,"href":"https:\/\/psol50.org.br\/rest\/wp\/v2\/categories?post=12158"},{"taxonomy":"post_tag","embeddable":true,"href":"https:\/\/psol50.org.br\/rest\/wp\/v2\/tags?post=12158"}],"curies":[{"name":"wp","href":"https:\/\/api.w.org\/{rel}","templated":true}]}}