{"id":12175,"date":"2016-04-28T22:38:13","date_gmt":"2016-04-28T22:38:13","guid":{"rendered":"http:\/\/www.psol50.org.br\/?p=12175"},"modified":"2016-04-28T22:38:13","modified_gmt":"2016-04-28T22:38:13","slug":"stf-decidira-se-cunha-pode-assumir-presidencia-interinamente","status":"publish","type":"post","link":"https:\/\/psol50.org.br\/stf-decidira-se-cunha-pode-assumir-presidencia-interinamente\/","title":{"rendered":"STF decidir\u00e1 se Cunha pode assumir Presid\u00eancia interinamente"},"content":{"rendered":"<p><em>A d\u00favida \u00e9 saber se Eduardo Cunha poder\u00e1 ocupar o cargo sendo r\u00e9u em uma a\u00e7\u00e3o penal no STF, por suspeita de receber U$S 5 milh\u00f5es em propina resultante de contratos de navios-sonda da Petrobras<\/em><\/p>\n<p><span style=\"font-size: 12px;\"><em>Da <a href=\"http:\/\/agenciabrasil.ebc.com.br\/politica\/noticia\/2016-04\/stf-decidira-se-cunha-pode-assumir-presidencia-interinamente\">Ag\u00eancia Brasil<\/a>, <\/em><em>Andr\u00e9 Richter<\/p>\n<p><\/em><\/span>O ministro Teori Zavascki, do Supremo Tribunal Federal (STF), disse nesta quinta-feira (28) que o plen\u00e1rio da Corte vai analisar se o presidente da C\u00e2mara dos Deputados, Eduardo Cunha (PMDB-RJ), poder\u00e1 assumir a linha sucess\u00f3ria da Presid\u00eancia da Rep\u00fablica no caso de eventual afastamento da presidenta Dilma Rousseff, por meio do processo de\u00a0<em>impeachment<\/em>. Zavascki \u00e9 relator do pedido feito pela Procuradoria-Geral da Rep\u00fablica, em dezembro do ano passado, para afastar Cunha do cargo.<\/p>\n<p>Caso o Senado aprove a admissibilidade do\u00a0<em>impeachment<\/em>\u00a0e, consequentemente, o afastamento de Dilma do cargo por 180 dias, Michel Temer, atual vice-presidente, assumiria o cargo e Cunha seria o primeiro na linha sucess\u00f3ria, exercendo na pr\u00e1tica as atividades de vice.<\/p>\n<p>A d\u00favida \u00e9 saber se Eduardo Cunha poder\u00e1 ocupar o cargo sendo r\u00e9u em uma a\u00e7\u00e3o penal no STF, por suspeita de receber U$S 5 milh\u00f5es em propina resultante de contratos de navios-sonda da Petrobras.<\/p>\n<p><strong>Leia mais:\u00a0<a href=\"http:\/\/www.psol50.org.br\/2016\/03\/por-unanimidade-stf-decide-que-eduardo-cunha-e-reu-na-lava-jato\/\"><em>Por unanimidade, STF decide que Eduardo Cunha \u00e9 r\u00e9u na Lava Jato<\/em><\/a><\/strong><\/p>\n<p>A Constitui\u00e7\u00e3o pro\u00edbe que um r\u00e9u assuma uma cadeira no Pal\u00e1cio do Planalto, mesmo de forma interina, no caso de uma viagem de Temer para fora do pa\u00eds, por exemplo.<\/p>\n<p>Questionado sobre o assunto, Zavascki disse, ao chegar para sess\u00e3o de hoje do Supremo, que \u201cisso \u00e9 um assunto que precisa ser examinado\u201d e que levar\u00e1 o fato para julgamento na sess\u00e3o em que a Corte dever\u00e1 analisar o pedido para afastar Cunha do cargo. A data n\u00e3o foi definida.<\/p>\n<p>Para justificar o pedido, o procurador citou 11 fatos que comprovariam que Cunha usa o mandato de deputado e o cargo de presidente da C\u00e2mara para intimidar colegas, r\u00e9us que assinaram acordos de dela\u00e7\u00e3o premiada e advogados.<\/p>\n<p>&nbsp;<\/p>\n<p>&nbsp;<\/p>\n","protected":false},"excerpt":{"rendered":"<p>A d\u00favida \u00e9 saber se Eduardo Cunha poder\u00e1 ocupar o cargo sendo r\u00e9u em uma a\u00e7\u00e3o penal no STF, por suspeita de receber U$S 5 milh\u00f5es em propina resultante de contratos de navios-sonda da Petrobras Da Ag\u00eancia Brasil, Andr\u00e9 Richter O ministro Teori Zavascki, do Supremo Tribunal Federal (STF), disse nesta quinta-feira (28) que o [&hellip;]<\/p>\n","protected":false},"author":2,"featured_media":12176,"comment_status":"open","ping_status":"open","sticky":false,"template":"","format":"standard","meta":{"_acf_changed":false,"footnotes":""},"categories":[1882],"tags":[2324,2890,220,1748,1993,2310,4239,45,1696,2817],"class_list":{"0":"post-12175","1":"post","2":"type-post","3":"status-publish","4":"format-standard","5":"has-post-thumbnail","7":"category-brasil","8":"tag-constituicao-federal","9":"tag-eduardo-cunha","10":"tag-impeachment","11":"tag-michel-temer","12":"tag-palacio-do-planalto","13":"tag-presidencia-da-republica","14":"tag-presidente-dilma-rousseff","15":"tag-stf","16":"tag-supremo-tribunal-federal","17":"tag-teori-zavascki"},"acf":[],"yoast_head":"<!-- This site is optimized with the Yoast SEO plugin v26.5 - https:\/\/yoast.com\/wordpress\/plugins\/seo\/ -->\n<title>STF decidir\u00e1 se Cunha pode assumir Presid\u00eancia interinamente - PSOL 50<\/title>\n<meta name=\"robots\" content=\"index, follow, max-snippet:-1, max-image-preview:large, max-video-preview:-1\" \/>\n<link rel=\"canonical\" href=\"https:\/\/psol50.org.br\/stf-decidira-se-cunha-pode-assumir-presidencia-interinamente\/\" \/>\n<meta property=\"og:locale\" content=\"pt_BR\" \/>\n<meta property=\"og:type\" content=\"article\" \/>\n<meta property=\"og:title\" content=\"STF decidir\u00e1 se Cunha pode assumir Presid\u00eancia interinamente - PSOL 50\" \/>\n<meta property=\"og:description\" content=\"A d\u00favida \u00e9 saber se Eduardo Cunha poder\u00e1 ocupar o cargo sendo r\u00e9u em uma a\u00e7\u00e3o penal no STF, por suspeita de receber U$S 5 milh\u00f5es em propina resultante de contratos de navios-sonda da Petrobras Da Ag\u00eancia Brasil, Andr\u00e9 Richter O ministro Teori Zavascki, do Supremo Tribunal Federal (STF), disse nesta quinta-feira (28) que o [&hellip;]\" \/>\n<meta property=\"og:url\" content=\"https:\/\/psol50.org.br\/stf-decidira-se-cunha-pode-assumir-presidencia-interinamente\/\" \/>\n<meta property=\"og:site_name\" content=\"PSOL 50\" \/>\n<meta property=\"article:publisher\" content=\"https:\/\/www.facebook.com\/psol50\" \/>\n<meta property=\"article:published_time\" content=\"2016-04-28T22:38:13+00:00\" \/>\n<meta property=\"og:image\" content=\"https:\/\/psol50.org.br\/inc\/uploads\/2018\/07\/capa.png\" \/>\n\t<meta property=\"og:image:width\" content=\"1350\" \/>\n\t<meta property=\"og:image:height\" content=\"900\" \/>\n\t<meta property=\"og:image:type\" content=\"image\/png\" \/>\n<meta name=\"author\" content=\"Comunica\u00e7\u00e3o PSOL\" \/>\n<meta name=\"twitter:card\" content=\"summary_large_image\" \/>\n<meta name=\"twitter:creator\" content=\"@psol50\" \/>\n<meta name=\"twitter:site\" content=\"@psol50\" \/>\n<meta name=\"twitter:label1\" content=\"Escrito por\" \/>\n\t<meta name=\"twitter:data1\" content=\"Comunica\u00e7\u00e3o PSOL\" \/>\n\t<meta name=\"twitter:label2\" content=\"Est. tempo de leitura\" \/>\n\t<meta name=\"twitter:data2\" content=\"2 minutos\" \/>\n<script type=\"application\/ld+json\" class=\"yoast-schema-graph\">{\"@context\":\"https:\/\/schema.org\",\"@graph\":[{\"@type\":\"Article\",\"@id\":\"https:\/\/psol50.org.br\/stf-decidira-se-cunha-pode-assumir-presidencia-interinamente\/#article\",\"isPartOf\":{\"@id\":\"https:\/\/psol50.org.br\/stf-decidira-se-cunha-pode-assumir-presidencia-interinamente\/\"},\"author\":{\"name\":\"Comunica\u00e7\u00e3o PSOL\",\"@id\":\"https:\/\/psol50.org.br\/#\/schema\/person\/475dfa57d0b815993c714c2e96491fcd\"},\"headline\":\"STF decidir\u00e1 se Cunha pode assumir Presid\u00eancia interinamente\",\"datePublished\":\"2016-04-28T22:38:13+00:00\",\"mainEntityOfPage\":{\"@id\":\"https:\/\/psol50.org.br\/stf-decidira-se-cunha-pode-assumir-presidencia-interinamente\/\"},\"wordCount\":353,\"commentCount\":0,\"publisher\":{\"@id\":\"https:\/\/psol50.org.br\/#organization\"},\"image\":{\"@id\":\"https:\/\/psol50.org.br\/stf-decidira-se-cunha-pode-assumir-presidencia-interinamente\/#primaryimage\"},\"thumbnailUrl\":\"\",\"keywords\":[\"Constitui\u00e7\u00e3o Federal\",\"Eduardo Cunha\",\"impeachment\",\"Michel Temer\",\"Pal\u00e1cio do Planalto\",\"Presid\u00eancia da Rep\u00fablica\",\"presidente Dilma Rousseff\",\"STF\",\"Supremo Tribunal Federal\",\"Teori Zavascki\"],\"articleSection\":[\"Brasil\"],\"inLanguage\":\"pt-BR\",\"potentialAction\":[{\"@type\":\"CommentAction\",\"name\":\"Comment\",\"target\":[\"https:\/\/psol50.org.br\/stf-decidira-se-cunha-pode-assumir-presidencia-interinamente\/#respond\"]}]},{\"@type\":\"WebPage\",\"@id\":\"https:\/\/psol50.org.br\/stf-decidira-se-cunha-pode-assumir-presidencia-interinamente\/\",\"url\":\"https:\/\/psol50.org.br\/stf-decidira-se-cunha-pode-assumir-presidencia-interinamente\/\",\"name\":\"STF decidir\u00e1 se Cunha pode assumir Presid\u00eancia interinamente - PSOL 50\",\"isPartOf\":{\"@id\":\"https:\/\/psol50.org.br\/#website\"},\"primaryImageOfPage\":{\"@id\":\"https:\/\/psol50.org.br\/stf-decidira-se-cunha-pode-assumir-presidencia-interinamente\/#primaryimage\"},\"image\":{\"@id\":\"https:\/\/psol50.org.br\/stf-decidira-se-cunha-pode-assumir-presidencia-interinamente\/#primaryimage\"},\"thumbnailUrl\":\"\",\"datePublished\":\"2016-04-28T22:38:13+00:00\",\"breadcrumb\":{\"@id\":\"https:\/\/psol50.org.br\/stf-decidira-se-cunha-pode-assumir-presidencia-interinamente\/#breadcrumb\"},\"inLanguage\":\"pt-BR\",\"potentialAction\":[{\"@type\":\"ReadAction\",\"target\":[\"https:\/\/psol50.org.br\/stf-decidira-se-cunha-pode-assumir-presidencia-interinamente\/\"]}]},{\"@type\":\"ImageObject\",\"inLanguage\":\"pt-BR\",\"@id\":\"https:\/\/psol50.org.br\/stf-decidira-se-cunha-pode-assumir-presidencia-interinamente\/#primaryimage\",\"url\":\"\",\"contentUrl\":\"\"},{\"@type\":\"BreadcrumbList\",\"@id\":\"https:\/\/psol50.org.br\/stf-decidira-se-cunha-pode-assumir-presidencia-interinamente\/#breadcrumb\",\"itemListElement\":[{\"@type\":\"ListItem\",\"position\":1,\"name\":\"In\u00edcio\",\"item\":\"https:\/\/psol50.org.br\/\"},{\"@type\":\"ListItem\",\"position\":2,\"name\":\"STF decidir\u00e1 se Cunha pode assumir Presid\u00eancia interinamente\"}]},{\"@type\":\"WebSite\",\"@id\":\"https:\/\/psol50.org.br\/#website\",\"url\":\"https:\/\/psol50.org.br\/\",\"name\":\"PSOL 50\",\"description\":\"Site oficial do Partido Socialismo e Liberdade\",\"publisher\":{\"@id\":\"https:\/\/psol50.org.br\/#organization\"},\"alternateName\":\"PSOL50\",\"potentialAction\":[{\"@type\":\"SearchAction\",\"target\":{\"@type\":\"EntryPoint\",\"urlTemplate\":\"https:\/\/psol50.org.br\/?s={search_term_string}\"},\"query-input\":{\"@type\":\"PropertyValueSpecification\",\"valueRequired\":true,\"valueName\":\"search_term_string\"}}],\"inLanguage\":\"pt-BR\"},{\"@type\":\"Organization\",\"@id\":\"https:\/\/psol50.org.br\/#organization\",\"name\":\"PSOL 50\",\"alternateName\":\"PSOL 50\",\"url\":\"https:\/\/psol50.org.br\/\",\"logo\":{\"@type\":\"ImageObject\",\"inLanguage\":\"pt-BR\",\"@id\":\"https:\/\/psol50.org.br\/#\/schema\/logo\/image\/\",\"url\":\"https:\/\/psol50.org.br\/inc\/uploads\/2018\/07\/capa.png\",\"contentUrl\":\"https:\/\/psol50.org.br\/inc\/uploads\/2018\/07\/capa.png\",\"width\":1350,\"height\":900,\"caption\":\"PSOL 50\"},\"image\":{\"@id\":\"https:\/\/psol50.org.br\/#\/schema\/logo\/image\/\"},\"sameAs\":[\"https:\/\/www.facebook.com\/psol50\",\"https:\/\/x.com\/psol50\",\"https:\/\/www.instagram.com\/psol50\/\",\"https:\/\/www.youtube.com\/channel\/UC7SnJS5o1os7a6CaiNabzcg\"]},{\"@type\":\"Person\",\"@id\":\"https:\/\/psol50.org.br\/#\/schema\/person\/475dfa57d0b815993c714c2e96491fcd\",\"name\":\"Comunica\u00e7\u00e3o PSOL\",\"image\":{\"@type\":\"ImageObject\",\"inLanguage\":\"pt-BR\",\"@id\":\"https:\/\/psol50.org.br\/#\/schema\/person\/image\/\",\"url\":\"https:\/\/secure.gravatar.com\/avatar\/b34fc4f4e468a4e51785917065a3db57b841f5c95dba6ad8c73aaf8f66f8f9bf?s=96&d=mm&r=g\",\"contentUrl\":\"https:\/\/secure.gravatar.com\/avatar\/b34fc4f4e468a4e51785917065a3db57b841f5c95dba6ad8c73aaf8f66f8f9bf?s=96&d=mm&r=g\",\"caption\":\"Comunica\u00e7\u00e3o PSOL\"}}]}<\/script>\n<!-- \/ Yoast SEO plugin. -->","yoast_head_json":{"title":"STF decidir\u00e1 se Cunha pode assumir Presid\u00eancia interinamente - PSOL 50","robots":{"index":"index","follow":"follow","max-snippet":"max-snippet:-1","max-image-preview":"max-image-preview:large","max-video-preview":"max-video-preview:-1"},"canonical":"https:\/\/psol50.org.br\/stf-decidira-se-cunha-pode-assumir-presidencia-interinamente\/","og_locale":"pt_BR","og_type":"article","og_title":"STF decidir\u00e1 se Cunha pode assumir Presid\u00eancia interinamente - PSOL 50","og_description":"A d\u00favida \u00e9 saber se Eduardo Cunha poder\u00e1 ocupar o cargo sendo r\u00e9u em uma a\u00e7\u00e3o penal no STF, por suspeita de receber U$S 5 milh\u00f5es em propina resultante de contratos de navios-sonda da Petrobras Da Ag\u00eancia Brasil, Andr\u00e9 Richter O ministro Teori Zavascki, do Supremo Tribunal Federal (STF), disse nesta quinta-feira (28) que o [&hellip;]","og_url":"https:\/\/psol50.org.br\/stf-decidira-se-cunha-pode-assumir-presidencia-interinamente\/","og_site_name":"PSOL 50","article_publisher":"https:\/\/www.facebook.com\/psol50","article_published_time":"2016-04-28T22:38:13+00:00","og_image":[{"width":1350,"height":900,"url":"https:\/\/psol50.org.br\/inc\/uploads\/2018\/07\/capa.png","type":"image\/png"}],"author":"Comunica\u00e7\u00e3o PSOL","twitter_card":"summary_large_image","twitter_creator":"@psol50","twitter_site":"@psol50","twitter_misc":{"Escrito por":"Comunica\u00e7\u00e3o PSOL","Est. tempo de leitura":"2 minutos"},"schema":{"@context":"https:\/\/schema.org","@graph":[{"@type":"Article","@id":"https:\/\/psol50.org.br\/stf-decidira-se-cunha-pode-assumir-presidencia-interinamente\/#article","isPartOf":{"@id":"https:\/\/psol50.org.br\/stf-decidira-se-cunha-pode-assumir-presidencia-interinamente\/"},"author":{"name":"Comunica\u00e7\u00e3o PSOL","@id":"https:\/\/psol50.org.br\/#\/schema\/person\/475dfa57d0b815993c714c2e96491fcd"},"headline":"STF decidir\u00e1 se Cunha pode assumir Presid\u00eancia interinamente","datePublished":"2016-04-28T22:38:13+00:00","mainEntityOfPage":{"@id":"https:\/\/psol50.org.br\/stf-decidira-se-cunha-pode-assumir-presidencia-interinamente\/"},"wordCount":353,"commentCount":0,"publisher":{"@id":"https:\/\/psol50.org.br\/#organization"},"image":{"@id":"https:\/\/psol50.org.br\/stf-decidira-se-cunha-pode-assumir-presidencia-interinamente\/#primaryimage"},"thumbnailUrl":"","keywords":["Constitui\u00e7\u00e3o Federal","Eduardo Cunha","impeachment","Michel Temer","Pal\u00e1cio do Planalto","Presid\u00eancia da Rep\u00fablica","presidente Dilma Rousseff","STF","Supremo Tribunal Federal","Teori Zavascki"],"articleSection":["Brasil"],"inLanguage":"pt-BR","potentialAction":[{"@type":"CommentAction","name":"Comment","target":["https:\/\/psol50.org.br\/stf-decidira-se-cunha-pode-assumir-presidencia-interinamente\/#respond"]}]},{"@type":"WebPage","@id":"https:\/\/psol50.org.br\/stf-decidira-se-cunha-pode-assumir-presidencia-interinamente\/","url":"https:\/\/psol50.org.br\/stf-decidira-se-cunha-pode-assumir-presidencia-interinamente\/","name":"STF decidir\u00e1 se Cunha pode assumir Presid\u00eancia interinamente - PSOL 50","isPartOf":{"@id":"https:\/\/psol50.org.br\/#website"},"primaryImageOfPage":{"@id":"https:\/\/psol50.org.br\/stf-decidira-se-cunha-pode-assumir-presidencia-interinamente\/#primaryimage"},"image":{"@id":"https:\/\/psol50.org.br\/stf-decidira-se-cunha-pode-assumir-presidencia-interinamente\/#primaryimage"},"thumbnailUrl":"","datePublished":"2016-04-28T22:38:13+00:00","breadcrumb":{"@id":"https:\/\/psol50.org.br\/stf-decidira-se-cunha-pode-assumir-presidencia-interinamente\/#breadcrumb"},"inLanguage":"pt-BR","potentialAction":[{"@type":"ReadAction","target":["https:\/\/psol50.org.br\/stf-decidira-se-cunha-pode-assumir-presidencia-interinamente\/"]}]},{"@type":"ImageObject","inLanguage":"pt-BR","@id":"https:\/\/psol50.org.br\/stf-decidira-se-cunha-pode-assumir-presidencia-interinamente\/#primaryimage","url":"","contentUrl":""},{"@type":"BreadcrumbList","@id":"https:\/\/psol50.org.br\/stf-decidira-se-cunha-pode-assumir-presidencia-interinamente\/#breadcrumb","itemListElement":[{"@type":"ListItem","position":1,"name":"In\u00edcio","item":"https:\/\/psol50.org.br\/"},{"@type":"ListItem","position":2,"name":"STF decidir\u00e1 se Cunha pode assumir Presid\u00eancia interinamente"}]},{"@type":"WebSite","@id":"https:\/\/psol50.org.br\/#website","url":"https:\/\/psol50.org.br\/","name":"PSOL 50","description":"Site oficial do Partido Socialismo e Liberdade","publisher":{"@id":"https:\/\/psol50.org.br\/#organization"},"alternateName":"PSOL50","potentialAction":[{"@type":"SearchAction","target":{"@type":"EntryPoint","urlTemplate":"https:\/\/psol50.org.br\/?s={search_term_string}"},"query-input":{"@type":"PropertyValueSpecification","valueRequired":true,"valueName":"search_term_string"}}],"inLanguage":"pt-BR"},{"@type":"Organization","@id":"https:\/\/psol50.org.br\/#organization","name":"PSOL 50","alternateName":"PSOL 50","url":"https:\/\/psol50.org.br\/","logo":{"@type":"ImageObject","inLanguage":"pt-BR","@id":"https:\/\/psol50.org.br\/#\/schema\/logo\/image\/","url":"https:\/\/psol50.org.br\/inc\/uploads\/2018\/07\/capa.png","contentUrl":"https:\/\/psol50.org.br\/inc\/uploads\/2018\/07\/capa.png","width":1350,"height":900,"caption":"PSOL 50"},"image":{"@id":"https:\/\/psol50.org.br\/#\/schema\/logo\/image\/"},"sameAs":["https:\/\/www.facebook.com\/psol50","https:\/\/x.com\/psol50","https:\/\/www.instagram.com\/psol50\/","https:\/\/www.youtube.com\/channel\/UC7SnJS5o1os7a6CaiNabzcg"]},{"@type":"Person","@id":"https:\/\/psol50.org.br\/#\/schema\/person\/475dfa57d0b815993c714c2e96491fcd","name":"Comunica\u00e7\u00e3o PSOL","image":{"@type":"ImageObject","inLanguage":"pt-BR","@id":"https:\/\/psol50.org.br\/#\/schema\/person\/image\/","url":"https:\/\/secure.gravatar.com\/avatar\/b34fc4f4e468a4e51785917065a3db57b841f5c95dba6ad8c73aaf8f66f8f9bf?s=96&d=mm&r=g","contentUrl":"https:\/\/secure.gravatar.com\/avatar\/b34fc4f4e468a4e51785917065a3db57b841f5c95dba6ad8c73aaf8f66f8f9bf?s=96&d=mm&r=g","caption":"Comunica\u00e7\u00e3o PSOL"}}]}},"_links":{"self":[{"href":"https:\/\/psol50.org.br\/rest\/wp\/v2\/posts\/12175","targetHints":{"allow":["GET"]}}],"collection":[{"href":"https:\/\/psol50.org.br\/rest\/wp\/v2\/posts"}],"about":[{"href":"https:\/\/psol50.org.br\/rest\/wp\/v2\/types\/post"}],"author":[{"embeddable":true,"href":"https:\/\/psol50.org.br\/rest\/wp\/v2\/users\/2"}],"replies":[{"embeddable":true,"href":"https:\/\/psol50.org.br\/rest\/wp\/v2\/comments?post=12175"}],"version-history":[{"count":0,"href":"https:\/\/psol50.org.br\/rest\/wp\/v2\/posts\/12175\/revisions"}],"wp:featuredmedia":[{"embeddable":true,"href":"https:\/\/psol50.org.br\/rest\/"}],"wp:attachment":[{"href":"https:\/\/psol50.org.br\/rest\/wp\/v2\/media?parent=12175"}],"wp:term":[{"taxonomy":"category","embeddable":true,"href":"https:\/\/psol50.org.br\/rest\/wp\/v2\/categories?post=12175"},{"taxonomy":"post_tag","embeddable":true,"href":"https:\/\/psol50.org.br\/rest\/wp\/v2\/tags?post=12175"}],"curies":[{"name":"wp","href":"https:\/\/api.w.org\/{rel}","templated":true}]}}