{"id":1218,"date":"2007-09-11T00:00:00","date_gmt":"2007-09-11T00:00:00","guid":{"rendered":"http:\/\/psol50.org.br\/arquivo\/2007\/09\/11\/agora-e-pressionar-os-senadores-para-cassarem-renan\/"},"modified":"2007-09-11T00:00:00","modified_gmt":"2007-09-11T00:00:00","slug":"agora-e-pressionar-os-senadores-para-cassarem-renan","status":"publish","type":"post","link":"https:\/\/psol50.org.br\/agora-e-pressionar-os-senadores-para-cassarem-renan\/","title":{"rendered":"Agora \u00e9 pressionar os senadores para cassarem Renan!"},"content":{"rendered":"<p>Depois das v\u00e1rias tentativas para impedir a investiga\u00e7\u00e3o exigida pelo PSOL, o Conselho de \u00c9tica do Senado aprovou o pedido de cassa\u00e7\u00e3o de Renan Calheiros. Na pr\u00f3xima quarta (12\/9), o plen\u00e1rio do Senado decidir\u00e1 a quest\u00e3o, em sombria sess\u00e3o secreta com voto escondido! Essas trevas facilitam o jogo subterr\u00e2neo da politicagem para evitar a confirma\u00e7\u00e3o da decis\u00e3o do Conselho. Por absurdo que pare\u00e7a, senadores do PT, do PSDB, do PFL\/Demos, do PCdoB e outros tendem a proteger Renan. S\u00f3 avan\u00e7amos at\u00e9 aqui por causa da opini\u00e3o popular e do jornalismo investigativo s\u00e9rio.<\/p>\n<p><!--more--><\/p>\n<p><strong>Cobre posi\u00e7\u00e3o dos senadores!<\/strong><\/p>\n<p>A press\u00e3o social sobre os senadores, reiterando \u00e0s Excel\u00eancias a opini\u00e3o majorit\u00e1ria do povo brasileiro, pelo fim da impunidade e de qualquer acordo de bastidores que aben\u00e7oe o tr\u00e1fico de influ\u00eancia e o desvio do dinheiro p\u00fablico, \u00e9 decisiva. O senador que se calar ser\u00e1 considerado c\u00famplice de tudo isso.<\/p>\n<p>Sua cobran\u00e7a quanto \u00e0 posi\u00e7\u00e3o de cada um, a come\u00e7ar pelos do seu estado, \u00e9 urgente. E importante contribui\u00e7\u00e3o cidad\u00e3 no combate \u00e0 degenera\u00e7\u00e3o pol\u00edtica do pa\u00eds. Veja os endere\u00e7os, envie mensagens, fa\u00e7a a corrente.<\/p>\n<p>Disque-Senado: 0800612211<\/p>\n<p><strong>E-mails dos senadores<\/strong><\/p>\n<p>ADELMIR SANTANA adelmir.santana@senador.gov.br<br \/>ALMEIDA LIMA almeida.lima@senador.gov.br<br \/>ALO\u00cdZIO MERCADANTE mercadante@senador.gov.br<br \/>ALVARO DIAS alvarodias@senador.gov.br<br \/>ANTONIO CARLOS J\u00daNIOR acmjr@senado.gov.br<br \/>ANT\u00d4NIO CARLOS VALADARES antval@senador.gov.br<br \/>ARTHUR VIRG\u00cdLIO arthur.virgilio@senador.gov.br<br \/>AUGUSTO BOTELHO augusto.botelho@senador.gov.br<br \/>C\u00c9SAR BORGES cesarborges@senador.gov.br<br \/>C\u00cdCERO LUCENA cicero.lucena@senador.gov.br<br \/>CRISTOVAM BUARQUE cristovam@senador.gov.br<br \/>DELC\u00cdDIO AMARAL delcidio.amaral@senador.gov.br<br \/>DEM\u00d3STENES TORRES demostenes.torres@senador.gov.br<br \/>EDISON LOB\u00c3O edison.lobao@senador.gov.br<br \/>EDUARDO AZEREDO eduardoazeredo@senador.gov.br<br \/>EDUARDO SUPLICY eduardo.suplicy@senador.gov.br<br \/>EFRAIM MORAIS efraim.morais@senador.gov.br<br \/>ELISEU RESENDE eliseuresende@senador.gov.br<br \/>EPIT\u00c1CIO CAFETEIRA ecafeteira@senador.gov.br<br \/>EUCLYDES MELLO euclydes.mellor@senador.gov.br<br \/>EXPEDITO J\u00daNIOR expedito.junior@senador.gov.br<br \/>F\u00c1TIMA CLEIDE fatima.cleide@senadora.gov.br<br \/>FL\u00c1VIO ARNS flavioarns@senador.gov.br<br \/>FLEXA RIBEIRO flexaribeiro@senador.gov.br<br \/>FRANCISCO DORNELLES francisco.dornelles@senador.gov.br<br \/>GARIBALDI ALVES FILHO garibaldi.alves@senador.gov.br<br \/>GERALDO MESQUITA J\u00daNIOR geraldo.mesquita@senador.gov.br<br \/>GERSON CAMATA gecamata@senador.gov.br<br \/>GILVAM BORGES gilvamborges@senador.gov.br<br \/>GIM ARGELLO gim.argello@senador.gov.br<br \/>HER\u00c1CLITO FORTES heraclito.fortes@senador.gov.br<br \/>IDELI SALVATTI ideli.salvatti@senadora.gov.br<br \/>IN\u00c1CIO ARRUDA inacio.arruda@senador.gov.br<br \/>JARBAS VASCONCELOS jarbas.vasconcelos@senador.gov.br<br \/>JAYME CAMPOS jayme.campos@senador.gov.br<br \/>JEFFERSON PERES jefferson.peres@senador.gov.br<br \/>JO\u00c3O DURVAL joaodurval@senador.gov.br<br \/>JO\u00c3O PEDRO joaop@senador.gov.br<br \/>JO\u00c3O RIBEIRO joaoribeiro@senador.gov.br<br \/>JO\u00c3O TEN\u00d3RIO joaotenorio@senador.gov.br<br \/>JO\u00c3O VICENTE CLAUDINO jvicente@senador.gov.br<br \/>JONAS PINHEIRO jonaspinheiro@senador.gov.br<br \/>JOS\u00c9 AGRIPINO jose.agripino@senador.gov.br<br \/>JOS\u00c9 MARANH\u00c3O josemaranhao@senador.gov.br<br \/>JOS\u00c9 NERY josenery@senador.gov.br<br \/>JOS\u00c9 SARNEY sarney@senador.gov.br<br \/>K\u00c1TIA ABREU katia.abreu@senadora.gov.br<br \/>LEOMAR QUINTANILHA leomar@senador.gov.br<br \/>L\u00daCIA V\u00c2NIA lucia.vania@senadora.gov.br<br \/>MAGNO MALTA magnomalta@senador.gov.br<br \/>M\u00c3O SANTA maosanta@senador.gov.br<br \/>MARCELO CRIVELLA marcelo.crivella@senador.gov.br<br \/>MARCO MACIEL marco.maciel@senador.gov.br<br \/>MARCONI PERILLO marconi.perillo@senador.gov.br<br \/>MARIA DO CARMO ALVES maria.carmo@senadora.gov.br<br \/>M\u00c1RIO COUTO mario.couto@senador.gov.br<br \/>MARISA SERRANO marisa.serrano@senadora.gov.br<br \/>MOZARILDO CAVALCANTI mozarildo@senador.gov.br<br \/>NEUTO DE CONTO neutodeconto@senador.gov.br<br \/>OSMAR DIAS osmardias@senador.gov.br<br \/>PAPAL\u00c9O PAES papaleo@senador.gov.br<br \/>PATR\u00cdCIA SABOYA GOMES psaboyagomes@senadora.gov.br<br \/>PAULO DUQUE paulo.duque@senador.gov.br<br \/>PAULO PAIM paulopaim@senador.gov.br<br \/>PEDRO SIMON simon@senador.gov.br<br \/>RAIMUNDO raimundocolombo@senador.gov.br<br \/>RENAN CALHEIROS renan.calheiros@senador.gov.br<br \/>RENATO CASAGRANDE renato.casagrande@senador.gov.br<br \/>ROMERO JUC\u00c1 romero.juca@senador.gov.br<br \/>ROMEU TUMA rtuma@senador.gov.br<br \/>ROSALBA CIARLINI rosalba.ciarlini@senadora.gov.br<br \/>ROSEANA SARNEY roseana.sarney@senadora.gov.br<br \/>S\u00c9RGIO GUERRA sergio.guerra@senador.gov.br<br \/>S\u00c9RGIO ZAMBIASI sergio.zambiasi@senador.gov.br<br \/>SERYS SLHESSARENKO serys@senadora.gov.br<br \/>SIB\u00c1 MACHADO siba@senador.gov.br<br \/>TASSO JEREISSATI tasso.jereissati@senador.gov.br<br \/>TI\u00c3O VIANA tiao.viana@senador.gov.br<br \/>VALDIR RAUPP valdir.raupp@senador.gov.br<br \/>VALTER PEREIRA valterpereira@senador.gov.br<br \/>WELLINGTON SALGADO wellington.salgado@senador.gov.br<\/p>\n","protected":false},"excerpt":{"rendered":"<p>Depois das v\u00e1rias tentativas para impedir a investiga\u00e7\u00e3o exigida pelo PSOL, o Conselho de \u00c9tica do Senado aprovou o pedido de cassa\u00e7\u00e3o de Renan Calheiros. Na pr\u00f3xima quarta (12\/9), o plen\u00e1rio do Senado decidir\u00e1 a quest\u00e3o, em sombria sess\u00e3o secreta com voto escondido! Essas trevas facilitam o jogo subterr\u00e2neo da politicagem para evitar a confirma\u00e7\u00e3o [&hellip;]<\/p>\n","protected":false},"author":2,"featured_media":0,"comment_status":"open","ping_status":"open","sticky":false,"template":"","format":"standard","meta":{"_acf_changed":false,"footnotes":""},"categories":[4766],"tags":[],"class_list":{"0":"post-1218","1":"post","2":"type-post","3":"status-publish","4":"format-standard","6":"category-arquivo"},"acf":[],"yoast_head":"<!-- This site is optimized with the Yoast SEO plugin v26.5 - https:\/\/yoast.com\/wordpress\/plugins\/seo\/ -->\n<title>Agora \u00e9 pressionar os senadores para cassarem Renan! - PSOL 50<\/title>\n<meta name=\"robots\" content=\"index, follow, max-snippet:-1, max-image-preview:large, max-video-preview:-1\" \/>\n<link rel=\"canonical\" href=\"https:\/\/psol50.org.br\/agora-e-pressionar-os-senadores-para-cassarem-renan\/\" \/>\n<meta property=\"og:locale\" content=\"pt_BR\" \/>\n<meta property=\"og:type\" content=\"article\" \/>\n<meta property=\"og:title\" content=\"Agora \u00e9 pressionar os senadores para cassarem Renan! - PSOL 50\" \/>\n<meta property=\"og:description\" content=\"Depois das v\u00e1rias tentativas para impedir a investiga\u00e7\u00e3o exigida pelo PSOL, o Conselho de \u00c9tica do Senado aprovou o pedido de cassa\u00e7\u00e3o de Renan Calheiros. Na pr\u00f3xima quarta (12\/9), o plen\u00e1rio do Senado decidir\u00e1 a quest\u00e3o, em sombria sess\u00e3o secreta com voto escondido! Essas trevas facilitam o jogo subterr\u00e2neo da politicagem para evitar a confirma\u00e7\u00e3o [&hellip;]\" \/>\n<meta property=\"og:url\" content=\"https:\/\/psol50.org.br\/agora-e-pressionar-os-senadores-para-cassarem-renan\/\" \/>\n<meta property=\"og:site_name\" content=\"PSOL 50\" \/>\n<meta property=\"article:publisher\" content=\"https:\/\/www.facebook.com\/psol50\" \/>\n<meta property=\"article:published_time\" content=\"2007-09-11T00:00:00+00:00\" \/>\n<meta property=\"og:image\" content=\"https:\/\/psol50.org.br\/inc\/uploads\/2018\/07\/capa.png\" \/>\n\t<meta property=\"og:image:width\" content=\"1350\" \/>\n\t<meta property=\"og:image:height\" content=\"900\" \/>\n\t<meta property=\"og:image:type\" content=\"image\/png\" \/>\n<meta name=\"author\" content=\"Comunica\u00e7\u00e3o PSOL\" \/>\n<meta name=\"twitter:card\" content=\"summary_large_image\" \/>\n<meta name=\"twitter:creator\" content=\"@psol50\" \/>\n<meta name=\"twitter:site\" content=\"@psol50\" \/>\n<meta name=\"twitter:label1\" content=\"Escrito por\" \/>\n\t<meta name=\"twitter:data1\" content=\"Comunica\u00e7\u00e3o PSOL\" \/>\n\t<meta name=\"twitter:label2\" content=\"Est. tempo de leitura\" \/>\n\t<meta name=\"twitter:data2\" content=\"4 minutos\" \/>\n<script type=\"application\/ld+json\" class=\"yoast-schema-graph\">{\"@context\":\"https:\/\/schema.org\",\"@graph\":[{\"@type\":\"Article\",\"@id\":\"https:\/\/psol50.org.br\/agora-e-pressionar-os-senadores-para-cassarem-renan\/#article\",\"isPartOf\":{\"@id\":\"https:\/\/psol50.org.br\/agora-e-pressionar-os-senadores-para-cassarem-renan\/\"},\"author\":{\"name\":\"Comunica\u00e7\u00e3o PSOL\",\"@id\":\"https:\/\/psol50.org.br\/#\/schema\/person\/475dfa57d0b815993c714c2e96491fcd\"},\"headline\":\"Agora \u00e9 pressionar os senadores para cassarem Renan!\",\"datePublished\":\"2007-09-11T00:00:00+00:00\",\"mainEntityOfPage\":{\"@id\":\"https:\/\/psol50.org.br\/agora-e-pressionar-os-senadores-para-cassarem-renan\/\"},\"wordCount\":712,\"commentCount\":0,\"publisher\":{\"@id\":\"https:\/\/psol50.org.br\/#organization\"},\"articleSection\":[\"Arquivo\"],\"inLanguage\":\"pt-BR\",\"potentialAction\":[{\"@type\":\"CommentAction\",\"name\":\"Comment\",\"target\":[\"https:\/\/psol50.org.br\/agora-e-pressionar-os-senadores-para-cassarem-renan\/#respond\"]}]},{\"@type\":\"WebPage\",\"@id\":\"https:\/\/psol50.org.br\/agora-e-pressionar-os-senadores-para-cassarem-renan\/\",\"url\":\"https:\/\/psol50.org.br\/agora-e-pressionar-os-senadores-para-cassarem-renan\/\",\"name\":\"Agora \u00e9 pressionar os senadores para cassarem Renan! - PSOL 50\",\"isPartOf\":{\"@id\":\"https:\/\/psol50.org.br\/#website\"},\"datePublished\":\"2007-09-11T00:00:00+00:00\",\"breadcrumb\":{\"@id\":\"https:\/\/psol50.org.br\/agora-e-pressionar-os-senadores-para-cassarem-renan\/#breadcrumb\"},\"inLanguage\":\"pt-BR\",\"potentialAction\":[{\"@type\":\"ReadAction\",\"target\":[\"https:\/\/psol50.org.br\/agora-e-pressionar-os-senadores-para-cassarem-renan\/\"]}]},{\"@type\":\"BreadcrumbList\",\"@id\":\"https:\/\/psol50.org.br\/agora-e-pressionar-os-senadores-para-cassarem-renan\/#breadcrumb\",\"itemListElement\":[{\"@type\":\"ListItem\",\"position\":1,\"name\":\"In\u00edcio\",\"item\":\"https:\/\/psol50.org.br\/\"},{\"@type\":\"ListItem\",\"position\":2,\"name\":\"Agora \u00e9 pressionar os senadores para cassarem Renan!\"}]},{\"@type\":\"WebSite\",\"@id\":\"https:\/\/psol50.org.br\/#website\",\"url\":\"https:\/\/psol50.org.br\/\",\"name\":\"PSOL 50\",\"description\":\"Site oficial do Partido Socialismo e Liberdade\",\"publisher\":{\"@id\":\"https:\/\/psol50.org.br\/#organization\"},\"alternateName\":\"PSOL50\",\"potentialAction\":[{\"@type\":\"SearchAction\",\"target\":{\"@type\":\"EntryPoint\",\"urlTemplate\":\"https:\/\/psol50.org.br\/?s={search_term_string}\"},\"query-input\":{\"@type\":\"PropertyValueSpecification\",\"valueRequired\":true,\"valueName\":\"search_term_string\"}}],\"inLanguage\":\"pt-BR\"},{\"@type\":\"Organization\",\"@id\":\"https:\/\/psol50.org.br\/#organization\",\"name\":\"PSOL 50\",\"alternateName\":\"PSOL 50\",\"url\":\"https:\/\/psol50.org.br\/\",\"logo\":{\"@type\":\"ImageObject\",\"inLanguage\":\"pt-BR\",\"@id\":\"https:\/\/psol50.org.br\/#\/schema\/logo\/image\/\",\"url\":\"https:\/\/psol50.org.br\/inc\/uploads\/2018\/07\/capa.png\",\"contentUrl\":\"https:\/\/psol50.org.br\/inc\/uploads\/2018\/07\/capa.png\",\"width\":1350,\"height\":900,\"caption\":\"PSOL 50\"},\"image\":{\"@id\":\"https:\/\/psol50.org.br\/#\/schema\/logo\/image\/\"},\"sameAs\":[\"https:\/\/www.facebook.com\/psol50\",\"https:\/\/x.com\/psol50\",\"https:\/\/www.instagram.com\/psol50\/\",\"https:\/\/www.youtube.com\/channel\/UC7SnJS5o1os7a6CaiNabzcg\"]},{\"@type\":\"Person\",\"@id\":\"https:\/\/psol50.org.br\/#\/schema\/person\/475dfa57d0b815993c714c2e96491fcd\",\"name\":\"Comunica\u00e7\u00e3o PSOL\",\"image\":{\"@type\":\"ImageObject\",\"inLanguage\":\"pt-BR\",\"@id\":\"https:\/\/psol50.org.br\/#\/schema\/person\/image\/\",\"url\":\"https:\/\/secure.gravatar.com\/avatar\/b34fc4f4e468a4e51785917065a3db57b841f5c95dba6ad8c73aaf8f66f8f9bf?s=96&d=mm&r=g\",\"contentUrl\":\"https:\/\/secure.gravatar.com\/avatar\/b34fc4f4e468a4e51785917065a3db57b841f5c95dba6ad8c73aaf8f66f8f9bf?s=96&d=mm&r=g\",\"caption\":\"Comunica\u00e7\u00e3o PSOL\"}}]}<\/script>\n<!-- \/ Yoast SEO plugin. -->","yoast_head_json":{"title":"Agora \u00e9 pressionar os senadores para cassarem Renan! - PSOL 50","robots":{"index":"index","follow":"follow","max-snippet":"max-snippet:-1","max-image-preview":"max-image-preview:large","max-video-preview":"max-video-preview:-1"},"canonical":"https:\/\/psol50.org.br\/agora-e-pressionar-os-senadores-para-cassarem-renan\/","og_locale":"pt_BR","og_type":"article","og_title":"Agora \u00e9 pressionar os senadores para cassarem Renan! - PSOL 50","og_description":"Depois das v\u00e1rias tentativas para impedir a investiga\u00e7\u00e3o exigida pelo PSOL, o Conselho de \u00c9tica do Senado aprovou o pedido de cassa\u00e7\u00e3o de Renan Calheiros. Na pr\u00f3xima quarta (12\/9), o plen\u00e1rio do Senado decidir\u00e1 a quest\u00e3o, em sombria sess\u00e3o secreta com voto escondido! Essas trevas facilitam o jogo subterr\u00e2neo da politicagem para evitar a confirma\u00e7\u00e3o [&hellip;]","og_url":"https:\/\/psol50.org.br\/agora-e-pressionar-os-senadores-para-cassarem-renan\/","og_site_name":"PSOL 50","article_publisher":"https:\/\/www.facebook.com\/psol50","article_published_time":"2007-09-11T00:00:00+00:00","og_image":[{"width":1350,"height":900,"url":"https:\/\/psol50.org.br\/inc\/uploads\/2018\/07\/capa.png","type":"image\/png"}],"author":"Comunica\u00e7\u00e3o PSOL","twitter_card":"summary_large_image","twitter_creator":"@psol50","twitter_site":"@psol50","twitter_misc":{"Escrito por":"Comunica\u00e7\u00e3o PSOL","Est. tempo de leitura":"4 minutos"},"schema":{"@context":"https:\/\/schema.org","@graph":[{"@type":"Article","@id":"https:\/\/psol50.org.br\/agora-e-pressionar-os-senadores-para-cassarem-renan\/#article","isPartOf":{"@id":"https:\/\/psol50.org.br\/agora-e-pressionar-os-senadores-para-cassarem-renan\/"},"author":{"name":"Comunica\u00e7\u00e3o PSOL","@id":"https:\/\/psol50.org.br\/#\/schema\/person\/475dfa57d0b815993c714c2e96491fcd"},"headline":"Agora \u00e9 pressionar os senadores para cassarem Renan!","datePublished":"2007-09-11T00:00:00+00:00","mainEntityOfPage":{"@id":"https:\/\/psol50.org.br\/agora-e-pressionar-os-senadores-para-cassarem-renan\/"},"wordCount":712,"commentCount":0,"publisher":{"@id":"https:\/\/psol50.org.br\/#organization"},"articleSection":["Arquivo"],"inLanguage":"pt-BR","potentialAction":[{"@type":"CommentAction","name":"Comment","target":["https:\/\/psol50.org.br\/agora-e-pressionar-os-senadores-para-cassarem-renan\/#respond"]}]},{"@type":"WebPage","@id":"https:\/\/psol50.org.br\/agora-e-pressionar-os-senadores-para-cassarem-renan\/","url":"https:\/\/psol50.org.br\/agora-e-pressionar-os-senadores-para-cassarem-renan\/","name":"Agora \u00e9 pressionar os senadores para cassarem Renan! - PSOL 50","isPartOf":{"@id":"https:\/\/psol50.org.br\/#website"},"datePublished":"2007-09-11T00:00:00+00:00","breadcrumb":{"@id":"https:\/\/psol50.org.br\/agora-e-pressionar-os-senadores-para-cassarem-renan\/#breadcrumb"},"inLanguage":"pt-BR","potentialAction":[{"@type":"ReadAction","target":["https:\/\/psol50.org.br\/agora-e-pressionar-os-senadores-para-cassarem-renan\/"]}]},{"@type":"BreadcrumbList","@id":"https:\/\/psol50.org.br\/agora-e-pressionar-os-senadores-para-cassarem-renan\/#breadcrumb","itemListElement":[{"@type":"ListItem","position":1,"name":"In\u00edcio","item":"https:\/\/psol50.org.br\/"},{"@type":"ListItem","position":2,"name":"Agora \u00e9 pressionar os senadores para cassarem Renan!"}]},{"@type":"WebSite","@id":"https:\/\/psol50.org.br\/#website","url":"https:\/\/psol50.org.br\/","name":"PSOL 50","description":"Site oficial do Partido Socialismo e Liberdade","publisher":{"@id":"https:\/\/psol50.org.br\/#organization"},"alternateName":"PSOL50","potentialAction":[{"@type":"SearchAction","target":{"@type":"EntryPoint","urlTemplate":"https:\/\/psol50.org.br\/?s={search_term_string}"},"query-input":{"@type":"PropertyValueSpecification","valueRequired":true,"valueName":"search_term_string"}}],"inLanguage":"pt-BR"},{"@type":"Organization","@id":"https:\/\/psol50.org.br\/#organization","name":"PSOL 50","alternateName":"PSOL 50","url":"https:\/\/psol50.org.br\/","logo":{"@type":"ImageObject","inLanguage":"pt-BR","@id":"https:\/\/psol50.org.br\/#\/schema\/logo\/image\/","url":"https:\/\/psol50.org.br\/inc\/uploads\/2018\/07\/capa.png","contentUrl":"https:\/\/psol50.org.br\/inc\/uploads\/2018\/07\/capa.png","width":1350,"height":900,"caption":"PSOL 50"},"image":{"@id":"https:\/\/psol50.org.br\/#\/schema\/logo\/image\/"},"sameAs":["https:\/\/www.facebook.com\/psol50","https:\/\/x.com\/psol50","https:\/\/www.instagram.com\/psol50\/","https:\/\/www.youtube.com\/channel\/UC7SnJS5o1os7a6CaiNabzcg"]},{"@type":"Person","@id":"https:\/\/psol50.org.br\/#\/schema\/person\/475dfa57d0b815993c714c2e96491fcd","name":"Comunica\u00e7\u00e3o PSOL","image":{"@type":"ImageObject","inLanguage":"pt-BR","@id":"https:\/\/psol50.org.br\/#\/schema\/person\/image\/","url":"https:\/\/secure.gravatar.com\/avatar\/b34fc4f4e468a4e51785917065a3db57b841f5c95dba6ad8c73aaf8f66f8f9bf?s=96&d=mm&r=g","contentUrl":"https:\/\/secure.gravatar.com\/avatar\/b34fc4f4e468a4e51785917065a3db57b841f5c95dba6ad8c73aaf8f66f8f9bf?s=96&d=mm&r=g","caption":"Comunica\u00e7\u00e3o PSOL"}}]}},"_links":{"self":[{"href":"https:\/\/psol50.org.br\/rest\/wp\/v2\/posts\/1218","targetHints":{"allow":["GET"]}}],"collection":[{"href":"https:\/\/psol50.org.br\/rest\/wp\/v2\/posts"}],"about":[{"href":"https:\/\/psol50.org.br\/rest\/wp\/v2\/types\/post"}],"author":[{"embeddable":true,"href":"https:\/\/psol50.org.br\/rest\/wp\/v2\/users\/2"}],"replies":[{"embeddable":true,"href":"https:\/\/psol50.org.br\/rest\/wp\/v2\/comments?post=1218"}],"version-history":[{"count":0,"href":"https:\/\/psol50.org.br\/rest\/wp\/v2\/posts\/1218\/revisions"}],"wp:attachment":[{"href":"https:\/\/psol50.org.br\/rest\/wp\/v2\/media?parent=1218"}],"wp:term":[{"taxonomy":"category","embeddable":true,"href":"https:\/\/psol50.org.br\/rest\/wp\/v2\/categories?post=1218"},{"taxonomy":"post_tag","embeddable":true,"href":"https:\/\/psol50.org.br\/rest\/wp\/v2\/tags?post=1218"}],"curies":[{"name":"wp","href":"https:\/\/api.w.org\/{rel}","templated":true}]}}