{"id":1219,"date":"2007-08-27T00:00:00","date_gmt":"2007-08-27T00:00:00","guid":{"rendered":"http:\/\/psol50.org.br\/arquivo\/2007\/08\/27\/psol-recorre-ao-stf-para-abrir-investigacao-contra-gim-argello\/"},"modified":"2007-08-27T00:00:00","modified_gmt":"2007-08-27T00:00:00","slug":"psol-recorre-ao-stf-para-abrir-investigacao-contra-gim-argello","status":"publish","type":"post","link":"https:\/\/psol50.org.br\/psol-recorre-ao-stf-para-abrir-investigacao-contra-gim-argello\/","title":{"rendered":"PSOL recorre ao STF para abrir investiga\u00e7\u00e3o contra Gim Argello"},"content":{"rendered":"<p>\nO PSOL ingressou nesta segunda-feira (27) com mandado de seguran\u00e7a no Supremo Tribunal Federal (STF) contra a decis\u00e3o da Mesa do Senado de arquivar a representa\u00e7\u00e3o encaminhada pelo partido contra o senador Gim Argello (PTB\/DF). De acordo com nota emitida pelo PSOL, a Mesa exorbitou de suas fun\u00e7\u00f5es, ao &quot;julgar&quot; o suplente de Joaquim Roriz (PMDB\/DF), quando esta \u00e9 uma atribui\u00e7\u00e3o constitucional e regimental do Plen\u00e1rio do Senado, auxiliado pelo Conselho de \u00c9tica e Decoro Parlamentar.\n<\/p>\n<p><!--more--><\/p>\n<p>\n&quot;A decis\u00e3o da Mesa \u00e9 uma clara posi\u00e7\u00e3o de acobertar crime de um<br \/>\nparlamentar denunciado por crimes contra os cofres p\u00fablicos e a<br \/>\npossibilidade de absolvi\u00e7\u00e3o sum\u00e1ria por graves il\u00edcitos cometidos antes<br \/>\ndo mandato&quot;, diz a nota do PSOL. Na mesma nota, a presidente do<br \/>\npartido, a ex-senadora Helo\u00edsa Helena, reclama do tratamento desigual<br \/>\ndado ao advogado do PSOL, que n\u00e3o p\u00f4de participar da reuni\u00e3o da Mesa,<br \/>\noportunidade que foi dada ao advogado do senador.\n<\/p>\n<p>\nA assessoria do senador informou que Gim Argello s\u00f3 se manifestar\u00e1<br \/>\nsobre o assunto depois de tomar conhecimento do teor da a\u00e7\u00e3o, mas negou<br \/>\nque o senador esteja sendo investigado pela Pol\u00edcia Civil do Distrito<br \/>\nFederal e pelo Minist\u00e9rio P\u00fablico Federal dentro das apura\u00e7\u00f5es da<br \/>\nchamada Opera\u00e7\u00e3o Aquarela. De acordo com a assessoria do parlamentar,<br \/>\nGim Argello obteve certid\u00f5es negativas provando que n\u00e3o \u00e9 investigado<br \/>\nno caso, e que apenas teve seu nome citado num di\u00e1logo telef\u00f4nico entre<br \/>\nterceiros.\n<\/p>\n<p>\nPara a assessoria de Gim Argello, a decis\u00e3o do PSOL de entrar com o<br \/>\nrecurso na forma de mandado de seguran\u00e7a &quot;\u00e9 previs\u00edvel&quot;, j\u00e1 que se<br \/>\ntrata de um partido que faz oposi\u00e7\u00e3o ao partido do senador.\n<\/p>\n<p>\n<br \/>\n<strong><br \/>\nAbaixo, a \u00edntegra da nota do PSOL:<\/strong>\n<\/p>\n<p>\n&quot;O Partido Socialismo e Liberdade impetrou um mandado de seguran\u00e7a<br \/>\njunto ao Supremo Tribunal Federal (STF), nesta segunda-feira, dia 27 de<br \/>\nagosto, contra decis\u00e3o da Mesa do Senado Federal, que, de modo<br \/>\ninconstitucional e anti-regimental, mandou arquivar a representa\u00e7\u00e3o que<br \/>\no partido prop\u00f4s contra o senador Gim Argello (PTB-DF).\n<\/p>\n<p>\nA Mesa do Senado n\u00e3o tem compet\u00eancia constitucional para julgar se h\u00e1<br \/>\nculpabilidade ou inoc\u00eancia de um senador. A compet\u00eancia, conforme<br \/>\ndisp\u00f5em o Regimento Interno e a Constitui\u00e7\u00e3o, s\u00e3o do Plen\u00e1rio do<br \/>\nSenado, auxiliado pelo Conselho de \u00c9tica. &#39;A decis\u00e3o da Mesa \u00e9 uma<br \/>\nclara posi\u00e7\u00e3o de acobertar crime de um parlamentar denunciado por<br \/>\ncrimes contra os cofres p\u00fablicos e a possibilidade de absolvi\u00e7\u00e3o<br \/>\nsum\u00e1ria por graves il\u00edcitos cometidos antes do mandato. \u00c9 uma decis\u00e3o<br \/>\nque fere o direito constitucional de um partido pol\u00edtico de exercer seu<br \/>\npleno direito de representar por quebra de decoro parlamentar um<br \/>\npol\u00edtico conhecido por suas pr\u00e1ticas criminosas e desmandos perpetrados<br \/>\nantes do mandato. A Mesa do Senado n\u00e3o deu sequer o direito do<br \/>\ncontradit\u00f3rio ao PSOL, quando na reuni\u00e3o estava presente o advogado do<br \/>\nGim Argello, que o defendeu, o advogado-geral do Senado, que pediu o<br \/>\narquivamento da representa\u00e7\u00e3o, e n\u00e3o permitiu a presen\u00e7a do advogado do<br \/>\nPSOL para garantir um m\u00ednimo de isonomia&#39;, argumentou Helo\u00edsa Helena,<br \/>\npresidente nacional do partido.&quot;<\/p>\n","protected":false},"excerpt":{"rendered":"<p>O PSOL ingressou nesta segunda-feira (27) com mandado de seguran\u00e7a no Supremo Tribunal Federal (STF) contra a decis\u00e3o da Mesa do Senado de arquivar a representa\u00e7\u00e3o encaminhada pelo partido contra o senador Gim Argello (PTB\/DF). De acordo com nota emitida pelo PSOL, a Mesa exorbitou de suas fun\u00e7\u00f5es, ao &quot;julgar&quot; o suplente de Joaquim Roriz [&hellip;]<\/p>\n","protected":false},"author":2,"featured_media":0,"comment_status":"open","ping_status":"open","sticky":false,"template":"","format":"standard","meta":{"_acf_changed":false,"footnotes":""},"categories":[4766],"tags":[],"class_list":{"0":"post-1219","1":"post","2":"type-post","3":"status-publish","4":"format-standard","6":"category-arquivo"},"acf":[],"yoast_head":"<!-- This site is optimized with the Yoast SEO plugin v26.5 - https:\/\/yoast.com\/wordpress\/plugins\/seo\/ -->\n<title>PSOL recorre ao STF para abrir investiga\u00e7\u00e3o contra Gim Argello - PSOL 50<\/title>\n<meta name=\"robots\" content=\"index, follow, max-snippet:-1, max-image-preview:large, max-video-preview:-1\" \/>\n<link rel=\"canonical\" href=\"https:\/\/psol50.org.br\/psol-recorre-ao-stf-para-abrir-investigacao-contra-gim-argello\/\" \/>\n<meta property=\"og:locale\" content=\"pt_BR\" \/>\n<meta property=\"og:type\" content=\"article\" \/>\n<meta property=\"og:title\" content=\"PSOL recorre ao STF para abrir investiga\u00e7\u00e3o contra Gim Argello - PSOL 50\" \/>\n<meta property=\"og:description\" content=\"O PSOL ingressou nesta segunda-feira (27) com mandado de seguran\u00e7a no Supremo Tribunal Federal (STF) contra a decis\u00e3o da Mesa do Senado de arquivar a representa\u00e7\u00e3o encaminhada pelo partido contra o senador Gim Argello (PTB\/DF). De acordo com nota emitida pelo PSOL, a Mesa exorbitou de suas fun\u00e7\u00f5es, ao &quot;julgar&quot; o suplente de Joaquim Roriz [&hellip;]\" \/>\n<meta property=\"og:url\" content=\"https:\/\/psol50.org.br\/psol-recorre-ao-stf-para-abrir-investigacao-contra-gim-argello\/\" \/>\n<meta property=\"og:site_name\" content=\"PSOL 50\" \/>\n<meta property=\"article:publisher\" content=\"https:\/\/www.facebook.com\/psol50\" \/>\n<meta property=\"article:published_time\" content=\"2007-08-27T00:00:00+00:00\" \/>\n<meta property=\"og:image\" content=\"https:\/\/psol50.org.br\/inc\/uploads\/2018\/07\/capa.png\" \/>\n\t<meta property=\"og:image:width\" content=\"1350\" \/>\n\t<meta property=\"og:image:height\" content=\"900\" \/>\n\t<meta property=\"og:image:type\" content=\"image\/png\" \/>\n<meta name=\"author\" content=\"Comunica\u00e7\u00e3o PSOL\" \/>\n<meta name=\"twitter:card\" content=\"summary_large_image\" \/>\n<meta name=\"twitter:creator\" content=\"@psol50\" \/>\n<meta name=\"twitter:site\" content=\"@psol50\" \/>\n<meta name=\"twitter:label1\" content=\"Escrito por\" \/>\n\t<meta name=\"twitter:data1\" content=\"Comunica\u00e7\u00e3o PSOL\" \/>\n\t<meta name=\"twitter:label2\" content=\"Est. tempo de leitura\" \/>\n\t<meta name=\"twitter:data2\" content=\"3 minutos\" \/>\n<script type=\"application\/ld+json\" class=\"yoast-schema-graph\">{\"@context\":\"https:\/\/schema.org\",\"@graph\":[{\"@type\":\"Article\",\"@id\":\"https:\/\/psol50.org.br\/psol-recorre-ao-stf-para-abrir-investigacao-contra-gim-argello\/#article\",\"isPartOf\":{\"@id\":\"https:\/\/psol50.org.br\/psol-recorre-ao-stf-para-abrir-investigacao-contra-gim-argello\/\"},\"author\":{\"name\":\"Comunica\u00e7\u00e3o PSOL\",\"@id\":\"https:\/\/psol50.org.br\/#\/schema\/person\/475dfa57d0b815993c714c2e96491fcd\"},\"headline\":\"PSOL recorre ao STF para abrir investiga\u00e7\u00e3o contra Gim Argello\",\"datePublished\":\"2007-08-27T00:00:00+00:00\",\"mainEntityOfPage\":{\"@id\":\"https:\/\/psol50.org.br\/psol-recorre-ao-stf-para-abrir-investigacao-contra-gim-argello\/\"},\"wordCount\":563,\"commentCount\":0,\"publisher\":{\"@id\":\"https:\/\/psol50.org.br\/#organization\"},\"articleSection\":[\"Arquivo\"],\"inLanguage\":\"pt-BR\",\"potentialAction\":[{\"@type\":\"CommentAction\",\"name\":\"Comment\",\"target\":[\"https:\/\/psol50.org.br\/psol-recorre-ao-stf-para-abrir-investigacao-contra-gim-argello\/#respond\"]}]},{\"@type\":\"WebPage\",\"@id\":\"https:\/\/psol50.org.br\/psol-recorre-ao-stf-para-abrir-investigacao-contra-gim-argello\/\",\"url\":\"https:\/\/psol50.org.br\/psol-recorre-ao-stf-para-abrir-investigacao-contra-gim-argello\/\",\"name\":\"PSOL recorre ao STF para abrir investiga\u00e7\u00e3o contra Gim Argello - PSOL 50\",\"isPartOf\":{\"@id\":\"https:\/\/psol50.org.br\/#website\"},\"datePublished\":\"2007-08-27T00:00:00+00:00\",\"breadcrumb\":{\"@id\":\"https:\/\/psol50.org.br\/psol-recorre-ao-stf-para-abrir-investigacao-contra-gim-argello\/#breadcrumb\"},\"inLanguage\":\"pt-BR\",\"potentialAction\":[{\"@type\":\"ReadAction\",\"target\":[\"https:\/\/psol50.org.br\/psol-recorre-ao-stf-para-abrir-investigacao-contra-gim-argello\/\"]}]},{\"@type\":\"BreadcrumbList\",\"@id\":\"https:\/\/psol50.org.br\/psol-recorre-ao-stf-para-abrir-investigacao-contra-gim-argello\/#breadcrumb\",\"itemListElement\":[{\"@type\":\"ListItem\",\"position\":1,\"name\":\"In\u00edcio\",\"item\":\"https:\/\/psol50.org.br\/\"},{\"@type\":\"ListItem\",\"position\":2,\"name\":\"PSOL recorre ao STF para abrir investiga\u00e7\u00e3o contra Gim Argello\"}]},{\"@type\":\"WebSite\",\"@id\":\"https:\/\/psol50.org.br\/#website\",\"url\":\"https:\/\/psol50.org.br\/\",\"name\":\"PSOL 50\",\"description\":\"Site oficial do Partido Socialismo e Liberdade\",\"publisher\":{\"@id\":\"https:\/\/psol50.org.br\/#organization\"},\"alternateName\":\"PSOL50\",\"potentialAction\":[{\"@type\":\"SearchAction\",\"target\":{\"@type\":\"EntryPoint\",\"urlTemplate\":\"https:\/\/psol50.org.br\/?s={search_term_string}\"},\"query-input\":{\"@type\":\"PropertyValueSpecification\",\"valueRequired\":true,\"valueName\":\"search_term_string\"}}],\"inLanguage\":\"pt-BR\"},{\"@type\":\"Organization\",\"@id\":\"https:\/\/psol50.org.br\/#organization\",\"name\":\"PSOL 50\",\"alternateName\":\"PSOL 50\",\"url\":\"https:\/\/psol50.org.br\/\",\"logo\":{\"@type\":\"ImageObject\",\"inLanguage\":\"pt-BR\",\"@id\":\"https:\/\/psol50.org.br\/#\/schema\/logo\/image\/\",\"url\":\"https:\/\/psol50.org.br\/inc\/uploads\/2018\/07\/capa.png\",\"contentUrl\":\"https:\/\/psol50.org.br\/inc\/uploads\/2018\/07\/capa.png\",\"width\":1350,\"height\":900,\"caption\":\"PSOL 50\"},\"image\":{\"@id\":\"https:\/\/psol50.org.br\/#\/schema\/logo\/image\/\"},\"sameAs\":[\"https:\/\/www.facebook.com\/psol50\",\"https:\/\/x.com\/psol50\",\"https:\/\/www.instagram.com\/psol50\/\",\"https:\/\/www.youtube.com\/channel\/UC7SnJS5o1os7a6CaiNabzcg\"]},{\"@type\":\"Person\",\"@id\":\"https:\/\/psol50.org.br\/#\/schema\/person\/475dfa57d0b815993c714c2e96491fcd\",\"name\":\"Comunica\u00e7\u00e3o PSOL\",\"image\":{\"@type\":\"ImageObject\",\"inLanguage\":\"pt-BR\",\"@id\":\"https:\/\/psol50.org.br\/#\/schema\/person\/image\/\",\"url\":\"https:\/\/secure.gravatar.com\/avatar\/b34fc4f4e468a4e51785917065a3db57b841f5c95dba6ad8c73aaf8f66f8f9bf?s=96&d=mm&r=g\",\"contentUrl\":\"https:\/\/secure.gravatar.com\/avatar\/b34fc4f4e468a4e51785917065a3db57b841f5c95dba6ad8c73aaf8f66f8f9bf?s=96&d=mm&r=g\",\"caption\":\"Comunica\u00e7\u00e3o PSOL\"}}]}<\/script>\n<!-- \/ Yoast SEO plugin. -->","yoast_head_json":{"title":"PSOL recorre ao STF para abrir investiga\u00e7\u00e3o contra Gim Argello - PSOL 50","robots":{"index":"index","follow":"follow","max-snippet":"max-snippet:-1","max-image-preview":"max-image-preview:large","max-video-preview":"max-video-preview:-1"},"canonical":"https:\/\/psol50.org.br\/psol-recorre-ao-stf-para-abrir-investigacao-contra-gim-argello\/","og_locale":"pt_BR","og_type":"article","og_title":"PSOL recorre ao STF para abrir investiga\u00e7\u00e3o contra Gim Argello - PSOL 50","og_description":"O PSOL ingressou nesta segunda-feira (27) com mandado de seguran\u00e7a no Supremo Tribunal Federal (STF) contra a decis\u00e3o da Mesa do Senado de arquivar a representa\u00e7\u00e3o encaminhada pelo partido contra o senador Gim Argello (PTB\/DF). De acordo com nota emitida pelo PSOL, a Mesa exorbitou de suas fun\u00e7\u00f5es, ao &quot;julgar&quot; o suplente de Joaquim Roriz [&hellip;]","og_url":"https:\/\/psol50.org.br\/psol-recorre-ao-stf-para-abrir-investigacao-contra-gim-argello\/","og_site_name":"PSOL 50","article_publisher":"https:\/\/www.facebook.com\/psol50","article_published_time":"2007-08-27T00:00:00+00:00","og_image":[{"width":1350,"height":900,"url":"https:\/\/psol50.org.br\/inc\/uploads\/2018\/07\/capa.png","type":"image\/png"}],"author":"Comunica\u00e7\u00e3o PSOL","twitter_card":"summary_large_image","twitter_creator":"@psol50","twitter_site":"@psol50","twitter_misc":{"Escrito por":"Comunica\u00e7\u00e3o PSOL","Est. tempo de leitura":"3 minutos"},"schema":{"@context":"https:\/\/schema.org","@graph":[{"@type":"Article","@id":"https:\/\/psol50.org.br\/psol-recorre-ao-stf-para-abrir-investigacao-contra-gim-argello\/#article","isPartOf":{"@id":"https:\/\/psol50.org.br\/psol-recorre-ao-stf-para-abrir-investigacao-contra-gim-argello\/"},"author":{"name":"Comunica\u00e7\u00e3o PSOL","@id":"https:\/\/psol50.org.br\/#\/schema\/person\/475dfa57d0b815993c714c2e96491fcd"},"headline":"PSOL recorre ao STF para abrir investiga\u00e7\u00e3o contra Gim Argello","datePublished":"2007-08-27T00:00:00+00:00","mainEntityOfPage":{"@id":"https:\/\/psol50.org.br\/psol-recorre-ao-stf-para-abrir-investigacao-contra-gim-argello\/"},"wordCount":563,"commentCount":0,"publisher":{"@id":"https:\/\/psol50.org.br\/#organization"},"articleSection":["Arquivo"],"inLanguage":"pt-BR","potentialAction":[{"@type":"CommentAction","name":"Comment","target":["https:\/\/psol50.org.br\/psol-recorre-ao-stf-para-abrir-investigacao-contra-gim-argello\/#respond"]}]},{"@type":"WebPage","@id":"https:\/\/psol50.org.br\/psol-recorre-ao-stf-para-abrir-investigacao-contra-gim-argello\/","url":"https:\/\/psol50.org.br\/psol-recorre-ao-stf-para-abrir-investigacao-contra-gim-argello\/","name":"PSOL recorre ao STF para abrir investiga\u00e7\u00e3o contra Gim Argello - PSOL 50","isPartOf":{"@id":"https:\/\/psol50.org.br\/#website"},"datePublished":"2007-08-27T00:00:00+00:00","breadcrumb":{"@id":"https:\/\/psol50.org.br\/psol-recorre-ao-stf-para-abrir-investigacao-contra-gim-argello\/#breadcrumb"},"inLanguage":"pt-BR","potentialAction":[{"@type":"ReadAction","target":["https:\/\/psol50.org.br\/psol-recorre-ao-stf-para-abrir-investigacao-contra-gim-argello\/"]}]},{"@type":"BreadcrumbList","@id":"https:\/\/psol50.org.br\/psol-recorre-ao-stf-para-abrir-investigacao-contra-gim-argello\/#breadcrumb","itemListElement":[{"@type":"ListItem","position":1,"name":"In\u00edcio","item":"https:\/\/psol50.org.br\/"},{"@type":"ListItem","position":2,"name":"PSOL recorre ao STF para abrir investiga\u00e7\u00e3o contra Gim Argello"}]},{"@type":"WebSite","@id":"https:\/\/psol50.org.br\/#website","url":"https:\/\/psol50.org.br\/","name":"PSOL 50","description":"Site oficial do Partido Socialismo e Liberdade","publisher":{"@id":"https:\/\/psol50.org.br\/#organization"},"alternateName":"PSOL50","potentialAction":[{"@type":"SearchAction","target":{"@type":"EntryPoint","urlTemplate":"https:\/\/psol50.org.br\/?s={search_term_string}"},"query-input":{"@type":"PropertyValueSpecification","valueRequired":true,"valueName":"search_term_string"}}],"inLanguage":"pt-BR"},{"@type":"Organization","@id":"https:\/\/psol50.org.br\/#organization","name":"PSOL 50","alternateName":"PSOL 50","url":"https:\/\/psol50.org.br\/","logo":{"@type":"ImageObject","inLanguage":"pt-BR","@id":"https:\/\/psol50.org.br\/#\/schema\/logo\/image\/","url":"https:\/\/psol50.org.br\/inc\/uploads\/2018\/07\/capa.png","contentUrl":"https:\/\/psol50.org.br\/inc\/uploads\/2018\/07\/capa.png","width":1350,"height":900,"caption":"PSOL 50"},"image":{"@id":"https:\/\/psol50.org.br\/#\/schema\/logo\/image\/"},"sameAs":["https:\/\/www.facebook.com\/psol50","https:\/\/x.com\/psol50","https:\/\/www.instagram.com\/psol50\/","https:\/\/www.youtube.com\/channel\/UC7SnJS5o1os7a6CaiNabzcg"]},{"@type":"Person","@id":"https:\/\/psol50.org.br\/#\/schema\/person\/475dfa57d0b815993c714c2e96491fcd","name":"Comunica\u00e7\u00e3o PSOL","image":{"@type":"ImageObject","inLanguage":"pt-BR","@id":"https:\/\/psol50.org.br\/#\/schema\/person\/image\/","url":"https:\/\/secure.gravatar.com\/avatar\/b34fc4f4e468a4e51785917065a3db57b841f5c95dba6ad8c73aaf8f66f8f9bf?s=96&d=mm&r=g","contentUrl":"https:\/\/secure.gravatar.com\/avatar\/b34fc4f4e468a4e51785917065a3db57b841f5c95dba6ad8c73aaf8f66f8f9bf?s=96&d=mm&r=g","caption":"Comunica\u00e7\u00e3o PSOL"}}]}},"_links":{"self":[{"href":"https:\/\/psol50.org.br\/rest\/wp\/v2\/posts\/1219","targetHints":{"allow":["GET"]}}],"collection":[{"href":"https:\/\/psol50.org.br\/rest\/wp\/v2\/posts"}],"about":[{"href":"https:\/\/psol50.org.br\/rest\/wp\/v2\/types\/post"}],"author":[{"embeddable":true,"href":"https:\/\/psol50.org.br\/rest\/wp\/v2\/users\/2"}],"replies":[{"embeddable":true,"href":"https:\/\/psol50.org.br\/rest\/wp\/v2\/comments?post=1219"}],"version-history":[{"count":0,"href":"https:\/\/psol50.org.br\/rest\/wp\/v2\/posts\/1219\/revisions"}],"wp:attachment":[{"href":"https:\/\/psol50.org.br\/rest\/wp\/v2\/media?parent=1219"}],"wp:term":[{"taxonomy":"category","embeddable":true,"href":"https:\/\/psol50.org.br\/rest\/wp\/v2\/categories?post=1219"},{"taxonomy":"post_tag","embeddable":true,"href":"https:\/\/psol50.org.br\/rest\/wp\/v2\/tags?post=1219"}],"curies":[{"name":"wp","href":"https:\/\/api.w.org\/{rel}","templated":true}]}}