{"id":1227,"date":"2007-10-18T00:00:00","date_gmt":"2007-10-18T00:00:00","guid":{"rendered":"http:\/\/psol50.org.br\/arquivo\/2007\/10\/18\/psol-protocola-representacao-contra-azeredo-e-renan\/"},"modified":"2007-10-18T00:00:00","modified_gmt":"2007-10-18T00:00:00","slug":"psol-protocola-representacao-contra-azeredo-e-renan","status":"publish","type":"post","link":"https:\/\/psol50.org.br\/psol-protocola-representacao-contra-azeredo-e-renan\/","title":{"rendered":"PSOL protocola representa\u00e7\u00e3o contra Azeredo e Renan"},"content":{"rendered":"<p>\nO PSOL protocolou, na<br \/>\nsecretaria-geral do Senado, duas representa\u00e7\u00f5es: uma contra o senador<br \/>\nRenan Calheiros e outra contra o senador Eduardo Azeredo. As den\u00fancias<br \/>\nforam apresentadas pela presidente do partido, Helo\u00edsa Helena, pela<br \/>\ndeputada Luciana Genro (RS) e pelos deputados Chico Alencar (RJ) e Ivan<br \/>\nValente (SP).\n<\/p>\n<p><!--more--><\/p>\n<p>\nSegundo Heloisa Helena, o PSOL se sente na obriga\u00e7\u00e3o de entrar com<br \/>\nrepresenta\u00e7\u00f5es contra parlamentares, por n\u00e3o compactuar com o<br \/>\nacobertamento de crimes contra administra\u00e7\u00e3o p\u00fablica.\n<\/p>\n<p>\nNa representa\u00e7\u00e3o contra Renan Calheiros, a sexta no Conselho de \u00c9tica e<br \/>\nDecoro Parlamentar, o senador \u00e9 acusado de conceder emenda<br \/>\nor\u00e7ament\u00e1ria, no valor de R$ 280 mil, beneficiando o munic\u00edpio de<br \/>\nMurici (AL), cl\u00e3 dos Calheiros, para a constru\u00e7\u00e3o de 28 casas por uma<br \/>\nconstrutora fantasma, a KSI Consultoria e Constru\u00e7\u00f5es Ltda. A den\u00fancia<br \/>\nfoi feita no dia 14\/10\/2007 pelo jornal O Estado de S\u00e3o Paulo, que<br \/>\napresenta v\u00e1rias c\u00f3pias de documentos e declara\u00e7\u00f5es dos envolvidos. &quot;\u00c9<br \/>\nmais uma representa\u00e7\u00e3o, mas um procedimento investigat\u00f3rio contra ele&quot;,<br \/>\nafirmou Heloisa.\n<\/p>\n<p>\nNo texto, o PSOL requer a notifica\u00e7\u00e3o e o depoimento de Renan Calheiros<br \/>\nno Conselho de \u00c9tica, com investiga\u00e7\u00e3o dos fatos, e oitiva<br \/>\n(depoimentos) de Jos\u00e9 Viegas e Rosiv\u00e2nia Cavalcanti de Freitas Lins,<br \/>\ns\u00f3cios-propriet\u00e1rios da KSI Consultoria e Constru\u00e7\u00f5es; Vitor Naz\u00e1rio<br \/>\nMendon\u00e7a Gomes da Silva, propriet\u00e1rio da Construtora S\u00e3o Br\u00e1s; e Jos\u00e9<br \/>\nAlbino Gon\u00e7alves de Freitas, ex-assessor de Renan Calheiros.\n<\/p>\n<p>\nCaso Azeredo \u2013 A representa\u00e7\u00e3o contra o senador Eduardo Azeredo<br \/>\nrefere-se \u00e0 estrutura montada em 1998 no Estado de Minas Gerais para<br \/>\nlegitimar os recursos usados nas despesas da campanha \u00e0 reelei\u00e7\u00e3o do<br \/>\nent\u00e3o candidato ao governo, Eduardo Azeredo. O dinheiro para a forma\u00e7\u00e3o<br \/>\ndo &quot;caixa 2&quot; na campanha teriam vindo do esquema conhecido como<br \/>\nvalerioduto.\n<\/p>\n<p>\nA bancada do PSOL decidiu entrar com essa representa\u00e7\u00e3o, apesar do<br \/>\nrisco de o Conselho de \u00c9tica alegar que os fatos acorreram antes de<br \/>\nAzeredo tornar-se senador, o que n\u00e3o constituiria motivo para abertura<br \/>\nde processo de cassa\u00e7\u00e3o do mandato, como ocorreu na den\u00fancia contra Gim<br \/>\nArgello. &quot; A prova de que n\u00e3o concordamos com esta tese, de que n\u00e3o<br \/>\ncabe investiga\u00e7\u00e3o \u00e9 que entramos com a a\u00e7\u00e3o no Supremo Tribunal Federal<br \/>\npara garantir as investiga\u00e7\u00f5es&quot;, afirmou Helo\u00edsa Helena.\n<\/p>\n<p>\nPara a deputada Luciana Genro, est\u00e1 clara a quebra de decoro<br \/>\nparlamentar por parte de Azeredo, j\u00e1 que o senador cometeu atos<br \/>\ngrav\u00edssimos. &quot;Ele mentiu, quando j\u00e1 era senador, ao dizer que n\u00e3o tinha<br \/>\nconhecimento dos empr\u00e9stimos e dos contratos, e em declara\u00e7\u00f5es<br \/>\nposteriores admitiu que sabia sobre os fatos. Foram declara\u00e7\u00f5es<br \/>\nmentirosas \u00e0 opini\u00e3o p\u00fablica&quot;, sentencia.<\/p>\n","protected":false},"excerpt":{"rendered":"<p>O PSOL protocolou, na secretaria-geral do Senado, duas representa\u00e7\u00f5es: uma contra o senador Renan Calheiros e outra contra o senador Eduardo Azeredo. As den\u00fancias foram apresentadas pela presidente do partido, Helo\u00edsa Helena, pela deputada Luciana Genro (RS) e pelos deputados Chico Alencar (RJ) e Ivan Valente (SP).<\/p>\n","protected":false},"author":2,"featured_media":0,"comment_status":"open","ping_status":"open","sticky":false,"template":"","format":"standard","meta":{"_acf_changed":false,"footnotes":""},"categories":[4766],"tags":[],"class_list":{"0":"post-1227","1":"post","2":"type-post","3":"status-publish","4":"format-standard","6":"category-arquivo"},"acf":[],"yoast_head":"<!-- This site is optimized with the Yoast SEO plugin v26.5 - https:\/\/yoast.com\/wordpress\/plugins\/seo\/ -->\n<title>PSOL protocola representa\u00e7\u00e3o contra Azeredo e Renan - PSOL 50<\/title>\n<meta name=\"robots\" content=\"index, follow, max-snippet:-1, max-image-preview:large, max-video-preview:-1\" \/>\n<link rel=\"canonical\" href=\"https:\/\/psol50.org.br\/psol-protocola-representacao-contra-azeredo-e-renan\/\" \/>\n<meta property=\"og:locale\" content=\"pt_BR\" \/>\n<meta property=\"og:type\" content=\"article\" \/>\n<meta property=\"og:title\" content=\"PSOL protocola representa\u00e7\u00e3o contra Azeredo e Renan - PSOL 50\" \/>\n<meta property=\"og:description\" content=\"O PSOL protocolou, na secretaria-geral do Senado, duas representa\u00e7\u00f5es: uma contra o senador Renan Calheiros e outra contra o senador Eduardo Azeredo. As den\u00fancias foram apresentadas pela presidente do partido, Helo\u00edsa Helena, pela deputada Luciana Genro (RS) e pelos deputados Chico Alencar (RJ) e Ivan Valente (SP).\" \/>\n<meta property=\"og:url\" content=\"https:\/\/psol50.org.br\/psol-protocola-representacao-contra-azeredo-e-renan\/\" \/>\n<meta property=\"og:site_name\" content=\"PSOL 50\" \/>\n<meta property=\"article:publisher\" content=\"https:\/\/www.facebook.com\/psol50\" \/>\n<meta property=\"article:published_time\" content=\"2007-10-18T00:00:00+00:00\" \/>\n<meta property=\"og:image\" content=\"https:\/\/psol50.org.br\/inc\/uploads\/2018\/07\/capa.png\" \/>\n\t<meta property=\"og:image:width\" content=\"1350\" \/>\n\t<meta property=\"og:image:height\" content=\"900\" \/>\n\t<meta property=\"og:image:type\" content=\"image\/png\" \/>\n<meta name=\"author\" content=\"Comunica\u00e7\u00e3o PSOL\" \/>\n<meta name=\"twitter:card\" content=\"summary_large_image\" \/>\n<meta name=\"twitter:creator\" content=\"@psol50\" \/>\n<meta name=\"twitter:site\" content=\"@psol50\" \/>\n<meta name=\"twitter:label1\" content=\"Escrito por\" \/>\n\t<meta name=\"twitter:data1\" content=\"Comunica\u00e7\u00e3o PSOL\" \/>\n\t<meta name=\"twitter:label2\" content=\"Est. tempo de leitura\" \/>\n\t<meta name=\"twitter:data2\" content=\"2 minutos\" \/>\n<script type=\"application\/ld+json\" class=\"yoast-schema-graph\">{\"@context\":\"https:\/\/schema.org\",\"@graph\":[{\"@type\":\"Article\",\"@id\":\"https:\/\/psol50.org.br\/psol-protocola-representacao-contra-azeredo-e-renan\/#article\",\"isPartOf\":{\"@id\":\"https:\/\/psol50.org.br\/psol-protocola-representacao-contra-azeredo-e-renan\/\"},\"author\":{\"name\":\"Comunica\u00e7\u00e3o PSOL\",\"@id\":\"https:\/\/psol50.org.br\/#\/schema\/person\/475dfa57d0b815993c714c2e96491fcd\"},\"headline\":\"PSOL protocola representa\u00e7\u00e3o contra Azeredo e Renan\",\"datePublished\":\"2007-10-18T00:00:00+00:00\",\"mainEntityOfPage\":{\"@id\":\"https:\/\/psol50.org.br\/psol-protocola-representacao-contra-azeredo-e-renan\/\"},\"wordCount\":471,\"commentCount\":0,\"publisher\":{\"@id\":\"https:\/\/psol50.org.br\/#organization\"},\"articleSection\":[\"Arquivo\"],\"inLanguage\":\"pt-BR\",\"potentialAction\":[{\"@type\":\"CommentAction\",\"name\":\"Comment\",\"target\":[\"https:\/\/psol50.org.br\/psol-protocola-representacao-contra-azeredo-e-renan\/#respond\"]}]},{\"@type\":\"WebPage\",\"@id\":\"https:\/\/psol50.org.br\/psol-protocola-representacao-contra-azeredo-e-renan\/\",\"url\":\"https:\/\/psol50.org.br\/psol-protocola-representacao-contra-azeredo-e-renan\/\",\"name\":\"PSOL protocola representa\u00e7\u00e3o contra Azeredo e Renan - PSOL 50\",\"isPartOf\":{\"@id\":\"https:\/\/psol50.org.br\/#website\"},\"datePublished\":\"2007-10-18T00:00:00+00:00\",\"breadcrumb\":{\"@id\":\"https:\/\/psol50.org.br\/psol-protocola-representacao-contra-azeredo-e-renan\/#breadcrumb\"},\"inLanguage\":\"pt-BR\",\"potentialAction\":[{\"@type\":\"ReadAction\",\"target\":[\"https:\/\/psol50.org.br\/psol-protocola-representacao-contra-azeredo-e-renan\/\"]}]},{\"@type\":\"BreadcrumbList\",\"@id\":\"https:\/\/psol50.org.br\/psol-protocola-representacao-contra-azeredo-e-renan\/#breadcrumb\",\"itemListElement\":[{\"@type\":\"ListItem\",\"position\":1,\"name\":\"In\u00edcio\",\"item\":\"https:\/\/psol50.org.br\/\"},{\"@type\":\"ListItem\",\"position\":2,\"name\":\"PSOL protocola representa\u00e7\u00e3o contra Azeredo e Renan\"}]},{\"@type\":\"WebSite\",\"@id\":\"https:\/\/psol50.org.br\/#website\",\"url\":\"https:\/\/psol50.org.br\/\",\"name\":\"PSOL 50\",\"description\":\"Site oficial do Partido Socialismo e Liberdade\",\"publisher\":{\"@id\":\"https:\/\/psol50.org.br\/#organization\"},\"alternateName\":\"PSOL50\",\"potentialAction\":[{\"@type\":\"SearchAction\",\"target\":{\"@type\":\"EntryPoint\",\"urlTemplate\":\"https:\/\/psol50.org.br\/?s={search_term_string}\"},\"query-input\":{\"@type\":\"PropertyValueSpecification\",\"valueRequired\":true,\"valueName\":\"search_term_string\"}}],\"inLanguage\":\"pt-BR\"},{\"@type\":\"Organization\",\"@id\":\"https:\/\/psol50.org.br\/#organization\",\"name\":\"PSOL 50\",\"alternateName\":\"PSOL 50\",\"url\":\"https:\/\/psol50.org.br\/\",\"logo\":{\"@type\":\"ImageObject\",\"inLanguage\":\"pt-BR\",\"@id\":\"https:\/\/psol50.org.br\/#\/schema\/logo\/image\/\",\"url\":\"https:\/\/psol50.org.br\/inc\/uploads\/2018\/07\/capa.png\",\"contentUrl\":\"https:\/\/psol50.org.br\/inc\/uploads\/2018\/07\/capa.png\",\"width\":1350,\"height\":900,\"caption\":\"PSOL 50\"},\"image\":{\"@id\":\"https:\/\/psol50.org.br\/#\/schema\/logo\/image\/\"},\"sameAs\":[\"https:\/\/www.facebook.com\/psol50\",\"https:\/\/x.com\/psol50\",\"https:\/\/www.instagram.com\/psol50\/\",\"https:\/\/www.youtube.com\/channel\/UC7SnJS5o1os7a6CaiNabzcg\"]},{\"@type\":\"Person\",\"@id\":\"https:\/\/psol50.org.br\/#\/schema\/person\/475dfa57d0b815993c714c2e96491fcd\",\"name\":\"Comunica\u00e7\u00e3o PSOL\",\"image\":{\"@type\":\"ImageObject\",\"inLanguage\":\"pt-BR\",\"@id\":\"https:\/\/psol50.org.br\/#\/schema\/person\/image\/\",\"url\":\"https:\/\/secure.gravatar.com\/avatar\/b34fc4f4e468a4e51785917065a3db57b841f5c95dba6ad8c73aaf8f66f8f9bf?s=96&d=mm&r=g\",\"contentUrl\":\"https:\/\/secure.gravatar.com\/avatar\/b34fc4f4e468a4e51785917065a3db57b841f5c95dba6ad8c73aaf8f66f8f9bf?s=96&d=mm&r=g\",\"caption\":\"Comunica\u00e7\u00e3o PSOL\"}}]}<\/script>\n<!-- \/ Yoast SEO plugin. -->","yoast_head_json":{"title":"PSOL protocola representa\u00e7\u00e3o contra Azeredo e Renan - PSOL 50","robots":{"index":"index","follow":"follow","max-snippet":"max-snippet:-1","max-image-preview":"max-image-preview:large","max-video-preview":"max-video-preview:-1"},"canonical":"https:\/\/psol50.org.br\/psol-protocola-representacao-contra-azeredo-e-renan\/","og_locale":"pt_BR","og_type":"article","og_title":"PSOL protocola representa\u00e7\u00e3o contra Azeredo e Renan - PSOL 50","og_description":"O PSOL protocolou, na secretaria-geral do Senado, duas representa\u00e7\u00f5es: uma contra o senador Renan Calheiros e outra contra o senador Eduardo Azeredo. As den\u00fancias foram apresentadas pela presidente do partido, Helo\u00edsa Helena, pela deputada Luciana Genro (RS) e pelos deputados Chico Alencar (RJ) e Ivan Valente (SP).","og_url":"https:\/\/psol50.org.br\/psol-protocola-representacao-contra-azeredo-e-renan\/","og_site_name":"PSOL 50","article_publisher":"https:\/\/www.facebook.com\/psol50","article_published_time":"2007-10-18T00:00:00+00:00","og_image":[{"width":1350,"height":900,"url":"https:\/\/psol50.org.br\/inc\/uploads\/2018\/07\/capa.png","type":"image\/png"}],"author":"Comunica\u00e7\u00e3o PSOL","twitter_card":"summary_large_image","twitter_creator":"@psol50","twitter_site":"@psol50","twitter_misc":{"Escrito por":"Comunica\u00e7\u00e3o PSOL","Est. tempo de leitura":"2 minutos"},"schema":{"@context":"https:\/\/schema.org","@graph":[{"@type":"Article","@id":"https:\/\/psol50.org.br\/psol-protocola-representacao-contra-azeredo-e-renan\/#article","isPartOf":{"@id":"https:\/\/psol50.org.br\/psol-protocola-representacao-contra-azeredo-e-renan\/"},"author":{"name":"Comunica\u00e7\u00e3o PSOL","@id":"https:\/\/psol50.org.br\/#\/schema\/person\/475dfa57d0b815993c714c2e96491fcd"},"headline":"PSOL protocola representa\u00e7\u00e3o contra Azeredo e Renan","datePublished":"2007-10-18T00:00:00+00:00","mainEntityOfPage":{"@id":"https:\/\/psol50.org.br\/psol-protocola-representacao-contra-azeredo-e-renan\/"},"wordCount":471,"commentCount":0,"publisher":{"@id":"https:\/\/psol50.org.br\/#organization"},"articleSection":["Arquivo"],"inLanguage":"pt-BR","potentialAction":[{"@type":"CommentAction","name":"Comment","target":["https:\/\/psol50.org.br\/psol-protocola-representacao-contra-azeredo-e-renan\/#respond"]}]},{"@type":"WebPage","@id":"https:\/\/psol50.org.br\/psol-protocola-representacao-contra-azeredo-e-renan\/","url":"https:\/\/psol50.org.br\/psol-protocola-representacao-contra-azeredo-e-renan\/","name":"PSOL protocola representa\u00e7\u00e3o contra Azeredo e Renan - PSOL 50","isPartOf":{"@id":"https:\/\/psol50.org.br\/#website"},"datePublished":"2007-10-18T00:00:00+00:00","breadcrumb":{"@id":"https:\/\/psol50.org.br\/psol-protocola-representacao-contra-azeredo-e-renan\/#breadcrumb"},"inLanguage":"pt-BR","potentialAction":[{"@type":"ReadAction","target":["https:\/\/psol50.org.br\/psol-protocola-representacao-contra-azeredo-e-renan\/"]}]},{"@type":"BreadcrumbList","@id":"https:\/\/psol50.org.br\/psol-protocola-representacao-contra-azeredo-e-renan\/#breadcrumb","itemListElement":[{"@type":"ListItem","position":1,"name":"In\u00edcio","item":"https:\/\/psol50.org.br\/"},{"@type":"ListItem","position":2,"name":"PSOL protocola representa\u00e7\u00e3o contra Azeredo e Renan"}]},{"@type":"WebSite","@id":"https:\/\/psol50.org.br\/#website","url":"https:\/\/psol50.org.br\/","name":"PSOL 50","description":"Site oficial do Partido Socialismo e Liberdade","publisher":{"@id":"https:\/\/psol50.org.br\/#organization"},"alternateName":"PSOL50","potentialAction":[{"@type":"SearchAction","target":{"@type":"EntryPoint","urlTemplate":"https:\/\/psol50.org.br\/?s={search_term_string}"},"query-input":{"@type":"PropertyValueSpecification","valueRequired":true,"valueName":"search_term_string"}}],"inLanguage":"pt-BR"},{"@type":"Organization","@id":"https:\/\/psol50.org.br\/#organization","name":"PSOL 50","alternateName":"PSOL 50","url":"https:\/\/psol50.org.br\/","logo":{"@type":"ImageObject","inLanguage":"pt-BR","@id":"https:\/\/psol50.org.br\/#\/schema\/logo\/image\/","url":"https:\/\/psol50.org.br\/inc\/uploads\/2018\/07\/capa.png","contentUrl":"https:\/\/psol50.org.br\/inc\/uploads\/2018\/07\/capa.png","width":1350,"height":900,"caption":"PSOL 50"},"image":{"@id":"https:\/\/psol50.org.br\/#\/schema\/logo\/image\/"},"sameAs":["https:\/\/www.facebook.com\/psol50","https:\/\/x.com\/psol50","https:\/\/www.instagram.com\/psol50\/","https:\/\/www.youtube.com\/channel\/UC7SnJS5o1os7a6CaiNabzcg"]},{"@type":"Person","@id":"https:\/\/psol50.org.br\/#\/schema\/person\/475dfa57d0b815993c714c2e96491fcd","name":"Comunica\u00e7\u00e3o PSOL","image":{"@type":"ImageObject","inLanguage":"pt-BR","@id":"https:\/\/psol50.org.br\/#\/schema\/person\/image\/","url":"https:\/\/secure.gravatar.com\/avatar\/b34fc4f4e468a4e51785917065a3db57b841f5c95dba6ad8c73aaf8f66f8f9bf?s=96&d=mm&r=g","contentUrl":"https:\/\/secure.gravatar.com\/avatar\/b34fc4f4e468a4e51785917065a3db57b841f5c95dba6ad8c73aaf8f66f8f9bf?s=96&d=mm&r=g","caption":"Comunica\u00e7\u00e3o PSOL"}}]}},"_links":{"self":[{"href":"https:\/\/psol50.org.br\/rest\/wp\/v2\/posts\/1227","targetHints":{"allow":["GET"]}}],"collection":[{"href":"https:\/\/psol50.org.br\/rest\/wp\/v2\/posts"}],"about":[{"href":"https:\/\/psol50.org.br\/rest\/wp\/v2\/types\/post"}],"author":[{"embeddable":true,"href":"https:\/\/psol50.org.br\/rest\/wp\/v2\/users\/2"}],"replies":[{"embeddable":true,"href":"https:\/\/psol50.org.br\/rest\/wp\/v2\/comments?post=1227"}],"version-history":[{"count":0,"href":"https:\/\/psol50.org.br\/rest\/wp\/v2\/posts\/1227\/revisions"}],"wp:attachment":[{"href":"https:\/\/psol50.org.br\/rest\/wp\/v2\/media?parent=1227"}],"wp:term":[{"taxonomy":"category","embeddable":true,"href":"https:\/\/psol50.org.br\/rest\/wp\/v2\/categories?post=1227"},{"taxonomy":"post_tag","embeddable":true,"href":"https:\/\/psol50.org.br\/rest\/wp\/v2\/tags?post=1227"}],"curies":[{"name":"wp","href":"https:\/\/api.w.org\/{rel}","templated":true}]}}