{"id":125,"date":"2015-08-08T11:29:15","date_gmt":"2015-08-08T11:29:15","guid":{"rendered":"http:\/\/179.190.55.146\/~psol5185\/?p=125"},"modified":"2015-08-08T11:29:15","modified_gmt":"2015-08-08T11:29:15","slug":"maes-de-maio-crimes-de-2006-tera-nova-investigacao","status":"publish","type":"post","link":"https:\/\/psol50.org.br\/maes-de-maio-crimes-de-2006-tera-nova-investigacao\/","title":{"rendered":"M\u00e3es de Maio: crimes de 2006 ter\u00e1 nova investiga\u00e7\u00e3o"},"content":{"rendered":"<div id=\"blocoDadosPrint\"><strong><span id=\"Titulo\" class=\"tituloPrint\">M\u00e3es de Maio: investiga\u00e7\u00e3o sobre crimes de 2006 deve ser reaberta ap\u00f3s den\u00fancia de acordo entre governo paulista e PCC<\/span><\/strong><\/div>\n<div class=\"divisoriaGeralClear\"><\/div>\n<div class=\"txtPrint\"><em>Da Rede Brasil Atual<\/em>Para Debora Maria Silva, militante do Movimento M\u00e3es de Maio, a confirma\u00e7\u00e3o de que houve um acordo entre o governo paulista e a fac\u00e7\u00e3o criminosa Primeiro Comando da Capital (PCC) para conter os crimes de maio de 2006 seria um motivo para reabrir as investiga\u00e7\u00f5es sobre os assassinatos de pelo menos 505 pessoas naquele m\u00eas, supostamente cometidos pela Pol\u00edcia Militar. As investiga\u00e7\u00f5es foram arquivadas pela Justi\u00e7a Paulista.O depoimento confirma o acordo entre o chefe do PCC, Marcos Willians Herbas Camacho, o Marcola, e o ent\u00e3o secret\u00e1rio de Seguran\u00e7a, Saulo de Castro Abreu, e o de Administra\u00e7\u00e3o Penitenci\u00e1ria, Nagashi Furukawa, sob o comando do \u201cgovernador tamp\u00e3o\u201d Claudio Lembo (DEM), que governou estado de abril a dezembro de 2006. A confiss\u00e3o foi publicada nesta segunda-feira (27 de julho) pelo jornal\u00a0O Estado de S. Paulo, a partir de um depoimento do delegado Jos\u00e9 Luiz Ramos Cavalcanti, durante um processo judicial que investiga advogados supostamente ligados ao crime organizado.\u201cEsta \u00e9 a hora de arrancar a m\u00e1scara do governo do estado de S\u00e3o Paulo e de todos os prefeitos onde ocorreram assassinatos. Temos de ter outro olhar sobre os crimes de maio, para acabar com a impunidade\u201d, diz Debora. \u201cEra um governo interino, mas ligado a Geraldo Alckmin (PSDB). Passou da hora de desarquivar os crimes e responsabilizar de vez o governo de S\u00e3o Paulo. Foi uma guerra em que perdemos nossos filhos. Est\u00e1 contado passo a passo como foi. N\u00f3s j\u00e1 sab\u00edamos disso de cabo a rabo. Houve um acordo, que foi silenciado.\u201d<br \/>\nSegundo a reportagem, o objetivo do acordo era por fim aos ataques da fac\u00e7\u00e3o criminosa, em maio de 2006. O governo de S\u00e3o Paulo sempre negou que houve acordo com Marcola. A reportagem do jornal n\u00e3o cita, no entanto, que ap\u00f3s o acordo, o secret\u00e1rio Furukawa, mais moderado, foi demitido, e Saulo, com uma postura mais radical, adquiriu mais poder, como relatou o jornalista Lu\u00eds Nassif.<br \/>\nAs M\u00e3es de Maio denunciam que a partir do dia 15 daquele m\u00eas, a Pol\u00edcia Militar saiu \u00e0s ruas das periferias de S\u00e3o Paulo e da Baixada Santista e cometeram os 505 assassinatos em poucos dias. A maioria das v\u00edtimas eram jovens negros e pobres, entre eles, uma adolescente que daria \u00e0 luz no dia seguinte \u00e0 sua morte.<\/p>\n<blockquote><p>\u201cAo meio dia houve toque de recolher da pol\u00edcia, que considerava quem estivesse na rua como inimigo. Esse depoimento est\u00e1 nos autos dos processos. Cancelaram as linhas telef\u00f4nicas e come\u00e7aram os ataques. Mataram meu filho, mataram fam\u00edlias inteiras, mataram mulheres, mo\u00e7as\u201d, diz Debora. \u201cVimos essa reportagem hoje e n\u00e3o entendemos o porqu\u00ea foi publicada agora, inclusive em um jornal que n\u00e3o cobriu nada na \u00e9poca\u201d.<\/p><\/blockquote>\n<p>De acordo com Nassif, homens encapuzados, em motos, sa\u00edram pelas ruas alvejando as pessoas. Em seguida, chegavam viaturas da PM para destruir as provas. Os corpos foram encaminhados ao Instituto M\u00e9dico Legal (IML) e, na sua maioria, os laudos foram inconclusivos. A matan\u00e7a reduziu quando procuradores federais e m\u00e9dicos do Conselho Regional de Medicina foram ao IML para acompanhar a elabora\u00e7\u00e3o dos laudos.<br \/>\nO Minist\u00e9rio P\u00fablico Estadual, a Justi\u00e7a de S\u00e3o Paulo e a grande imprensa do estado pouco investigaram o ocorrido. Sem continuidade no processo, o Movimento M\u00e3es de Maio conseguiu enviar as investiga\u00e7\u00f5es para Bras\u00edlia, federalizando a apura\u00e7\u00e3o. O Procurador Geral Rodrigo Janot, no entanto, n\u00e3o deu continuidade ao caso.<br \/>\n\u201cSaulo de Castro Abreu nunca foi investigado. Hoje ele \u00e9 secret\u00e1rio (de Governo de Alckmin). Precisa ser investigado\u201d, reivindica a militante do M\u00e3es de Maio. \u201cH\u00e1 omiss\u00e3o, hoje, at\u00e9 do governo federal. Estamos pedindo uma agenda com a presidenta Dilma Rousseff h\u00e1 mais de dois anos e ela nunca nos recebeu. O \u00fanico convite foi ap\u00f3s as Jornadas de Junho de 2013, mas negamos, porque queremos que a pauta seja o massacre.\u201d<br \/>\n<em>Mat\u00e9ria original publicada no site da\u00a0<a href=\"http:\/\/www.redebrasilatual.com.br\/cidadania\/2015\/07\/para-maes-de-maio-acordo-entre-governo-paulista-e-pcc-daria-forca-para-reabrir-investigacoes-819.html\" target=\"_blank\" rel=\"noopener\">Rede Brasil Atual<\/a>.<\/em>\n<\/div>\n","protected":false},"excerpt":{"rendered":"<p>M\u00e3es de Maio: investiga\u00e7\u00e3o sobre crimes de 2006 deve ser reaberta ap\u00f3s den\u00fancia de acordo entre governo paulista e PCC Da Rede Brasil AtualPara Debora Maria Silva, militante do Movimento M\u00e3es de Maio, a confirma\u00e7\u00e3o de que houve um acordo entre o governo paulista e a fac\u00e7\u00e3o criminosa Primeiro Comando da Capital (PCC) para conter [&hellip;]<\/p>\n","protected":false},"author":2,"featured_media":3756,"comment_status":"open","ping_status":"open","sticky":false,"template":"","format":"standard","meta":{"_acf_changed":false,"footnotes":""},"categories":[1882,6,14],"tags":[1538,1927,3285,1587],"class_list":{"0":"post-125","1":"post","2":"type-post","3":"status-publish","4":"format-standard","5":"has-post-thumbnail","7":"category-brasil","8":"category-noticias","9":"category-partido","10":"tag-genocidio","11":"tag-juventude","12":"tag-maes-de-maio","13":"tag-movimento-negro"},"acf":[],"yoast_head":"<!-- This site is optimized with the Yoast SEO plugin v26.5 - https:\/\/yoast.com\/wordpress\/plugins\/seo\/ -->\n<title>M\u00e3es de Maio: crimes de 2006 ter\u00e1 nova investiga\u00e7\u00e3o - PSOL 50<\/title>\n<meta name=\"robots\" content=\"index, follow, max-snippet:-1, max-image-preview:large, max-video-preview:-1\" \/>\n<link rel=\"canonical\" href=\"https:\/\/psol50.org.br\/maes-de-maio-crimes-de-2006-tera-nova-investigacao\/\" \/>\n<meta property=\"og:locale\" content=\"pt_BR\" \/>\n<meta property=\"og:type\" content=\"article\" \/>\n<meta property=\"og:title\" content=\"M\u00e3es de Maio: crimes de 2006 ter\u00e1 nova investiga\u00e7\u00e3o - PSOL 50\" \/>\n<meta property=\"og:description\" content=\"M\u00e3es de Maio: investiga\u00e7\u00e3o sobre crimes de 2006 deve ser reaberta ap\u00f3s den\u00fancia de acordo entre governo paulista e PCC Da Rede Brasil AtualPara Debora Maria Silva, militante do Movimento M\u00e3es de Maio, a confirma\u00e7\u00e3o de que houve um acordo entre o governo paulista e a fac\u00e7\u00e3o criminosa Primeiro Comando da Capital (PCC) para conter [&hellip;]\" \/>\n<meta property=\"og:url\" content=\"https:\/\/psol50.org.br\/maes-de-maio-crimes-de-2006-tera-nova-investigacao\/\" \/>\n<meta property=\"og:site_name\" content=\"PSOL 50\" \/>\n<meta property=\"article:publisher\" content=\"https:\/\/www.facebook.com\/psol50\" \/>\n<meta property=\"article:published_time\" content=\"2015-08-08T11:29:15+00:00\" \/>\n<meta property=\"og:image\" content=\"https:\/\/psol50.org.br\/inc\/uploads\/2015\/08\/Maes_de_maio_audiencia.jpg\" \/>\n\t<meta property=\"og:image:width\" content=\"1100\" \/>\n\t<meta property=\"og:image:height\" content=\"734\" \/>\n\t<meta property=\"og:image:type\" content=\"image\/jpeg\" \/>\n<meta name=\"author\" content=\"Comunica\u00e7\u00e3o PSOL\" \/>\n<meta name=\"twitter:card\" content=\"summary_large_image\" \/>\n<meta name=\"twitter:creator\" content=\"@psol50\" \/>\n<meta name=\"twitter:site\" content=\"@psol50\" \/>\n<meta name=\"twitter:label1\" content=\"Escrito por\" \/>\n\t<meta name=\"twitter:data1\" content=\"Comunica\u00e7\u00e3o PSOL\" \/>\n\t<meta name=\"twitter:label2\" content=\"Est. tempo de leitura\" \/>\n\t<meta name=\"twitter:data2\" content=\"4 minutos\" \/>\n<script type=\"application\/ld+json\" class=\"yoast-schema-graph\">{\"@context\":\"https:\/\/schema.org\",\"@graph\":[{\"@type\":\"Article\",\"@id\":\"https:\/\/psol50.org.br\/maes-de-maio-crimes-de-2006-tera-nova-investigacao\/#article\",\"isPartOf\":{\"@id\":\"https:\/\/psol50.org.br\/maes-de-maio-crimes-de-2006-tera-nova-investigacao\/\"},\"author\":{\"name\":\"Comunica\u00e7\u00e3o PSOL\",\"@id\":\"https:\/\/psol50.org.br\/#\/schema\/person\/475dfa57d0b815993c714c2e96491fcd\"},\"headline\":\"M\u00e3es de Maio: crimes de 2006 ter\u00e1 nova investiga\u00e7\u00e3o\",\"datePublished\":\"2015-08-08T11:29:15+00:00\",\"mainEntityOfPage\":{\"@id\":\"https:\/\/psol50.org.br\/maes-de-maio-crimes-de-2006-tera-nova-investigacao\/\"},\"wordCount\":716,\"commentCount\":0,\"publisher\":{\"@id\":\"https:\/\/psol50.org.br\/#organization\"},\"image\":{\"@id\":\"https:\/\/psol50.org.br\/maes-de-maio-crimes-de-2006-tera-nova-investigacao\/#primaryimage\"},\"thumbnailUrl\":\"https:\/\/psol50.org.br\/inc\/uploads\/2015\/08\/Maes_de_maio_audiencia.jpg\",\"keywords\":[\"genoc\u00eddio\",\"juventude\",\"m\u00e3es de maio\",\"movimento negro\"],\"articleSection\":[\"Brasil\",\"Not\u00edcias\",\"Partido\"],\"inLanguage\":\"pt-BR\",\"potentialAction\":[{\"@type\":\"CommentAction\",\"name\":\"Comment\",\"target\":[\"https:\/\/psol50.org.br\/maes-de-maio-crimes-de-2006-tera-nova-investigacao\/#respond\"]}]},{\"@type\":\"WebPage\",\"@id\":\"https:\/\/psol50.org.br\/maes-de-maio-crimes-de-2006-tera-nova-investigacao\/\",\"url\":\"https:\/\/psol50.org.br\/maes-de-maio-crimes-de-2006-tera-nova-investigacao\/\",\"name\":\"M\u00e3es de Maio: crimes de 2006 ter\u00e1 nova investiga\u00e7\u00e3o - PSOL 50\",\"isPartOf\":{\"@id\":\"https:\/\/psol50.org.br\/#website\"},\"primaryImageOfPage\":{\"@id\":\"https:\/\/psol50.org.br\/maes-de-maio-crimes-de-2006-tera-nova-investigacao\/#primaryimage\"},\"image\":{\"@id\":\"https:\/\/psol50.org.br\/maes-de-maio-crimes-de-2006-tera-nova-investigacao\/#primaryimage\"},\"thumbnailUrl\":\"https:\/\/psol50.org.br\/inc\/uploads\/2015\/08\/Maes_de_maio_audiencia.jpg\",\"datePublished\":\"2015-08-08T11:29:15+00:00\",\"breadcrumb\":{\"@id\":\"https:\/\/psol50.org.br\/maes-de-maio-crimes-de-2006-tera-nova-investigacao\/#breadcrumb\"},\"inLanguage\":\"pt-BR\",\"potentialAction\":[{\"@type\":\"ReadAction\",\"target\":[\"https:\/\/psol50.org.br\/maes-de-maio-crimes-de-2006-tera-nova-investigacao\/\"]}]},{\"@type\":\"ImageObject\",\"inLanguage\":\"pt-BR\",\"@id\":\"https:\/\/psol50.org.br\/maes-de-maio-crimes-de-2006-tera-nova-investigacao\/#primaryimage\",\"url\":\"https:\/\/psol50.org.br\/inc\/uploads\/2015\/08\/Maes_de_maio_audiencia.jpg\",\"contentUrl\":\"https:\/\/psol50.org.br\/inc\/uploads\/2015\/08\/Maes_de_maio_audiencia.jpg\",\"width\":1100,\"height\":734},{\"@type\":\"BreadcrumbList\",\"@id\":\"https:\/\/psol50.org.br\/maes-de-maio-crimes-de-2006-tera-nova-investigacao\/#breadcrumb\",\"itemListElement\":[{\"@type\":\"ListItem\",\"position\":1,\"name\":\"In\u00edcio\",\"item\":\"https:\/\/psol50.org.br\/\"},{\"@type\":\"ListItem\",\"position\":2,\"name\":\"M\u00e3es de Maio: crimes de 2006 ter\u00e1 nova investiga\u00e7\u00e3o\"}]},{\"@type\":\"WebSite\",\"@id\":\"https:\/\/psol50.org.br\/#website\",\"url\":\"https:\/\/psol50.org.br\/\",\"name\":\"PSOL 50\",\"description\":\"Site oficial do Partido Socialismo e Liberdade\",\"publisher\":{\"@id\":\"https:\/\/psol50.org.br\/#organization\"},\"alternateName\":\"PSOL50\",\"potentialAction\":[{\"@type\":\"SearchAction\",\"target\":{\"@type\":\"EntryPoint\",\"urlTemplate\":\"https:\/\/psol50.org.br\/?s={search_term_string}\"},\"query-input\":{\"@type\":\"PropertyValueSpecification\",\"valueRequired\":true,\"valueName\":\"search_term_string\"}}],\"inLanguage\":\"pt-BR\"},{\"@type\":\"Organization\",\"@id\":\"https:\/\/psol50.org.br\/#organization\",\"name\":\"PSOL 50\",\"alternateName\":\"PSOL 50\",\"url\":\"https:\/\/psol50.org.br\/\",\"logo\":{\"@type\":\"ImageObject\",\"inLanguage\":\"pt-BR\",\"@id\":\"https:\/\/psol50.org.br\/#\/schema\/logo\/image\/\",\"url\":\"https:\/\/psol50.org.br\/inc\/uploads\/2018\/07\/capa.png\",\"contentUrl\":\"https:\/\/psol50.org.br\/inc\/uploads\/2018\/07\/capa.png\",\"width\":1350,\"height\":900,\"caption\":\"PSOL 50\"},\"image\":{\"@id\":\"https:\/\/psol50.org.br\/#\/schema\/logo\/image\/\"},\"sameAs\":[\"https:\/\/www.facebook.com\/psol50\",\"https:\/\/x.com\/psol50\",\"https:\/\/www.instagram.com\/psol50\/\",\"https:\/\/www.youtube.com\/channel\/UC7SnJS5o1os7a6CaiNabzcg\"]},{\"@type\":\"Person\",\"@id\":\"https:\/\/psol50.org.br\/#\/schema\/person\/475dfa57d0b815993c714c2e96491fcd\",\"name\":\"Comunica\u00e7\u00e3o PSOL\",\"image\":{\"@type\":\"ImageObject\",\"inLanguage\":\"pt-BR\",\"@id\":\"https:\/\/psol50.org.br\/#\/schema\/person\/image\/\",\"url\":\"https:\/\/secure.gravatar.com\/avatar\/b34fc4f4e468a4e51785917065a3db57b841f5c95dba6ad8c73aaf8f66f8f9bf?s=96&d=mm&r=g\",\"contentUrl\":\"https:\/\/secure.gravatar.com\/avatar\/b34fc4f4e468a4e51785917065a3db57b841f5c95dba6ad8c73aaf8f66f8f9bf?s=96&d=mm&r=g\",\"caption\":\"Comunica\u00e7\u00e3o PSOL\"}}]}<\/script>\n<!-- \/ Yoast SEO plugin. -->","yoast_head_json":{"title":"M\u00e3es de Maio: crimes de 2006 ter\u00e1 nova investiga\u00e7\u00e3o - PSOL 50","robots":{"index":"index","follow":"follow","max-snippet":"max-snippet:-1","max-image-preview":"max-image-preview:large","max-video-preview":"max-video-preview:-1"},"canonical":"https:\/\/psol50.org.br\/maes-de-maio-crimes-de-2006-tera-nova-investigacao\/","og_locale":"pt_BR","og_type":"article","og_title":"M\u00e3es de Maio: crimes de 2006 ter\u00e1 nova investiga\u00e7\u00e3o - PSOL 50","og_description":"M\u00e3es de Maio: investiga\u00e7\u00e3o sobre crimes de 2006 deve ser reaberta ap\u00f3s den\u00fancia de acordo entre governo paulista e PCC Da Rede Brasil AtualPara Debora Maria Silva, militante do Movimento M\u00e3es de Maio, a confirma\u00e7\u00e3o de que houve um acordo entre o governo paulista e a fac\u00e7\u00e3o criminosa Primeiro Comando da Capital (PCC) para conter [&hellip;]","og_url":"https:\/\/psol50.org.br\/maes-de-maio-crimes-de-2006-tera-nova-investigacao\/","og_site_name":"PSOL 50","article_publisher":"https:\/\/www.facebook.com\/psol50","article_published_time":"2015-08-08T11:29:15+00:00","og_image":[{"width":1100,"height":734,"url":"https:\/\/psol50.org.br\/inc\/uploads\/2015\/08\/Maes_de_maio_audiencia.jpg","type":"image\/jpeg"}],"author":"Comunica\u00e7\u00e3o PSOL","twitter_card":"summary_large_image","twitter_creator":"@psol50","twitter_site":"@psol50","twitter_misc":{"Escrito por":"Comunica\u00e7\u00e3o PSOL","Est. tempo de leitura":"4 minutos"},"schema":{"@context":"https:\/\/schema.org","@graph":[{"@type":"Article","@id":"https:\/\/psol50.org.br\/maes-de-maio-crimes-de-2006-tera-nova-investigacao\/#article","isPartOf":{"@id":"https:\/\/psol50.org.br\/maes-de-maio-crimes-de-2006-tera-nova-investigacao\/"},"author":{"name":"Comunica\u00e7\u00e3o PSOL","@id":"https:\/\/psol50.org.br\/#\/schema\/person\/475dfa57d0b815993c714c2e96491fcd"},"headline":"M\u00e3es de Maio: crimes de 2006 ter\u00e1 nova investiga\u00e7\u00e3o","datePublished":"2015-08-08T11:29:15+00:00","mainEntityOfPage":{"@id":"https:\/\/psol50.org.br\/maes-de-maio-crimes-de-2006-tera-nova-investigacao\/"},"wordCount":716,"commentCount":0,"publisher":{"@id":"https:\/\/psol50.org.br\/#organization"},"image":{"@id":"https:\/\/psol50.org.br\/maes-de-maio-crimes-de-2006-tera-nova-investigacao\/#primaryimage"},"thumbnailUrl":"https:\/\/psol50.org.br\/inc\/uploads\/2015\/08\/Maes_de_maio_audiencia.jpg","keywords":["genoc\u00eddio","juventude","m\u00e3es de maio","movimento negro"],"articleSection":["Brasil","Not\u00edcias","Partido"],"inLanguage":"pt-BR","potentialAction":[{"@type":"CommentAction","name":"Comment","target":["https:\/\/psol50.org.br\/maes-de-maio-crimes-de-2006-tera-nova-investigacao\/#respond"]}]},{"@type":"WebPage","@id":"https:\/\/psol50.org.br\/maes-de-maio-crimes-de-2006-tera-nova-investigacao\/","url":"https:\/\/psol50.org.br\/maes-de-maio-crimes-de-2006-tera-nova-investigacao\/","name":"M\u00e3es de Maio: crimes de 2006 ter\u00e1 nova investiga\u00e7\u00e3o - PSOL 50","isPartOf":{"@id":"https:\/\/psol50.org.br\/#website"},"primaryImageOfPage":{"@id":"https:\/\/psol50.org.br\/maes-de-maio-crimes-de-2006-tera-nova-investigacao\/#primaryimage"},"image":{"@id":"https:\/\/psol50.org.br\/maes-de-maio-crimes-de-2006-tera-nova-investigacao\/#primaryimage"},"thumbnailUrl":"https:\/\/psol50.org.br\/inc\/uploads\/2015\/08\/Maes_de_maio_audiencia.jpg","datePublished":"2015-08-08T11:29:15+00:00","breadcrumb":{"@id":"https:\/\/psol50.org.br\/maes-de-maio-crimes-de-2006-tera-nova-investigacao\/#breadcrumb"},"inLanguage":"pt-BR","potentialAction":[{"@type":"ReadAction","target":["https:\/\/psol50.org.br\/maes-de-maio-crimes-de-2006-tera-nova-investigacao\/"]}]},{"@type":"ImageObject","inLanguage":"pt-BR","@id":"https:\/\/psol50.org.br\/maes-de-maio-crimes-de-2006-tera-nova-investigacao\/#primaryimage","url":"https:\/\/psol50.org.br\/inc\/uploads\/2015\/08\/Maes_de_maio_audiencia.jpg","contentUrl":"https:\/\/psol50.org.br\/inc\/uploads\/2015\/08\/Maes_de_maio_audiencia.jpg","width":1100,"height":734},{"@type":"BreadcrumbList","@id":"https:\/\/psol50.org.br\/maes-de-maio-crimes-de-2006-tera-nova-investigacao\/#breadcrumb","itemListElement":[{"@type":"ListItem","position":1,"name":"In\u00edcio","item":"https:\/\/psol50.org.br\/"},{"@type":"ListItem","position":2,"name":"M\u00e3es de Maio: crimes de 2006 ter\u00e1 nova investiga\u00e7\u00e3o"}]},{"@type":"WebSite","@id":"https:\/\/psol50.org.br\/#website","url":"https:\/\/psol50.org.br\/","name":"PSOL 50","description":"Site oficial do Partido Socialismo e Liberdade","publisher":{"@id":"https:\/\/psol50.org.br\/#organization"},"alternateName":"PSOL50","potentialAction":[{"@type":"SearchAction","target":{"@type":"EntryPoint","urlTemplate":"https:\/\/psol50.org.br\/?s={search_term_string}"},"query-input":{"@type":"PropertyValueSpecification","valueRequired":true,"valueName":"search_term_string"}}],"inLanguage":"pt-BR"},{"@type":"Organization","@id":"https:\/\/psol50.org.br\/#organization","name":"PSOL 50","alternateName":"PSOL 50","url":"https:\/\/psol50.org.br\/","logo":{"@type":"ImageObject","inLanguage":"pt-BR","@id":"https:\/\/psol50.org.br\/#\/schema\/logo\/image\/","url":"https:\/\/psol50.org.br\/inc\/uploads\/2018\/07\/capa.png","contentUrl":"https:\/\/psol50.org.br\/inc\/uploads\/2018\/07\/capa.png","width":1350,"height":900,"caption":"PSOL 50"},"image":{"@id":"https:\/\/psol50.org.br\/#\/schema\/logo\/image\/"},"sameAs":["https:\/\/www.facebook.com\/psol50","https:\/\/x.com\/psol50","https:\/\/www.instagram.com\/psol50\/","https:\/\/www.youtube.com\/channel\/UC7SnJS5o1os7a6CaiNabzcg"]},{"@type":"Person","@id":"https:\/\/psol50.org.br\/#\/schema\/person\/475dfa57d0b815993c714c2e96491fcd","name":"Comunica\u00e7\u00e3o PSOL","image":{"@type":"ImageObject","inLanguage":"pt-BR","@id":"https:\/\/psol50.org.br\/#\/schema\/person\/image\/","url":"https:\/\/secure.gravatar.com\/avatar\/b34fc4f4e468a4e51785917065a3db57b841f5c95dba6ad8c73aaf8f66f8f9bf?s=96&d=mm&r=g","contentUrl":"https:\/\/secure.gravatar.com\/avatar\/b34fc4f4e468a4e51785917065a3db57b841f5c95dba6ad8c73aaf8f66f8f9bf?s=96&d=mm&r=g","caption":"Comunica\u00e7\u00e3o PSOL"}}]}},"_links":{"self":[{"href":"https:\/\/psol50.org.br\/rest\/wp\/v2\/posts\/125","targetHints":{"allow":["GET"]}}],"collection":[{"href":"https:\/\/psol50.org.br\/rest\/wp\/v2\/posts"}],"about":[{"href":"https:\/\/psol50.org.br\/rest\/wp\/v2\/types\/post"}],"author":[{"embeddable":true,"href":"https:\/\/psol50.org.br\/rest\/wp\/v2\/users\/2"}],"replies":[{"embeddable":true,"href":"https:\/\/psol50.org.br\/rest\/wp\/v2\/comments?post=125"}],"version-history":[{"count":0,"href":"https:\/\/psol50.org.br\/rest\/wp\/v2\/posts\/125\/revisions"}],"wp:featuredmedia":[{"embeddable":true,"href":"https:\/\/psol50.org.br\/rest\/wp\/v2\/media\/3756"}],"wp:attachment":[{"href":"https:\/\/psol50.org.br\/rest\/wp\/v2\/media?parent=125"}],"wp:term":[{"taxonomy":"category","embeddable":true,"href":"https:\/\/psol50.org.br\/rest\/wp\/v2\/categories?post=125"},{"taxonomy":"post_tag","embeddable":true,"href":"https:\/\/psol50.org.br\/rest\/wp\/v2\/tags?post=125"}],"curies":[{"name":"wp","href":"https:\/\/api.w.org\/{rel}","templated":true}]}}