{"id":1251,"date":"2008-03-11T00:00:00","date_gmt":"2008-03-11T00:00:00","guid":{"rendered":"http:\/\/psol50.org.br\/arquivo\/2008\/03\/11\/brasil-x-espanha-tratamento-recebido-por-brasileiros-sera-debatido-amanha-na-camara\/"},"modified":"2008-03-11T00:00:00","modified_gmt":"2008-03-11T00:00:00","slug":"brasil-x-espanha-tratamento-recebido-por-brasileiros-sera-debatido-amanha-na-camara","status":"publish","type":"post","link":"https:\/\/psol50.org.br\/brasil-x-espanha-tratamento-recebido-por-brasileiros-sera-debatido-amanha-na-camara\/","title":{"rendered":"Brasil x Espanha: tratamento recebido por brasileiros ser\u00e1 debatido amanh\u00e3 na C\u00e2mara"},"content":{"rendered":"<p>A audi\u00eancia p\u00fablica para debater o tratamento que brasileiros est\u00e3o enfrentando ao desembarcarem na Espanha, proposta pelo deputado Ivan Valente (PSOL\/SP), acontece amanh\u00e3, dia 12 de mar\u00e7o, \u00e0s 11 horas, no Plen\u00e1rio 3, da C\u00e2mara dos Deputados.<\/p>\n<p><!--more--><\/p>\n<p>Foram convidados o ministro Eduardo Gradilone, diretor do Departamento Consular e de Brasileiros no Exterior do Minist\u00e9rio das Rela\u00e7\u00f5es Exteriores, C\u00e9sar Augusto Toselli, coordenador-geral de Imigra\u00e7\u00e3o da Pol\u00edcia Federal, Marco Ant\u00f4nio Zago, presidente do Conselho Nacional de Desenvolvimento Cient\u00edfico e Tecnol\u00f3gico, e a estudante de p\u00f3s-gradua\u00e7\u00e3o da USP, Patr\u00edcia Magalh\u00e3es, barrada em territ\u00f3rio espanhol.<\/p>\n<p>Desde o in\u00edcio do ano cerca de 700 brasileiros foram detidos e deportados. Em 2007 foram cerca de 3 mil v\u00edtimas de denega\u00e7\u00f5es de ingresso, termo usado pela diplomacia, por parte do governo espanhol, o que d\u00e1 uma m\u00e9dia de oito deporta\u00e7\u00f5es por dia. \u201cS\u00e3o freq\u00fcentes as not\u00edcias de pr\u00e1tica de discrimina\u00e7\u00e3o e maus tratos das mais variadas ordens contra brasileiras e brasileiros que pretendem entrar na Espanha\u201d, afirma Ivan Valente.<\/p>\n<p>Not\u00edcias veiculadas pela imprensa apontam que de cada 5 estrangeiros barrados na Espanha, 2 s\u00e3o brasileiros. No caso de Patr\u00edcia Magalh\u00e3es, o destino era Lisboa, em Portugal, onde participaria de um congresso internacional de f\u00edsica, mas foi detida no aeroporto de Madri e deportada. O deputado considera \u201cinaceit\u00e1vel a discrimina\u00e7\u00e3o, o preconceito e o uso de crit\u00e9rios subjetivos para impedir que os brasileiros acessem a Comunidade Europ\u00e9ia.\u201d<\/p>\n<p>O Itamaraty reconhece que h\u00e1 um recrudescimento do problema. A situa\u00e7\u00e3o se torna mais grave pelo fato de a Espanha ser uma das principais portas de entrada de brasileiros na Europa e tamb\u00e9m por conta da prostitui\u00e7\u00e3o. Na opini\u00e3o do deputado, quando se trata de respeito aos direitos humanos, \u00e0 pluralidade, hist\u00f3ria e a cultura pr\u00f3pria de cada pa\u00eds, a situa\u00e7\u00e3o \u00e9 bem diferente e h\u00e1 enorme discrep\u00e2ncia no tratamento reservado entre um pa\u00eds e outro.<\/p>\n<p>A proposta do deputado Ivan Valente \u00e9 conjunta com o deputado Vieira da Cunha, na Comiss\u00e3o de Rela\u00e7\u00f5es Exteriores e Defesa Nacional.<\/p>\n","protected":false},"excerpt":{"rendered":"<p>A audi\u00eancia p\u00fablica para debater o tratamento que brasileiros est\u00e3o enfrentando ao desembarcarem na Espanha, proposta pelo deputado Ivan Valente (PSOL\/SP), acontece amanh\u00e3, dia 12 de mar\u00e7o, \u00e0s 11 horas, no Plen\u00e1rio 3, da C\u00e2mara dos Deputados.<\/p>\n","protected":false},"author":2,"featured_media":0,"comment_status":"open","ping_status":"open","sticky":false,"template":"","format":"standard","meta":{"_acf_changed":false,"footnotes":""},"categories":[4766,3605,836],"tags":[2753,790,1216,2138],"class_list":{"0":"post-1251","1":"post","2":"type-post","3":"status-publish","4":"format-standard","7":"category-espanha","9":"tag-espanha","10":"tag-esquerda","11":"tag-internacional","12":"tag-podemos"},"acf":[],"yoast_head":"<!-- This site is optimized with the Yoast SEO plugin v26.5 - https:\/\/yoast.com\/wordpress\/plugins\/seo\/ -->\n<title>Brasil x Espanha: tratamento recebido por brasileiros ser\u00e1 debatido amanh\u00e3 na C\u00e2mara - PSOL 50<\/title>\n<meta name=\"robots\" content=\"index, follow, max-snippet:-1, max-image-preview:large, max-video-preview:-1\" \/>\n<link rel=\"canonical\" href=\"https:\/\/psol50.org.br\/brasil-x-espanha-tratamento-recebido-por-brasileiros-sera-debatido-amanha-na-camara\/\" \/>\n<meta property=\"og:locale\" content=\"pt_BR\" \/>\n<meta property=\"og:type\" content=\"article\" \/>\n<meta property=\"og:title\" content=\"Brasil x Espanha: tratamento recebido por brasileiros ser\u00e1 debatido amanh\u00e3 na C\u00e2mara - PSOL 50\" \/>\n<meta property=\"og:description\" content=\"A audi\u00eancia p\u00fablica para debater o tratamento que brasileiros est\u00e3o enfrentando ao desembarcarem na Espanha, proposta pelo deputado Ivan Valente (PSOL\/SP), acontece amanh\u00e3, dia 12 de mar\u00e7o, \u00e0s 11 horas, no Plen\u00e1rio 3, da C\u00e2mara dos Deputados.\" \/>\n<meta property=\"og:url\" content=\"https:\/\/psol50.org.br\/brasil-x-espanha-tratamento-recebido-por-brasileiros-sera-debatido-amanha-na-camara\/\" \/>\n<meta property=\"og:site_name\" content=\"PSOL 50\" \/>\n<meta property=\"article:publisher\" content=\"https:\/\/www.facebook.com\/psol50\" \/>\n<meta property=\"article:published_time\" content=\"2008-03-11T00:00:00+00:00\" \/>\n<meta property=\"og:image\" content=\"https:\/\/psol50.org.br\/inc\/uploads\/2018\/07\/capa.png\" \/>\n\t<meta property=\"og:image:width\" content=\"1350\" \/>\n\t<meta property=\"og:image:height\" content=\"900\" \/>\n\t<meta property=\"og:image:type\" content=\"image\/png\" \/>\n<meta name=\"author\" content=\"Comunica\u00e7\u00e3o PSOL\" \/>\n<meta name=\"twitter:card\" content=\"summary_large_image\" \/>\n<meta name=\"twitter:creator\" content=\"@psol50\" \/>\n<meta name=\"twitter:site\" content=\"@psol50\" \/>\n<meta name=\"twitter:label1\" content=\"Escrito por\" \/>\n\t<meta name=\"twitter:data1\" content=\"Comunica\u00e7\u00e3o PSOL\" \/>\n\t<meta name=\"twitter:label2\" content=\"Est. tempo de leitura\" \/>\n\t<meta name=\"twitter:data2\" content=\"2 minutos\" \/>\n<script type=\"application\/ld+json\" class=\"yoast-schema-graph\">{\"@context\":\"https:\/\/schema.org\",\"@graph\":[{\"@type\":\"Article\",\"@id\":\"https:\/\/psol50.org.br\/brasil-x-espanha-tratamento-recebido-por-brasileiros-sera-debatido-amanha-na-camara\/#article\",\"isPartOf\":{\"@id\":\"https:\/\/psol50.org.br\/brasil-x-espanha-tratamento-recebido-por-brasileiros-sera-debatido-amanha-na-camara\/\"},\"author\":{\"name\":\"Comunica\u00e7\u00e3o PSOL\",\"@id\":\"https:\/\/psol50.org.br\/#\/schema\/person\/475dfa57d0b815993c714c2e96491fcd\"},\"headline\":\"Brasil x Espanha: tratamento recebido por brasileiros ser\u00e1 debatido amanh\u00e3 na C\u00e2mara\",\"datePublished\":\"2008-03-11T00:00:00+00:00\",\"mainEntityOfPage\":{\"@id\":\"https:\/\/psol50.org.br\/brasil-x-espanha-tratamento-recebido-por-brasileiros-sera-debatido-amanha-na-camara\/\"},\"wordCount\":380,\"commentCount\":0,\"publisher\":{\"@id\":\"https:\/\/psol50.org.br\/#organization\"},\"keywords\":[\"Espanha\",\"esquerda\",\"Internacional\",\"Podemos\"],\"articleSection\":[\"Arquivo\",\"Espanha\",\"Internacional\"],\"inLanguage\":\"pt-BR\",\"potentialAction\":[{\"@type\":\"CommentAction\",\"name\":\"Comment\",\"target\":[\"https:\/\/psol50.org.br\/brasil-x-espanha-tratamento-recebido-por-brasileiros-sera-debatido-amanha-na-camara\/#respond\"]}]},{\"@type\":\"WebPage\",\"@id\":\"https:\/\/psol50.org.br\/brasil-x-espanha-tratamento-recebido-por-brasileiros-sera-debatido-amanha-na-camara\/\",\"url\":\"https:\/\/psol50.org.br\/brasil-x-espanha-tratamento-recebido-por-brasileiros-sera-debatido-amanha-na-camara\/\",\"name\":\"Brasil x Espanha: tratamento recebido por brasileiros ser\u00e1 debatido amanh\u00e3 na C\u00e2mara - PSOL 50\",\"isPartOf\":{\"@id\":\"https:\/\/psol50.org.br\/#website\"},\"datePublished\":\"2008-03-11T00:00:00+00:00\",\"breadcrumb\":{\"@id\":\"https:\/\/psol50.org.br\/brasil-x-espanha-tratamento-recebido-por-brasileiros-sera-debatido-amanha-na-camara\/#breadcrumb\"},\"inLanguage\":\"pt-BR\",\"potentialAction\":[{\"@type\":\"ReadAction\",\"target\":[\"https:\/\/psol50.org.br\/brasil-x-espanha-tratamento-recebido-por-brasileiros-sera-debatido-amanha-na-camara\/\"]}]},{\"@type\":\"BreadcrumbList\",\"@id\":\"https:\/\/psol50.org.br\/brasil-x-espanha-tratamento-recebido-por-brasileiros-sera-debatido-amanha-na-camara\/#breadcrumb\",\"itemListElement\":[{\"@type\":\"ListItem\",\"position\":1,\"name\":\"In\u00edcio\",\"item\":\"https:\/\/psol50.org.br\/\"},{\"@type\":\"ListItem\",\"position\":2,\"name\":\"Brasil x Espanha: tratamento recebido por brasileiros ser\u00e1 debatido amanh\u00e3 na C\u00e2mara\"}]},{\"@type\":\"WebSite\",\"@id\":\"https:\/\/psol50.org.br\/#website\",\"url\":\"https:\/\/psol50.org.br\/\",\"name\":\"PSOL 50\",\"description\":\"Site oficial do Partido Socialismo e Liberdade\",\"publisher\":{\"@id\":\"https:\/\/psol50.org.br\/#organization\"},\"alternateName\":\"PSOL50\",\"potentialAction\":[{\"@type\":\"SearchAction\",\"target\":{\"@type\":\"EntryPoint\",\"urlTemplate\":\"https:\/\/psol50.org.br\/?s={search_term_string}\"},\"query-input\":{\"@type\":\"PropertyValueSpecification\",\"valueRequired\":true,\"valueName\":\"search_term_string\"}}],\"inLanguage\":\"pt-BR\"},{\"@type\":\"Organization\",\"@id\":\"https:\/\/psol50.org.br\/#organization\",\"name\":\"PSOL 50\",\"alternateName\":\"PSOL 50\",\"url\":\"https:\/\/psol50.org.br\/\",\"logo\":{\"@type\":\"ImageObject\",\"inLanguage\":\"pt-BR\",\"@id\":\"https:\/\/psol50.org.br\/#\/schema\/logo\/image\/\",\"url\":\"https:\/\/psol50.org.br\/inc\/uploads\/2018\/07\/capa.png\",\"contentUrl\":\"https:\/\/psol50.org.br\/inc\/uploads\/2018\/07\/capa.png\",\"width\":1350,\"height\":900,\"caption\":\"PSOL 50\"},\"image\":{\"@id\":\"https:\/\/psol50.org.br\/#\/schema\/logo\/image\/\"},\"sameAs\":[\"https:\/\/www.facebook.com\/psol50\",\"https:\/\/x.com\/psol50\",\"https:\/\/www.instagram.com\/psol50\/\",\"https:\/\/www.youtube.com\/channel\/UC7SnJS5o1os7a6CaiNabzcg\"]},{\"@type\":\"Person\",\"@id\":\"https:\/\/psol50.org.br\/#\/schema\/person\/475dfa57d0b815993c714c2e96491fcd\",\"name\":\"Comunica\u00e7\u00e3o PSOL\",\"image\":{\"@type\":\"ImageObject\",\"inLanguage\":\"pt-BR\",\"@id\":\"https:\/\/psol50.org.br\/#\/schema\/person\/image\/\",\"url\":\"https:\/\/secure.gravatar.com\/avatar\/b34fc4f4e468a4e51785917065a3db57b841f5c95dba6ad8c73aaf8f66f8f9bf?s=96&d=mm&r=g\",\"contentUrl\":\"https:\/\/secure.gravatar.com\/avatar\/b34fc4f4e468a4e51785917065a3db57b841f5c95dba6ad8c73aaf8f66f8f9bf?s=96&d=mm&r=g\",\"caption\":\"Comunica\u00e7\u00e3o PSOL\"}}]}<\/script>\n<!-- \/ Yoast SEO plugin. -->","yoast_head_json":{"title":"Brasil x Espanha: tratamento recebido por brasileiros ser\u00e1 debatido amanh\u00e3 na C\u00e2mara - PSOL 50","robots":{"index":"index","follow":"follow","max-snippet":"max-snippet:-1","max-image-preview":"max-image-preview:large","max-video-preview":"max-video-preview:-1"},"canonical":"https:\/\/psol50.org.br\/brasil-x-espanha-tratamento-recebido-por-brasileiros-sera-debatido-amanha-na-camara\/","og_locale":"pt_BR","og_type":"article","og_title":"Brasil x Espanha: tratamento recebido por brasileiros ser\u00e1 debatido amanh\u00e3 na C\u00e2mara - PSOL 50","og_description":"A audi\u00eancia p\u00fablica para debater o tratamento que brasileiros est\u00e3o enfrentando ao desembarcarem na Espanha, proposta pelo deputado Ivan Valente (PSOL\/SP), acontece amanh\u00e3, dia 12 de mar\u00e7o, \u00e0s 11 horas, no Plen\u00e1rio 3, da C\u00e2mara dos Deputados.","og_url":"https:\/\/psol50.org.br\/brasil-x-espanha-tratamento-recebido-por-brasileiros-sera-debatido-amanha-na-camara\/","og_site_name":"PSOL 50","article_publisher":"https:\/\/www.facebook.com\/psol50","article_published_time":"2008-03-11T00:00:00+00:00","og_image":[{"width":1350,"height":900,"url":"https:\/\/psol50.org.br\/inc\/uploads\/2018\/07\/capa.png","type":"image\/png"}],"author":"Comunica\u00e7\u00e3o PSOL","twitter_card":"summary_large_image","twitter_creator":"@psol50","twitter_site":"@psol50","twitter_misc":{"Escrito por":"Comunica\u00e7\u00e3o PSOL","Est. tempo de leitura":"2 minutos"},"schema":{"@context":"https:\/\/schema.org","@graph":[{"@type":"Article","@id":"https:\/\/psol50.org.br\/brasil-x-espanha-tratamento-recebido-por-brasileiros-sera-debatido-amanha-na-camara\/#article","isPartOf":{"@id":"https:\/\/psol50.org.br\/brasil-x-espanha-tratamento-recebido-por-brasileiros-sera-debatido-amanha-na-camara\/"},"author":{"name":"Comunica\u00e7\u00e3o PSOL","@id":"https:\/\/psol50.org.br\/#\/schema\/person\/475dfa57d0b815993c714c2e96491fcd"},"headline":"Brasil x Espanha: tratamento recebido por brasileiros ser\u00e1 debatido amanh\u00e3 na C\u00e2mara","datePublished":"2008-03-11T00:00:00+00:00","mainEntityOfPage":{"@id":"https:\/\/psol50.org.br\/brasil-x-espanha-tratamento-recebido-por-brasileiros-sera-debatido-amanha-na-camara\/"},"wordCount":380,"commentCount":0,"publisher":{"@id":"https:\/\/psol50.org.br\/#organization"},"keywords":["Espanha","esquerda","Internacional","Podemos"],"articleSection":["Arquivo","Espanha","Internacional"],"inLanguage":"pt-BR","potentialAction":[{"@type":"CommentAction","name":"Comment","target":["https:\/\/psol50.org.br\/brasil-x-espanha-tratamento-recebido-por-brasileiros-sera-debatido-amanha-na-camara\/#respond"]}]},{"@type":"WebPage","@id":"https:\/\/psol50.org.br\/brasil-x-espanha-tratamento-recebido-por-brasileiros-sera-debatido-amanha-na-camara\/","url":"https:\/\/psol50.org.br\/brasil-x-espanha-tratamento-recebido-por-brasileiros-sera-debatido-amanha-na-camara\/","name":"Brasil x Espanha: tratamento recebido por brasileiros ser\u00e1 debatido amanh\u00e3 na C\u00e2mara - PSOL 50","isPartOf":{"@id":"https:\/\/psol50.org.br\/#website"},"datePublished":"2008-03-11T00:00:00+00:00","breadcrumb":{"@id":"https:\/\/psol50.org.br\/brasil-x-espanha-tratamento-recebido-por-brasileiros-sera-debatido-amanha-na-camara\/#breadcrumb"},"inLanguage":"pt-BR","potentialAction":[{"@type":"ReadAction","target":["https:\/\/psol50.org.br\/brasil-x-espanha-tratamento-recebido-por-brasileiros-sera-debatido-amanha-na-camara\/"]}]},{"@type":"BreadcrumbList","@id":"https:\/\/psol50.org.br\/brasil-x-espanha-tratamento-recebido-por-brasileiros-sera-debatido-amanha-na-camara\/#breadcrumb","itemListElement":[{"@type":"ListItem","position":1,"name":"In\u00edcio","item":"https:\/\/psol50.org.br\/"},{"@type":"ListItem","position":2,"name":"Brasil x Espanha: tratamento recebido por brasileiros ser\u00e1 debatido amanh\u00e3 na C\u00e2mara"}]},{"@type":"WebSite","@id":"https:\/\/psol50.org.br\/#website","url":"https:\/\/psol50.org.br\/","name":"PSOL 50","description":"Site oficial do Partido Socialismo e Liberdade","publisher":{"@id":"https:\/\/psol50.org.br\/#organization"},"alternateName":"PSOL50","potentialAction":[{"@type":"SearchAction","target":{"@type":"EntryPoint","urlTemplate":"https:\/\/psol50.org.br\/?s={search_term_string}"},"query-input":{"@type":"PropertyValueSpecification","valueRequired":true,"valueName":"search_term_string"}}],"inLanguage":"pt-BR"},{"@type":"Organization","@id":"https:\/\/psol50.org.br\/#organization","name":"PSOL 50","alternateName":"PSOL 50","url":"https:\/\/psol50.org.br\/","logo":{"@type":"ImageObject","inLanguage":"pt-BR","@id":"https:\/\/psol50.org.br\/#\/schema\/logo\/image\/","url":"https:\/\/psol50.org.br\/inc\/uploads\/2018\/07\/capa.png","contentUrl":"https:\/\/psol50.org.br\/inc\/uploads\/2018\/07\/capa.png","width":1350,"height":900,"caption":"PSOL 50"},"image":{"@id":"https:\/\/psol50.org.br\/#\/schema\/logo\/image\/"},"sameAs":["https:\/\/www.facebook.com\/psol50","https:\/\/x.com\/psol50","https:\/\/www.instagram.com\/psol50\/","https:\/\/www.youtube.com\/channel\/UC7SnJS5o1os7a6CaiNabzcg"]},{"@type":"Person","@id":"https:\/\/psol50.org.br\/#\/schema\/person\/475dfa57d0b815993c714c2e96491fcd","name":"Comunica\u00e7\u00e3o PSOL","image":{"@type":"ImageObject","inLanguage":"pt-BR","@id":"https:\/\/psol50.org.br\/#\/schema\/person\/image\/","url":"https:\/\/secure.gravatar.com\/avatar\/b34fc4f4e468a4e51785917065a3db57b841f5c95dba6ad8c73aaf8f66f8f9bf?s=96&d=mm&r=g","contentUrl":"https:\/\/secure.gravatar.com\/avatar\/b34fc4f4e468a4e51785917065a3db57b841f5c95dba6ad8c73aaf8f66f8f9bf?s=96&d=mm&r=g","caption":"Comunica\u00e7\u00e3o PSOL"}}]}},"_links":{"self":[{"href":"https:\/\/psol50.org.br\/rest\/wp\/v2\/posts\/1251","targetHints":{"allow":["GET"]}}],"collection":[{"href":"https:\/\/psol50.org.br\/rest\/wp\/v2\/posts"}],"about":[{"href":"https:\/\/psol50.org.br\/rest\/wp\/v2\/types\/post"}],"author":[{"embeddable":true,"href":"https:\/\/psol50.org.br\/rest\/wp\/v2\/users\/2"}],"replies":[{"embeddable":true,"href":"https:\/\/psol50.org.br\/rest\/wp\/v2\/comments?post=1251"}],"version-history":[{"count":0,"href":"https:\/\/psol50.org.br\/rest\/wp\/v2\/posts\/1251\/revisions"}],"wp:attachment":[{"href":"https:\/\/psol50.org.br\/rest\/wp\/v2\/media?parent=1251"}],"wp:term":[{"taxonomy":"category","embeddable":true,"href":"https:\/\/psol50.org.br\/rest\/wp\/v2\/categories?post=1251"},{"taxonomy":"post_tag","embeddable":true,"href":"https:\/\/psol50.org.br\/rest\/wp\/v2\/tags?post=1251"}],"curies":[{"name":"wp","href":"https:\/\/api.w.org\/{rel}","templated":true}]}}