{"id":1257,"date":"2008-04-15T00:00:00","date_gmt":"2008-04-15T00:00:00","guid":{"rendered":"http:\/\/psol50.org.br\/arquivo\/2008\/04\/15\/deputados-do-psol-participam-da-conferencia-nacional-de-educacao-basica\/"},"modified":"2008-04-15T00:00:00","modified_gmt":"2008-04-15T00:00:00","slug":"deputados-do-psol-participam-da-conferencia-nacional-de-educacao-basica","status":"publish","type":"post","link":"https:\/\/psol50.org.br\/deputados-do-psol-participam-da-conferencia-nacional-de-educacao-basica\/","title":{"rendered":"Deputados do PSOL participam da Confer\u00eancia Nacional de Educa\u00e7\u00e3o B\u00e1sica"},"content":{"rendered":"<p>Os deputados federais Ivan Valente (SP) e Chico Alencar (RJ) participaram da 1\u00aa Confer\u00eancia Nacional de Educa\u00e7\u00e3o B\u00e1sica, que acontece em Bras\u00edlia, at\u00e9 a pr\u00f3xima sexta-feira, dia 18. Membro da Comiss\u00e3o de Educa\u00e7\u00e3o da C\u00e2mara, Ivan Valente disse que a l\u00f3gica do mercado n\u00e3o se incorpora com a produ\u00e7\u00e3o do conhecimento e do saber, com a forma\u00e7\u00e3o da cidadania e com a valoriza\u00e7\u00e3o do magist\u00e9rio.<\/p>\n<p><!--more--><\/p>\n<p>Ivan Valente distribuiu uma carta aberta aos participantes do encontro sob o t\u00edtulo \u201cN\u00e3o h\u00e1 qualidade sem recurso p\u00fablico\u201d, em que critica a falta de recursos na educa\u00e7\u00e3o e prop\u00f5e caminhos para a supera\u00e7\u00e3o dos problemas. No documento, ele afirma que os investimentos no setor s\u00e3o rid\u00edculos, correspondendo a menos de 4% do Produto Interno Bruto (PIB). \u201cN\u00e3o \u00e9 poss\u00edvel falar de revolu\u00e7\u00e3o educacional quando, em nove estados, o aluno da rede p\u00fablica disp\u00f5e de R$ 94,77 ao m\u00eas\u201d, afirma.<\/p>\n<p>Em situa\u00e7\u00e3o similar est\u00e1 a falta de valoriza\u00e7\u00e3o dos trabalhadores em educa\u00e7\u00e3o. Para o deputado, o estabelecimento de um piso somente para o magist\u00e9rio e com um valor abaixo do reivindicado pelos educadores categoria (R$ 450,00 para 20 horas semanais) demonstra o descompromisso governamental com a categoria.<\/p>\n<p>De acordo com Ivan Valente a pol\u00edtica de provas, proposta pelo governo federal, s\u00f3 tende a promover uma competi\u00e7\u00e3o exacerbada e que coloca o Estado como regulador e n\u00e3o como financiador da educa\u00e7\u00e3o. \u201cEst\u00e3o sendo abandonados os princ\u00edpios universalistas e ganham for\u00e7a pol\u00edticas focalizadas. A educa\u00e7\u00e3o, cada vez mais, deixa de ser um direito de todos e todas para ser uma pol\u00edtica compensat\u00f3ria diante dos efeitos perversos do capitalismo\u201d.<\/p>\n<p>Defesa da educa\u00e7\u00e3o \u2013 O deputado Ivan Valente defende a gest\u00e3o democr\u00e1tica da Educa\u00e7\u00e3o e se manifesta contra a privatiza\u00e7\u00e3o do ensino e a transfer\u00eancia de recursos p\u00fablicos para o setor privado. \u201c\u00c9 fundamental que as delega\u00e7\u00f5es presentes neste encontro adotem posi\u00e7\u00f5es que garantam a educa\u00e7\u00e3o p\u00fablica, gratuita e de qualidade para todos\u201d, afirma.<\/p>\n<p>A proposta do PSOL engloba a institui\u00e7\u00e3o de um piso salarial nacional digno, a derrubada dos vetos ao Plano Nacional de Educa\u00e7\u00e3o, a manuten\u00e7\u00e3o do sal\u00e1rio educa\u00e7\u00e3o e contra sua desconstitucionaliza\u00e7\u00e3o e a rediscuss\u00e3o do Sistema S e da distribui\u00e7\u00e3o dos seus recursos.<\/p>\n<p>Ivan Valente tamb\u00e9m prop\u00f5e o controle do Estado, o combate \u00e0 transforma\u00e7\u00e3o do ensino em neg\u00f3cios lucrativos e a instala\u00e7\u00e3o da Comiss\u00e3o Parlamentar de Inqu\u00e9rito (CPI) da D\u00edvida P\u00fablica, parada na C\u00e2mara dos Deputados. Em 2007, foram destinados R$ 180 bilh\u00f5es para pagamento dos juros da d\u00edvida \u2013 recursos p\u00fablicos que deveriam ser aplicados em educa\u00e7\u00e3o e sa\u00fade dos brasileiros.<\/p>\n","protected":false},"excerpt":{"rendered":"<p>Os deputados federais Ivan Valente (SP) e Chico Alencar (RJ) participaram da 1\u00aa Confer\u00eancia Nacional de Educa\u00e7\u00e3o B\u00e1sica, que acontece em Bras\u00edlia, at\u00e9 a pr\u00f3xima sexta-feira, dia 18. Membro da Comiss\u00e3o de Educa\u00e7\u00e3o da C\u00e2mara, Ivan Valente disse que a l\u00f3gica do mercado n\u00e3o se incorpora com a produ\u00e7\u00e3o do conhecimento e do saber, com [&hellip;]<\/p>\n","protected":false},"author":2,"featured_media":0,"comment_status":"open","ping_status":"open","sticky":false,"template":"","format":"standard","meta":{"_acf_changed":false,"footnotes":""},"categories":[4766],"tags":[],"class_list":{"0":"post-1257","1":"post","2":"type-post","3":"status-publish","4":"format-standard","6":"category-arquivo"},"acf":[],"yoast_head":"<!-- This site is optimized with the Yoast SEO plugin v26.5 - https:\/\/yoast.com\/wordpress\/plugins\/seo\/ -->\n<title>Deputados do PSOL participam da Confer\u00eancia Nacional de Educa\u00e7\u00e3o B\u00e1sica - PSOL 50<\/title>\n<meta name=\"robots\" content=\"index, follow, max-snippet:-1, max-image-preview:large, max-video-preview:-1\" \/>\n<link rel=\"canonical\" href=\"https:\/\/psol50.org.br\/deputados-do-psol-participam-da-conferencia-nacional-de-educacao-basica\/\" \/>\n<meta property=\"og:locale\" content=\"pt_BR\" \/>\n<meta property=\"og:type\" content=\"article\" \/>\n<meta property=\"og:title\" content=\"Deputados do PSOL participam da Confer\u00eancia Nacional de Educa\u00e7\u00e3o B\u00e1sica - PSOL 50\" \/>\n<meta property=\"og:description\" content=\"Os deputados federais Ivan Valente (SP) e Chico Alencar (RJ) participaram da 1\u00aa Confer\u00eancia Nacional de Educa\u00e7\u00e3o B\u00e1sica, que acontece em Bras\u00edlia, at\u00e9 a pr\u00f3xima sexta-feira, dia 18. Membro da Comiss\u00e3o de Educa\u00e7\u00e3o da C\u00e2mara, Ivan Valente disse que a l\u00f3gica do mercado n\u00e3o se incorpora com a produ\u00e7\u00e3o do conhecimento e do saber, com [&hellip;]\" \/>\n<meta property=\"og:url\" content=\"https:\/\/psol50.org.br\/deputados-do-psol-participam-da-conferencia-nacional-de-educacao-basica\/\" \/>\n<meta property=\"og:site_name\" content=\"PSOL 50\" \/>\n<meta property=\"article:publisher\" content=\"https:\/\/www.facebook.com\/psol50\" \/>\n<meta property=\"article:published_time\" content=\"2008-04-15T00:00:00+00:00\" \/>\n<meta property=\"og:image\" content=\"https:\/\/psol50.org.br\/inc\/uploads\/2018\/07\/capa.png\" \/>\n\t<meta property=\"og:image:width\" content=\"1350\" \/>\n\t<meta property=\"og:image:height\" content=\"900\" \/>\n\t<meta property=\"og:image:type\" content=\"image\/png\" \/>\n<meta name=\"author\" content=\"Comunica\u00e7\u00e3o PSOL\" \/>\n<meta name=\"twitter:card\" content=\"summary_large_image\" \/>\n<meta name=\"twitter:creator\" content=\"@psol50\" \/>\n<meta name=\"twitter:site\" content=\"@psol50\" \/>\n<meta name=\"twitter:label1\" content=\"Escrito por\" \/>\n\t<meta name=\"twitter:data1\" content=\"Comunica\u00e7\u00e3o PSOL\" \/>\n\t<meta name=\"twitter:label2\" content=\"Est. tempo de leitura\" \/>\n\t<meta name=\"twitter:data2\" content=\"2 minutos\" \/>\n<script type=\"application\/ld+json\" class=\"yoast-schema-graph\">{\"@context\":\"https:\/\/schema.org\",\"@graph\":[{\"@type\":\"Article\",\"@id\":\"https:\/\/psol50.org.br\/deputados-do-psol-participam-da-conferencia-nacional-de-educacao-basica\/#article\",\"isPartOf\":{\"@id\":\"https:\/\/psol50.org.br\/deputados-do-psol-participam-da-conferencia-nacional-de-educacao-basica\/\"},\"author\":{\"name\":\"Comunica\u00e7\u00e3o PSOL\",\"@id\":\"https:\/\/psol50.org.br\/#\/schema\/person\/475dfa57d0b815993c714c2e96491fcd\"},\"headline\":\"Deputados do PSOL participam da Confer\u00eancia Nacional de Educa\u00e7\u00e3o B\u00e1sica\",\"datePublished\":\"2008-04-15T00:00:00+00:00\",\"mainEntityOfPage\":{\"@id\":\"https:\/\/psol50.org.br\/deputados-do-psol-participam-da-conferencia-nacional-de-educacao-basica\/\"},\"wordCount\":495,\"commentCount\":0,\"publisher\":{\"@id\":\"https:\/\/psol50.org.br\/#organization\"},\"articleSection\":[\"Arquivo\"],\"inLanguage\":\"pt-BR\",\"potentialAction\":[{\"@type\":\"CommentAction\",\"name\":\"Comment\",\"target\":[\"https:\/\/psol50.org.br\/deputados-do-psol-participam-da-conferencia-nacional-de-educacao-basica\/#respond\"]}]},{\"@type\":\"WebPage\",\"@id\":\"https:\/\/psol50.org.br\/deputados-do-psol-participam-da-conferencia-nacional-de-educacao-basica\/\",\"url\":\"https:\/\/psol50.org.br\/deputados-do-psol-participam-da-conferencia-nacional-de-educacao-basica\/\",\"name\":\"Deputados do PSOL participam da Confer\u00eancia Nacional de Educa\u00e7\u00e3o B\u00e1sica - PSOL 50\",\"isPartOf\":{\"@id\":\"https:\/\/psol50.org.br\/#website\"},\"datePublished\":\"2008-04-15T00:00:00+00:00\",\"breadcrumb\":{\"@id\":\"https:\/\/psol50.org.br\/deputados-do-psol-participam-da-conferencia-nacional-de-educacao-basica\/#breadcrumb\"},\"inLanguage\":\"pt-BR\",\"potentialAction\":[{\"@type\":\"ReadAction\",\"target\":[\"https:\/\/psol50.org.br\/deputados-do-psol-participam-da-conferencia-nacional-de-educacao-basica\/\"]}]},{\"@type\":\"BreadcrumbList\",\"@id\":\"https:\/\/psol50.org.br\/deputados-do-psol-participam-da-conferencia-nacional-de-educacao-basica\/#breadcrumb\",\"itemListElement\":[{\"@type\":\"ListItem\",\"position\":1,\"name\":\"In\u00edcio\",\"item\":\"https:\/\/psol50.org.br\/\"},{\"@type\":\"ListItem\",\"position\":2,\"name\":\"Deputados do PSOL participam da Confer\u00eancia Nacional de Educa\u00e7\u00e3o B\u00e1sica\"}]},{\"@type\":\"WebSite\",\"@id\":\"https:\/\/psol50.org.br\/#website\",\"url\":\"https:\/\/psol50.org.br\/\",\"name\":\"PSOL 50\",\"description\":\"Site oficial do Partido Socialismo e Liberdade\",\"publisher\":{\"@id\":\"https:\/\/psol50.org.br\/#organization\"},\"alternateName\":\"PSOL50\",\"potentialAction\":[{\"@type\":\"SearchAction\",\"target\":{\"@type\":\"EntryPoint\",\"urlTemplate\":\"https:\/\/psol50.org.br\/?s={search_term_string}\"},\"query-input\":{\"@type\":\"PropertyValueSpecification\",\"valueRequired\":true,\"valueName\":\"search_term_string\"}}],\"inLanguage\":\"pt-BR\"},{\"@type\":\"Organization\",\"@id\":\"https:\/\/psol50.org.br\/#organization\",\"name\":\"PSOL 50\",\"alternateName\":\"PSOL 50\",\"url\":\"https:\/\/psol50.org.br\/\",\"logo\":{\"@type\":\"ImageObject\",\"inLanguage\":\"pt-BR\",\"@id\":\"https:\/\/psol50.org.br\/#\/schema\/logo\/image\/\",\"url\":\"https:\/\/psol50.org.br\/inc\/uploads\/2018\/07\/capa.png\",\"contentUrl\":\"https:\/\/psol50.org.br\/inc\/uploads\/2018\/07\/capa.png\",\"width\":1350,\"height\":900,\"caption\":\"PSOL 50\"},\"image\":{\"@id\":\"https:\/\/psol50.org.br\/#\/schema\/logo\/image\/\"},\"sameAs\":[\"https:\/\/www.facebook.com\/psol50\",\"https:\/\/x.com\/psol50\",\"https:\/\/www.instagram.com\/psol50\/\",\"https:\/\/www.youtube.com\/channel\/UC7SnJS5o1os7a6CaiNabzcg\"]},{\"@type\":\"Person\",\"@id\":\"https:\/\/psol50.org.br\/#\/schema\/person\/475dfa57d0b815993c714c2e96491fcd\",\"name\":\"Comunica\u00e7\u00e3o PSOL\",\"image\":{\"@type\":\"ImageObject\",\"inLanguage\":\"pt-BR\",\"@id\":\"https:\/\/psol50.org.br\/#\/schema\/person\/image\/\",\"url\":\"https:\/\/secure.gravatar.com\/avatar\/b34fc4f4e468a4e51785917065a3db57b841f5c95dba6ad8c73aaf8f66f8f9bf?s=96&d=mm&r=g\",\"contentUrl\":\"https:\/\/secure.gravatar.com\/avatar\/b34fc4f4e468a4e51785917065a3db57b841f5c95dba6ad8c73aaf8f66f8f9bf?s=96&d=mm&r=g\",\"caption\":\"Comunica\u00e7\u00e3o PSOL\"}}]}<\/script>\n<!-- \/ Yoast SEO plugin. -->","yoast_head_json":{"title":"Deputados do PSOL participam da Confer\u00eancia Nacional de Educa\u00e7\u00e3o B\u00e1sica - PSOL 50","robots":{"index":"index","follow":"follow","max-snippet":"max-snippet:-1","max-image-preview":"max-image-preview:large","max-video-preview":"max-video-preview:-1"},"canonical":"https:\/\/psol50.org.br\/deputados-do-psol-participam-da-conferencia-nacional-de-educacao-basica\/","og_locale":"pt_BR","og_type":"article","og_title":"Deputados do PSOL participam da Confer\u00eancia Nacional de Educa\u00e7\u00e3o B\u00e1sica - PSOL 50","og_description":"Os deputados federais Ivan Valente (SP) e Chico Alencar (RJ) participaram da 1\u00aa Confer\u00eancia Nacional de Educa\u00e7\u00e3o B\u00e1sica, que acontece em Bras\u00edlia, at\u00e9 a pr\u00f3xima sexta-feira, dia 18. Membro da Comiss\u00e3o de Educa\u00e7\u00e3o da C\u00e2mara, Ivan Valente disse que a l\u00f3gica do mercado n\u00e3o se incorpora com a produ\u00e7\u00e3o do conhecimento e do saber, com [&hellip;]","og_url":"https:\/\/psol50.org.br\/deputados-do-psol-participam-da-conferencia-nacional-de-educacao-basica\/","og_site_name":"PSOL 50","article_publisher":"https:\/\/www.facebook.com\/psol50","article_published_time":"2008-04-15T00:00:00+00:00","og_image":[{"width":1350,"height":900,"url":"https:\/\/psol50.org.br\/inc\/uploads\/2018\/07\/capa.png","type":"image\/png"}],"author":"Comunica\u00e7\u00e3o PSOL","twitter_card":"summary_large_image","twitter_creator":"@psol50","twitter_site":"@psol50","twitter_misc":{"Escrito por":"Comunica\u00e7\u00e3o PSOL","Est. tempo de leitura":"2 minutos"},"schema":{"@context":"https:\/\/schema.org","@graph":[{"@type":"Article","@id":"https:\/\/psol50.org.br\/deputados-do-psol-participam-da-conferencia-nacional-de-educacao-basica\/#article","isPartOf":{"@id":"https:\/\/psol50.org.br\/deputados-do-psol-participam-da-conferencia-nacional-de-educacao-basica\/"},"author":{"name":"Comunica\u00e7\u00e3o PSOL","@id":"https:\/\/psol50.org.br\/#\/schema\/person\/475dfa57d0b815993c714c2e96491fcd"},"headline":"Deputados do PSOL participam da Confer\u00eancia Nacional de Educa\u00e7\u00e3o B\u00e1sica","datePublished":"2008-04-15T00:00:00+00:00","mainEntityOfPage":{"@id":"https:\/\/psol50.org.br\/deputados-do-psol-participam-da-conferencia-nacional-de-educacao-basica\/"},"wordCount":495,"commentCount":0,"publisher":{"@id":"https:\/\/psol50.org.br\/#organization"},"articleSection":["Arquivo"],"inLanguage":"pt-BR","potentialAction":[{"@type":"CommentAction","name":"Comment","target":["https:\/\/psol50.org.br\/deputados-do-psol-participam-da-conferencia-nacional-de-educacao-basica\/#respond"]}]},{"@type":"WebPage","@id":"https:\/\/psol50.org.br\/deputados-do-psol-participam-da-conferencia-nacional-de-educacao-basica\/","url":"https:\/\/psol50.org.br\/deputados-do-psol-participam-da-conferencia-nacional-de-educacao-basica\/","name":"Deputados do PSOL participam da Confer\u00eancia Nacional de Educa\u00e7\u00e3o B\u00e1sica - PSOL 50","isPartOf":{"@id":"https:\/\/psol50.org.br\/#website"},"datePublished":"2008-04-15T00:00:00+00:00","breadcrumb":{"@id":"https:\/\/psol50.org.br\/deputados-do-psol-participam-da-conferencia-nacional-de-educacao-basica\/#breadcrumb"},"inLanguage":"pt-BR","potentialAction":[{"@type":"ReadAction","target":["https:\/\/psol50.org.br\/deputados-do-psol-participam-da-conferencia-nacional-de-educacao-basica\/"]}]},{"@type":"BreadcrumbList","@id":"https:\/\/psol50.org.br\/deputados-do-psol-participam-da-conferencia-nacional-de-educacao-basica\/#breadcrumb","itemListElement":[{"@type":"ListItem","position":1,"name":"In\u00edcio","item":"https:\/\/psol50.org.br\/"},{"@type":"ListItem","position":2,"name":"Deputados do PSOL participam da Confer\u00eancia Nacional de Educa\u00e7\u00e3o B\u00e1sica"}]},{"@type":"WebSite","@id":"https:\/\/psol50.org.br\/#website","url":"https:\/\/psol50.org.br\/","name":"PSOL 50","description":"Site oficial do Partido Socialismo e Liberdade","publisher":{"@id":"https:\/\/psol50.org.br\/#organization"},"alternateName":"PSOL50","potentialAction":[{"@type":"SearchAction","target":{"@type":"EntryPoint","urlTemplate":"https:\/\/psol50.org.br\/?s={search_term_string}"},"query-input":{"@type":"PropertyValueSpecification","valueRequired":true,"valueName":"search_term_string"}}],"inLanguage":"pt-BR"},{"@type":"Organization","@id":"https:\/\/psol50.org.br\/#organization","name":"PSOL 50","alternateName":"PSOL 50","url":"https:\/\/psol50.org.br\/","logo":{"@type":"ImageObject","inLanguage":"pt-BR","@id":"https:\/\/psol50.org.br\/#\/schema\/logo\/image\/","url":"https:\/\/psol50.org.br\/inc\/uploads\/2018\/07\/capa.png","contentUrl":"https:\/\/psol50.org.br\/inc\/uploads\/2018\/07\/capa.png","width":1350,"height":900,"caption":"PSOL 50"},"image":{"@id":"https:\/\/psol50.org.br\/#\/schema\/logo\/image\/"},"sameAs":["https:\/\/www.facebook.com\/psol50","https:\/\/x.com\/psol50","https:\/\/www.instagram.com\/psol50\/","https:\/\/www.youtube.com\/channel\/UC7SnJS5o1os7a6CaiNabzcg"]},{"@type":"Person","@id":"https:\/\/psol50.org.br\/#\/schema\/person\/475dfa57d0b815993c714c2e96491fcd","name":"Comunica\u00e7\u00e3o PSOL","image":{"@type":"ImageObject","inLanguage":"pt-BR","@id":"https:\/\/psol50.org.br\/#\/schema\/person\/image\/","url":"https:\/\/secure.gravatar.com\/avatar\/b34fc4f4e468a4e51785917065a3db57b841f5c95dba6ad8c73aaf8f66f8f9bf?s=96&d=mm&r=g","contentUrl":"https:\/\/secure.gravatar.com\/avatar\/b34fc4f4e468a4e51785917065a3db57b841f5c95dba6ad8c73aaf8f66f8f9bf?s=96&d=mm&r=g","caption":"Comunica\u00e7\u00e3o PSOL"}}]}},"_links":{"self":[{"href":"https:\/\/psol50.org.br\/rest\/wp\/v2\/posts\/1257","targetHints":{"allow":["GET"]}}],"collection":[{"href":"https:\/\/psol50.org.br\/rest\/wp\/v2\/posts"}],"about":[{"href":"https:\/\/psol50.org.br\/rest\/wp\/v2\/types\/post"}],"author":[{"embeddable":true,"href":"https:\/\/psol50.org.br\/rest\/wp\/v2\/users\/2"}],"replies":[{"embeddable":true,"href":"https:\/\/psol50.org.br\/rest\/wp\/v2\/comments?post=1257"}],"version-history":[{"count":0,"href":"https:\/\/psol50.org.br\/rest\/wp\/v2\/posts\/1257\/revisions"}],"wp:attachment":[{"href":"https:\/\/psol50.org.br\/rest\/wp\/v2\/media?parent=1257"}],"wp:term":[{"taxonomy":"category","embeddable":true,"href":"https:\/\/psol50.org.br\/rest\/wp\/v2\/categories?post=1257"},{"taxonomy":"post_tag","embeddable":true,"href":"https:\/\/psol50.org.br\/rest\/wp\/v2\/tags?post=1257"}],"curies":[{"name":"wp","href":"https:\/\/api.w.org\/{rel}","templated":true}]}}