{"id":12593,"date":"2016-06-01T20:05:21","date_gmt":"2016-06-01T20:05:21","guid":{"rendered":"http:\/\/www.psol50.org.br\/?p=12593"},"modified":"2016-06-01T20:05:21","modified_gmt":"2016-06-01T20:05:21","slug":"todos-os-homens-do-presidente-estao-de-alguma-forma-envolvidos-na-lava-jato","status":"publish","type":"post","link":"https:\/\/psol50.org.br\/todos-os-homens-do-presidente-estao-de-alguma-forma-envolvidos-na-lava-jato\/","title":{"rendered":"Todos os homens do presidente est\u00e3o, de alguma forma, envolvidos na Lava Jato"},"content":{"rendered":"<p>O l\u00edder do PSOL, deputado Ivan Valente (SP), foi \u00e0 tribuna comentar que em apenas duas semanas do governo golpista interino de Michel Temer j\u00e1 ca\u00edram dois ministros por tentativa de obstruir as investiga\u00e7\u00f5es da Lava Jato.<\/p>\n<p>O l\u00edder do PSOL afirmou que esse governo \u00e9 ileg\u00edtimo, imoral e pretende impor ao povo brasileiro uma pol\u00edtica de ajuste fiscal pior do que a que estava sendo implementada por Dilma. E enquanto isso, Eduardo Cunha continua manobrando no Conselho de \u00c9tica para n\u00e3o perder o mandato.<\/p>\n<p>Via\u00a0<a class=\"_58cn\" href=\"https:\/\/www.facebook.com\/hashtag\/mandatovalentepsol\">#MandatoValentePSOL<\/a><\/p>\n<div class=\"youtube-embed\" data-video_id=\"3H1E-kJ8P3I\"><iframe loading=\"lazy\" title=\"&quot;Todos os homens do presidente est\u00e3o, de alguma forma, envolvidos na Opera\u00e7\u00e3o Lava Jato&quot;\" width=\"696\" height=\"392\" src=\"https:\/\/www.youtube.com\/embed\/3H1E-kJ8P3I?feature=oembed&#038;enablejsapi=1\" frameborder=\"0\" allow=\"accelerometer; autoplay; clipboard-write; encrypted-media; gyroscope; picture-in-picture\" allowfullscreen><\/iframe><\/div>\n","protected":false},"excerpt":{"rendered":"<p>O l\u00edder do PSOL, deputado Ivan Valente (SP), foi \u00e0 tribuna comentar que em apenas duas semanas do governo golpista interino de Michel Temer j\u00e1 ca\u00edram dois ministros por tentativa de obstruir as investiga\u00e7\u00f5es da Lava Jato. O l\u00edder do PSOL afirmou que esse governo \u00e9 ileg\u00edtimo, imoral e pretende impor ao povo brasileiro uma [&hellip;]<\/p>\n","protected":false},"author":2,"featured_media":12594,"comment_status":"open","ping_status":"open","sticky":false,"template":"","format":"standard","meta":{"_acf_changed":false,"footnotes":""},"categories":[10,1882,2812],"tags":[2890,2237,552,1748,1749],"class_list":{"0":"post-12593","1":"post","2":"type-post","3":"status-publish","4":"format-standard","5":"has-post-thumbnail","7":"category-acao-parlamentares","8":"category-brasil","9":"category-videos_tv","10":"tag-eduardo-cunha","11":"tag-governo-ilegitimo","12":"tag-ivan-valente","13":"tag-michel-temer","14":"tag-operacao-lava-jato"},"acf":[],"yoast_head":"<!-- This site is optimized with the Yoast SEO plugin v26.5 - https:\/\/yoast.com\/wordpress\/plugins\/seo\/ -->\n<title>Todos os homens do presidente est\u00e3o, de alguma forma, envolvidos na Lava Jato - PSOL 50<\/title>\n<meta name=\"robots\" content=\"index, follow, max-snippet:-1, max-image-preview:large, max-video-preview:-1\" \/>\n<link rel=\"canonical\" href=\"https:\/\/psol50.org.br\/todos-os-homens-do-presidente-estao-de-alguma-forma-envolvidos-na-lava-jato\/\" \/>\n<meta property=\"og:locale\" content=\"pt_BR\" \/>\n<meta property=\"og:type\" content=\"article\" \/>\n<meta property=\"og:title\" content=\"Todos os homens do presidente est\u00e3o, de alguma forma, envolvidos na Lava Jato - PSOL 50\" \/>\n<meta property=\"og:description\" content=\"O l\u00edder do PSOL, deputado Ivan Valente (SP), foi \u00e0 tribuna comentar que em apenas duas semanas do governo golpista interino de Michel Temer j\u00e1 ca\u00edram dois ministros por tentativa de obstruir as investiga\u00e7\u00f5es da Lava Jato. O l\u00edder do PSOL afirmou que esse governo \u00e9 ileg\u00edtimo, imoral e pretende impor ao povo brasileiro uma [&hellip;]\" \/>\n<meta property=\"og:url\" content=\"https:\/\/psol50.org.br\/todos-os-homens-do-presidente-estao-de-alguma-forma-envolvidos-na-lava-jato\/\" \/>\n<meta property=\"og:site_name\" content=\"PSOL 50\" \/>\n<meta property=\"article:publisher\" content=\"https:\/\/www.facebook.com\/psol50\" \/>\n<meta property=\"article:published_time\" content=\"2016-06-01T20:05:21+00:00\" \/>\n<meta property=\"og:image\" content=\"https:\/\/psol50.org.br\/inc\/uploads\/2018\/07\/capa.png\" \/>\n\t<meta property=\"og:image:width\" content=\"1350\" \/>\n\t<meta property=\"og:image:height\" content=\"900\" \/>\n\t<meta property=\"og:image:type\" content=\"image\/png\" \/>\n<meta name=\"author\" content=\"Comunica\u00e7\u00e3o PSOL\" \/>\n<meta name=\"twitter:card\" content=\"summary_large_image\" \/>\n<meta name=\"twitter:creator\" content=\"@psol50\" \/>\n<meta name=\"twitter:site\" content=\"@psol50\" \/>\n<meta name=\"twitter:label1\" content=\"Escrito por\" \/>\n\t<meta name=\"twitter:data1\" content=\"Comunica\u00e7\u00e3o PSOL\" \/>\n\t<meta name=\"twitter:label2\" content=\"Est. tempo de leitura\" \/>\n\t<meta name=\"twitter:data2\" content=\"1 minuto\" \/>\n<script type=\"application\/ld+json\" class=\"yoast-schema-graph\">{\"@context\":\"https:\/\/schema.org\",\"@graph\":[{\"@type\":\"Article\",\"@id\":\"https:\/\/psol50.org.br\/todos-os-homens-do-presidente-estao-de-alguma-forma-envolvidos-na-lava-jato\/#article\",\"isPartOf\":{\"@id\":\"https:\/\/psol50.org.br\/todos-os-homens-do-presidente-estao-de-alguma-forma-envolvidos-na-lava-jato\/\"},\"author\":{\"name\":\"Comunica\u00e7\u00e3o PSOL\",\"@id\":\"https:\/\/psol50.org.br\/#\/schema\/person\/475dfa57d0b815993c714c2e96491fcd\"},\"headline\":\"Todos os homens do presidente est\u00e3o, de alguma forma, envolvidos na Lava Jato\",\"datePublished\":\"2016-06-01T20:05:21+00:00\",\"mainEntityOfPage\":{\"@id\":\"https:\/\/psol50.org.br\/todos-os-homens-do-presidente-estao-de-alguma-forma-envolvidos-na-lava-jato\/\"},\"wordCount\":118,\"commentCount\":0,\"publisher\":{\"@id\":\"https:\/\/psol50.org.br\/#organization\"},\"image\":{\"@id\":\"https:\/\/psol50.org.br\/todos-os-homens-do-presidente-estao-de-alguma-forma-envolvidos-na-lava-jato\/#primaryimage\"},\"thumbnailUrl\":\"\",\"keywords\":[\"Eduardo Cunha\",\"governo ileg\u00edtimo\",\"Ivan Valente\",\"Michel Temer\",\"Opera\u00e7\u00e3o Lava-Jato\"],\"articleSection\":[\"A\u00e7\u00e3o Parlamentar\",\"Brasil\",\"V\u00cdDEOS | MULTIM\u00cdDIA | FLC TV\"],\"inLanguage\":\"pt-BR\",\"potentialAction\":[{\"@type\":\"CommentAction\",\"name\":\"Comment\",\"target\":[\"https:\/\/psol50.org.br\/todos-os-homens-do-presidente-estao-de-alguma-forma-envolvidos-na-lava-jato\/#respond\"]}]},{\"@type\":\"WebPage\",\"@id\":\"https:\/\/psol50.org.br\/todos-os-homens-do-presidente-estao-de-alguma-forma-envolvidos-na-lava-jato\/\",\"url\":\"https:\/\/psol50.org.br\/todos-os-homens-do-presidente-estao-de-alguma-forma-envolvidos-na-lava-jato\/\",\"name\":\"Todos os homens do presidente est\u00e3o, de alguma forma, envolvidos na Lava Jato - PSOL 50\",\"isPartOf\":{\"@id\":\"https:\/\/psol50.org.br\/#website\"},\"primaryImageOfPage\":{\"@id\":\"https:\/\/psol50.org.br\/todos-os-homens-do-presidente-estao-de-alguma-forma-envolvidos-na-lava-jato\/#primaryimage\"},\"image\":{\"@id\":\"https:\/\/psol50.org.br\/todos-os-homens-do-presidente-estao-de-alguma-forma-envolvidos-na-lava-jato\/#primaryimage\"},\"thumbnailUrl\":\"\",\"datePublished\":\"2016-06-01T20:05:21+00:00\",\"breadcrumb\":{\"@id\":\"https:\/\/psol50.org.br\/todos-os-homens-do-presidente-estao-de-alguma-forma-envolvidos-na-lava-jato\/#breadcrumb\"},\"inLanguage\":\"pt-BR\",\"potentialAction\":[{\"@type\":\"ReadAction\",\"target\":[\"https:\/\/psol50.org.br\/todos-os-homens-do-presidente-estao-de-alguma-forma-envolvidos-na-lava-jato\/\"]}]},{\"@type\":\"ImageObject\",\"inLanguage\":\"pt-BR\",\"@id\":\"https:\/\/psol50.org.br\/todos-os-homens-do-presidente-estao-de-alguma-forma-envolvidos-na-lava-jato\/#primaryimage\",\"url\":\"\",\"contentUrl\":\"\"},{\"@type\":\"BreadcrumbList\",\"@id\":\"https:\/\/psol50.org.br\/todos-os-homens-do-presidente-estao-de-alguma-forma-envolvidos-na-lava-jato\/#breadcrumb\",\"itemListElement\":[{\"@type\":\"ListItem\",\"position\":1,\"name\":\"In\u00edcio\",\"item\":\"https:\/\/psol50.org.br\/\"},{\"@type\":\"ListItem\",\"position\":2,\"name\":\"Todos os homens do presidente est\u00e3o, de alguma forma, envolvidos na Lava Jato\"}]},{\"@type\":\"WebSite\",\"@id\":\"https:\/\/psol50.org.br\/#website\",\"url\":\"https:\/\/psol50.org.br\/\",\"name\":\"PSOL 50\",\"description\":\"Site oficial do Partido Socialismo e Liberdade\",\"publisher\":{\"@id\":\"https:\/\/psol50.org.br\/#organization\"},\"alternateName\":\"PSOL50\",\"potentialAction\":[{\"@type\":\"SearchAction\",\"target\":{\"@type\":\"EntryPoint\",\"urlTemplate\":\"https:\/\/psol50.org.br\/?s={search_term_string}\"},\"query-input\":{\"@type\":\"PropertyValueSpecification\",\"valueRequired\":true,\"valueName\":\"search_term_string\"}}],\"inLanguage\":\"pt-BR\"},{\"@type\":\"Organization\",\"@id\":\"https:\/\/psol50.org.br\/#organization\",\"name\":\"PSOL 50\",\"alternateName\":\"PSOL 50\",\"url\":\"https:\/\/psol50.org.br\/\",\"logo\":{\"@type\":\"ImageObject\",\"inLanguage\":\"pt-BR\",\"@id\":\"https:\/\/psol50.org.br\/#\/schema\/logo\/image\/\",\"url\":\"https:\/\/psol50.org.br\/inc\/uploads\/2018\/07\/capa.png\",\"contentUrl\":\"https:\/\/psol50.org.br\/inc\/uploads\/2018\/07\/capa.png\",\"width\":1350,\"height\":900,\"caption\":\"PSOL 50\"},\"image\":{\"@id\":\"https:\/\/psol50.org.br\/#\/schema\/logo\/image\/\"},\"sameAs\":[\"https:\/\/www.facebook.com\/psol50\",\"https:\/\/x.com\/psol50\",\"https:\/\/www.instagram.com\/psol50\/\",\"https:\/\/www.youtube.com\/channel\/UC7SnJS5o1os7a6CaiNabzcg\"]},{\"@type\":\"Person\",\"@id\":\"https:\/\/psol50.org.br\/#\/schema\/person\/475dfa57d0b815993c714c2e96491fcd\",\"name\":\"Comunica\u00e7\u00e3o PSOL\",\"image\":{\"@type\":\"ImageObject\",\"inLanguage\":\"pt-BR\",\"@id\":\"https:\/\/psol50.org.br\/#\/schema\/person\/image\/\",\"url\":\"https:\/\/secure.gravatar.com\/avatar\/b34fc4f4e468a4e51785917065a3db57b841f5c95dba6ad8c73aaf8f66f8f9bf?s=96&d=mm&r=g\",\"contentUrl\":\"https:\/\/secure.gravatar.com\/avatar\/b34fc4f4e468a4e51785917065a3db57b841f5c95dba6ad8c73aaf8f66f8f9bf?s=96&d=mm&r=g\",\"caption\":\"Comunica\u00e7\u00e3o PSOL\"}}]}<\/script>\n<!-- \/ Yoast SEO plugin. -->","yoast_head_json":{"title":"Todos os homens do presidente est\u00e3o, de alguma forma, envolvidos na Lava Jato - PSOL 50","robots":{"index":"index","follow":"follow","max-snippet":"max-snippet:-1","max-image-preview":"max-image-preview:large","max-video-preview":"max-video-preview:-1"},"canonical":"https:\/\/psol50.org.br\/todos-os-homens-do-presidente-estao-de-alguma-forma-envolvidos-na-lava-jato\/","og_locale":"pt_BR","og_type":"article","og_title":"Todos os homens do presidente est\u00e3o, de alguma forma, envolvidos na Lava Jato - PSOL 50","og_description":"O l\u00edder do PSOL, deputado Ivan Valente (SP), foi \u00e0 tribuna comentar que em apenas duas semanas do governo golpista interino de Michel Temer j\u00e1 ca\u00edram dois ministros por tentativa de obstruir as investiga\u00e7\u00f5es da Lava Jato. O l\u00edder do PSOL afirmou que esse governo \u00e9 ileg\u00edtimo, imoral e pretende impor ao povo brasileiro uma [&hellip;]","og_url":"https:\/\/psol50.org.br\/todos-os-homens-do-presidente-estao-de-alguma-forma-envolvidos-na-lava-jato\/","og_site_name":"PSOL 50","article_publisher":"https:\/\/www.facebook.com\/psol50","article_published_time":"2016-06-01T20:05:21+00:00","og_image":[{"width":1350,"height":900,"url":"https:\/\/psol50.org.br\/inc\/uploads\/2018\/07\/capa.png","type":"image\/png"}],"author":"Comunica\u00e7\u00e3o PSOL","twitter_card":"summary_large_image","twitter_creator":"@psol50","twitter_site":"@psol50","twitter_misc":{"Escrito por":"Comunica\u00e7\u00e3o PSOL","Est. tempo de leitura":"1 minuto"},"schema":{"@context":"https:\/\/schema.org","@graph":[{"@type":"Article","@id":"https:\/\/psol50.org.br\/todos-os-homens-do-presidente-estao-de-alguma-forma-envolvidos-na-lava-jato\/#article","isPartOf":{"@id":"https:\/\/psol50.org.br\/todos-os-homens-do-presidente-estao-de-alguma-forma-envolvidos-na-lava-jato\/"},"author":{"name":"Comunica\u00e7\u00e3o PSOL","@id":"https:\/\/psol50.org.br\/#\/schema\/person\/475dfa57d0b815993c714c2e96491fcd"},"headline":"Todos os homens do presidente est\u00e3o, de alguma forma, envolvidos na Lava Jato","datePublished":"2016-06-01T20:05:21+00:00","mainEntityOfPage":{"@id":"https:\/\/psol50.org.br\/todos-os-homens-do-presidente-estao-de-alguma-forma-envolvidos-na-lava-jato\/"},"wordCount":118,"commentCount":0,"publisher":{"@id":"https:\/\/psol50.org.br\/#organization"},"image":{"@id":"https:\/\/psol50.org.br\/todos-os-homens-do-presidente-estao-de-alguma-forma-envolvidos-na-lava-jato\/#primaryimage"},"thumbnailUrl":"","keywords":["Eduardo Cunha","governo ileg\u00edtimo","Ivan Valente","Michel Temer","Opera\u00e7\u00e3o Lava-Jato"],"articleSection":["A\u00e7\u00e3o Parlamentar","Brasil","V\u00cdDEOS | MULTIM\u00cdDIA | FLC TV"],"inLanguage":"pt-BR","potentialAction":[{"@type":"CommentAction","name":"Comment","target":["https:\/\/psol50.org.br\/todos-os-homens-do-presidente-estao-de-alguma-forma-envolvidos-na-lava-jato\/#respond"]}]},{"@type":"WebPage","@id":"https:\/\/psol50.org.br\/todos-os-homens-do-presidente-estao-de-alguma-forma-envolvidos-na-lava-jato\/","url":"https:\/\/psol50.org.br\/todos-os-homens-do-presidente-estao-de-alguma-forma-envolvidos-na-lava-jato\/","name":"Todos os homens do presidente est\u00e3o, de alguma forma, envolvidos na Lava Jato - PSOL 50","isPartOf":{"@id":"https:\/\/psol50.org.br\/#website"},"primaryImageOfPage":{"@id":"https:\/\/psol50.org.br\/todos-os-homens-do-presidente-estao-de-alguma-forma-envolvidos-na-lava-jato\/#primaryimage"},"image":{"@id":"https:\/\/psol50.org.br\/todos-os-homens-do-presidente-estao-de-alguma-forma-envolvidos-na-lava-jato\/#primaryimage"},"thumbnailUrl":"","datePublished":"2016-06-01T20:05:21+00:00","breadcrumb":{"@id":"https:\/\/psol50.org.br\/todos-os-homens-do-presidente-estao-de-alguma-forma-envolvidos-na-lava-jato\/#breadcrumb"},"inLanguage":"pt-BR","potentialAction":[{"@type":"ReadAction","target":["https:\/\/psol50.org.br\/todos-os-homens-do-presidente-estao-de-alguma-forma-envolvidos-na-lava-jato\/"]}]},{"@type":"ImageObject","inLanguage":"pt-BR","@id":"https:\/\/psol50.org.br\/todos-os-homens-do-presidente-estao-de-alguma-forma-envolvidos-na-lava-jato\/#primaryimage","url":"","contentUrl":""},{"@type":"BreadcrumbList","@id":"https:\/\/psol50.org.br\/todos-os-homens-do-presidente-estao-de-alguma-forma-envolvidos-na-lava-jato\/#breadcrumb","itemListElement":[{"@type":"ListItem","position":1,"name":"In\u00edcio","item":"https:\/\/psol50.org.br\/"},{"@type":"ListItem","position":2,"name":"Todos os homens do presidente est\u00e3o, de alguma forma, envolvidos na Lava Jato"}]},{"@type":"WebSite","@id":"https:\/\/psol50.org.br\/#website","url":"https:\/\/psol50.org.br\/","name":"PSOL 50","description":"Site oficial do Partido Socialismo e Liberdade","publisher":{"@id":"https:\/\/psol50.org.br\/#organization"},"alternateName":"PSOL50","potentialAction":[{"@type":"SearchAction","target":{"@type":"EntryPoint","urlTemplate":"https:\/\/psol50.org.br\/?s={search_term_string}"},"query-input":{"@type":"PropertyValueSpecification","valueRequired":true,"valueName":"search_term_string"}}],"inLanguage":"pt-BR"},{"@type":"Organization","@id":"https:\/\/psol50.org.br\/#organization","name":"PSOL 50","alternateName":"PSOL 50","url":"https:\/\/psol50.org.br\/","logo":{"@type":"ImageObject","inLanguage":"pt-BR","@id":"https:\/\/psol50.org.br\/#\/schema\/logo\/image\/","url":"https:\/\/psol50.org.br\/inc\/uploads\/2018\/07\/capa.png","contentUrl":"https:\/\/psol50.org.br\/inc\/uploads\/2018\/07\/capa.png","width":1350,"height":900,"caption":"PSOL 50"},"image":{"@id":"https:\/\/psol50.org.br\/#\/schema\/logo\/image\/"},"sameAs":["https:\/\/www.facebook.com\/psol50","https:\/\/x.com\/psol50","https:\/\/www.instagram.com\/psol50\/","https:\/\/www.youtube.com\/channel\/UC7SnJS5o1os7a6CaiNabzcg"]},{"@type":"Person","@id":"https:\/\/psol50.org.br\/#\/schema\/person\/475dfa57d0b815993c714c2e96491fcd","name":"Comunica\u00e7\u00e3o PSOL","image":{"@type":"ImageObject","inLanguage":"pt-BR","@id":"https:\/\/psol50.org.br\/#\/schema\/person\/image\/","url":"https:\/\/secure.gravatar.com\/avatar\/b34fc4f4e468a4e51785917065a3db57b841f5c95dba6ad8c73aaf8f66f8f9bf?s=96&d=mm&r=g","contentUrl":"https:\/\/secure.gravatar.com\/avatar\/b34fc4f4e468a4e51785917065a3db57b841f5c95dba6ad8c73aaf8f66f8f9bf?s=96&d=mm&r=g","caption":"Comunica\u00e7\u00e3o PSOL"}}]}},"_links":{"self":[{"href":"https:\/\/psol50.org.br\/rest\/wp\/v2\/posts\/12593","targetHints":{"allow":["GET"]}}],"collection":[{"href":"https:\/\/psol50.org.br\/rest\/wp\/v2\/posts"}],"about":[{"href":"https:\/\/psol50.org.br\/rest\/wp\/v2\/types\/post"}],"author":[{"embeddable":true,"href":"https:\/\/psol50.org.br\/rest\/wp\/v2\/users\/2"}],"replies":[{"embeddable":true,"href":"https:\/\/psol50.org.br\/rest\/wp\/v2\/comments?post=12593"}],"version-history":[{"count":0,"href":"https:\/\/psol50.org.br\/rest\/wp\/v2\/posts\/12593\/revisions"}],"wp:featuredmedia":[{"embeddable":true,"href":"https:\/\/psol50.org.br\/rest\/"}],"wp:attachment":[{"href":"https:\/\/psol50.org.br\/rest\/wp\/v2\/media?parent=12593"}],"wp:term":[{"taxonomy":"category","embeddable":true,"href":"https:\/\/psol50.org.br\/rest\/wp\/v2\/categories?post=12593"},{"taxonomy":"post_tag","embeddable":true,"href":"https:\/\/psol50.org.br\/rest\/wp\/v2\/tags?post=12593"}],"curies":[{"name":"wp","href":"https:\/\/api.w.org\/{rel}","templated":true}]}}