{"id":1261,"date":"2008-04-23T00:00:00","date_gmt":"2008-04-23T00:00:00","guid":{"rendered":"http:\/\/psol50.org.br\/arquivo\/2008\/04\/23\/deputados-aprovam-prorrogacao-de-registro-de-armas-e-credito-ao-bndes\/"},"modified":"2008-04-23T00:00:00","modified_gmt":"2008-04-23T00:00:00","slug":"deputados-aprovam-prorrogacao-de-registro-de-armas-e-credito-ao-bndes","status":"publish","type":"post","link":"https:\/\/psol50.org.br\/deputados-aprovam-prorrogacao-de-registro-de-armas-e-credito-ao-bndes\/","title":{"rendered":"Deputados aprovam prorroga\u00e7\u00e3o de registro de armas e cr\u00e9dito ao BNDES"},"content":{"rendered":"<p>Os deputados aprovaram nesta ter\u00e7a-feira (22\/04) o Projeto de Lei de Convers\u00e3o para Medida Provis\u00f3ria 417\/2008, que prorroga at\u00e9 31 de dezembro de 2008 o prazo para renova\u00e7\u00e3o do registro de propriedade de arma de fogo. A l\u00edder do PSOL, deputada Luciana Genro, disse que a flexibiliza\u00e7\u00e3o da proposta \u00e9 importante pois permitir\u00e1 que 14 milh\u00f5es de armas n\u00e3o legalizadas sejam inseridas no sistema da Pol\u00edcia Federal.<\/p>\n<p><!--more--><\/p>\n<p>Os donos de armas de todos os calibres, que n\u00e3o possuem documenta\u00e7\u00e3o, devem registrar a arma, j\u00e1 autorizadas pelos \u00f3rg\u00e3os de seguran\u00e7a estaduais, na Pol\u00edcia Federal. O deputado Chico Alencar defendeu a realiza\u00e7\u00e3o de testes de capacidade t\u00e9cnica e psicol\u00f3gicos para a posse de arma de qualquer calibre.<\/p>\n<p>Algumas das emendas destacadas foram alvo de cr\u00edticas pelo PSOL, como a manuten\u00e7\u00e3o de estoque de muni\u00e7\u00e3o pelo propriet\u00e1rio da arma e a permiss\u00e3o para que fiscais tribut\u00e1rios federais, guardas municipais e agentes penit\u00e9nci\u00e1rios obtenham posse de armas fora do servi\u00e7o. As emendas foram rejeitadas.<\/p>\n<p>Transpar\u00eancia ao BNDES &#8211; A C\u00e2mara dos Deputados aprovou tamb\u00e9m cr\u00e9dito de R$ 12,5 bilh\u00f5es para o Banco Nacional de Desenvolvimento Econ\u00f4mico e Social (BNDES) \u2013 recursos que, em sua maioria ser\u00e3o utlizados em obras do Plano de Acelera\u00e7\u00e3o do Crescimento (PAC), do governo federal. A bancada do PSOL alertou sobre a falta de transpar\u00eancia no BNDES.<\/p>\n<p>Para Luciana Genro, o papel do BNDES \u00e9 fundamental para o pa\u00eds e para o desenvolvimento econ\u00f4mico das empresas brasileiras \u2013 micros, pequenas e grandes, mas desde que invistam lucros no Brasil e n\u00e3o em megaempresas, que constituem monop\u00f3lios privados e remetem dividendos ao exterior. \u201cO pa\u00eds necessita que o BNDES democratize suas decis\u00f5es\u201d, afirmou. Luciana criticou o financiamento do banco que permitiu a fus\u00e3o da Brasil Telecom e a Oi. \u201c\u00c9 uma opera\u00e7\u00e3o altamente question\u00e1vel\u201d.<\/p>\n<p>O deputado Ivan Valente tamb\u00e9m criticou esse tipo de transa\u00e7\u00e3o exercida pelo BNDES. Al\u00e9m da fus\u00e3o Brasil Telecom e Oi, o deputado falou do empr\u00e9stimo \u00e0 Companhia Vale do Rio Doce no valor de R$ 7 bilh\u00f5es e da den\u00fancia de que o diretor que avalizou o empr\u00e9stimo se tornou um dos diretores da Vale, poucous dias depois. \u201cSem quarentena e de forma que gera supeitas sobre a conduta. A privatiza\u00e7\u00e3o da Vale do Rio Doce j\u00e1 foi um crime contra o pa\u00eds e contra o patrim\u00f4nio nacional\u201d, lembrou.<\/p>\n","protected":false},"excerpt":{"rendered":"<p>Os deputados aprovaram nesta ter\u00e7a-feira (22\/04) o Projeto de Lei de Convers\u00e3o para Medida Provis\u00f3ria 417\/2008, que prorroga at\u00e9 31 de dezembro de 2008 o prazo para renova\u00e7\u00e3o do registro de propriedade de arma de fogo. A l\u00edder do PSOL, deputada Luciana Genro, disse que a flexibiliza\u00e7\u00e3o da proposta \u00e9 importante pois permitir\u00e1 que 14 [&hellip;]<\/p>\n","protected":false},"author":2,"featured_media":0,"comment_status":"open","ping_status":"open","sticky":false,"template":"","format":"standard","meta":{"_acf_changed":false,"footnotes":""},"categories":[4766],"tags":[],"class_list":{"0":"post-1261","1":"post","2":"type-post","3":"status-publish","4":"format-standard","6":"category-arquivo"},"acf":[],"yoast_head":"<!-- This site is optimized with the Yoast SEO plugin v26.5 - https:\/\/yoast.com\/wordpress\/plugins\/seo\/ -->\n<title>Deputados aprovam prorroga\u00e7\u00e3o de registro de armas e cr\u00e9dito ao BNDES - PSOL 50<\/title>\n<meta name=\"robots\" content=\"index, follow, max-snippet:-1, max-image-preview:large, max-video-preview:-1\" \/>\n<link rel=\"canonical\" href=\"https:\/\/psol50.org.br\/deputados-aprovam-prorrogacao-de-registro-de-armas-e-credito-ao-bndes\/\" \/>\n<meta property=\"og:locale\" content=\"pt_BR\" \/>\n<meta property=\"og:type\" content=\"article\" \/>\n<meta property=\"og:title\" content=\"Deputados aprovam prorroga\u00e7\u00e3o de registro de armas e cr\u00e9dito ao BNDES - PSOL 50\" \/>\n<meta property=\"og:description\" content=\"Os deputados aprovaram nesta ter\u00e7a-feira (22\/04) o Projeto de Lei de Convers\u00e3o para Medida Provis\u00f3ria 417\/2008, que prorroga at\u00e9 31 de dezembro de 2008 o prazo para renova\u00e7\u00e3o do registro de propriedade de arma de fogo. A l\u00edder do PSOL, deputada Luciana Genro, disse que a flexibiliza\u00e7\u00e3o da proposta \u00e9 importante pois permitir\u00e1 que 14 [&hellip;]\" \/>\n<meta property=\"og:url\" content=\"https:\/\/psol50.org.br\/deputados-aprovam-prorrogacao-de-registro-de-armas-e-credito-ao-bndes\/\" \/>\n<meta property=\"og:site_name\" content=\"PSOL 50\" \/>\n<meta property=\"article:publisher\" content=\"https:\/\/www.facebook.com\/psol50\" \/>\n<meta property=\"article:published_time\" content=\"2008-04-23T00:00:00+00:00\" \/>\n<meta property=\"og:image\" content=\"https:\/\/psol50.org.br\/inc\/uploads\/2018\/07\/capa.png\" \/>\n\t<meta property=\"og:image:width\" content=\"1350\" \/>\n\t<meta property=\"og:image:height\" content=\"900\" \/>\n\t<meta property=\"og:image:type\" content=\"image\/png\" \/>\n<meta name=\"author\" content=\"Comunica\u00e7\u00e3o PSOL\" \/>\n<meta name=\"twitter:card\" content=\"summary_large_image\" \/>\n<meta name=\"twitter:creator\" content=\"@psol50\" \/>\n<meta name=\"twitter:site\" content=\"@psol50\" \/>\n<meta name=\"twitter:label1\" content=\"Escrito por\" \/>\n\t<meta name=\"twitter:data1\" content=\"Comunica\u00e7\u00e3o PSOL\" \/>\n\t<meta name=\"twitter:label2\" content=\"Est. tempo de leitura\" \/>\n\t<meta name=\"twitter:data2\" content=\"2 minutos\" \/>\n<script type=\"application\/ld+json\" class=\"yoast-schema-graph\">{\"@context\":\"https:\/\/schema.org\",\"@graph\":[{\"@type\":\"Article\",\"@id\":\"https:\/\/psol50.org.br\/deputados-aprovam-prorrogacao-de-registro-de-armas-e-credito-ao-bndes\/#article\",\"isPartOf\":{\"@id\":\"https:\/\/psol50.org.br\/deputados-aprovam-prorrogacao-de-registro-de-armas-e-credito-ao-bndes\/\"},\"author\":{\"name\":\"Comunica\u00e7\u00e3o PSOL\",\"@id\":\"https:\/\/psol50.org.br\/#\/schema\/person\/475dfa57d0b815993c714c2e96491fcd\"},\"headline\":\"Deputados aprovam prorroga\u00e7\u00e3o de registro de armas e cr\u00e9dito ao BNDES\",\"datePublished\":\"2008-04-23T00:00:00+00:00\",\"mainEntityOfPage\":{\"@id\":\"https:\/\/psol50.org.br\/deputados-aprovam-prorrogacao-de-registro-de-armas-e-credito-ao-bndes\/\"},\"wordCount\":437,\"commentCount\":0,\"publisher\":{\"@id\":\"https:\/\/psol50.org.br\/#organization\"},\"articleSection\":[\"Arquivo\"],\"inLanguage\":\"pt-BR\",\"potentialAction\":[{\"@type\":\"CommentAction\",\"name\":\"Comment\",\"target\":[\"https:\/\/psol50.org.br\/deputados-aprovam-prorrogacao-de-registro-de-armas-e-credito-ao-bndes\/#respond\"]}]},{\"@type\":\"WebPage\",\"@id\":\"https:\/\/psol50.org.br\/deputados-aprovam-prorrogacao-de-registro-de-armas-e-credito-ao-bndes\/\",\"url\":\"https:\/\/psol50.org.br\/deputados-aprovam-prorrogacao-de-registro-de-armas-e-credito-ao-bndes\/\",\"name\":\"Deputados aprovam prorroga\u00e7\u00e3o de registro de armas e cr\u00e9dito ao BNDES - PSOL 50\",\"isPartOf\":{\"@id\":\"https:\/\/psol50.org.br\/#website\"},\"datePublished\":\"2008-04-23T00:00:00+00:00\",\"breadcrumb\":{\"@id\":\"https:\/\/psol50.org.br\/deputados-aprovam-prorrogacao-de-registro-de-armas-e-credito-ao-bndes\/#breadcrumb\"},\"inLanguage\":\"pt-BR\",\"potentialAction\":[{\"@type\":\"ReadAction\",\"target\":[\"https:\/\/psol50.org.br\/deputados-aprovam-prorrogacao-de-registro-de-armas-e-credito-ao-bndes\/\"]}]},{\"@type\":\"BreadcrumbList\",\"@id\":\"https:\/\/psol50.org.br\/deputados-aprovam-prorrogacao-de-registro-de-armas-e-credito-ao-bndes\/#breadcrumb\",\"itemListElement\":[{\"@type\":\"ListItem\",\"position\":1,\"name\":\"In\u00edcio\",\"item\":\"https:\/\/psol50.org.br\/\"},{\"@type\":\"ListItem\",\"position\":2,\"name\":\"Deputados aprovam prorroga\u00e7\u00e3o de registro de armas e cr\u00e9dito ao BNDES\"}]},{\"@type\":\"WebSite\",\"@id\":\"https:\/\/psol50.org.br\/#website\",\"url\":\"https:\/\/psol50.org.br\/\",\"name\":\"PSOL 50\",\"description\":\"Site oficial do Partido Socialismo e Liberdade\",\"publisher\":{\"@id\":\"https:\/\/psol50.org.br\/#organization\"},\"alternateName\":\"PSOL50\",\"potentialAction\":[{\"@type\":\"SearchAction\",\"target\":{\"@type\":\"EntryPoint\",\"urlTemplate\":\"https:\/\/psol50.org.br\/?s={search_term_string}\"},\"query-input\":{\"@type\":\"PropertyValueSpecification\",\"valueRequired\":true,\"valueName\":\"search_term_string\"}}],\"inLanguage\":\"pt-BR\"},{\"@type\":\"Organization\",\"@id\":\"https:\/\/psol50.org.br\/#organization\",\"name\":\"PSOL 50\",\"alternateName\":\"PSOL 50\",\"url\":\"https:\/\/psol50.org.br\/\",\"logo\":{\"@type\":\"ImageObject\",\"inLanguage\":\"pt-BR\",\"@id\":\"https:\/\/psol50.org.br\/#\/schema\/logo\/image\/\",\"url\":\"https:\/\/psol50.org.br\/inc\/uploads\/2018\/07\/capa.png\",\"contentUrl\":\"https:\/\/psol50.org.br\/inc\/uploads\/2018\/07\/capa.png\",\"width\":1350,\"height\":900,\"caption\":\"PSOL 50\"},\"image\":{\"@id\":\"https:\/\/psol50.org.br\/#\/schema\/logo\/image\/\"},\"sameAs\":[\"https:\/\/www.facebook.com\/psol50\",\"https:\/\/x.com\/psol50\",\"https:\/\/www.instagram.com\/psol50\/\",\"https:\/\/www.youtube.com\/channel\/UC7SnJS5o1os7a6CaiNabzcg\"]},{\"@type\":\"Person\",\"@id\":\"https:\/\/psol50.org.br\/#\/schema\/person\/475dfa57d0b815993c714c2e96491fcd\",\"name\":\"Comunica\u00e7\u00e3o PSOL\",\"image\":{\"@type\":\"ImageObject\",\"inLanguage\":\"pt-BR\",\"@id\":\"https:\/\/psol50.org.br\/#\/schema\/person\/image\/\",\"url\":\"https:\/\/secure.gravatar.com\/avatar\/b34fc4f4e468a4e51785917065a3db57b841f5c95dba6ad8c73aaf8f66f8f9bf?s=96&d=mm&r=g\",\"contentUrl\":\"https:\/\/secure.gravatar.com\/avatar\/b34fc4f4e468a4e51785917065a3db57b841f5c95dba6ad8c73aaf8f66f8f9bf?s=96&d=mm&r=g\",\"caption\":\"Comunica\u00e7\u00e3o PSOL\"}}]}<\/script>\n<!-- \/ Yoast SEO plugin. -->","yoast_head_json":{"title":"Deputados aprovam prorroga\u00e7\u00e3o de registro de armas e cr\u00e9dito ao BNDES - PSOL 50","robots":{"index":"index","follow":"follow","max-snippet":"max-snippet:-1","max-image-preview":"max-image-preview:large","max-video-preview":"max-video-preview:-1"},"canonical":"https:\/\/psol50.org.br\/deputados-aprovam-prorrogacao-de-registro-de-armas-e-credito-ao-bndes\/","og_locale":"pt_BR","og_type":"article","og_title":"Deputados aprovam prorroga\u00e7\u00e3o de registro de armas e cr\u00e9dito ao BNDES - PSOL 50","og_description":"Os deputados aprovaram nesta ter\u00e7a-feira (22\/04) o Projeto de Lei de Convers\u00e3o para Medida Provis\u00f3ria 417\/2008, que prorroga at\u00e9 31 de dezembro de 2008 o prazo para renova\u00e7\u00e3o do registro de propriedade de arma de fogo. A l\u00edder do PSOL, deputada Luciana Genro, disse que a flexibiliza\u00e7\u00e3o da proposta \u00e9 importante pois permitir\u00e1 que 14 [&hellip;]","og_url":"https:\/\/psol50.org.br\/deputados-aprovam-prorrogacao-de-registro-de-armas-e-credito-ao-bndes\/","og_site_name":"PSOL 50","article_publisher":"https:\/\/www.facebook.com\/psol50","article_published_time":"2008-04-23T00:00:00+00:00","og_image":[{"width":1350,"height":900,"url":"https:\/\/psol50.org.br\/inc\/uploads\/2018\/07\/capa.png","type":"image\/png"}],"author":"Comunica\u00e7\u00e3o PSOL","twitter_card":"summary_large_image","twitter_creator":"@psol50","twitter_site":"@psol50","twitter_misc":{"Escrito por":"Comunica\u00e7\u00e3o PSOL","Est. tempo de leitura":"2 minutos"},"schema":{"@context":"https:\/\/schema.org","@graph":[{"@type":"Article","@id":"https:\/\/psol50.org.br\/deputados-aprovam-prorrogacao-de-registro-de-armas-e-credito-ao-bndes\/#article","isPartOf":{"@id":"https:\/\/psol50.org.br\/deputados-aprovam-prorrogacao-de-registro-de-armas-e-credito-ao-bndes\/"},"author":{"name":"Comunica\u00e7\u00e3o PSOL","@id":"https:\/\/psol50.org.br\/#\/schema\/person\/475dfa57d0b815993c714c2e96491fcd"},"headline":"Deputados aprovam prorroga\u00e7\u00e3o de registro de armas e cr\u00e9dito ao BNDES","datePublished":"2008-04-23T00:00:00+00:00","mainEntityOfPage":{"@id":"https:\/\/psol50.org.br\/deputados-aprovam-prorrogacao-de-registro-de-armas-e-credito-ao-bndes\/"},"wordCount":437,"commentCount":0,"publisher":{"@id":"https:\/\/psol50.org.br\/#organization"},"articleSection":["Arquivo"],"inLanguage":"pt-BR","potentialAction":[{"@type":"CommentAction","name":"Comment","target":["https:\/\/psol50.org.br\/deputados-aprovam-prorrogacao-de-registro-de-armas-e-credito-ao-bndes\/#respond"]}]},{"@type":"WebPage","@id":"https:\/\/psol50.org.br\/deputados-aprovam-prorrogacao-de-registro-de-armas-e-credito-ao-bndes\/","url":"https:\/\/psol50.org.br\/deputados-aprovam-prorrogacao-de-registro-de-armas-e-credito-ao-bndes\/","name":"Deputados aprovam prorroga\u00e7\u00e3o de registro de armas e cr\u00e9dito ao BNDES - PSOL 50","isPartOf":{"@id":"https:\/\/psol50.org.br\/#website"},"datePublished":"2008-04-23T00:00:00+00:00","breadcrumb":{"@id":"https:\/\/psol50.org.br\/deputados-aprovam-prorrogacao-de-registro-de-armas-e-credito-ao-bndes\/#breadcrumb"},"inLanguage":"pt-BR","potentialAction":[{"@type":"ReadAction","target":["https:\/\/psol50.org.br\/deputados-aprovam-prorrogacao-de-registro-de-armas-e-credito-ao-bndes\/"]}]},{"@type":"BreadcrumbList","@id":"https:\/\/psol50.org.br\/deputados-aprovam-prorrogacao-de-registro-de-armas-e-credito-ao-bndes\/#breadcrumb","itemListElement":[{"@type":"ListItem","position":1,"name":"In\u00edcio","item":"https:\/\/psol50.org.br\/"},{"@type":"ListItem","position":2,"name":"Deputados aprovam prorroga\u00e7\u00e3o de registro de armas e cr\u00e9dito ao BNDES"}]},{"@type":"WebSite","@id":"https:\/\/psol50.org.br\/#website","url":"https:\/\/psol50.org.br\/","name":"PSOL 50","description":"Site oficial do Partido Socialismo e Liberdade","publisher":{"@id":"https:\/\/psol50.org.br\/#organization"},"alternateName":"PSOL50","potentialAction":[{"@type":"SearchAction","target":{"@type":"EntryPoint","urlTemplate":"https:\/\/psol50.org.br\/?s={search_term_string}"},"query-input":{"@type":"PropertyValueSpecification","valueRequired":true,"valueName":"search_term_string"}}],"inLanguage":"pt-BR"},{"@type":"Organization","@id":"https:\/\/psol50.org.br\/#organization","name":"PSOL 50","alternateName":"PSOL 50","url":"https:\/\/psol50.org.br\/","logo":{"@type":"ImageObject","inLanguage":"pt-BR","@id":"https:\/\/psol50.org.br\/#\/schema\/logo\/image\/","url":"https:\/\/psol50.org.br\/inc\/uploads\/2018\/07\/capa.png","contentUrl":"https:\/\/psol50.org.br\/inc\/uploads\/2018\/07\/capa.png","width":1350,"height":900,"caption":"PSOL 50"},"image":{"@id":"https:\/\/psol50.org.br\/#\/schema\/logo\/image\/"},"sameAs":["https:\/\/www.facebook.com\/psol50","https:\/\/x.com\/psol50","https:\/\/www.instagram.com\/psol50\/","https:\/\/www.youtube.com\/channel\/UC7SnJS5o1os7a6CaiNabzcg"]},{"@type":"Person","@id":"https:\/\/psol50.org.br\/#\/schema\/person\/475dfa57d0b815993c714c2e96491fcd","name":"Comunica\u00e7\u00e3o PSOL","image":{"@type":"ImageObject","inLanguage":"pt-BR","@id":"https:\/\/psol50.org.br\/#\/schema\/person\/image\/","url":"https:\/\/secure.gravatar.com\/avatar\/b34fc4f4e468a4e51785917065a3db57b841f5c95dba6ad8c73aaf8f66f8f9bf?s=96&d=mm&r=g","contentUrl":"https:\/\/secure.gravatar.com\/avatar\/b34fc4f4e468a4e51785917065a3db57b841f5c95dba6ad8c73aaf8f66f8f9bf?s=96&d=mm&r=g","caption":"Comunica\u00e7\u00e3o PSOL"}}]}},"_links":{"self":[{"href":"https:\/\/psol50.org.br\/rest\/wp\/v2\/posts\/1261","targetHints":{"allow":["GET"]}}],"collection":[{"href":"https:\/\/psol50.org.br\/rest\/wp\/v2\/posts"}],"about":[{"href":"https:\/\/psol50.org.br\/rest\/wp\/v2\/types\/post"}],"author":[{"embeddable":true,"href":"https:\/\/psol50.org.br\/rest\/wp\/v2\/users\/2"}],"replies":[{"embeddable":true,"href":"https:\/\/psol50.org.br\/rest\/wp\/v2\/comments?post=1261"}],"version-history":[{"count":0,"href":"https:\/\/psol50.org.br\/rest\/wp\/v2\/posts\/1261\/revisions"}],"wp:attachment":[{"href":"https:\/\/psol50.org.br\/rest\/wp\/v2\/media?parent=1261"}],"wp:term":[{"taxonomy":"category","embeddable":true,"href":"https:\/\/psol50.org.br\/rest\/wp\/v2\/categories?post=1261"},{"taxonomy":"post_tag","embeddable":true,"href":"https:\/\/psol50.org.br\/rest\/wp\/v2\/tags?post=1261"}],"curies":[{"name":"wp","href":"https:\/\/api.w.org\/{rel}","templated":true}]}}