{"id":1263,"date":"2008-05-08T00:00:00","date_gmt":"2008-05-08T00:00:00","guid":{"rendered":"http:\/\/psol50.org.br\/arquivo\/2008\/05\/08\/psol-avalia-que-valor-do-salario-minimo-nao-atende-brasileiro\/"},"modified":"2008-05-08T00:00:00","modified_gmt":"2008-05-08T00:00:00","slug":"psol-avalia-que-valor-do-salario-minimo-nao-atende-brasileiro","status":"publish","type":"post","link":"https:\/\/psol50.org.br\/psol-avalia-que-valor-do-salario-minimo-nao-atende-brasileiro\/","title":{"rendered":"PSOL avalia que valor do Sal\u00e1rio M\u00ednimo n\u00e3o atende brasileiro"},"content":{"rendered":"<p>A C\u00e2mara dos Deputados aprovou esta semana 5 medidas provis\u00f3rias e 2 projetos de lei, que trancavam a pauta no plen\u00e1rio. Entre as proposi\u00e7\u00f5es aprovadas o aumento do sal\u00e1rio m\u00ednimo para R$ 415,00, a partir de 1\u00ba de mar\u00e7o de 2008, que, na avalia\u00e7\u00e3o do PSOL, est\u00e1 aqu\u00e9m das necessidades do trabalhador brasileiro e \u00e9 incompat\u00edvel ao compromisso assumido pelo governo federal de dobrar o poder de compra do sal\u00e1rio m\u00ednimo em quatro anos.<\/p>\n<p><!--more--><\/p>\n<p>Segundo a l\u00edder do PSOL, deputada Luciana Genro, o valor proposto pelo Executivo (MP 421\/2008) n\u00e3o \u00e9 compat\u00edvel com o compromisso assumido pelo presidente Luiz In\u00e1cio Lula da Silva durante a campanha eleitoral. \u201cN\u00e3o dobrou o poder de compra do sal\u00e1rio m\u00ednimo nos primeiros quatro anos de mandato e nem neste momento\u201d, afirmou, destacando que o PSOL apresentou emenda, que foi rejeitada, para reajustar o sal\u00e1rio m\u00ednimo para R$ 602,00.<\/p>\n<p>Al\u00e9m disso, a deputada destacou a situa\u00e7\u00e3o dos aposentados e pensionistas que n\u00e3o t\u00eam seu aumento vinculado ao reajuste do sal\u00e1rio m\u00ednimo. Luciana disse que o partido ap\u00f3ia as propostas do senador Paulo Paim, aprovadas do Senado e que ser\u00e3o votadas na C\u00e2mara, que estende o aumento de pens\u00f5es e aposentadorias \u00e0 pol\u00edtica de reajuste do sal\u00e1rio m\u00ednimo e determina o fim do fator previdenci\u00e1rio. \u201cO que o governo faz \u00e9 uma op\u00e7\u00e3o pol\u00edtica, que n\u00e3o tem liga\u00e7\u00e3o com uma impossibilidade econ\u00f4mica\u201d, avaliou. \u201cA justi\u00e7a \u00e9 reconhecer que h\u00e1 uma perda progressiva na remunera\u00e7\u00e3o dos aposentados do pa\u00eds\u201d, completou o deputado Chico Alencar.<\/p>\n<p>BNDES \u2013 Tamb\u00e9m foi aprovada a MP 420\/2008, que abre cr\u00e9dito extraordin\u00e1rio de R$ 12,5 bilh\u00f5es destinados ao Banco Nacional de Desenvolvimento Econ\u00f4mico e Social (BNDES) \u2013 recursos que ampliam o limite operacional do banco e permitem o aumento de empr\u00e9stimos para investimentos, dos quais muitos ser\u00e3o utilizados no Programa de Acelera\u00e7\u00e3o do Crescimento (PAC).<\/p>\n<p>Para o deputado Ivan Valente a MP n\u00e3o se justifica em sua urg\u00eancia e relev\u00e2ncia, al\u00e9m do BNDES faltar com a transpar\u00eancia. O deputado criticou o fato do Banco conceder empr\u00e9stimos para financiar fus\u00f5es de monop\u00f3lio de telef\u00f4nicas, como da Oi e a Brasil Telecom, para empresas como a Monsanto, que atua no setor de produtos transg\u00eanicos, e a Aracruz Celulose, que j\u00e1 causou graves danos ambientais. \u201cN\u00e3o se pode mais bancar isso, \u00e0 empresas que n\u00e3o trazem desenvolvimento econ\u00f4mico\u201d, criticou.<\/p>\n<p>Tr\u00eas Mp&#8217;s e dois projetos \u2013 A C\u00e2mara dos Deputados aprovou tamb\u00e9m a Medida Provis\u00f3ria 418\/08, que aperfei\u00e7oa as regras para instala\u00e7\u00e3o e funcionamento de empresas nas chamadas Zonas de Processamento de Exporta\u00e7\u00e3o (ZPE), suspende o pagamento de tributos e estende a essas empresas incentivos j\u00e1 existentes para pesquisa tecnol\u00f3gica.<\/p>\n<p>A deputada Luciana Genro criticou pontos da proposta e do relat\u00f3rio final, destacando problemas graves. Segundo ela, h\u00e1 necessidade de requisitos m\u00ednimos de conte\u00fado nacional, de que o conselho nacional de ZPE&#8217;s leve em considera\u00e7\u00e3o normas de meio ambiente e contrata\u00e7\u00e3o de auditoria externa para acompanhamento das atividades, realiza\u00e7\u00e3o de gastos m\u00ednimos no pa\u00eds e aquisi\u00e7\u00e3o de equipamentos, insumos e servi\u00e7os.<\/p>\n<p>Foram aprovadas ainda a MP 419\/08, que transforma em ministro de Estado o cargo de secret\u00e1rio especial de Pol\u00edticas de Promo\u00e7\u00e3o da Igualdade Racial, e a MP 423\/08, que concede cr\u00e9dito extraordin\u00e1rio de R$ 613,7 milh\u00f5es para atender as v\u00edtimas de inunda\u00e7\u00f5es em estados das regi\u00f5es Nordeste e Centro-Oeste e para a realiza\u00e7\u00e3o de obras emergenciais em rodovias federais atingidas pelas fortes chuvas deste ver\u00e3o.<\/p>\n<p>Os deputados aprovaram o Projeto de Lei (PL) 2300\/2007, do Poder Executivo, que recria a Secretaria de Assuntos Estrat\u00e9gicos da Presid\u00eancia da Rep\u00fablica, cuja implanta\u00e7\u00e3o foi recusada pelo Congresso atrav\u00e9s da Medida Provis\u00f3ria 377\/07, em setembro do ano passado. O PL 1650\/07, tamb\u00e9m do Executivo, foi aprovado e prev\u00ea incid\u00eancia das mesmas al\u00edquotas do Imposto de Renda de Pessoa F\u00edsica para os ganhos de transportador aut\u00f4nomo residente no Paraguai quando ele prestar servi\u00e7os a operadora brasileira de transporte rodovi\u00e1rio internacional de carga.<\/p>\n","protected":false},"excerpt":{"rendered":"<p>A C\u00e2mara dos Deputados aprovou esta semana 5 medidas provis\u00f3rias e 2 projetos de lei, que trancavam a pauta no plen\u00e1rio. Entre as proposi\u00e7\u00f5es aprovadas o aumento do sal\u00e1rio m\u00ednimo para R$ 415,00, a partir de 1\u00ba de mar\u00e7o de 2008, que, na avalia\u00e7\u00e3o do PSOL, est\u00e1 aqu\u00e9m das necessidades do trabalhador brasileiro e \u00e9 [&hellip;]<\/p>\n","protected":false},"author":2,"featured_media":0,"comment_status":"open","ping_status":"open","sticky":false,"template":"","format":"standard","meta":{"_acf_changed":false,"footnotes":""},"categories":[4766],"tags":[],"class_list":{"0":"post-1263","1":"post","2":"type-post","3":"status-publish","4":"format-standard","6":"category-arquivo"},"acf":[],"yoast_head":"<!-- This site is optimized with the Yoast SEO plugin v26.5 - https:\/\/yoast.com\/wordpress\/plugins\/seo\/ -->\n<title>PSOL avalia que valor do Sal\u00e1rio M\u00ednimo n\u00e3o atende brasileiro - PSOL 50<\/title>\n<meta name=\"robots\" content=\"index, follow, max-snippet:-1, max-image-preview:large, max-video-preview:-1\" \/>\n<link rel=\"canonical\" href=\"https:\/\/psol50.org.br\/psol-avalia-que-valor-do-salario-minimo-nao-atende-brasileiro\/\" \/>\n<meta property=\"og:locale\" content=\"pt_BR\" \/>\n<meta property=\"og:type\" content=\"article\" \/>\n<meta property=\"og:title\" content=\"PSOL avalia que valor do Sal\u00e1rio M\u00ednimo n\u00e3o atende brasileiro - PSOL 50\" \/>\n<meta property=\"og:description\" content=\"A C\u00e2mara dos Deputados aprovou esta semana 5 medidas provis\u00f3rias e 2 projetos de lei, que trancavam a pauta no plen\u00e1rio. Entre as proposi\u00e7\u00f5es aprovadas o aumento do sal\u00e1rio m\u00ednimo para R$ 415,00, a partir de 1\u00ba de mar\u00e7o de 2008, que, na avalia\u00e7\u00e3o do PSOL, est\u00e1 aqu\u00e9m das necessidades do trabalhador brasileiro e \u00e9 [&hellip;]\" \/>\n<meta property=\"og:url\" content=\"https:\/\/psol50.org.br\/psol-avalia-que-valor-do-salario-minimo-nao-atende-brasileiro\/\" \/>\n<meta property=\"og:site_name\" content=\"PSOL 50\" \/>\n<meta property=\"article:publisher\" content=\"https:\/\/www.facebook.com\/psol50\" \/>\n<meta property=\"article:published_time\" content=\"2008-05-08T00:00:00+00:00\" \/>\n<meta property=\"og:image\" content=\"https:\/\/psol50.org.br\/inc\/uploads\/2018\/07\/capa.png\" \/>\n\t<meta property=\"og:image:width\" content=\"1350\" \/>\n\t<meta property=\"og:image:height\" content=\"900\" \/>\n\t<meta property=\"og:image:type\" content=\"image\/png\" \/>\n<meta name=\"author\" content=\"Comunica\u00e7\u00e3o PSOL\" \/>\n<meta name=\"twitter:card\" content=\"summary_large_image\" \/>\n<meta name=\"twitter:creator\" content=\"@psol50\" \/>\n<meta name=\"twitter:site\" content=\"@psol50\" \/>\n<meta name=\"twitter:label1\" content=\"Escrito por\" \/>\n\t<meta name=\"twitter:data1\" content=\"Comunica\u00e7\u00e3o PSOL\" \/>\n\t<meta name=\"twitter:label2\" content=\"Est. tempo de leitura\" \/>\n\t<meta name=\"twitter:data2\" content=\"4 minutos\" \/>\n<script type=\"application\/ld+json\" class=\"yoast-schema-graph\">{\"@context\":\"https:\/\/schema.org\",\"@graph\":[{\"@type\":\"Article\",\"@id\":\"https:\/\/psol50.org.br\/psol-avalia-que-valor-do-salario-minimo-nao-atende-brasileiro\/#article\",\"isPartOf\":{\"@id\":\"https:\/\/psol50.org.br\/psol-avalia-que-valor-do-salario-minimo-nao-atende-brasileiro\/\"},\"author\":{\"name\":\"Comunica\u00e7\u00e3o PSOL\",\"@id\":\"https:\/\/psol50.org.br\/#\/schema\/person\/475dfa57d0b815993c714c2e96491fcd\"},\"headline\":\"PSOL avalia que valor do Sal\u00e1rio M\u00ednimo n\u00e3o atende brasileiro\",\"datePublished\":\"2008-05-08T00:00:00+00:00\",\"mainEntityOfPage\":{\"@id\":\"https:\/\/psol50.org.br\/psol-avalia-que-valor-do-salario-minimo-nao-atende-brasileiro\/\"},\"wordCount\":737,\"commentCount\":0,\"publisher\":{\"@id\":\"https:\/\/psol50.org.br\/#organization\"},\"articleSection\":[\"Arquivo\"],\"inLanguage\":\"pt-BR\",\"potentialAction\":[{\"@type\":\"CommentAction\",\"name\":\"Comment\",\"target\":[\"https:\/\/psol50.org.br\/psol-avalia-que-valor-do-salario-minimo-nao-atende-brasileiro\/#respond\"]}]},{\"@type\":\"WebPage\",\"@id\":\"https:\/\/psol50.org.br\/psol-avalia-que-valor-do-salario-minimo-nao-atende-brasileiro\/\",\"url\":\"https:\/\/psol50.org.br\/psol-avalia-que-valor-do-salario-minimo-nao-atende-brasileiro\/\",\"name\":\"PSOL avalia que valor do Sal\u00e1rio M\u00ednimo n\u00e3o atende brasileiro - PSOL 50\",\"isPartOf\":{\"@id\":\"https:\/\/psol50.org.br\/#website\"},\"datePublished\":\"2008-05-08T00:00:00+00:00\",\"breadcrumb\":{\"@id\":\"https:\/\/psol50.org.br\/psol-avalia-que-valor-do-salario-minimo-nao-atende-brasileiro\/#breadcrumb\"},\"inLanguage\":\"pt-BR\",\"potentialAction\":[{\"@type\":\"ReadAction\",\"target\":[\"https:\/\/psol50.org.br\/psol-avalia-que-valor-do-salario-minimo-nao-atende-brasileiro\/\"]}]},{\"@type\":\"BreadcrumbList\",\"@id\":\"https:\/\/psol50.org.br\/psol-avalia-que-valor-do-salario-minimo-nao-atende-brasileiro\/#breadcrumb\",\"itemListElement\":[{\"@type\":\"ListItem\",\"position\":1,\"name\":\"In\u00edcio\",\"item\":\"https:\/\/psol50.org.br\/\"},{\"@type\":\"ListItem\",\"position\":2,\"name\":\"PSOL avalia que valor do Sal\u00e1rio M\u00ednimo n\u00e3o atende brasileiro\"}]},{\"@type\":\"WebSite\",\"@id\":\"https:\/\/psol50.org.br\/#website\",\"url\":\"https:\/\/psol50.org.br\/\",\"name\":\"PSOL 50\",\"description\":\"Site oficial do Partido Socialismo e Liberdade\",\"publisher\":{\"@id\":\"https:\/\/psol50.org.br\/#organization\"},\"alternateName\":\"PSOL50\",\"potentialAction\":[{\"@type\":\"SearchAction\",\"target\":{\"@type\":\"EntryPoint\",\"urlTemplate\":\"https:\/\/psol50.org.br\/?s={search_term_string}\"},\"query-input\":{\"@type\":\"PropertyValueSpecification\",\"valueRequired\":true,\"valueName\":\"search_term_string\"}}],\"inLanguage\":\"pt-BR\"},{\"@type\":\"Organization\",\"@id\":\"https:\/\/psol50.org.br\/#organization\",\"name\":\"PSOL 50\",\"alternateName\":\"PSOL 50\",\"url\":\"https:\/\/psol50.org.br\/\",\"logo\":{\"@type\":\"ImageObject\",\"inLanguage\":\"pt-BR\",\"@id\":\"https:\/\/psol50.org.br\/#\/schema\/logo\/image\/\",\"url\":\"https:\/\/psol50.org.br\/inc\/uploads\/2018\/07\/capa.png\",\"contentUrl\":\"https:\/\/psol50.org.br\/inc\/uploads\/2018\/07\/capa.png\",\"width\":1350,\"height\":900,\"caption\":\"PSOL 50\"},\"image\":{\"@id\":\"https:\/\/psol50.org.br\/#\/schema\/logo\/image\/\"},\"sameAs\":[\"https:\/\/www.facebook.com\/psol50\",\"https:\/\/x.com\/psol50\",\"https:\/\/www.instagram.com\/psol50\/\",\"https:\/\/www.youtube.com\/channel\/UC7SnJS5o1os7a6CaiNabzcg\"]},{\"@type\":\"Person\",\"@id\":\"https:\/\/psol50.org.br\/#\/schema\/person\/475dfa57d0b815993c714c2e96491fcd\",\"name\":\"Comunica\u00e7\u00e3o PSOL\",\"image\":{\"@type\":\"ImageObject\",\"inLanguage\":\"pt-BR\",\"@id\":\"https:\/\/psol50.org.br\/#\/schema\/person\/image\/\",\"url\":\"https:\/\/secure.gravatar.com\/avatar\/b34fc4f4e468a4e51785917065a3db57b841f5c95dba6ad8c73aaf8f66f8f9bf?s=96&d=mm&r=g\",\"contentUrl\":\"https:\/\/secure.gravatar.com\/avatar\/b34fc4f4e468a4e51785917065a3db57b841f5c95dba6ad8c73aaf8f66f8f9bf?s=96&d=mm&r=g\",\"caption\":\"Comunica\u00e7\u00e3o PSOL\"}}]}<\/script>\n<!-- \/ Yoast SEO plugin. -->","yoast_head_json":{"title":"PSOL avalia que valor do Sal\u00e1rio M\u00ednimo n\u00e3o atende brasileiro - PSOL 50","robots":{"index":"index","follow":"follow","max-snippet":"max-snippet:-1","max-image-preview":"max-image-preview:large","max-video-preview":"max-video-preview:-1"},"canonical":"https:\/\/psol50.org.br\/psol-avalia-que-valor-do-salario-minimo-nao-atende-brasileiro\/","og_locale":"pt_BR","og_type":"article","og_title":"PSOL avalia que valor do Sal\u00e1rio M\u00ednimo n\u00e3o atende brasileiro - PSOL 50","og_description":"A C\u00e2mara dos Deputados aprovou esta semana 5 medidas provis\u00f3rias e 2 projetos de lei, que trancavam a pauta no plen\u00e1rio. Entre as proposi\u00e7\u00f5es aprovadas o aumento do sal\u00e1rio m\u00ednimo para R$ 415,00, a partir de 1\u00ba de mar\u00e7o de 2008, que, na avalia\u00e7\u00e3o do PSOL, est\u00e1 aqu\u00e9m das necessidades do trabalhador brasileiro e \u00e9 [&hellip;]","og_url":"https:\/\/psol50.org.br\/psol-avalia-que-valor-do-salario-minimo-nao-atende-brasileiro\/","og_site_name":"PSOL 50","article_publisher":"https:\/\/www.facebook.com\/psol50","article_published_time":"2008-05-08T00:00:00+00:00","og_image":[{"width":1350,"height":900,"url":"https:\/\/psol50.org.br\/inc\/uploads\/2018\/07\/capa.png","type":"image\/png"}],"author":"Comunica\u00e7\u00e3o PSOL","twitter_card":"summary_large_image","twitter_creator":"@psol50","twitter_site":"@psol50","twitter_misc":{"Escrito por":"Comunica\u00e7\u00e3o PSOL","Est. tempo de leitura":"4 minutos"},"schema":{"@context":"https:\/\/schema.org","@graph":[{"@type":"Article","@id":"https:\/\/psol50.org.br\/psol-avalia-que-valor-do-salario-minimo-nao-atende-brasileiro\/#article","isPartOf":{"@id":"https:\/\/psol50.org.br\/psol-avalia-que-valor-do-salario-minimo-nao-atende-brasileiro\/"},"author":{"name":"Comunica\u00e7\u00e3o PSOL","@id":"https:\/\/psol50.org.br\/#\/schema\/person\/475dfa57d0b815993c714c2e96491fcd"},"headline":"PSOL avalia que valor do Sal\u00e1rio M\u00ednimo n\u00e3o atende brasileiro","datePublished":"2008-05-08T00:00:00+00:00","mainEntityOfPage":{"@id":"https:\/\/psol50.org.br\/psol-avalia-que-valor-do-salario-minimo-nao-atende-brasileiro\/"},"wordCount":737,"commentCount":0,"publisher":{"@id":"https:\/\/psol50.org.br\/#organization"},"articleSection":["Arquivo"],"inLanguage":"pt-BR","potentialAction":[{"@type":"CommentAction","name":"Comment","target":["https:\/\/psol50.org.br\/psol-avalia-que-valor-do-salario-minimo-nao-atende-brasileiro\/#respond"]}]},{"@type":"WebPage","@id":"https:\/\/psol50.org.br\/psol-avalia-que-valor-do-salario-minimo-nao-atende-brasileiro\/","url":"https:\/\/psol50.org.br\/psol-avalia-que-valor-do-salario-minimo-nao-atende-brasileiro\/","name":"PSOL avalia que valor do Sal\u00e1rio M\u00ednimo n\u00e3o atende brasileiro - PSOL 50","isPartOf":{"@id":"https:\/\/psol50.org.br\/#website"},"datePublished":"2008-05-08T00:00:00+00:00","breadcrumb":{"@id":"https:\/\/psol50.org.br\/psol-avalia-que-valor-do-salario-minimo-nao-atende-brasileiro\/#breadcrumb"},"inLanguage":"pt-BR","potentialAction":[{"@type":"ReadAction","target":["https:\/\/psol50.org.br\/psol-avalia-que-valor-do-salario-minimo-nao-atende-brasileiro\/"]}]},{"@type":"BreadcrumbList","@id":"https:\/\/psol50.org.br\/psol-avalia-que-valor-do-salario-minimo-nao-atende-brasileiro\/#breadcrumb","itemListElement":[{"@type":"ListItem","position":1,"name":"In\u00edcio","item":"https:\/\/psol50.org.br\/"},{"@type":"ListItem","position":2,"name":"PSOL avalia que valor do Sal\u00e1rio M\u00ednimo n\u00e3o atende brasileiro"}]},{"@type":"WebSite","@id":"https:\/\/psol50.org.br\/#website","url":"https:\/\/psol50.org.br\/","name":"PSOL 50","description":"Site oficial do Partido Socialismo e Liberdade","publisher":{"@id":"https:\/\/psol50.org.br\/#organization"},"alternateName":"PSOL50","potentialAction":[{"@type":"SearchAction","target":{"@type":"EntryPoint","urlTemplate":"https:\/\/psol50.org.br\/?s={search_term_string}"},"query-input":{"@type":"PropertyValueSpecification","valueRequired":true,"valueName":"search_term_string"}}],"inLanguage":"pt-BR"},{"@type":"Organization","@id":"https:\/\/psol50.org.br\/#organization","name":"PSOL 50","alternateName":"PSOL 50","url":"https:\/\/psol50.org.br\/","logo":{"@type":"ImageObject","inLanguage":"pt-BR","@id":"https:\/\/psol50.org.br\/#\/schema\/logo\/image\/","url":"https:\/\/psol50.org.br\/inc\/uploads\/2018\/07\/capa.png","contentUrl":"https:\/\/psol50.org.br\/inc\/uploads\/2018\/07\/capa.png","width":1350,"height":900,"caption":"PSOL 50"},"image":{"@id":"https:\/\/psol50.org.br\/#\/schema\/logo\/image\/"},"sameAs":["https:\/\/www.facebook.com\/psol50","https:\/\/x.com\/psol50","https:\/\/www.instagram.com\/psol50\/","https:\/\/www.youtube.com\/channel\/UC7SnJS5o1os7a6CaiNabzcg"]},{"@type":"Person","@id":"https:\/\/psol50.org.br\/#\/schema\/person\/475dfa57d0b815993c714c2e96491fcd","name":"Comunica\u00e7\u00e3o PSOL","image":{"@type":"ImageObject","inLanguage":"pt-BR","@id":"https:\/\/psol50.org.br\/#\/schema\/person\/image\/","url":"https:\/\/secure.gravatar.com\/avatar\/b34fc4f4e468a4e51785917065a3db57b841f5c95dba6ad8c73aaf8f66f8f9bf?s=96&d=mm&r=g","contentUrl":"https:\/\/secure.gravatar.com\/avatar\/b34fc4f4e468a4e51785917065a3db57b841f5c95dba6ad8c73aaf8f66f8f9bf?s=96&d=mm&r=g","caption":"Comunica\u00e7\u00e3o PSOL"}}]}},"_links":{"self":[{"href":"https:\/\/psol50.org.br\/rest\/wp\/v2\/posts\/1263","targetHints":{"allow":["GET"]}}],"collection":[{"href":"https:\/\/psol50.org.br\/rest\/wp\/v2\/posts"}],"about":[{"href":"https:\/\/psol50.org.br\/rest\/wp\/v2\/types\/post"}],"author":[{"embeddable":true,"href":"https:\/\/psol50.org.br\/rest\/wp\/v2\/users\/2"}],"replies":[{"embeddable":true,"href":"https:\/\/psol50.org.br\/rest\/wp\/v2\/comments?post=1263"}],"version-history":[{"count":0,"href":"https:\/\/psol50.org.br\/rest\/wp\/v2\/posts\/1263\/revisions"}],"wp:attachment":[{"href":"https:\/\/psol50.org.br\/rest\/wp\/v2\/media?parent=1263"}],"wp:term":[{"taxonomy":"category","embeddable":true,"href":"https:\/\/psol50.org.br\/rest\/wp\/v2\/categories?post=1263"},{"taxonomy":"post_tag","embeddable":true,"href":"https:\/\/psol50.org.br\/rest\/wp\/v2\/tags?post=1263"}],"curies":[{"name":"wp","href":"https:\/\/api.w.org\/{rel}","templated":true}]}}