{"id":1269,"date":"2008-06-03T00:00:00","date_gmt":"2008-06-03T00:00:00","guid":{"rendered":"http:\/\/psol50.org.br\/arquivo\/2008\/06\/03\/conselho-de-etica-instaura-processo-contra-paulinho-da-forca\/"},"modified":"2008-06-03T00:00:00","modified_gmt":"2008-06-03T00:00:00","slug":"conselho-de-etica-instaura-processo-contra-paulinho-da-forca","status":"publish","type":"post","link":"https:\/\/psol50.org.br\/conselho-de-etica-instaura-processo-contra-paulinho-da-forca\/","title":{"rendered":"Conselho de \u00c9tica instaura processo contra Paulinho da For\u00e7a"},"content":{"rendered":"<p>O Conselho de \u00c9tica e Decoro Parlamentar da C\u00e2mara dos Deputados instaurou, na tarde desta ter\u00e7a-feira (03\/06), processo contra o deputado Paulo Pereira da Silva, o Paulinho da For\u00e7a Sindical (PDT\/SP), por quebra de decoro parlamentar &#8211; acusado de envolvimento em esquema de corrup\u00e7\u00e3o e propina envolvendo o Banco Nacional de Desenvolvimento Econ\u00f4mico e Social (BNDES). Por unanimidade, foi escolhido como relator o deputado Paulo Piau (PMDB\/MG).<\/p>\n<p><!--more--><\/p>\n<p>O PSOL protocolou, no dia 28 de maio, representa\u00e7\u00e3o contra Paulo Pereira, que teria recebido R$ 325 mil para intermediar um empr\u00e9stimo de R$ 124 milh\u00f5es \u00e0 Prefeitura de Praia Grande (SP) e participado de repasses de recursos para a ong Meu Guri, presidida por sua esposa, Elza Pereira, e para ong Luta e Solidariedade, dirigida pelo sindicalista Eleno Jos\u00e9 Bezerra, vice-presidente da For\u00e7a Sindical e presidente do Sindicato dos Metal\u00fargicos de S\u00e3o Paulo. A representa\u00e7\u00e3o do PSOL correr\u00e1 apensada \u00e0 da Corregedoria Geral da Mesa, protocolada um dia antes.<\/p>\n<p>Conforme o regimento interno, com a instaura\u00e7\u00e3o do processo no Conselho de \u00c9tica, o deputado Paulo Pereira n\u00e3o pode mais renunciar ao mandato. Ele poder\u00e1 apresentar sua defesa em at\u00e9 cinco sess\u00f5es do Conselho. O relator tem at\u00e9 90 dias pra emitir parecer e j\u00e1 adiantou que tentar\u00e1 come\u00e7ar a ouvir testemunhas e o pr\u00f3prio deputado representado na pr\u00f3xima semana.<\/p>\n<p>Al\u00e9m disso, o ministro do Supremo Tribunal Federal (STF) e presidente do Tribunal Superior Eleitoral (TSE), Carlos Ayres Britto, informou que at\u00e9 o final desta semana deve anunciar a decis\u00e3o sobre o inqu\u00e9rito contra Paulo Pereira da Silva.<\/p>\n","protected":false},"excerpt":{"rendered":"<p>O Conselho de \u00c9tica e Decoro Parlamentar da C\u00e2mara dos Deputados instaurou, na tarde desta ter\u00e7a-feira (03\/06), processo contra o deputado Paulo Pereira da Silva, o Paulinho da For\u00e7a Sindical (PDT\/SP), por quebra de decoro parlamentar &#8211; acusado de envolvimento em esquema de corrup\u00e7\u00e3o e propina envolvendo o Banco Nacional de Desenvolvimento Econ\u00f4mico e Social [&hellip;]<\/p>\n","protected":false},"author":2,"featured_media":0,"comment_status":"open","ping_status":"open","sticky":false,"template":"","format":"standard","meta":{"_acf_changed":false,"footnotes":""},"categories":[4766],"tags":[],"class_list":{"0":"post-1269","1":"post","2":"type-post","3":"status-publish","4":"format-standard","6":"category-arquivo"},"acf":[],"yoast_head":"<!-- This site is optimized with the Yoast SEO plugin v26.5 - https:\/\/yoast.com\/wordpress\/plugins\/seo\/ -->\n<title>Conselho de \u00c9tica instaura processo contra Paulinho da For\u00e7a - PSOL 50<\/title>\n<meta name=\"robots\" content=\"index, follow, max-snippet:-1, max-image-preview:large, max-video-preview:-1\" \/>\n<link rel=\"canonical\" href=\"https:\/\/psol50.org.br\/conselho-de-etica-instaura-processo-contra-paulinho-da-forca\/\" \/>\n<meta property=\"og:locale\" content=\"pt_BR\" \/>\n<meta property=\"og:type\" content=\"article\" \/>\n<meta property=\"og:title\" content=\"Conselho de \u00c9tica instaura processo contra Paulinho da For\u00e7a - PSOL 50\" \/>\n<meta property=\"og:description\" content=\"O Conselho de \u00c9tica e Decoro Parlamentar da C\u00e2mara dos Deputados instaurou, na tarde desta ter\u00e7a-feira (03\/06), processo contra o deputado Paulo Pereira da Silva, o Paulinho da For\u00e7a Sindical (PDT\/SP), por quebra de decoro parlamentar &#8211; acusado de envolvimento em esquema de corrup\u00e7\u00e3o e propina envolvendo o Banco Nacional de Desenvolvimento Econ\u00f4mico e Social [&hellip;]\" \/>\n<meta property=\"og:url\" content=\"https:\/\/psol50.org.br\/conselho-de-etica-instaura-processo-contra-paulinho-da-forca\/\" \/>\n<meta property=\"og:site_name\" content=\"PSOL 50\" \/>\n<meta property=\"article:publisher\" content=\"https:\/\/www.facebook.com\/psol50\" \/>\n<meta property=\"article:published_time\" content=\"2008-06-03T00:00:00+00:00\" \/>\n<meta property=\"og:image\" content=\"https:\/\/psol50.org.br\/inc\/uploads\/2018\/07\/capa.png\" \/>\n\t<meta property=\"og:image:width\" content=\"1350\" \/>\n\t<meta property=\"og:image:height\" content=\"900\" \/>\n\t<meta property=\"og:image:type\" content=\"image\/png\" \/>\n<meta name=\"author\" content=\"Comunica\u00e7\u00e3o PSOL\" \/>\n<meta name=\"twitter:card\" content=\"summary_large_image\" \/>\n<meta name=\"twitter:creator\" content=\"@psol50\" \/>\n<meta name=\"twitter:site\" content=\"@psol50\" \/>\n<meta name=\"twitter:label1\" content=\"Escrito por\" \/>\n\t<meta name=\"twitter:data1\" content=\"Comunica\u00e7\u00e3o PSOL\" \/>\n\t<meta name=\"twitter:label2\" content=\"Est. tempo de leitura\" \/>\n\t<meta name=\"twitter:data2\" content=\"1 minuto\" \/>\n<script type=\"application\/ld+json\" class=\"yoast-schema-graph\">{\"@context\":\"https:\/\/schema.org\",\"@graph\":[{\"@type\":\"Article\",\"@id\":\"https:\/\/psol50.org.br\/conselho-de-etica-instaura-processo-contra-paulinho-da-forca\/#article\",\"isPartOf\":{\"@id\":\"https:\/\/psol50.org.br\/conselho-de-etica-instaura-processo-contra-paulinho-da-forca\/\"},\"author\":{\"name\":\"Comunica\u00e7\u00e3o PSOL\",\"@id\":\"https:\/\/psol50.org.br\/#\/schema\/person\/475dfa57d0b815993c714c2e96491fcd\"},\"headline\":\"Conselho de \u00c9tica instaura processo contra Paulinho da For\u00e7a\",\"datePublished\":\"2008-06-03T00:00:00+00:00\",\"mainEntityOfPage\":{\"@id\":\"https:\/\/psol50.org.br\/conselho-de-etica-instaura-processo-contra-paulinho-da-forca\/\"},\"wordCount\":281,\"commentCount\":0,\"publisher\":{\"@id\":\"https:\/\/psol50.org.br\/#organization\"},\"articleSection\":[\"Arquivo\"],\"inLanguage\":\"pt-BR\",\"potentialAction\":[{\"@type\":\"CommentAction\",\"name\":\"Comment\",\"target\":[\"https:\/\/psol50.org.br\/conselho-de-etica-instaura-processo-contra-paulinho-da-forca\/#respond\"]}]},{\"@type\":\"WebPage\",\"@id\":\"https:\/\/psol50.org.br\/conselho-de-etica-instaura-processo-contra-paulinho-da-forca\/\",\"url\":\"https:\/\/psol50.org.br\/conselho-de-etica-instaura-processo-contra-paulinho-da-forca\/\",\"name\":\"Conselho de \u00c9tica instaura processo contra Paulinho da For\u00e7a - PSOL 50\",\"isPartOf\":{\"@id\":\"https:\/\/psol50.org.br\/#website\"},\"datePublished\":\"2008-06-03T00:00:00+00:00\",\"breadcrumb\":{\"@id\":\"https:\/\/psol50.org.br\/conselho-de-etica-instaura-processo-contra-paulinho-da-forca\/#breadcrumb\"},\"inLanguage\":\"pt-BR\",\"potentialAction\":[{\"@type\":\"ReadAction\",\"target\":[\"https:\/\/psol50.org.br\/conselho-de-etica-instaura-processo-contra-paulinho-da-forca\/\"]}]},{\"@type\":\"BreadcrumbList\",\"@id\":\"https:\/\/psol50.org.br\/conselho-de-etica-instaura-processo-contra-paulinho-da-forca\/#breadcrumb\",\"itemListElement\":[{\"@type\":\"ListItem\",\"position\":1,\"name\":\"In\u00edcio\",\"item\":\"https:\/\/psol50.org.br\/\"},{\"@type\":\"ListItem\",\"position\":2,\"name\":\"Conselho de \u00c9tica instaura processo contra Paulinho da For\u00e7a\"}]},{\"@type\":\"WebSite\",\"@id\":\"https:\/\/psol50.org.br\/#website\",\"url\":\"https:\/\/psol50.org.br\/\",\"name\":\"PSOL 50\",\"description\":\"Site oficial do Partido Socialismo e Liberdade\",\"publisher\":{\"@id\":\"https:\/\/psol50.org.br\/#organization\"},\"alternateName\":\"PSOL50\",\"potentialAction\":[{\"@type\":\"SearchAction\",\"target\":{\"@type\":\"EntryPoint\",\"urlTemplate\":\"https:\/\/psol50.org.br\/?s={search_term_string}\"},\"query-input\":{\"@type\":\"PropertyValueSpecification\",\"valueRequired\":true,\"valueName\":\"search_term_string\"}}],\"inLanguage\":\"pt-BR\"},{\"@type\":\"Organization\",\"@id\":\"https:\/\/psol50.org.br\/#organization\",\"name\":\"PSOL 50\",\"alternateName\":\"PSOL 50\",\"url\":\"https:\/\/psol50.org.br\/\",\"logo\":{\"@type\":\"ImageObject\",\"inLanguage\":\"pt-BR\",\"@id\":\"https:\/\/psol50.org.br\/#\/schema\/logo\/image\/\",\"url\":\"https:\/\/psol50.org.br\/inc\/uploads\/2018\/07\/capa.png\",\"contentUrl\":\"https:\/\/psol50.org.br\/inc\/uploads\/2018\/07\/capa.png\",\"width\":1350,\"height\":900,\"caption\":\"PSOL 50\"},\"image\":{\"@id\":\"https:\/\/psol50.org.br\/#\/schema\/logo\/image\/\"},\"sameAs\":[\"https:\/\/www.facebook.com\/psol50\",\"https:\/\/x.com\/psol50\",\"https:\/\/www.instagram.com\/psol50\/\",\"https:\/\/www.youtube.com\/channel\/UC7SnJS5o1os7a6CaiNabzcg\"]},{\"@type\":\"Person\",\"@id\":\"https:\/\/psol50.org.br\/#\/schema\/person\/475dfa57d0b815993c714c2e96491fcd\",\"name\":\"Comunica\u00e7\u00e3o PSOL\",\"image\":{\"@type\":\"ImageObject\",\"inLanguage\":\"pt-BR\",\"@id\":\"https:\/\/psol50.org.br\/#\/schema\/person\/image\/\",\"url\":\"https:\/\/secure.gravatar.com\/avatar\/b34fc4f4e468a4e51785917065a3db57b841f5c95dba6ad8c73aaf8f66f8f9bf?s=96&d=mm&r=g\",\"contentUrl\":\"https:\/\/secure.gravatar.com\/avatar\/b34fc4f4e468a4e51785917065a3db57b841f5c95dba6ad8c73aaf8f66f8f9bf?s=96&d=mm&r=g\",\"caption\":\"Comunica\u00e7\u00e3o PSOL\"}}]}<\/script>\n<!-- \/ Yoast SEO plugin. -->","yoast_head_json":{"title":"Conselho de \u00c9tica instaura processo contra Paulinho da For\u00e7a - PSOL 50","robots":{"index":"index","follow":"follow","max-snippet":"max-snippet:-1","max-image-preview":"max-image-preview:large","max-video-preview":"max-video-preview:-1"},"canonical":"https:\/\/psol50.org.br\/conselho-de-etica-instaura-processo-contra-paulinho-da-forca\/","og_locale":"pt_BR","og_type":"article","og_title":"Conselho de \u00c9tica instaura processo contra Paulinho da For\u00e7a - PSOL 50","og_description":"O Conselho de \u00c9tica e Decoro Parlamentar da C\u00e2mara dos Deputados instaurou, na tarde desta ter\u00e7a-feira (03\/06), processo contra o deputado Paulo Pereira da Silva, o Paulinho da For\u00e7a Sindical (PDT\/SP), por quebra de decoro parlamentar &#8211; acusado de envolvimento em esquema de corrup\u00e7\u00e3o e propina envolvendo o Banco Nacional de Desenvolvimento Econ\u00f4mico e Social [&hellip;]","og_url":"https:\/\/psol50.org.br\/conselho-de-etica-instaura-processo-contra-paulinho-da-forca\/","og_site_name":"PSOL 50","article_publisher":"https:\/\/www.facebook.com\/psol50","article_published_time":"2008-06-03T00:00:00+00:00","og_image":[{"width":1350,"height":900,"url":"https:\/\/psol50.org.br\/inc\/uploads\/2018\/07\/capa.png","type":"image\/png"}],"author":"Comunica\u00e7\u00e3o PSOL","twitter_card":"summary_large_image","twitter_creator":"@psol50","twitter_site":"@psol50","twitter_misc":{"Escrito por":"Comunica\u00e7\u00e3o PSOL","Est. tempo de leitura":"1 minuto"},"schema":{"@context":"https:\/\/schema.org","@graph":[{"@type":"Article","@id":"https:\/\/psol50.org.br\/conselho-de-etica-instaura-processo-contra-paulinho-da-forca\/#article","isPartOf":{"@id":"https:\/\/psol50.org.br\/conselho-de-etica-instaura-processo-contra-paulinho-da-forca\/"},"author":{"name":"Comunica\u00e7\u00e3o PSOL","@id":"https:\/\/psol50.org.br\/#\/schema\/person\/475dfa57d0b815993c714c2e96491fcd"},"headline":"Conselho de \u00c9tica instaura processo contra Paulinho da For\u00e7a","datePublished":"2008-06-03T00:00:00+00:00","mainEntityOfPage":{"@id":"https:\/\/psol50.org.br\/conselho-de-etica-instaura-processo-contra-paulinho-da-forca\/"},"wordCount":281,"commentCount":0,"publisher":{"@id":"https:\/\/psol50.org.br\/#organization"},"articleSection":["Arquivo"],"inLanguage":"pt-BR","potentialAction":[{"@type":"CommentAction","name":"Comment","target":["https:\/\/psol50.org.br\/conselho-de-etica-instaura-processo-contra-paulinho-da-forca\/#respond"]}]},{"@type":"WebPage","@id":"https:\/\/psol50.org.br\/conselho-de-etica-instaura-processo-contra-paulinho-da-forca\/","url":"https:\/\/psol50.org.br\/conselho-de-etica-instaura-processo-contra-paulinho-da-forca\/","name":"Conselho de \u00c9tica instaura processo contra Paulinho da For\u00e7a - PSOL 50","isPartOf":{"@id":"https:\/\/psol50.org.br\/#website"},"datePublished":"2008-06-03T00:00:00+00:00","breadcrumb":{"@id":"https:\/\/psol50.org.br\/conselho-de-etica-instaura-processo-contra-paulinho-da-forca\/#breadcrumb"},"inLanguage":"pt-BR","potentialAction":[{"@type":"ReadAction","target":["https:\/\/psol50.org.br\/conselho-de-etica-instaura-processo-contra-paulinho-da-forca\/"]}]},{"@type":"BreadcrumbList","@id":"https:\/\/psol50.org.br\/conselho-de-etica-instaura-processo-contra-paulinho-da-forca\/#breadcrumb","itemListElement":[{"@type":"ListItem","position":1,"name":"In\u00edcio","item":"https:\/\/psol50.org.br\/"},{"@type":"ListItem","position":2,"name":"Conselho de \u00c9tica instaura processo contra Paulinho da For\u00e7a"}]},{"@type":"WebSite","@id":"https:\/\/psol50.org.br\/#website","url":"https:\/\/psol50.org.br\/","name":"PSOL 50","description":"Site oficial do Partido Socialismo e Liberdade","publisher":{"@id":"https:\/\/psol50.org.br\/#organization"},"alternateName":"PSOL50","potentialAction":[{"@type":"SearchAction","target":{"@type":"EntryPoint","urlTemplate":"https:\/\/psol50.org.br\/?s={search_term_string}"},"query-input":{"@type":"PropertyValueSpecification","valueRequired":true,"valueName":"search_term_string"}}],"inLanguage":"pt-BR"},{"@type":"Organization","@id":"https:\/\/psol50.org.br\/#organization","name":"PSOL 50","alternateName":"PSOL 50","url":"https:\/\/psol50.org.br\/","logo":{"@type":"ImageObject","inLanguage":"pt-BR","@id":"https:\/\/psol50.org.br\/#\/schema\/logo\/image\/","url":"https:\/\/psol50.org.br\/inc\/uploads\/2018\/07\/capa.png","contentUrl":"https:\/\/psol50.org.br\/inc\/uploads\/2018\/07\/capa.png","width":1350,"height":900,"caption":"PSOL 50"},"image":{"@id":"https:\/\/psol50.org.br\/#\/schema\/logo\/image\/"},"sameAs":["https:\/\/www.facebook.com\/psol50","https:\/\/x.com\/psol50","https:\/\/www.instagram.com\/psol50\/","https:\/\/www.youtube.com\/channel\/UC7SnJS5o1os7a6CaiNabzcg"]},{"@type":"Person","@id":"https:\/\/psol50.org.br\/#\/schema\/person\/475dfa57d0b815993c714c2e96491fcd","name":"Comunica\u00e7\u00e3o PSOL","image":{"@type":"ImageObject","inLanguage":"pt-BR","@id":"https:\/\/psol50.org.br\/#\/schema\/person\/image\/","url":"https:\/\/secure.gravatar.com\/avatar\/b34fc4f4e468a4e51785917065a3db57b841f5c95dba6ad8c73aaf8f66f8f9bf?s=96&d=mm&r=g","contentUrl":"https:\/\/secure.gravatar.com\/avatar\/b34fc4f4e468a4e51785917065a3db57b841f5c95dba6ad8c73aaf8f66f8f9bf?s=96&d=mm&r=g","caption":"Comunica\u00e7\u00e3o PSOL"}}]}},"_links":{"self":[{"href":"https:\/\/psol50.org.br\/rest\/wp\/v2\/posts\/1269","targetHints":{"allow":["GET"]}}],"collection":[{"href":"https:\/\/psol50.org.br\/rest\/wp\/v2\/posts"}],"about":[{"href":"https:\/\/psol50.org.br\/rest\/wp\/v2\/types\/post"}],"author":[{"embeddable":true,"href":"https:\/\/psol50.org.br\/rest\/wp\/v2\/users\/2"}],"replies":[{"embeddable":true,"href":"https:\/\/psol50.org.br\/rest\/wp\/v2\/comments?post=1269"}],"version-history":[{"count":0,"href":"https:\/\/psol50.org.br\/rest\/wp\/v2\/posts\/1269\/revisions"}],"wp:attachment":[{"href":"https:\/\/psol50.org.br\/rest\/wp\/v2\/media?parent=1269"}],"wp:term":[{"taxonomy":"category","embeddable":true,"href":"https:\/\/psol50.org.br\/rest\/wp\/v2\/categories?post=1269"},{"taxonomy":"post_tag","embeddable":true,"href":"https:\/\/psol50.org.br\/rest\/wp\/v2\/tags?post=1269"}],"curies":[{"name":"wp","href":"https:\/\/api.w.org\/{rel}","templated":true}]}}