{"id":12858,"date":"2016-06-20T20:41:59","date_gmt":"2016-06-20T20:41:59","guid":{"rendered":"http:\/\/www.psol50.org.br\/?p=12858"},"modified":"2016-06-20T20:41:59","modified_gmt":"2016-06-20T20:41:59","slug":"deputado-edilson-denuncia-abusos-de-policiais-em-comunidade-no-recife","status":"publish","type":"post","link":"https:\/\/psol50.org.br\/deputado-edilson-denuncia-abusos-de-policiais-em-comunidade-no-recife\/","title":{"rendered":"Deputado Edilson denuncia abusos de policiais em comunidade no Recife"},"content":{"rendered":"<p>Na \u00faltima quarta-feira\u00a0(15), policiais da Rocam, no Recife-PE,\u00a0teriam ido \u00e0 comunidade do Bode (Pina) e cometido in\u00fameros abusos. Segundo relatos contidos no\u00a0v\u00eddeo abaixo, v\u00e1rios moradores f<span class=\"text_exposed_show\">oram espancados, mulheres e crian\u00e7as agredidas. Trabalhadores tiveram seus locais de trabalho invadidos, assim como v\u00e1rias moradias tamb\u00e9m foram.<\/p>\n<p><\/span>Os relatos s\u00e3o dram\u00e1ticos e mostram o que poder\u00e1 se configurar como pr\u00e1tica de tortura expl\u00edcita, no meio da comunidade, com moradores tendo que abrir a boca para jatos de spray de pimenta, e choques el\u00e9tricos nas costas de moradores.<\/p>\n<p>Ap\u00f3s esta incurs\u00e3o que gerou todas estas den\u00fancias, os policiais levaram tr\u00eas moradores para a Central de Flagrantes. A Comiss\u00e3o de Direitos Humanos da Assembleia Legislativa de Pernambuco (Alepe)\u00a0foi acionada e o deputado estadual Edilson Silva,\u00a0na figura de presidente do colegiado, foi at\u00e9 l\u00e1 para acompanhar o trabalho da delegada de Plant\u00e3o e garantir que mais nenhuma arbitrariedade fosse cometida.<\/p>\n<p>Dos tr\u00eas moradores levados, dois foram liberados, pois nada havia contra eles. O terceiro n\u00e3o foi liberado, por conta de ter uma conduta criminosa anterior j\u00e1 registrada, n\u00e3o recebendo do mandato do deputado do PSOL absolutamente nenhum tipo de apoio jur\u00eddico.<\/p>\n<p>&#8220;Estamos encaminhando estas den\u00fancias para as \u00e1reas competentes: Corregedoria da Secretaria de Defesa Social e Minist\u00e9rio P\u00fablico. Nossa atua\u00e7\u00e3o sempre foi pautada pela defesa dos direitos humanos de toda a popula\u00e7\u00e3o, inclusive dos policiais. Nosso mandato nunca se colocou e nunca se colocar\u00e1 na condi\u00e7\u00e3o de advogado de pessoas em conflito com a Lei, sejam pessoas sem farda ou fardadas. Nossa defesa \u00e9 sempre pelos direitos humanos&#8221;, afirma Edilson.<\/p>\n<p>Confira, abaixo, o v\u00eddeo com a den\u00fancia.<\/p>\n<p><a href=\"https:\/\/www.facebook.com\/EdilsonSilvaPSOL\/videos\/1251303994922383\/\"><img loading=\"lazy\" decoding=\"async\" class=\"alignnone size-full wp-image-12860\" src=\"http:\/\/www.psol50.org.br\/2017teste\/inc\/uploads\/2016\/06\/Sem-t\u00edtulo.png\" alt=\"Sem t\u00edtulo\" width=\"524\" height=\"293\" \/><\/a><\/p>\n<p>Fonte: Mandato deputado Edilson Silva<\/p>\n<div class=\"text_exposed_show\"><\/div>\n","protected":false},"excerpt":{"rendered":"<p>Na \u00faltima quarta-feira\u00a0(15), policiais da Rocam, no Recife-PE,\u00a0teriam ido \u00e0 comunidade do Bode (Pina) e cometido in\u00fameros abusos. Segundo relatos contidos no\u00a0v\u00eddeo abaixo, v\u00e1rios moradores foram espancados, mulheres e crian\u00e7as agredidas. Trabalhadores tiveram seus locais de trabalho invadidos, assim como v\u00e1rias moradias tamb\u00e9m foram. Os relatos s\u00e3o dram\u00e1ticos e mostram o que poder\u00e1 se configurar [&hellip;]<\/p>\n","protected":false},"author":2,"featured_media":12859,"comment_status":"open","ping_status":"open","sticky":false,"template":"","format":"standard","meta":{"_acf_changed":false,"footnotes":""},"categories":[10,654,6,2812],"tags":[4171,140,4320,4321,3374,4322,1286,22,809,4323],"class_list":{"0":"post-12858","1":"post","2":"type-post","3":"status-publish","4":"format-standard","5":"has-post-thumbnail","7":"category-acao-parlamentares","8":"category-estados","9":"category-noticias","10":"category-videos_tv","11":"tag-abusos","12":"tag-alepe","13":"tag-comissao-de-direitos-humanos","14":"tag-comunidade-do-bode","15":"tag-edilson-silva","16":"tag-pina","17":"tag-policiais","18":"tag-psol","19":"tag-recife","20":"tag-rocam"},"acf":[],"yoast_head":"<!-- This site is optimized with the Yoast SEO plugin v26.5 - https:\/\/yoast.com\/wordpress\/plugins\/seo\/ -->\n<title>Deputado Edilson denuncia abusos de policiais em comunidade no Recife - PSOL 50<\/title>\n<meta name=\"robots\" content=\"index, follow, max-snippet:-1, max-image-preview:large, max-video-preview:-1\" \/>\n<link rel=\"canonical\" href=\"https:\/\/psol50.org.br\/deputado-edilson-denuncia-abusos-de-policiais-em-comunidade-no-recife\/\" \/>\n<meta property=\"og:locale\" content=\"pt_BR\" \/>\n<meta property=\"og:type\" content=\"article\" \/>\n<meta property=\"og:title\" content=\"Deputado Edilson denuncia abusos de policiais em comunidade no Recife - PSOL 50\" \/>\n<meta property=\"og:description\" content=\"Na \u00faltima quarta-feira\u00a0(15), policiais da Rocam, no Recife-PE,\u00a0teriam ido \u00e0 comunidade do Bode (Pina) e cometido in\u00fameros abusos. Segundo relatos contidos no\u00a0v\u00eddeo abaixo, v\u00e1rios moradores foram espancados, mulheres e crian\u00e7as agredidas. Trabalhadores tiveram seus locais de trabalho invadidos, assim como v\u00e1rias moradias tamb\u00e9m foram. Os relatos s\u00e3o dram\u00e1ticos e mostram o que poder\u00e1 se configurar [&hellip;]\" \/>\n<meta property=\"og:url\" content=\"https:\/\/psol50.org.br\/deputado-edilson-denuncia-abusos-de-policiais-em-comunidade-no-recife\/\" \/>\n<meta property=\"og:site_name\" content=\"PSOL 50\" \/>\n<meta property=\"article:publisher\" content=\"https:\/\/www.facebook.com\/psol50\" \/>\n<meta property=\"article:published_time\" content=\"2016-06-20T20:41:59+00:00\" \/>\n<meta property=\"og:image\" content=\"https:\/\/psol50.org.br\/inc\/uploads\/2018\/07\/capa.png\" \/>\n\t<meta property=\"og:image:width\" content=\"1350\" \/>\n\t<meta property=\"og:image:height\" content=\"900\" \/>\n\t<meta property=\"og:image:type\" content=\"image\/png\" \/>\n<meta name=\"author\" content=\"Comunica\u00e7\u00e3o PSOL\" \/>\n<meta name=\"twitter:card\" content=\"summary_large_image\" \/>\n<meta name=\"twitter:creator\" content=\"@psol50\" \/>\n<meta name=\"twitter:site\" content=\"@psol50\" \/>\n<meta name=\"twitter:label1\" content=\"Escrito por\" \/>\n\t<meta name=\"twitter:data1\" content=\"Comunica\u00e7\u00e3o PSOL\" \/>\n\t<meta name=\"twitter:label2\" content=\"Est. tempo de leitura\" \/>\n\t<meta name=\"twitter:data2\" content=\"1 minuto\" \/>\n<script type=\"application\/ld+json\" class=\"yoast-schema-graph\">{\"@context\":\"https:\/\/schema.org\",\"@graph\":[{\"@type\":\"Article\",\"@id\":\"https:\/\/psol50.org.br\/deputado-edilson-denuncia-abusos-de-policiais-em-comunidade-no-recife\/#article\",\"isPartOf\":{\"@id\":\"https:\/\/psol50.org.br\/deputado-edilson-denuncia-abusos-de-policiais-em-comunidade-no-recife\/\"},\"author\":{\"name\":\"Comunica\u00e7\u00e3o PSOL\",\"@id\":\"https:\/\/psol50.org.br\/#\/schema\/person\/475dfa57d0b815993c714c2e96491fcd\"},\"headline\":\"Deputado Edilson denuncia abusos de policiais em comunidade no Recife\",\"datePublished\":\"2016-06-20T20:41:59+00:00\",\"mainEntityOfPage\":{\"@id\":\"https:\/\/psol50.org.br\/deputado-edilson-denuncia-abusos-de-policiais-em-comunidade-no-recife\/\"},\"wordCount\":307,\"commentCount\":0,\"publisher\":{\"@id\":\"https:\/\/psol50.org.br\/#organization\"},\"image\":{\"@id\":\"https:\/\/psol50.org.br\/deputado-edilson-denuncia-abusos-de-policiais-em-comunidade-no-recife\/#primaryimage\"},\"thumbnailUrl\":\"\",\"keywords\":[\"abusos\",\"Alepe\",\"Comiss\u00e3o de Direitos Humanos\",\"comunidade do Bode\",\"Edilson Silva\",\"Pina\",\"policiais\",\"PSOL\",\"Recife\",\"Rocam\"],\"articleSection\":[\"A\u00e7\u00e3o Parlamentar\",\"Estados\",\"Not\u00edcias\",\"V\u00cdDEOS | MULTIM\u00cdDIA | FLC TV\"],\"inLanguage\":\"pt-BR\",\"potentialAction\":[{\"@type\":\"CommentAction\",\"name\":\"Comment\",\"target\":[\"https:\/\/psol50.org.br\/deputado-edilson-denuncia-abusos-de-policiais-em-comunidade-no-recife\/#respond\"]}]},{\"@type\":\"WebPage\",\"@id\":\"https:\/\/psol50.org.br\/deputado-edilson-denuncia-abusos-de-policiais-em-comunidade-no-recife\/\",\"url\":\"https:\/\/psol50.org.br\/deputado-edilson-denuncia-abusos-de-policiais-em-comunidade-no-recife\/\",\"name\":\"Deputado Edilson denuncia abusos de policiais em comunidade no Recife - PSOL 50\",\"isPartOf\":{\"@id\":\"https:\/\/psol50.org.br\/#website\"},\"primaryImageOfPage\":{\"@id\":\"https:\/\/psol50.org.br\/deputado-edilson-denuncia-abusos-de-policiais-em-comunidade-no-recife\/#primaryimage\"},\"image\":{\"@id\":\"https:\/\/psol50.org.br\/deputado-edilson-denuncia-abusos-de-policiais-em-comunidade-no-recife\/#primaryimage\"},\"thumbnailUrl\":\"\",\"datePublished\":\"2016-06-20T20:41:59+00:00\",\"breadcrumb\":{\"@id\":\"https:\/\/psol50.org.br\/deputado-edilson-denuncia-abusos-de-policiais-em-comunidade-no-recife\/#breadcrumb\"},\"inLanguage\":\"pt-BR\",\"potentialAction\":[{\"@type\":\"ReadAction\",\"target\":[\"https:\/\/psol50.org.br\/deputado-edilson-denuncia-abusos-de-policiais-em-comunidade-no-recife\/\"]}]},{\"@type\":\"ImageObject\",\"inLanguage\":\"pt-BR\",\"@id\":\"https:\/\/psol50.org.br\/deputado-edilson-denuncia-abusos-de-policiais-em-comunidade-no-recife\/#primaryimage\",\"url\":\"\",\"contentUrl\":\"\"},{\"@type\":\"BreadcrumbList\",\"@id\":\"https:\/\/psol50.org.br\/deputado-edilson-denuncia-abusos-de-policiais-em-comunidade-no-recife\/#breadcrumb\",\"itemListElement\":[{\"@type\":\"ListItem\",\"position\":1,\"name\":\"In\u00edcio\",\"item\":\"https:\/\/psol50.org.br\/\"},{\"@type\":\"ListItem\",\"position\":2,\"name\":\"Deputado Edilson denuncia abusos de policiais em comunidade no Recife\"}]},{\"@type\":\"WebSite\",\"@id\":\"https:\/\/psol50.org.br\/#website\",\"url\":\"https:\/\/psol50.org.br\/\",\"name\":\"PSOL 50\",\"description\":\"Site oficial do Partido Socialismo e Liberdade\",\"publisher\":{\"@id\":\"https:\/\/psol50.org.br\/#organization\"},\"alternateName\":\"PSOL50\",\"potentialAction\":[{\"@type\":\"SearchAction\",\"target\":{\"@type\":\"EntryPoint\",\"urlTemplate\":\"https:\/\/psol50.org.br\/?s={search_term_string}\"},\"query-input\":{\"@type\":\"PropertyValueSpecification\",\"valueRequired\":true,\"valueName\":\"search_term_string\"}}],\"inLanguage\":\"pt-BR\"},{\"@type\":\"Organization\",\"@id\":\"https:\/\/psol50.org.br\/#organization\",\"name\":\"PSOL 50\",\"alternateName\":\"PSOL 50\",\"url\":\"https:\/\/psol50.org.br\/\",\"logo\":{\"@type\":\"ImageObject\",\"inLanguage\":\"pt-BR\",\"@id\":\"https:\/\/psol50.org.br\/#\/schema\/logo\/image\/\",\"url\":\"https:\/\/psol50.org.br\/inc\/uploads\/2018\/07\/capa.png\",\"contentUrl\":\"https:\/\/psol50.org.br\/inc\/uploads\/2018\/07\/capa.png\",\"width\":1350,\"height\":900,\"caption\":\"PSOL 50\"},\"image\":{\"@id\":\"https:\/\/psol50.org.br\/#\/schema\/logo\/image\/\"},\"sameAs\":[\"https:\/\/www.facebook.com\/psol50\",\"https:\/\/x.com\/psol50\",\"https:\/\/www.instagram.com\/psol50\/\",\"https:\/\/www.youtube.com\/channel\/UC7SnJS5o1os7a6CaiNabzcg\"]},{\"@type\":\"Person\",\"@id\":\"https:\/\/psol50.org.br\/#\/schema\/person\/475dfa57d0b815993c714c2e96491fcd\",\"name\":\"Comunica\u00e7\u00e3o PSOL\",\"image\":{\"@type\":\"ImageObject\",\"inLanguage\":\"pt-BR\",\"@id\":\"https:\/\/psol50.org.br\/#\/schema\/person\/image\/\",\"url\":\"https:\/\/secure.gravatar.com\/avatar\/b34fc4f4e468a4e51785917065a3db57b841f5c95dba6ad8c73aaf8f66f8f9bf?s=96&d=mm&r=g\",\"contentUrl\":\"https:\/\/secure.gravatar.com\/avatar\/b34fc4f4e468a4e51785917065a3db57b841f5c95dba6ad8c73aaf8f66f8f9bf?s=96&d=mm&r=g\",\"caption\":\"Comunica\u00e7\u00e3o PSOL\"}}]}<\/script>\n<!-- \/ Yoast SEO plugin. -->","yoast_head_json":{"title":"Deputado Edilson denuncia abusos de policiais em comunidade no Recife - PSOL 50","robots":{"index":"index","follow":"follow","max-snippet":"max-snippet:-1","max-image-preview":"max-image-preview:large","max-video-preview":"max-video-preview:-1"},"canonical":"https:\/\/psol50.org.br\/deputado-edilson-denuncia-abusos-de-policiais-em-comunidade-no-recife\/","og_locale":"pt_BR","og_type":"article","og_title":"Deputado Edilson denuncia abusos de policiais em comunidade no Recife - PSOL 50","og_description":"Na \u00faltima quarta-feira\u00a0(15), policiais da Rocam, no Recife-PE,\u00a0teriam ido \u00e0 comunidade do Bode (Pina) e cometido in\u00fameros abusos. Segundo relatos contidos no\u00a0v\u00eddeo abaixo, v\u00e1rios moradores foram espancados, mulheres e crian\u00e7as agredidas. Trabalhadores tiveram seus locais de trabalho invadidos, assim como v\u00e1rias moradias tamb\u00e9m foram. Os relatos s\u00e3o dram\u00e1ticos e mostram o que poder\u00e1 se configurar [&hellip;]","og_url":"https:\/\/psol50.org.br\/deputado-edilson-denuncia-abusos-de-policiais-em-comunidade-no-recife\/","og_site_name":"PSOL 50","article_publisher":"https:\/\/www.facebook.com\/psol50","article_published_time":"2016-06-20T20:41:59+00:00","og_image":[{"width":1350,"height":900,"url":"https:\/\/psol50.org.br\/inc\/uploads\/2018\/07\/capa.png","type":"image\/png"}],"author":"Comunica\u00e7\u00e3o PSOL","twitter_card":"summary_large_image","twitter_creator":"@psol50","twitter_site":"@psol50","twitter_misc":{"Escrito por":"Comunica\u00e7\u00e3o PSOL","Est. tempo de leitura":"1 minuto"},"schema":{"@context":"https:\/\/schema.org","@graph":[{"@type":"Article","@id":"https:\/\/psol50.org.br\/deputado-edilson-denuncia-abusos-de-policiais-em-comunidade-no-recife\/#article","isPartOf":{"@id":"https:\/\/psol50.org.br\/deputado-edilson-denuncia-abusos-de-policiais-em-comunidade-no-recife\/"},"author":{"name":"Comunica\u00e7\u00e3o PSOL","@id":"https:\/\/psol50.org.br\/#\/schema\/person\/475dfa57d0b815993c714c2e96491fcd"},"headline":"Deputado Edilson denuncia abusos de policiais em comunidade no Recife","datePublished":"2016-06-20T20:41:59+00:00","mainEntityOfPage":{"@id":"https:\/\/psol50.org.br\/deputado-edilson-denuncia-abusos-de-policiais-em-comunidade-no-recife\/"},"wordCount":307,"commentCount":0,"publisher":{"@id":"https:\/\/psol50.org.br\/#organization"},"image":{"@id":"https:\/\/psol50.org.br\/deputado-edilson-denuncia-abusos-de-policiais-em-comunidade-no-recife\/#primaryimage"},"thumbnailUrl":"","keywords":["abusos","Alepe","Comiss\u00e3o de Direitos Humanos","comunidade do Bode","Edilson Silva","Pina","policiais","PSOL","Recife","Rocam"],"articleSection":["A\u00e7\u00e3o Parlamentar","Estados","Not\u00edcias","V\u00cdDEOS | MULTIM\u00cdDIA | FLC TV"],"inLanguage":"pt-BR","potentialAction":[{"@type":"CommentAction","name":"Comment","target":["https:\/\/psol50.org.br\/deputado-edilson-denuncia-abusos-de-policiais-em-comunidade-no-recife\/#respond"]}]},{"@type":"WebPage","@id":"https:\/\/psol50.org.br\/deputado-edilson-denuncia-abusos-de-policiais-em-comunidade-no-recife\/","url":"https:\/\/psol50.org.br\/deputado-edilson-denuncia-abusos-de-policiais-em-comunidade-no-recife\/","name":"Deputado Edilson denuncia abusos de policiais em comunidade no Recife - PSOL 50","isPartOf":{"@id":"https:\/\/psol50.org.br\/#website"},"primaryImageOfPage":{"@id":"https:\/\/psol50.org.br\/deputado-edilson-denuncia-abusos-de-policiais-em-comunidade-no-recife\/#primaryimage"},"image":{"@id":"https:\/\/psol50.org.br\/deputado-edilson-denuncia-abusos-de-policiais-em-comunidade-no-recife\/#primaryimage"},"thumbnailUrl":"","datePublished":"2016-06-20T20:41:59+00:00","breadcrumb":{"@id":"https:\/\/psol50.org.br\/deputado-edilson-denuncia-abusos-de-policiais-em-comunidade-no-recife\/#breadcrumb"},"inLanguage":"pt-BR","potentialAction":[{"@type":"ReadAction","target":["https:\/\/psol50.org.br\/deputado-edilson-denuncia-abusos-de-policiais-em-comunidade-no-recife\/"]}]},{"@type":"ImageObject","inLanguage":"pt-BR","@id":"https:\/\/psol50.org.br\/deputado-edilson-denuncia-abusos-de-policiais-em-comunidade-no-recife\/#primaryimage","url":"","contentUrl":""},{"@type":"BreadcrumbList","@id":"https:\/\/psol50.org.br\/deputado-edilson-denuncia-abusos-de-policiais-em-comunidade-no-recife\/#breadcrumb","itemListElement":[{"@type":"ListItem","position":1,"name":"In\u00edcio","item":"https:\/\/psol50.org.br\/"},{"@type":"ListItem","position":2,"name":"Deputado Edilson denuncia abusos de policiais em comunidade no Recife"}]},{"@type":"WebSite","@id":"https:\/\/psol50.org.br\/#website","url":"https:\/\/psol50.org.br\/","name":"PSOL 50","description":"Site oficial do Partido Socialismo e Liberdade","publisher":{"@id":"https:\/\/psol50.org.br\/#organization"},"alternateName":"PSOL50","potentialAction":[{"@type":"SearchAction","target":{"@type":"EntryPoint","urlTemplate":"https:\/\/psol50.org.br\/?s={search_term_string}"},"query-input":{"@type":"PropertyValueSpecification","valueRequired":true,"valueName":"search_term_string"}}],"inLanguage":"pt-BR"},{"@type":"Organization","@id":"https:\/\/psol50.org.br\/#organization","name":"PSOL 50","alternateName":"PSOL 50","url":"https:\/\/psol50.org.br\/","logo":{"@type":"ImageObject","inLanguage":"pt-BR","@id":"https:\/\/psol50.org.br\/#\/schema\/logo\/image\/","url":"https:\/\/psol50.org.br\/inc\/uploads\/2018\/07\/capa.png","contentUrl":"https:\/\/psol50.org.br\/inc\/uploads\/2018\/07\/capa.png","width":1350,"height":900,"caption":"PSOL 50"},"image":{"@id":"https:\/\/psol50.org.br\/#\/schema\/logo\/image\/"},"sameAs":["https:\/\/www.facebook.com\/psol50","https:\/\/x.com\/psol50","https:\/\/www.instagram.com\/psol50\/","https:\/\/www.youtube.com\/channel\/UC7SnJS5o1os7a6CaiNabzcg"]},{"@type":"Person","@id":"https:\/\/psol50.org.br\/#\/schema\/person\/475dfa57d0b815993c714c2e96491fcd","name":"Comunica\u00e7\u00e3o PSOL","image":{"@type":"ImageObject","inLanguage":"pt-BR","@id":"https:\/\/psol50.org.br\/#\/schema\/person\/image\/","url":"https:\/\/secure.gravatar.com\/avatar\/b34fc4f4e468a4e51785917065a3db57b841f5c95dba6ad8c73aaf8f66f8f9bf?s=96&d=mm&r=g","contentUrl":"https:\/\/secure.gravatar.com\/avatar\/b34fc4f4e468a4e51785917065a3db57b841f5c95dba6ad8c73aaf8f66f8f9bf?s=96&d=mm&r=g","caption":"Comunica\u00e7\u00e3o PSOL"}}]}},"_links":{"self":[{"href":"https:\/\/psol50.org.br\/rest\/wp\/v2\/posts\/12858","targetHints":{"allow":["GET"]}}],"collection":[{"href":"https:\/\/psol50.org.br\/rest\/wp\/v2\/posts"}],"about":[{"href":"https:\/\/psol50.org.br\/rest\/wp\/v2\/types\/post"}],"author":[{"embeddable":true,"href":"https:\/\/psol50.org.br\/rest\/wp\/v2\/users\/2"}],"replies":[{"embeddable":true,"href":"https:\/\/psol50.org.br\/rest\/wp\/v2\/comments?post=12858"}],"version-history":[{"count":0,"href":"https:\/\/psol50.org.br\/rest\/wp\/v2\/posts\/12858\/revisions"}],"wp:featuredmedia":[{"embeddable":true,"href":"https:\/\/psol50.org.br\/rest\/"}],"wp:attachment":[{"href":"https:\/\/psol50.org.br\/rest\/wp\/v2\/media?parent=12858"}],"wp:term":[{"taxonomy":"category","embeddable":true,"href":"https:\/\/psol50.org.br\/rest\/wp\/v2\/categories?post=12858"},{"taxonomy":"post_tag","embeddable":true,"href":"https:\/\/psol50.org.br\/rest\/wp\/v2\/tags?post=12858"}],"curies":[{"name":"wp","href":"https:\/\/api.w.org\/{rel}","templated":true}]}}