{"id":1287,"date":"2008-11-19T00:00:00","date_gmt":"2008-11-19T00:00:00","guid":{"rendered":"http:\/\/psol50.org.br\/arquivo\/2008\/11\/19\/ato-por-justica-apoio-ao-delegado-protogenes-e-prisao-de-daniel-dantas\/"},"modified":"2008-11-19T00:00:00","modified_gmt":"2008-11-19T00:00:00","slug":"ato-por-justica-apoio-ao-delegado-protogenes-e-prisao-de-daniel-dantas","status":"publish","type":"post","link":"https:\/\/psol50.org.br\/ato-por-justica-apoio-ao-delegado-protogenes-e-prisao-de-daniel-dantas\/","title":{"rendered":"Ato por justi\u00e7a: apoio ao delegado Prot\u00f3genes e pris\u00e3o de Daniel Dantas"},"content":{"rendered":"<p>A bancada do PSOL no Congresso Nacional e os diret\u00f3rios do Distrito Federal e Goi\u00e1s realizaram nesta quarta-feira, 19 de novembro, ato em apoio as a\u00e7\u00f5es do delegado Prot\u00f3genes Queiroz e do juiz Fausto De Sanctis na Opera\u00e7\u00e3o Satiagraha, da Pol\u00edcia Federal, e cobrando a pris\u00e3o do banqueiro Daniel Dantas. A manifesta\u00e7\u00e3o aconteceu na frente do Supremo Tribunal Federal (STF), na Pra\u00e7a dos Tr\u00eas Poderes, em Bras\u00edlia, poder que concedeu dois habeas corpus ao banqueiro, evitando, assim, sua pris\u00e3o.<\/p>\n<p><!--more--><\/p>\n<p>\u201cExigimos que o STF fa\u00e7a realmente a justi\u00e7a e respeite o trabalho do delegado e do juiz. N\u00e3o aceitamos essa invers\u00e3o de valores em que os investigadores se tornam investigados\u201d, afirmou a l\u00edder do PSOL, deputada Luciana Genro (RS). Para ela, os que merecem ser investigados e estarem na pris\u00e3o s\u00e3o os que fraudaram, compraram pol\u00edticos e ju\u00edzes e remeteram dinheiro ao exterior.<\/p>\n<p>De acordo com a deputada, o que existe \u00e9 uma rede de prote\u00e7\u00e3o a Daniel Dantas envolvendo os tr\u00eas poderes da Rep\u00fablica (Executivo, legislativo e Judici\u00e1rio). Fato mais recente que comprava essa dedica\u00e7\u00e3o ao banqueiro foram as declara\u00e7\u00f5es de outros ministros do Supremo, al\u00e9m do presidente Gilmar Mendes \u2013 que concedeu os dois habeas corpus na deflagra\u00e7\u00e3o da Opera\u00e7\u00e3o Satiagraha \u2013 que, para Luciana Genro, representa uma tentativa de desmoraliza\u00e7\u00e3o das investiga\u00e7\u00f5es de Prot\u00f3genes e de De Sanctis na busca da nulidade das provas e do processo contra Daniel Dantas.<\/p>\n<p>Para o deputado Chico Alencar (RJ), a Opera\u00e7\u00e3o Satiagraha foi exemplar pois apontou, entre outras coisas, de que pelo menos R$ 18 milh\u00f5es foram usados para fazer agrados ao poder p\u00fablico e privado. \u201cO delegado Prot\u00f3genes e o juiz De Sanctis tocaram num nicho de poder quase intoc\u00e1vel e come\u00e7aram a ser perseguidos\u201d, disse, completando que conseguir\u00e1 apoio para a elabora\u00e7\u00e3o de uma mo\u00e7\u00e3o de louvor, que ser\u00e1 encaminhada ao Conselho Nacional de Justi\u00e7a.<\/p>\n<p>Na frente do Supremo, com faixas e cartazes cobrou-se a pris\u00e3o de Daniel Dantas e questionou-se : \u201cSTF porque tanto medo de Dantas?\u201d. Al\u00e9m de militantes dos diret\u00f3rios regionais, participou do ato a deputada Janete Capiberibe (PSB\/AP).<\/p>\n<p>Segundo o senador Jos\u00e9 Nery (PA), o ato representa a luta pela honestidade, a indigna\u00e7\u00e3o diante da impunidade e contra o crime de corrup\u00e7\u00e3o. \u201cO PSOL n\u00e3o compactua com manobras que visam livrar os corruptos e ca\u00e7ar quem faz o trabalho correto. O que n\u00e3o falta s\u00e3o provas contra o banqueiro\u201d, declarou o presidente do PSOL\/DF, Enrique Morales. Para o presidente do PSOL\/GO, Martiniano Cavalcante, h\u00e1 um grande conluio para encobrir as atividades il\u00edcitas de Daniel Dantas. \u201cO imp\u00e9rio criminoso de Dantas tem tent\u00e1culos nas tr\u00eas esferas de poder. A sociedade civil n\u00e3o aceita mais essa corrup\u00e7\u00e3o\u201d, completou a deputada Luciana Genro.<\/p>\n","protected":false},"excerpt":{"rendered":"<p>A bancada do PSOL no Congresso Nacional e os diret\u00f3rios do Distrito Federal e Goi\u00e1s realizaram nesta quarta-feira, 19 de novembro, ato em apoio as a\u00e7\u00f5es do delegado Prot\u00f3genes Queiroz e do juiz Fausto De Sanctis na Opera\u00e7\u00e3o Satiagraha, da Pol\u00edcia Federal, e cobrando a pris\u00e3o do banqueiro Daniel Dantas. A manifesta\u00e7\u00e3o aconteceu na frente [&hellip;]<\/p>\n","protected":false},"author":2,"featured_media":0,"comment_status":"open","ping_status":"open","sticky":false,"template":"","format":"standard","meta":{"_acf_changed":false,"footnotes":""},"categories":[4766],"tags":[],"class_list":{"0":"post-1287","1":"post","2":"type-post","3":"status-publish","4":"format-standard","6":"category-arquivo"},"acf":[],"yoast_head":"<!-- This site is optimized with the Yoast SEO plugin v26.5 - https:\/\/yoast.com\/wordpress\/plugins\/seo\/ -->\n<title>Ato por justi\u00e7a: apoio ao delegado Prot\u00f3genes e pris\u00e3o de Daniel Dantas - PSOL 50<\/title>\n<meta name=\"robots\" content=\"index, follow, max-snippet:-1, max-image-preview:large, max-video-preview:-1\" \/>\n<link rel=\"canonical\" href=\"https:\/\/psol50.org.br\/ato-por-justica-apoio-ao-delegado-protogenes-e-prisao-de-daniel-dantas\/\" \/>\n<meta property=\"og:locale\" content=\"pt_BR\" \/>\n<meta property=\"og:type\" content=\"article\" \/>\n<meta property=\"og:title\" content=\"Ato por justi\u00e7a: apoio ao delegado Prot\u00f3genes e pris\u00e3o de Daniel Dantas - PSOL 50\" \/>\n<meta property=\"og:description\" content=\"A bancada do PSOL no Congresso Nacional e os diret\u00f3rios do Distrito Federal e Goi\u00e1s realizaram nesta quarta-feira, 19 de novembro, ato em apoio as a\u00e7\u00f5es do delegado Prot\u00f3genes Queiroz e do juiz Fausto De Sanctis na Opera\u00e7\u00e3o Satiagraha, da Pol\u00edcia Federal, e cobrando a pris\u00e3o do banqueiro Daniel Dantas. A manifesta\u00e7\u00e3o aconteceu na frente [&hellip;]\" \/>\n<meta property=\"og:url\" content=\"https:\/\/psol50.org.br\/ato-por-justica-apoio-ao-delegado-protogenes-e-prisao-de-daniel-dantas\/\" \/>\n<meta property=\"og:site_name\" content=\"PSOL 50\" \/>\n<meta property=\"article:publisher\" content=\"https:\/\/www.facebook.com\/psol50\" \/>\n<meta property=\"article:published_time\" content=\"2008-11-19T00:00:00+00:00\" \/>\n<meta property=\"og:image\" content=\"https:\/\/psol50.org.br\/inc\/uploads\/2018\/07\/capa.png\" \/>\n\t<meta property=\"og:image:width\" content=\"1350\" \/>\n\t<meta property=\"og:image:height\" content=\"900\" \/>\n\t<meta property=\"og:image:type\" content=\"image\/png\" \/>\n<meta name=\"author\" content=\"Comunica\u00e7\u00e3o PSOL\" \/>\n<meta name=\"twitter:card\" content=\"summary_large_image\" \/>\n<meta name=\"twitter:creator\" content=\"@psol50\" \/>\n<meta name=\"twitter:site\" content=\"@psol50\" \/>\n<meta name=\"twitter:label1\" content=\"Escrito por\" \/>\n\t<meta name=\"twitter:data1\" content=\"Comunica\u00e7\u00e3o PSOL\" \/>\n\t<meta name=\"twitter:label2\" content=\"Est. tempo de leitura\" \/>\n\t<meta name=\"twitter:data2\" content=\"2 minutos\" \/>\n<script type=\"application\/ld+json\" class=\"yoast-schema-graph\">{\"@context\":\"https:\/\/schema.org\",\"@graph\":[{\"@type\":\"Article\",\"@id\":\"https:\/\/psol50.org.br\/ato-por-justica-apoio-ao-delegado-protogenes-e-prisao-de-daniel-dantas\/#article\",\"isPartOf\":{\"@id\":\"https:\/\/psol50.org.br\/ato-por-justica-apoio-ao-delegado-protogenes-e-prisao-de-daniel-dantas\/\"},\"author\":{\"name\":\"Comunica\u00e7\u00e3o PSOL\",\"@id\":\"https:\/\/psol50.org.br\/#\/schema\/person\/475dfa57d0b815993c714c2e96491fcd\"},\"headline\":\"Ato por justi\u00e7a: apoio ao delegado Prot\u00f3genes e pris\u00e3o de Daniel Dantas\",\"datePublished\":\"2008-11-19T00:00:00+00:00\",\"mainEntityOfPage\":{\"@id\":\"https:\/\/psol50.org.br\/ato-por-justica-apoio-ao-delegado-protogenes-e-prisao-de-daniel-dantas\/\"},\"wordCount\":514,\"commentCount\":0,\"publisher\":{\"@id\":\"https:\/\/psol50.org.br\/#organization\"},\"articleSection\":[\"Arquivo\"],\"inLanguage\":\"pt-BR\",\"potentialAction\":[{\"@type\":\"CommentAction\",\"name\":\"Comment\",\"target\":[\"https:\/\/psol50.org.br\/ato-por-justica-apoio-ao-delegado-protogenes-e-prisao-de-daniel-dantas\/#respond\"]}]},{\"@type\":\"WebPage\",\"@id\":\"https:\/\/psol50.org.br\/ato-por-justica-apoio-ao-delegado-protogenes-e-prisao-de-daniel-dantas\/\",\"url\":\"https:\/\/psol50.org.br\/ato-por-justica-apoio-ao-delegado-protogenes-e-prisao-de-daniel-dantas\/\",\"name\":\"Ato por justi\u00e7a: apoio ao delegado Prot\u00f3genes e pris\u00e3o de Daniel Dantas - PSOL 50\",\"isPartOf\":{\"@id\":\"https:\/\/psol50.org.br\/#website\"},\"datePublished\":\"2008-11-19T00:00:00+00:00\",\"breadcrumb\":{\"@id\":\"https:\/\/psol50.org.br\/ato-por-justica-apoio-ao-delegado-protogenes-e-prisao-de-daniel-dantas\/#breadcrumb\"},\"inLanguage\":\"pt-BR\",\"potentialAction\":[{\"@type\":\"ReadAction\",\"target\":[\"https:\/\/psol50.org.br\/ato-por-justica-apoio-ao-delegado-protogenes-e-prisao-de-daniel-dantas\/\"]}]},{\"@type\":\"BreadcrumbList\",\"@id\":\"https:\/\/psol50.org.br\/ato-por-justica-apoio-ao-delegado-protogenes-e-prisao-de-daniel-dantas\/#breadcrumb\",\"itemListElement\":[{\"@type\":\"ListItem\",\"position\":1,\"name\":\"In\u00edcio\",\"item\":\"https:\/\/psol50.org.br\/\"},{\"@type\":\"ListItem\",\"position\":2,\"name\":\"Ato por justi\u00e7a: apoio ao delegado Prot\u00f3genes e pris\u00e3o de Daniel Dantas\"}]},{\"@type\":\"WebSite\",\"@id\":\"https:\/\/psol50.org.br\/#website\",\"url\":\"https:\/\/psol50.org.br\/\",\"name\":\"PSOL 50\",\"description\":\"Site oficial do Partido Socialismo e Liberdade\",\"publisher\":{\"@id\":\"https:\/\/psol50.org.br\/#organization\"},\"alternateName\":\"PSOL50\",\"potentialAction\":[{\"@type\":\"SearchAction\",\"target\":{\"@type\":\"EntryPoint\",\"urlTemplate\":\"https:\/\/psol50.org.br\/?s={search_term_string}\"},\"query-input\":{\"@type\":\"PropertyValueSpecification\",\"valueRequired\":true,\"valueName\":\"search_term_string\"}}],\"inLanguage\":\"pt-BR\"},{\"@type\":\"Organization\",\"@id\":\"https:\/\/psol50.org.br\/#organization\",\"name\":\"PSOL 50\",\"alternateName\":\"PSOL 50\",\"url\":\"https:\/\/psol50.org.br\/\",\"logo\":{\"@type\":\"ImageObject\",\"inLanguage\":\"pt-BR\",\"@id\":\"https:\/\/psol50.org.br\/#\/schema\/logo\/image\/\",\"url\":\"https:\/\/psol50.org.br\/inc\/uploads\/2018\/07\/capa.png\",\"contentUrl\":\"https:\/\/psol50.org.br\/inc\/uploads\/2018\/07\/capa.png\",\"width\":1350,\"height\":900,\"caption\":\"PSOL 50\"},\"image\":{\"@id\":\"https:\/\/psol50.org.br\/#\/schema\/logo\/image\/\"},\"sameAs\":[\"https:\/\/www.facebook.com\/psol50\",\"https:\/\/x.com\/psol50\",\"https:\/\/www.instagram.com\/psol50\/\",\"https:\/\/www.youtube.com\/channel\/UC7SnJS5o1os7a6CaiNabzcg\"]},{\"@type\":\"Person\",\"@id\":\"https:\/\/psol50.org.br\/#\/schema\/person\/475dfa57d0b815993c714c2e96491fcd\",\"name\":\"Comunica\u00e7\u00e3o PSOL\",\"image\":{\"@type\":\"ImageObject\",\"inLanguage\":\"pt-BR\",\"@id\":\"https:\/\/psol50.org.br\/#\/schema\/person\/image\/\",\"url\":\"https:\/\/secure.gravatar.com\/avatar\/b34fc4f4e468a4e51785917065a3db57b841f5c95dba6ad8c73aaf8f66f8f9bf?s=96&d=mm&r=g\",\"contentUrl\":\"https:\/\/secure.gravatar.com\/avatar\/b34fc4f4e468a4e51785917065a3db57b841f5c95dba6ad8c73aaf8f66f8f9bf?s=96&d=mm&r=g\",\"caption\":\"Comunica\u00e7\u00e3o PSOL\"}}]}<\/script>\n<!-- \/ Yoast SEO plugin. -->","yoast_head_json":{"title":"Ato por justi\u00e7a: apoio ao delegado Prot\u00f3genes e pris\u00e3o de Daniel Dantas - PSOL 50","robots":{"index":"index","follow":"follow","max-snippet":"max-snippet:-1","max-image-preview":"max-image-preview:large","max-video-preview":"max-video-preview:-1"},"canonical":"https:\/\/psol50.org.br\/ato-por-justica-apoio-ao-delegado-protogenes-e-prisao-de-daniel-dantas\/","og_locale":"pt_BR","og_type":"article","og_title":"Ato por justi\u00e7a: apoio ao delegado Prot\u00f3genes e pris\u00e3o de Daniel Dantas - PSOL 50","og_description":"A bancada do PSOL no Congresso Nacional e os diret\u00f3rios do Distrito Federal e Goi\u00e1s realizaram nesta quarta-feira, 19 de novembro, ato em apoio as a\u00e7\u00f5es do delegado Prot\u00f3genes Queiroz e do juiz Fausto De Sanctis na Opera\u00e7\u00e3o Satiagraha, da Pol\u00edcia Federal, e cobrando a pris\u00e3o do banqueiro Daniel Dantas. A manifesta\u00e7\u00e3o aconteceu na frente [&hellip;]","og_url":"https:\/\/psol50.org.br\/ato-por-justica-apoio-ao-delegado-protogenes-e-prisao-de-daniel-dantas\/","og_site_name":"PSOL 50","article_publisher":"https:\/\/www.facebook.com\/psol50","article_published_time":"2008-11-19T00:00:00+00:00","og_image":[{"width":1350,"height":900,"url":"https:\/\/psol50.org.br\/inc\/uploads\/2018\/07\/capa.png","type":"image\/png"}],"author":"Comunica\u00e7\u00e3o PSOL","twitter_card":"summary_large_image","twitter_creator":"@psol50","twitter_site":"@psol50","twitter_misc":{"Escrito por":"Comunica\u00e7\u00e3o PSOL","Est. tempo de leitura":"2 minutos"},"schema":{"@context":"https:\/\/schema.org","@graph":[{"@type":"Article","@id":"https:\/\/psol50.org.br\/ato-por-justica-apoio-ao-delegado-protogenes-e-prisao-de-daniel-dantas\/#article","isPartOf":{"@id":"https:\/\/psol50.org.br\/ato-por-justica-apoio-ao-delegado-protogenes-e-prisao-de-daniel-dantas\/"},"author":{"name":"Comunica\u00e7\u00e3o PSOL","@id":"https:\/\/psol50.org.br\/#\/schema\/person\/475dfa57d0b815993c714c2e96491fcd"},"headline":"Ato por justi\u00e7a: apoio ao delegado Prot\u00f3genes e pris\u00e3o de Daniel Dantas","datePublished":"2008-11-19T00:00:00+00:00","mainEntityOfPage":{"@id":"https:\/\/psol50.org.br\/ato-por-justica-apoio-ao-delegado-protogenes-e-prisao-de-daniel-dantas\/"},"wordCount":514,"commentCount":0,"publisher":{"@id":"https:\/\/psol50.org.br\/#organization"},"articleSection":["Arquivo"],"inLanguage":"pt-BR","potentialAction":[{"@type":"CommentAction","name":"Comment","target":["https:\/\/psol50.org.br\/ato-por-justica-apoio-ao-delegado-protogenes-e-prisao-de-daniel-dantas\/#respond"]}]},{"@type":"WebPage","@id":"https:\/\/psol50.org.br\/ato-por-justica-apoio-ao-delegado-protogenes-e-prisao-de-daniel-dantas\/","url":"https:\/\/psol50.org.br\/ato-por-justica-apoio-ao-delegado-protogenes-e-prisao-de-daniel-dantas\/","name":"Ato por justi\u00e7a: apoio ao delegado Prot\u00f3genes e pris\u00e3o de Daniel Dantas - PSOL 50","isPartOf":{"@id":"https:\/\/psol50.org.br\/#website"},"datePublished":"2008-11-19T00:00:00+00:00","breadcrumb":{"@id":"https:\/\/psol50.org.br\/ato-por-justica-apoio-ao-delegado-protogenes-e-prisao-de-daniel-dantas\/#breadcrumb"},"inLanguage":"pt-BR","potentialAction":[{"@type":"ReadAction","target":["https:\/\/psol50.org.br\/ato-por-justica-apoio-ao-delegado-protogenes-e-prisao-de-daniel-dantas\/"]}]},{"@type":"BreadcrumbList","@id":"https:\/\/psol50.org.br\/ato-por-justica-apoio-ao-delegado-protogenes-e-prisao-de-daniel-dantas\/#breadcrumb","itemListElement":[{"@type":"ListItem","position":1,"name":"In\u00edcio","item":"https:\/\/psol50.org.br\/"},{"@type":"ListItem","position":2,"name":"Ato por justi\u00e7a: apoio ao delegado Prot\u00f3genes e pris\u00e3o de Daniel Dantas"}]},{"@type":"WebSite","@id":"https:\/\/psol50.org.br\/#website","url":"https:\/\/psol50.org.br\/","name":"PSOL 50","description":"Site oficial do Partido Socialismo e Liberdade","publisher":{"@id":"https:\/\/psol50.org.br\/#organization"},"alternateName":"PSOL50","potentialAction":[{"@type":"SearchAction","target":{"@type":"EntryPoint","urlTemplate":"https:\/\/psol50.org.br\/?s={search_term_string}"},"query-input":{"@type":"PropertyValueSpecification","valueRequired":true,"valueName":"search_term_string"}}],"inLanguage":"pt-BR"},{"@type":"Organization","@id":"https:\/\/psol50.org.br\/#organization","name":"PSOL 50","alternateName":"PSOL 50","url":"https:\/\/psol50.org.br\/","logo":{"@type":"ImageObject","inLanguage":"pt-BR","@id":"https:\/\/psol50.org.br\/#\/schema\/logo\/image\/","url":"https:\/\/psol50.org.br\/inc\/uploads\/2018\/07\/capa.png","contentUrl":"https:\/\/psol50.org.br\/inc\/uploads\/2018\/07\/capa.png","width":1350,"height":900,"caption":"PSOL 50"},"image":{"@id":"https:\/\/psol50.org.br\/#\/schema\/logo\/image\/"},"sameAs":["https:\/\/www.facebook.com\/psol50","https:\/\/x.com\/psol50","https:\/\/www.instagram.com\/psol50\/","https:\/\/www.youtube.com\/channel\/UC7SnJS5o1os7a6CaiNabzcg"]},{"@type":"Person","@id":"https:\/\/psol50.org.br\/#\/schema\/person\/475dfa57d0b815993c714c2e96491fcd","name":"Comunica\u00e7\u00e3o PSOL","image":{"@type":"ImageObject","inLanguage":"pt-BR","@id":"https:\/\/psol50.org.br\/#\/schema\/person\/image\/","url":"https:\/\/secure.gravatar.com\/avatar\/b34fc4f4e468a4e51785917065a3db57b841f5c95dba6ad8c73aaf8f66f8f9bf?s=96&d=mm&r=g","contentUrl":"https:\/\/secure.gravatar.com\/avatar\/b34fc4f4e468a4e51785917065a3db57b841f5c95dba6ad8c73aaf8f66f8f9bf?s=96&d=mm&r=g","caption":"Comunica\u00e7\u00e3o PSOL"}}]}},"_links":{"self":[{"href":"https:\/\/psol50.org.br\/rest\/wp\/v2\/posts\/1287","targetHints":{"allow":["GET"]}}],"collection":[{"href":"https:\/\/psol50.org.br\/rest\/wp\/v2\/posts"}],"about":[{"href":"https:\/\/psol50.org.br\/rest\/wp\/v2\/types\/post"}],"author":[{"embeddable":true,"href":"https:\/\/psol50.org.br\/rest\/wp\/v2\/users\/2"}],"replies":[{"embeddable":true,"href":"https:\/\/psol50.org.br\/rest\/wp\/v2\/comments?post=1287"}],"version-history":[{"count":0,"href":"https:\/\/psol50.org.br\/rest\/wp\/v2\/posts\/1287\/revisions"}],"wp:attachment":[{"href":"https:\/\/psol50.org.br\/rest\/wp\/v2\/media?parent=1287"}],"wp:term":[{"taxonomy":"category","embeddable":true,"href":"https:\/\/psol50.org.br\/rest\/wp\/v2\/categories?post=1287"},{"taxonomy":"post_tag","embeddable":true,"href":"https:\/\/psol50.org.br\/rest\/wp\/v2\/tags?post=1287"}],"curies":[{"name":"wp","href":"https:\/\/api.w.org\/{rel}","templated":true}]}}