{"id":1296,"date":"2008-12-10T00:00:00","date_gmt":"2008-12-10T00:00:00","guid":{"rendered":"http:\/\/psol50.org.br\/arquivo\/2008\/12\/10\/delegado-protogenes-recebe-medalha-do-merito-legislativo\/"},"modified":"2008-12-10T00:00:00","modified_gmt":"2008-12-10T00:00:00","slug":"delegado-protogenes-recebe-medalha-do-merito-legislativo","status":"publish","type":"post","link":"https:\/\/psol50.org.br\/delegado-protogenes-recebe-medalha-do-merito-legislativo\/","title":{"rendered":"Delegado Prot\u00f3genes recebe Medalha do M\u00e9rito Legislativo"},"content":{"rendered":"<p>O delegado Prot\u00f3genes Queiroz recebeu hoje,10 de dezembro, na C\u00e2mara dos Deputados, a Medalha do M\u00e9rito Legislativo. A indica\u00e7\u00e3o para recebimento da comenda foi feita pela l\u00edder do PSOL, deputada Luciana Genro (RS), em virtude das a\u00e7\u00f5es do delegado na Opera\u00e7\u00e3o Satiagraha, da Pol\u00edcia Federal, que investigou irregularidades no Grupo Opportunity e as transa\u00e7\u00f5es il\u00edcitas do banqueiro Daniel Dantas. <\/p>\n<p><!--more--><\/p>\n<p><img loading=\"lazy\" decoding=\"async\" src=\"http:\/\/farm4.static.flickr.com\/3266\/3150828748_06a52d4131.jpg?v=1230647939\" border=\"0\" hspace=\"15\" vspace=\"0\" width=\"500\" height=\"333\" align=\"left\" \/><\/p>\n<p>Prot\u00f3genes disse se sentir orgulhoso, com sentimento de dever cumprido como servidor p\u00fablico e agradeceu aos colegas da PF e os profissionais da Ag\u00eancia Brasileira de Intelig\u00eancia (Abin) que \u201ccontribu\u00edram na seguran\u00e7a da sociedade brasileira\u201d. <\/p>\n<p>\u201cEstou honrado e emocionado em estar na Casa do povo recebendo uma homenagem que representa mais que um trabalho policial, representa um trabalho de exig\u00eancia e clamor popular por justi\u00e7a\u201d, afirmou. Para o delegado Prot\u00f3genes, a popula\u00e7\u00e3o brasileira exige um pa\u00eds melhor, livre de corrup\u00e7\u00e3o, de desmandos e de comprometimentos com irregularidades. \u201cHoje, temos um povo brasileiro que cobra das institui\u00e7\u00f5es e dos administradores; um povo que quer um basta na corrup\u00e7\u00e3o e no jogo de interesses sujos\u201d.<\/p>\n<p>A Medalha do M\u00e9rito Legislativo \u00e9 entregue a cidad\u00e3os, institui\u00e7\u00f5es ou entidades, campanhas, programas ou movimentos de cunho social, civil ou militar, que marcaram o Brasil por suas contribui\u00e7\u00f5es, tanto no \u00e2mbito legislativo quanto em outras \u00e1reas. Al\u00e9m do delegado, outras 24 pessoas e institui\u00e7\u00f5es receberam a comenda, entre elas, a ex-senadora colombiana Ingrid Betancourt, que ficou quase sete anos seq\u00fcestrada pelas For\u00e7as Armadas Revolucion\u00e1rias da Col\u00f4mbia (FARC), e o atleta paraol\u00edmpico Daniel de Farias Dias, medalhista de ouro, prata e bronze nas Para-Olimp\u00edadas deste ano.<\/p>\n","protected":false},"excerpt":{"rendered":"<p>O delegado Prot\u00f3genes Queiroz recebeu hoje,10 de dezembro, na C\u00e2mara dos Deputados, a Medalha do M\u00e9rito Legislativo. A indica\u00e7\u00e3o para recebimento da comenda foi feita pela l\u00edder do PSOL, deputada Luciana Genro (RS), em virtude das a\u00e7\u00f5es do delegado na Opera\u00e7\u00e3o Satiagraha, da Pol\u00edcia Federal, que investigou irregularidades no Grupo Opportunity e as transa\u00e7\u00f5es il\u00edcitas [&hellip;]<\/p>\n","protected":false},"author":2,"featured_media":0,"comment_status":"open","ping_status":"open","sticky":false,"template":"","format":"standard","meta":{"_acf_changed":false,"footnotes":""},"categories":[4766],"tags":[],"class_list":{"0":"post-1296","1":"post","2":"type-post","3":"status-publish","4":"format-standard","6":"category-arquivo"},"acf":[],"yoast_head":"<!-- This site is optimized with the Yoast SEO plugin v26.5 - https:\/\/yoast.com\/wordpress\/plugins\/seo\/ -->\n<title>Delegado Prot\u00f3genes recebe Medalha do M\u00e9rito Legislativo - PSOL 50<\/title>\n<meta name=\"robots\" content=\"index, follow, max-snippet:-1, max-image-preview:large, max-video-preview:-1\" \/>\n<link rel=\"canonical\" href=\"https:\/\/psol50.org.br\/delegado-protogenes-recebe-medalha-do-merito-legislativo\/\" \/>\n<meta property=\"og:locale\" content=\"pt_BR\" \/>\n<meta property=\"og:type\" content=\"article\" \/>\n<meta property=\"og:title\" content=\"Delegado Prot\u00f3genes recebe Medalha do M\u00e9rito Legislativo - PSOL 50\" \/>\n<meta property=\"og:description\" content=\"O delegado Prot\u00f3genes Queiroz recebeu hoje,10 de dezembro, na C\u00e2mara dos Deputados, a Medalha do M\u00e9rito Legislativo. A indica\u00e7\u00e3o para recebimento da comenda foi feita pela l\u00edder do PSOL, deputada Luciana Genro (RS), em virtude das a\u00e7\u00f5es do delegado na Opera\u00e7\u00e3o Satiagraha, da Pol\u00edcia Federal, que investigou irregularidades no Grupo Opportunity e as transa\u00e7\u00f5es il\u00edcitas [&hellip;]\" \/>\n<meta property=\"og:url\" content=\"https:\/\/psol50.org.br\/delegado-protogenes-recebe-medalha-do-merito-legislativo\/\" \/>\n<meta property=\"og:site_name\" content=\"PSOL 50\" \/>\n<meta property=\"article:publisher\" content=\"https:\/\/www.facebook.com\/psol50\" \/>\n<meta property=\"article:published_time\" content=\"2008-12-10T00:00:00+00:00\" \/>\n<meta property=\"og:image\" content=\"http:\/\/farm4.static.flickr.com\/3266\/3150828748_06a52d4131.jpg?v=1230647939\" \/>\n<meta name=\"author\" content=\"Comunica\u00e7\u00e3o PSOL\" \/>\n<meta name=\"twitter:card\" content=\"summary_large_image\" \/>\n<meta name=\"twitter:creator\" content=\"@psol50\" \/>\n<meta name=\"twitter:site\" content=\"@psol50\" \/>\n<meta name=\"twitter:label1\" content=\"Escrito por\" \/>\n\t<meta name=\"twitter:data1\" content=\"Comunica\u00e7\u00e3o PSOL\" \/>\n\t<meta name=\"twitter:label2\" content=\"Est. tempo de leitura\" \/>\n\t<meta name=\"twitter:data2\" content=\"1 minuto\" \/>\n<script type=\"application\/ld+json\" class=\"yoast-schema-graph\">{\"@context\":\"https:\/\/schema.org\",\"@graph\":[{\"@type\":\"Article\",\"@id\":\"https:\/\/psol50.org.br\/delegado-protogenes-recebe-medalha-do-merito-legislativo\/#article\",\"isPartOf\":{\"@id\":\"https:\/\/psol50.org.br\/delegado-protogenes-recebe-medalha-do-merito-legislativo\/\"},\"author\":{\"name\":\"Comunica\u00e7\u00e3o PSOL\",\"@id\":\"https:\/\/psol50.org.br\/#\/schema\/person\/475dfa57d0b815993c714c2e96491fcd\"},\"headline\":\"Delegado Prot\u00f3genes recebe Medalha do M\u00e9rito Legislativo\",\"datePublished\":\"2008-12-10T00:00:00+00:00\",\"mainEntityOfPage\":{\"@id\":\"https:\/\/psol50.org.br\/delegado-protogenes-recebe-medalha-do-merito-legislativo\/\"},\"wordCount\":301,\"commentCount\":0,\"publisher\":{\"@id\":\"https:\/\/psol50.org.br\/#organization\"},\"image\":{\"@id\":\"https:\/\/psol50.org.br\/delegado-protogenes-recebe-medalha-do-merito-legislativo\/#primaryimage\"},\"thumbnailUrl\":\"http:\/\/farm4.static.flickr.com\/3266\/3150828748_06a52d4131.jpg?v=1230647939\",\"articleSection\":[\"Arquivo\"],\"inLanguage\":\"pt-BR\",\"potentialAction\":[{\"@type\":\"CommentAction\",\"name\":\"Comment\",\"target\":[\"https:\/\/psol50.org.br\/delegado-protogenes-recebe-medalha-do-merito-legislativo\/#respond\"]}]},{\"@type\":\"WebPage\",\"@id\":\"https:\/\/psol50.org.br\/delegado-protogenes-recebe-medalha-do-merito-legislativo\/\",\"url\":\"https:\/\/psol50.org.br\/delegado-protogenes-recebe-medalha-do-merito-legislativo\/\",\"name\":\"Delegado Prot\u00f3genes recebe Medalha do M\u00e9rito Legislativo - PSOL 50\",\"isPartOf\":{\"@id\":\"https:\/\/psol50.org.br\/#website\"},\"primaryImageOfPage\":{\"@id\":\"https:\/\/psol50.org.br\/delegado-protogenes-recebe-medalha-do-merito-legislativo\/#primaryimage\"},\"image\":{\"@id\":\"https:\/\/psol50.org.br\/delegado-protogenes-recebe-medalha-do-merito-legislativo\/#primaryimage\"},\"thumbnailUrl\":\"http:\/\/farm4.static.flickr.com\/3266\/3150828748_06a52d4131.jpg?v=1230647939\",\"datePublished\":\"2008-12-10T00:00:00+00:00\",\"breadcrumb\":{\"@id\":\"https:\/\/psol50.org.br\/delegado-protogenes-recebe-medalha-do-merito-legislativo\/#breadcrumb\"},\"inLanguage\":\"pt-BR\",\"potentialAction\":[{\"@type\":\"ReadAction\",\"target\":[\"https:\/\/psol50.org.br\/delegado-protogenes-recebe-medalha-do-merito-legislativo\/\"]}]},{\"@type\":\"ImageObject\",\"inLanguage\":\"pt-BR\",\"@id\":\"https:\/\/psol50.org.br\/delegado-protogenes-recebe-medalha-do-merito-legislativo\/#primaryimage\",\"url\":\"http:\/\/farm4.static.flickr.com\/3266\/3150828748_06a52d4131.jpg?v=1230647939\",\"contentUrl\":\"http:\/\/farm4.static.flickr.com\/3266\/3150828748_06a52d4131.jpg?v=1230647939\"},{\"@type\":\"BreadcrumbList\",\"@id\":\"https:\/\/psol50.org.br\/delegado-protogenes-recebe-medalha-do-merito-legislativo\/#breadcrumb\",\"itemListElement\":[{\"@type\":\"ListItem\",\"position\":1,\"name\":\"In\u00edcio\",\"item\":\"https:\/\/psol50.org.br\/\"},{\"@type\":\"ListItem\",\"position\":2,\"name\":\"Delegado Prot\u00f3genes recebe Medalha do M\u00e9rito Legislativo\"}]},{\"@type\":\"WebSite\",\"@id\":\"https:\/\/psol50.org.br\/#website\",\"url\":\"https:\/\/psol50.org.br\/\",\"name\":\"PSOL 50\",\"description\":\"Site oficial do Partido Socialismo e Liberdade\",\"publisher\":{\"@id\":\"https:\/\/psol50.org.br\/#organization\"},\"alternateName\":\"PSOL50\",\"potentialAction\":[{\"@type\":\"SearchAction\",\"target\":{\"@type\":\"EntryPoint\",\"urlTemplate\":\"https:\/\/psol50.org.br\/?s={search_term_string}\"},\"query-input\":{\"@type\":\"PropertyValueSpecification\",\"valueRequired\":true,\"valueName\":\"search_term_string\"}}],\"inLanguage\":\"pt-BR\"},{\"@type\":\"Organization\",\"@id\":\"https:\/\/psol50.org.br\/#organization\",\"name\":\"PSOL 50\",\"alternateName\":\"PSOL 50\",\"url\":\"https:\/\/psol50.org.br\/\",\"logo\":{\"@type\":\"ImageObject\",\"inLanguage\":\"pt-BR\",\"@id\":\"https:\/\/psol50.org.br\/#\/schema\/logo\/image\/\",\"url\":\"https:\/\/psol50.org.br\/inc\/uploads\/2018\/07\/capa.png\",\"contentUrl\":\"https:\/\/psol50.org.br\/inc\/uploads\/2018\/07\/capa.png\",\"width\":1350,\"height\":900,\"caption\":\"PSOL 50\"},\"image\":{\"@id\":\"https:\/\/psol50.org.br\/#\/schema\/logo\/image\/\"},\"sameAs\":[\"https:\/\/www.facebook.com\/psol50\",\"https:\/\/x.com\/psol50\",\"https:\/\/www.instagram.com\/psol50\/\",\"https:\/\/www.youtube.com\/channel\/UC7SnJS5o1os7a6CaiNabzcg\"]},{\"@type\":\"Person\",\"@id\":\"https:\/\/psol50.org.br\/#\/schema\/person\/475dfa57d0b815993c714c2e96491fcd\",\"name\":\"Comunica\u00e7\u00e3o PSOL\",\"image\":{\"@type\":\"ImageObject\",\"inLanguage\":\"pt-BR\",\"@id\":\"https:\/\/psol50.org.br\/#\/schema\/person\/image\/\",\"url\":\"https:\/\/secure.gravatar.com\/avatar\/b34fc4f4e468a4e51785917065a3db57b841f5c95dba6ad8c73aaf8f66f8f9bf?s=96&d=mm&r=g\",\"contentUrl\":\"https:\/\/secure.gravatar.com\/avatar\/b34fc4f4e468a4e51785917065a3db57b841f5c95dba6ad8c73aaf8f66f8f9bf?s=96&d=mm&r=g\",\"caption\":\"Comunica\u00e7\u00e3o PSOL\"}}]}<\/script>\n<!-- \/ Yoast SEO plugin. -->","yoast_head_json":{"title":"Delegado Prot\u00f3genes recebe Medalha do M\u00e9rito Legislativo - PSOL 50","robots":{"index":"index","follow":"follow","max-snippet":"max-snippet:-1","max-image-preview":"max-image-preview:large","max-video-preview":"max-video-preview:-1"},"canonical":"https:\/\/psol50.org.br\/delegado-protogenes-recebe-medalha-do-merito-legislativo\/","og_locale":"pt_BR","og_type":"article","og_title":"Delegado Prot\u00f3genes recebe Medalha do M\u00e9rito Legislativo - PSOL 50","og_description":"O delegado Prot\u00f3genes Queiroz recebeu hoje,10 de dezembro, na C\u00e2mara dos Deputados, a Medalha do M\u00e9rito Legislativo. A indica\u00e7\u00e3o para recebimento da comenda foi feita pela l\u00edder do PSOL, deputada Luciana Genro (RS), em virtude das a\u00e7\u00f5es do delegado na Opera\u00e7\u00e3o Satiagraha, da Pol\u00edcia Federal, que investigou irregularidades no Grupo Opportunity e as transa\u00e7\u00f5es il\u00edcitas [&hellip;]","og_url":"https:\/\/psol50.org.br\/delegado-protogenes-recebe-medalha-do-merito-legislativo\/","og_site_name":"PSOL 50","article_publisher":"https:\/\/www.facebook.com\/psol50","article_published_time":"2008-12-10T00:00:00+00:00","og_image":[{"url":"http:\/\/farm4.static.flickr.com\/3266\/3150828748_06a52d4131.jpg?v=1230647939","type":"","width":"","height":""}],"author":"Comunica\u00e7\u00e3o PSOL","twitter_card":"summary_large_image","twitter_creator":"@psol50","twitter_site":"@psol50","twitter_misc":{"Escrito por":"Comunica\u00e7\u00e3o PSOL","Est. tempo de leitura":"1 minuto"},"schema":{"@context":"https:\/\/schema.org","@graph":[{"@type":"Article","@id":"https:\/\/psol50.org.br\/delegado-protogenes-recebe-medalha-do-merito-legislativo\/#article","isPartOf":{"@id":"https:\/\/psol50.org.br\/delegado-protogenes-recebe-medalha-do-merito-legislativo\/"},"author":{"name":"Comunica\u00e7\u00e3o PSOL","@id":"https:\/\/psol50.org.br\/#\/schema\/person\/475dfa57d0b815993c714c2e96491fcd"},"headline":"Delegado Prot\u00f3genes recebe Medalha do M\u00e9rito Legislativo","datePublished":"2008-12-10T00:00:00+00:00","mainEntityOfPage":{"@id":"https:\/\/psol50.org.br\/delegado-protogenes-recebe-medalha-do-merito-legislativo\/"},"wordCount":301,"commentCount":0,"publisher":{"@id":"https:\/\/psol50.org.br\/#organization"},"image":{"@id":"https:\/\/psol50.org.br\/delegado-protogenes-recebe-medalha-do-merito-legislativo\/#primaryimage"},"thumbnailUrl":"http:\/\/farm4.static.flickr.com\/3266\/3150828748_06a52d4131.jpg?v=1230647939","articleSection":["Arquivo"],"inLanguage":"pt-BR","potentialAction":[{"@type":"CommentAction","name":"Comment","target":["https:\/\/psol50.org.br\/delegado-protogenes-recebe-medalha-do-merito-legislativo\/#respond"]}]},{"@type":"WebPage","@id":"https:\/\/psol50.org.br\/delegado-protogenes-recebe-medalha-do-merito-legislativo\/","url":"https:\/\/psol50.org.br\/delegado-protogenes-recebe-medalha-do-merito-legislativo\/","name":"Delegado Prot\u00f3genes recebe Medalha do M\u00e9rito Legislativo - PSOL 50","isPartOf":{"@id":"https:\/\/psol50.org.br\/#website"},"primaryImageOfPage":{"@id":"https:\/\/psol50.org.br\/delegado-protogenes-recebe-medalha-do-merito-legislativo\/#primaryimage"},"image":{"@id":"https:\/\/psol50.org.br\/delegado-protogenes-recebe-medalha-do-merito-legislativo\/#primaryimage"},"thumbnailUrl":"http:\/\/farm4.static.flickr.com\/3266\/3150828748_06a52d4131.jpg?v=1230647939","datePublished":"2008-12-10T00:00:00+00:00","breadcrumb":{"@id":"https:\/\/psol50.org.br\/delegado-protogenes-recebe-medalha-do-merito-legislativo\/#breadcrumb"},"inLanguage":"pt-BR","potentialAction":[{"@type":"ReadAction","target":["https:\/\/psol50.org.br\/delegado-protogenes-recebe-medalha-do-merito-legislativo\/"]}]},{"@type":"ImageObject","inLanguage":"pt-BR","@id":"https:\/\/psol50.org.br\/delegado-protogenes-recebe-medalha-do-merito-legislativo\/#primaryimage","url":"http:\/\/farm4.static.flickr.com\/3266\/3150828748_06a52d4131.jpg?v=1230647939","contentUrl":"http:\/\/farm4.static.flickr.com\/3266\/3150828748_06a52d4131.jpg?v=1230647939"},{"@type":"BreadcrumbList","@id":"https:\/\/psol50.org.br\/delegado-protogenes-recebe-medalha-do-merito-legislativo\/#breadcrumb","itemListElement":[{"@type":"ListItem","position":1,"name":"In\u00edcio","item":"https:\/\/psol50.org.br\/"},{"@type":"ListItem","position":2,"name":"Delegado Prot\u00f3genes recebe Medalha do M\u00e9rito Legislativo"}]},{"@type":"WebSite","@id":"https:\/\/psol50.org.br\/#website","url":"https:\/\/psol50.org.br\/","name":"PSOL 50","description":"Site oficial do Partido Socialismo e Liberdade","publisher":{"@id":"https:\/\/psol50.org.br\/#organization"},"alternateName":"PSOL50","potentialAction":[{"@type":"SearchAction","target":{"@type":"EntryPoint","urlTemplate":"https:\/\/psol50.org.br\/?s={search_term_string}"},"query-input":{"@type":"PropertyValueSpecification","valueRequired":true,"valueName":"search_term_string"}}],"inLanguage":"pt-BR"},{"@type":"Organization","@id":"https:\/\/psol50.org.br\/#organization","name":"PSOL 50","alternateName":"PSOL 50","url":"https:\/\/psol50.org.br\/","logo":{"@type":"ImageObject","inLanguage":"pt-BR","@id":"https:\/\/psol50.org.br\/#\/schema\/logo\/image\/","url":"https:\/\/psol50.org.br\/inc\/uploads\/2018\/07\/capa.png","contentUrl":"https:\/\/psol50.org.br\/inc\/uploads\/2018\/07\/capa.png","width":1350,"height":900,"caption":"PSOL 50"},"image":{"@id":"https:\/\/psol50.org.br\/#\/schema\/logo\/image\/"},"sameAs":["https:\/\/www.facebook.com\/psol50","https:\/\/x.com\/psol50","https:\/\/www.instagram.com\/psol50\/","https:\/\/www.youtube.com\/channel\/UC7SnJS5o1os7a6CaiNabzcg"]},{"@type":"Person","@id":"https:\/\/psol50.org.br\/#\/schema\/person\/475dfa57d0b815993c714c2e96491fcd","name":"Comunica\u00e7\u00e3o PSOL","image":{"@type":"ImageObject","inLanguage":"pt-BR","@id":"https:\/\/psol50.org.br\/#\/schema\/person\/image\/","url":"https:\/\/secure.gravatar.com\/avatar\/b34fc4f4e468a4e51785917065a3db57b841f5c95dba6ad8c73aaf8f66f8f9bf?s=96&d=mm&r=g","contentUrl":"https:\/\/secure.gravatar.com\/avatar\/b34fc4f4e468a4e51785917065a3db57b841f5c95dba6ad8c73aaf8f66f8f9bf?s=96&d=mm&r=g","caption":"Comunica\u00e7\u00e3o PSOL"}}]}},"_links":{"self":[{"href":"https:\/\/psol50.org.br\/rest\/wp\/v2\/posts\/1296","targetHints":{"allow":["GET"]}}],"collection":[{"href":"https:\/\/psol50.org.br\/rest\/wp\/v2\/posts"}],"about":[{"href":"https:\/\/psol50.org.br\/rest\/wp\/v2\/types\/post"}],"author":[{"embeddable":true,"href":"https:\/\/psol50.org.br\/rest\/wp\/v2\/users\/2"}],"replies":[{"embeddable":true,"href":"https:\/\/psol50.org.br\/rest\/wp\/v2\/comments?post=1296"}],"version-history":[{"count":0,"href":"https:\/\/psol50.org.br\/rest\/wp\/v2\/posts\/1296\/revisions"}],"wp:attachment":[{"href":"https:\/\/psol50.org.br\/rest\/wp\/v2\/media?parent=1296"}],"wp:term":[{"taxonomy":"category","embeddable":true,"href":"https:\/\/psol50.org.br\/rest\/wp\/v2\/categories?post=1296"},{"taxonomy":"post_tag","embeddable":true,"href":"https:\/\/psol50.org.br\/rest\/wp\/v2\/tags?post=1296"}],"curies":[{"name":"wp","href":"https:\/\/api.w.org\/{rel}","templated":true}]}}