{"id":12963,"date":"2016-06-30T14:58:41","date_gmt":"2016-06-30T14:58:41","guid":{"rendered":"http:\/\/www.psol50.org.br\/?p=12963"},"modified":"2016-06-30T14:58:41","modified_gmt":"2016-06-30T14:58:41","slug":"lider-do-psol-repudia-assassinato-de-criancas-e-jovens-em-sao-paulo-pela-pm","status":"publish","type":"post","link":"https:\/\/psol50.org.br\/lider-do-psol-repudia-assassinato-de-criancas-e-jovens-em-sao-paulo-pela-pm\/","title":{"rendered":"L\u00edder do PSOL repudia assassinato de crian\u00e7as e jovens em S\u00e3o Paulo pela PM"},"content":{"rendered":"<p>O deputado Ivan Valente (SP), l\u00edder do PSOL, foi \u00e0 tribuna da C\u00e2mara repudiar os recentes assassinatos de duas crian\u00e7as e dois jovens em S\u00e3o Paulo e o total despreparo da Pol\u00edcia Militar. O deputado repudiou ainda a declara\u00e7\u00e3o do Secret\u00e1rio de Seguran\u00e7a P\u00fablica do estado, M\u00e1gino Alves Barbosa Filho, que disse que ainda vai analisar os casos, ocorridos neste m\u00eas, ao inv\u00e9s de j\u00e1 tomar as devidas provid\u00eancias para punir os respons\u00e1veis.<\/p>\n<p>&#8220;Isso \u00e9 assassinato. N\u00e3o tem o que analisar. Essa \u00e9 a l\u00f3gica da PM de S\u00e3o Paulo: primeiro atira pra matar, depois planta uma arma para incriminar. Uma testemunha presenciou o momento em que a pol\u00edcia jogou a arma dentro do carro para incriminar o garoto. Nos quatro assassinatos, todas as armas foram plantadas&#8221;, denuncia o deputado.<\/p>\n<p>Ivan Valente cobrou que o governador Geraldo Alckmin se manifeste imediatamente contra os assassinatos.<\/p>\n<p>Confira, abaixo, o v\u00eddeo com o pronunciamento do l\u00edder do PSOL.<\/p>\n<p><a href=\"https:\/\/www.facebook.com\/IvanValentePSOL\/videos\/1230443820333831\/\"><img loading=\"lazy\" decoding=\"async\" class=\"alignnone  wp-image-12964\" src=\"http:\/\/www.psol50.org.br\/2017teste\/inc\/uploads\/2016\/06\/Ivan-pronunciamento-29-06-16.jpg\" alt=\"Ivan pronunciamento 29-06-16\" width=\"532\" height=\"341\" \/><\/a><\/p>\n<p>&nbsp;<\/p>\n","protected":false},"excerpt":{"rendered":"<p>O deputado Ivan Valente (SP), l\u00edder do PSOL, foi \u00e0 tribuna da C\u00e2mara repudiar os recentes assassinatos de duas crian\u00e7as e dois jovens em S\u00e3o Paulo e o total despreparo da Pol\u00edcia Militar. O deputado repudiou ainda a declara\u00e7\u00e3o do Secret\u00e1rio de Seguran\u00e7a P\u00fablica do estado, M\u00e1gino Alves Barbosa Filho, que disse que ainda vai [&hellip;]<\/p>\n","protected":false},"author":2,"featured_media":12965,"comment_status":"open","ping_status":"open","sticky":false,"template":"","format":"standard","meta":{"_acf_changed":false,"footnotes":""},"categories":[10,654,6,2812],"tags":[3503,1093,4331,552,239,114,115,117],"class_list":{"0":"post-12963","1":"post","2":"type-post","3":"status-publish","4":"format-standard","5":"has-post-thumbnail","7":"category-acao-parlamentares","8":"category-estados","9":"category-noticias","10":"category-videos_tv","11":"tag-assassinatos","12":"tag-criancas","13":"tag-governador-geraldo-alckmin","14":"tag-ivan-valente","15":"tag-jovens","16":"tag-pm","17":"tag-policia-militar","18":"tag-sao-paulo"},"acf":[],"yoast_head":"<!-- This site is optimized with the Yoast SEO plugin v26.5 - https:\/\/yoast.com\/wordpress\/plugins\/seo\/ -->\n<title>L\u00edder do PSOL repudia assassinato de crian\u00e7as e jovens em S\u00e3o Paulo pela PM - PSOL 50<\/title>\n<meta name=\"robots\" content=\"index, follow, max-snippet:-1, max-image-preview:large, max-video-preview:-1\" \/>\n<link rel=\"canonical\" href=\"https:\/\/psol50.org.br\/lider-do-psol-repudia-assassinato-de-criancas-e-jovens-em-sao-paulo-pela-pm\/\" \/>\n<meta property=\"og:locale\" content=\"pt_BR\" \/>\n<meta property=\"og:type\" content=\"article\" \/>\n<meta property=\"og:title\" content=\"L\u00edder do PSOL repudia assassinato de crian\u00e7as e jovens em S\u00e3o Paulo pela PM - PSOL 50\" \/>\n<meta property=\"og:description\" content=\"O deputado Ivan Valente (SP), l\u00edder do PSOL, foi \u00e0 tribuna da C\u00e2mara repudiar os recentes assassinatos de duas crian\u00e7as e dois jovens em S\u00e3o Paulo e o total despreparo da Pol\u00edcia Militar. O deputado repudiou ainda a declara\u00e7\u00e3o do Secret\u00e1rio de Seguran\u00e7a P\u00fablica do estado, M\u00e1gino Alves Barbosa Filho, que disse que ainda vai [&hellip;]\" \/>\n<meta property=\"og:url\" content=\"https:\/\/psol50.org.br\/lider-do-psol-repudia-assassinato-de-criancas-e-jovens-em-sao-paulo-pela-pm\/\" \/>\n<meta property=\"og:site_name\" content=\"PSOL 50\" \/>\n<meta property=\"article:publisher\" content=\"https:\/\/www.facebook.com\/psol50\" \/>\n<meta property=\"article:published_time\" content=\"2016-06-30T14:58:41+00:00\" \/>\n<meta property=\"og:image\" content=\"https:\/\/psol50.org.br\/inc\/uploads\/2018\/07\/capa.png\" \/>\n\t<meta property=\"og:image:width\" content=\"1350\" \/>\n\t<meta property=\"og:image:height\" content=\"900\" \/>\n\t<meta property=\"og:image:type\" content=\"image\/png\" \/>\n<meta name=\"author\" content=\"Comunica\u00e7\u00e3o PSOL\" \/>\n<meta name=\"twitter:card\" content=\"summary_large_image\" \/>\n<meta name=\"twitter:creator\" content=\"@psol50\" \/>\n<meta name=\"twitter:site\" content=\"@psol50\" \/>\n<meta name=\"twitter:label1\" content=\"Escrito por\" \/>\n\t<meta name=\"twitter:data1\" content=\"Comunica\u00e7\u00e3o PSOL\" \/>\n\t<meta name=\"twitter:label2\" content=\"Est. tempo de leitura\" \/>\n\t<meta name=\"twitter:data2\" content=\"1 minuto\" \/>\n<script type=\"application\/ld+json\" class=\"yoast-schema-graph\">{\"@context\":\"https:\/\/schema.org\",\"@graph\":[{\"@type\":\"Article\",\"@id\":\"https:\/\/psol50.org.br\/lider-do-psol-repudia-assassinato-de-criancas-e-jovens-em-sao-paulo-pela-pm\/#article\",\"isPartOf\":{\"@id\":\"https:\/\/psol50.org.br\/lider-do-psol-repudia-assassinato-de-criancas-e-jovens-em-sao-paulo-pela-pm\/\"},\"author\":{\"name\":\"Comunica\u00e7\u00e3o PSOL\",\"@id\":\"https:\/\/psol50.org.br\/#\/schema\/person\/475dfa57d0b815993c714c2e96491fcd\"},\"headline\":\"L\u00edder do PSOL repudia assassinato de crian\u00e7as e jovens em S\u00e3o Paulo pela PM\",\"datePublished\":\"2016-06-30T14:58:41+00:00\",\"mainEntityOfPage\":{\"@id\":\"https:\/\/psol50.org.br\/lider-do-psol-repudia-assassinato-de-criancas-e-jovens-em-sao-paulo-pela-pm\/\"},\"wordCount\":190,\"commentCount\":0,\"publisher\":{\"@id\":\"https:\/\/psol50.org.br\/#organization\"},\"image\":{\"@id\":\"https:\/\/psol50.org.br\/lider-do-psol-repudia-assassinato-de-criancas-e-jovens-em-sao-paulo-pela-pm\/#primaryimage\"},\"thumbnailUrl\":\"\",\"keywords\":[\"assassinatos\",\"crian\u00e7as\",\"governador Geraldo Alckmin\",\"Ivan Valente\",\"jovens\",\"PM\",\"Pol\u00edcia Militar\",\"S\u00e3o Paulo\"],\"articleSection\":[\"A\u00e7\u00e3o Parlamentar\",\"Estados\",\"Not\u00edcias\",\"V\u00cdDEOS | MULTIM\u00cdDIA | FLC TV\"],\"inLanguage\":\"pt-BR\",\"potentialAction\":[{\"@type\":\"CommentAction\",\"name\":\"Comment\",\"target\":[\"https:\/\/psol50.org.br\/lider-do-psol-repudia-assassinato-de-criancas-e-jovens-em-sao-paulo-pela-pm\/#respond\"]}]},{\"@type\":\"WebPage\",\"@id\":\"https:\/\/psol50.org.br\/lider-do-psol-repudia-assassinato-de-criancas-e-jovens-em-sao-paulo-pela-pm\/\",\"url\":\"https:\/\/psol50.org.br\/lider-do-psol-repudia-assassinato-de-criancas-e-jovens-em-sao-paulo-pela-pm\/\",\"name\":\"L\u00edder do PSOL repudia assassinato de crian\u00e7as e jovens em S\u00e3o Paulo pela PM - PSOL 50\",\"isPartOf\":{\"@id\":\"https:\/\/psol50.org.br\/#website\"},\"primaryImageOfPage\":{\"@id\":\"https:\/\/psol50.org.br\/lider-do-psol-repudia-assassinato-de-criancas-e-jovens-em-sao-paulo-pela-pm\/#primaryimage\"},\"image\":{\"@id\":\"https:\/\/psol50.org.br\/lider-do-psol-repudia-assassinato-de-criancas-e-jovens-em-sao-paulo-pela-pm\/#primaryimage\"},\"thumbnailUrl\":\"\",\"datePublished\":\"2016-06-30T14:58:41+00:00\",\"breadcrumb\":{\"@id\":\"https:\/\/psol50.org.br\/lider-do-psol-repudia-assassinato-de-criancas-e-jovens-em-sao-paulo-pela-pm\/#breadcrumb\"},\"inLanguage\":\"pt-BR\",\"potentialAction\":[{\"@type\":\"ReadAction\",\"target\":[\"https:\/\/psol50.org.br\/lider-do-psol-repudia-assassinato-de-criancas-e-jovens-em-sao-paulo-pela-pm\/\"]}]},{\"@type\":\"ImageObject\",\"inLanguage\":\"pt-BR\",\"@id\":\"https:\/\/psol50.org.br\/lider-do-psol-repudia-assassinato-de-criancas-e-jovens-em-sao-paulo-pela-pm\/#primaryimage\",\"url\":\"\",\"contentUrl\":\"\"},{\"@type\":\"BreadcrumbList\",\"@id\":\"https:\/\/psol50.org.br\/lider-do-psol-repudia-assassinato-de-criancas-e-jovens-em-sao-paulo-pela-pm\/#breadcrumb\",\"itemListElement\":[{\"@type\":\"ListItem\",\"position\":1,\"name\":\"In\u00edcio\",\"item\":\"https:\/\/psol50.org.br\/\"},{\"@type\":\"ListItem\",\"position\":2,\"name\":\"L\u00edder do PSOL repudia assassinato de crian\u00e7as e jovens em S\u00e3o Paulo pela PM\"}]},{\"@type\":\"WebSite\",\"@id\":\"https:\/\/psol50.org.br\/#website\",\"url\":\"https:\/\/psol50.org.br\/\",\"name\":\"PSOL 50\",\"description\":\"Site oficial do Partido Socialismo e Liberdade\",\"publisher\":{\"@id\":\"https:\/\/psol50.org.br\/#organization\"},\"alternateName\":\"PSOL50\",\"potentialAction\":[{\"@type\":\"SearchAction\",\"target\":{\"@type\":\"EntryPoint\",\"urlTemplate\":\"https:\/\/psol50.org.br\/?s={search_term_string}\"},\"query-input\":{\"@type\":\"PropertyValueSpecification\",\"valueRequired\":true,\"valueName\":\"search_term_string\"}}],\"inLanguage\":\"pt-BR\"},{\"@type\":\"Organization\",\"@id\":\"https:\/\/psol50.org.br\/#organization\",\"name\":\"PSOL 50\",\"alternateName\":\"PSOL 50\",\"url\":\"https:\/\/psol50.org.br\/\",\"logo\":{\"@type\":\"ImageObject\",\"inLanguage\":\"pt-BR\",\"@id\":\"https:\/\/psol50.org.br\/#\/schema\/logo\/image\/\",\"url\":\"https:\/\/psol50.org.br\/inc\/uploads\/2018\/07\/capa.png\",\"contentUrl\":\"https:\/\/psol50.org.br\/inc\/uploads\/2018\/07\/capa.png\",\"width\":1350,\"height\":900,\"caption\":\"PSOL 50\"},\"image\":{\"@id\":\"https:\/\/psol50.org.br\/#\/schema\/logo\/image\/\"},\"sameAs\":[\"https:\/\/www.facebook.com\/psol50\",\"https:\/\/x.com\/psol50\",\"https:\/\/www.instagram.com\/psol50\/\",\"https:\/\/www.youtube.com\/channel\/UC7SnJS5o1os7a6CaiNabzcg\"]},{\"@type\":\"Person\",\"@id\":\"https:\/\/psol50.org.br\/#\/schema\/person\/475dfa57d0b815993c714c2e96491fcd\",\"name\":\"Comunica\u00e7\u00e3o PSOL\",\"image\":{\"@type\":\"ImageObject\",\"inLanguage\":\"pt-BR\",\"@id\":\"https:\/\/psol50.org.br\/#\/schema\/person\/image\/\",\"url\":\"https:\/\/secure.gravatar.com\/avatar\/b34fc4f4e468a4e51785917065a3db57b841f5c95dba6ad8c73aaf8f66f8f9bf?s=96&d=mm&r=g\",\"contentUrl\":\"https:\/\/secure.gravatar.com\/avatar\/b34fc4f4e468a4e51785917065a3db57b841f5c95dba6ad8c73aaf8f66f8f9bf?s=96&d=mm&r=g\",\"caption\":\"Comunica\u00e7\u00e3o PSOL\"}}]}<\/script>\n<!-- \/ Yoast SEO plugin. -->","yoast_head_json":{"title":"L\u00edder do PSOL repudia assassinato de crian\u00e7as e jovens em S\u00e3o Paulo pela PM - PSOL 50","robots":{"index":"index","follow":"follow","max-snippet":"max-snippet:-1","max-image-preview":"max-image-preview:large","max-video-preview":"max-video-preview:-1"},"canonical":"https:\/\/psol50.org.br\/lider-do-psol-repudia-assassinato-de-criancas-e-jovens-em-sao-paulo-pela-pm\/","og_locale":"pt_BR","og_type":"article","og_title":"L\u00edder do PSOL repudia assassinato de crian\u00e7as e jovens em S\u00e3o Paulo pela PM - PSOL 50","og_description":"O deputado Ivan Valente (SP), l\u00edder do PSOL, foi \u00e0 tribuna da C\u00e2mara repudiar os recentes assassinatos de duas crian\u00e7as e dois jovens em S\u00e3o Paulo e o total despreparo da Pol\u00edcia Militar. O deputado repudiou ainda a declara\u00e7\u00e3o do Secret\u00e1rio de Seguran\u00e7a P\u00fablica do estado, M\u00e1gino Alves Barbosa Filho, que disse que ainda vai [&hellip;]","og_url":"https:\/\/psol50.org.br\/lider-do-psol-repudia-assassinato-de-criancas-e-jovens-em-sao-paulo-pela-pm\/","og_site_name":"PSOL 50","article_publisher":"https:\/\/www.facebook.com\/psol50","article_published_time":"2016-06-30T14:58:41+00:00","og_image":[{"width":1350,"height":900,"url":"https:\/\/psol50.org.br\/inc\/uploads\/2018\/07\/capa.png","type":"image\/png"}],"author":"Comunica\u00e7\u00e3o PSOL","twitter_card":"summary_large_image","twitter_creator":"@psol50","twitter_site":"@psol50","twitter_misc":{"Escrito por":"Comunica\u00e7\u00e3o PSOL","Est. tempo de leitura":"1 minuto"},"schema":{"@context":"https:\/\/schema.org","@graph":[{"@type":"Article","@id":"https:\/\/psol50.org.br\/lider-do-psol-repudia-assassinato-de-criancas-e-jovens-em-sao-paulo-pela-pm\/#article","isPartOf":{"@id":"https:\/\/psol50.org.br\/lider-do-psol-repudia-assassinato-de-criancas-e-jovens-em-sao-paulo-pela-pm\/"},"author":{"name":"Comunica\u00e7\u00e3o PSOL","@id":"https:\/\/psol50.org.br\/#\/schema\/person\/475dfa57d0b815993c714c2e96491fcd"},"headline":"L\u00edder do PSOL repudia assassinato de crian\u00e7as e jovens em S\u00e3o Paulo pela PM","datePublished":"2016-06-30T14:58:41+00:00","mainEntityOfPage":{"@id":"https:\/\/psol50.org.br\/lider-do-psol-repudia-assassinato-de-criancas-e-jovens-em-sao-paulo-pela-pm\/"},"wordCount":190,"commentCount":0,"publisher":{"@id":"https:\/\/psol50.org.br\/#organization"},"image":{"@id":"https:\/\/psol50.org.br\/lider-do-psol-repudia-assassinato-de-criancas-e-jovens-em-sao-paulo-pela-pm\/#primaryimage"},"thumbnailUrl":"","keywords":["assassinatos","crian\u00e7as","governador Geraldo Alckmin","Ivan Valente","jovens","PM","Pol\u00edcia Militar","S\u00e3o Paulo"],"articleSection":["A\u00e7\u00e3o Parlamentar","Estados","Not\u00edcias","V\u00cdDEOS | MULTIM\u00cdDIA | FLC TV"],"inLanguage":"pt-BR","potentialAction":[{"@type":"CommentAction","name":"Comment","target":["https:\/\/psol50.org.br\/lider-do-psol-repudia-assassinato-de-criancas-e-jovens-em-sao-paulo-pela-pm\/#respond"]}]},{"@type":"WebPage","@id":"https:\/\/psol50.org.br\/lider-do-psol-repudia-assassinato-de-criancas-e-jovens-em-sao-paulo-pela-pm\/","url":"https:\/\/psol50.org.br\/lider-do-psol-repudia-assassinato-de-criancas-e-jovens-em-sao-paulo-pela-pm\/","name":"L\u00edder do PSOL repudia assassinato de crian\u00e7as e jovens em S\u00e3o Paulo pela PM - PSOL 50","isPartOf":{"@id":"https:\/\/psol50.org.br\/#website"},"primaryImageOfPage":{"@id":"https:\/\/psol50.org.br\/lider-do-psol-repudia-assassinato-de-criancas-e-jovens-em-sao-paulo-pela-pm\/#primaryimage"},"image":{"@id":"https:\/\/psol50.org.br\/lider-do-psol-repudia-assassinato-de-criancas-e-jovens-em-sao-paulo-pela-pm\/#primaryimage"},"thumbnailUrl":"","datePublished":"2016-06-30T14:58:41+00:00","breadcrumb":{"@id":"https:\/\/psol50.org.br\/lider-do-psol-repudia-assassinato-de-criancas-e-jovens-em-sao-paulo-pela-pm\/#breadcrumb"},"inLanguage":"pt-BR","potentialAction":[{"@type":"ReadAction","target":["https:\/\/psol50.org.br\/lider-do-psol-repudia-assassinato-de-criancas-e-jovens-em-sao-paulo-pela-pm\/"]}]},{"@type":"ImageObject","inLanguage":"pt-BR","@id":"https:\/\/psol50.org.br\/lider-do-psol-repudia-assassinato-de-criancas-e-jovens-em-sao-paulo-pela-pm\/#primaryimage","url":"","contentUrl":""},{"@type":"BreadcrumbList","@id":"https:\/\/psol50.org.br\/lider-do-psol-repudia-assassinato-de-criancas-e-jovens-em-sao-paulo-pela-pm\/#breadcrumb","itemListElement":[{"@type":"ListItem","position":1,"name":"In\u00edcio","item":"https:\/\/psol50.org.br\/"},{"@type":"ListItem","position":2,"name":"L\u00edder do PSOL repudia assassinato de crian\u00e7as e jovens em S\u00e3o Paulo pela PM"}]},{"@type":"WebSite","@id":"https:\/\/psol50.org.br\/#website","url":"https:\/\/psol50.org.br\/","name":"PSOL 50","description":"Site oficial do Partido Socialismo e Liberdade","publisher":{"@id":"https:\/\/psol50.org.br\/#organization"},"alternateName":"PSOL50","potentialAction":[{"@type":"SearchAction","target":{"@type":"EntryPoint","urlTemplate":"https:\/\/psol50.org.br\/?s={search_term_string}"},"query-input":{"@type":"PropertyValueSpecification","valueRequired":true,"valueName":"search_term_string"}}],"inLanguage":"pt-BR"},{"@type":"Organization","@id":"https:\/\/psol50.org.br\/#organization","name":"PSOL 50","alternateName":"PSOL 50","url":"https:\/\/psol50.org.br\/","logo":{"@type":"ImageObject","inLanguage":"pt-BR","@id":"https:\/\/psol50.org.br\/#\/schema\/logo\/image\/","url":"https:\/\/psol50.org.br\/inc\/uploads\/2018\/07\/capa.png","contentUrl":"https:\/\/psol50.org.br\/inc\/uploads\/2018\/07\/capa.png","width":1350,"height":900,"caption":"PSOL 50"},"image":{"@id":"https:\/\/psol50.org.br\/#\/schema\/logo\/image\/"},"sameAs":["https:\/\/www.facebook.com\/psol50","https:\/\/x.com\/psol50","https:\/\/www.instagram.com\/psol50\/","https:\/\/www.youtube.com\/channel\/UC7SnJS5o1os7a6CaiNabzcg"]},{"@type":"Person","@id":"https:\/\/psol50.org.br\/#\/schema\/person\/475dfa57d0b815993c714c2e96491fcd","name":"Comunica\u00e7\u00e3o PSOL","image":{"@type":"ImageObject","inLanguage":"pt-BR","@id":"https:\/\/psol50.org.br\/#\/schema\/person\/image\/","url":"https:\/\/secure.gravatar.com\/avatar\/b34fc4f4e468a4e51785917065a3db57b841f5c95dba6ad8c73aaf8f66f8f9bf?s=96&d=mm&r=g","contentUrl":"https:\/\/secure.gravatar.com\/avatar\/b34fc4f4e468a4e51785917065a3db57b841f5c95dba6ad8c73aaf8f66f8f9bf?s=96&d=mm&r=g","caption":"Comunica\u00e7\u00e3o PSOL"}}]}},"_links":{"self":[{"href":"https:\/\/psol50.org.br\/rest\/wp\/v2\/posts\/12963","targetHints":{"allow":["GET"]}}],"collection":[{"href":"https:\/\/psol50.org.br\/rest\/wp\/v2\/posts"}],"about":[{"href":"https:\/\/psol50.org.br\/rest\/wp\/v2\/types\/post"}],"author":[{"embeddable":true,"href":"https:\/\/psol50.org.br\/rest\/wp\/v2\/users\/2"}],"replies":[{"embeddable":true,"href":"https:\/\/psol50.org.br\/rest\/wp\/v2\/comments?post=12963"}],"version-history":[{"count":0,"href":"https:\/\/psol50.org.br\/rest\/wp\/v2\/posts\/12963\/revisions"}],"wp:featuredmedia":[{"embeddable":true,"href":"https:\/\/psol50.org.br\/rest\/"}],"wp:attachment":[{"href":"https:\/\/psol50.org.br\/rest\/wp\/v2\/media?parent=12963"}],"wp:term":[{"taxonomy":"category","embeddable":true,"href":"https:\/\/psol50.org.br\/rest\/wp\/v2\/categories?post=12963"},{"taxonomy":"post_tag","embeddable":true,"href":"https:\/\/psol50.org.br\/rest\/wp\/v2\/tags?post=12963"}],"curies":[{"name":"wp","href":"https:\/\/api.w.org\/{rel}","templated":true}]}}