{"id":12967,"date":"2016-07-01T12:40:51","date_gmt":"2016-07-01T12:40:51","guid":{"rendered":"http:\/\/www.psol50.org.br\/?p=12967"},"modified":"2016-07-01T12:40:51","modified_gmt":"2016-07-01T12:40:51","slug":"ivan-valente-quer-convocar-romero-juca-para-depor-na-cpi-do-carf","status":"publish","type":"post","link":"https:\/\/psol50.org.br\/ivan-valente-quer-convocar-romero-juca-para-depor-na-cpi-do-carf\/","title":{"rendered":"Ivan Valente quer convocar Romero Juc\u00e1 para depor na CPI do Carf"},"content":{"rendered":"<p>O deputado Ivan Valente (SP), l\u00edder do PSOL na C\u00e2mara, apresentou requerimento solicitando a convoca\u00e7\u00e3o do senador e ex-ministro do Planejamento, Romero Juc\u00e1 (PMDB\/RR), para prestar esclarecimentos na CPI do Carf (Conselho Administrativo de Recursos Fiscais). De acordo com relat\u00f3rio da Pol\u00edcia Federal, produzido pela Opera\u00e7\u00e3o Zelotes, Juc\u00e1 alterou conte\u00fado de uma medida provis\u00f3ria para beneficiar o Grupo Gerdau.<\/p>\n<p>&#8220;As den\u00fancias s\u00e3o grav\u00edssimas. \u00c9 urgente que o senador seja convocado e compare\u00e7a a esta CPI para prestar esclarecimentos&#8221;, ressalta Ivan Valente.<\/p>\n<p>As informa\u00e7\u00f5es do relat\u00f3rio foram publicadas pelo jornal <em>Folha de S\u00e3o Paulo<\/em>. Segundo a mat\u00e9ria, meses antes da MP 627\/13 \u2013 que impactava nas regras de tributa\u00e7\u00e3o do lucro das multinacionais no exterior e da qual o senador Romero Juc\u00e1 era relator-revisor \u2013 ser aprovada pelo Congresso, houve troca de e-mail\u00b4s entre o gabinete do senador e o presidente do Conselho de Administra\u00e7\u00e3o do Grupo Gerdau, Jorge Johhanpeter, contendo trechos para serem inclu\u00eddos na medida de forma a atender os interesses da empresa.<\/p>\n<p>A <em>Folha de S\u00e3o Paulo<\/em> confirmou que o par\u00e1grafo acrescido pelo consultor jur\u00eddico da Gerdau consta na vers\u00e3o final do texto da lei. Para a PF, o material &#8220;indica poss\u00edveis pr\u00e1ticas de negocia\u00e7\u00e3o ilegal de medidas provis\u00f3rias [&#8230;], tendo como contrapresta\u00e7\u00e3o doa\u00e7\u00f5es eleitorais&#8221;.<\/p>\n<p>Ainda de acordo com a publica\u00e7\u00e3o, o relat\u00f3rio policial salienta que s\u00f3 um dos bra\u00e7os do grupo Gerdau doou R$ 27,3 milh\u00f5es a partidos pol\u00edticos em 2014, &#8220;destacando-se como maiores recebedores, nessa ordem, PSDB, PT, PSB e PMDB&#8221;.<\/p>\n<p>Confira o <a href=\"http:\/\/www.camara.gov.br\/proposicoesWeb\/prop_mostrarintegra;jsessionid=5123441B2D44788A1FCC98A7127D5C65.proposicoesWeb2?codteor=1472344&amp;filename=REQ+390\/2016+CPICARF+%3D%3E+RCP+17\/2015\"><strong>requerimento<\/strong><\/a> apresentado pelo l\u00edder do PSOL. E leia tamb\u00e9m a mat\u00e9ria do jornal <a href=\"http:\/\/www1.folha.uol.com.br\/poder\/2016\/06\/1785521-policia-federal-diz-que-juca-mudou-medida-provisoria-a-pedido-de-gerdau.shtml\"><strong><em>Folha de S\u00e3o Paulo<\/em><\/strong><\/a>.<\/p>\n<p>&nbsp;<\/p>\n<p>&nbsp;<\/p>\n<p>&nbsp;<\/p>\n","protected":false},"excerpt":{"rendered":"<p>O deputado Ivan Valente (SP), l\u00edder do PSOL na C\u00e2mara, apresentou requerimento solicitando a convoca\u00e7\u00e3o do senador e ex-ministro do Planejamento, Romero Juc\u00e1 (PMDB\/RR), para prestar esclarecimentos na CPI do Carf (Conselho Administrativo de Recursos Fiscais). De acordo com relat\u00f3rio da Pol\u00edcia Federal, produzido pela Opera\u00e7\u00e3o Zelotes, Juc\u00e1 alterou conte\u00fado de uma medida provis\u00f3ria para [&hellip;]<\/p>\n","protected":false},"author":2,"featured_media":12968,"comment_status":"open","ping_status":"open","sticky":false,"template":"","format":"standard","meta":{"_acf_changed":false,"footnotes":""},"categories":[10,1882,6],"tags":[4332,4333,552,3009,1423,4334,3167],"class_list":{"0":"post-12967","1":"post","2":"type-post","3":"status-publish","4":"format-standard","5":"has-post-thumbnail","7":"category-acao-parlamentares","8":"category-brasil","9":"category-noticias","10":"tag-cpi-do-carf","11":"tag-grupo-gerdau","12":"tag-ivan-valente","13":"tag-lider-do-psol","14":"tag-medida-provisoria","15":"tag-operacao-zelotes","16":"tag-romero-juca"},"acf":[],"yoast_head":"<!-- This site is optimized with the Yoast SEO plugin v26.5 - https:\/\/yoast.com\/wordpress\/plugins\/seo\/ -->\n<title>Ivan Valente quer convocar Romero Juc\u00e1 para depor na CPI do Carf - PSOL 50<\/title>\n<meta name=\"robots\" content=\"index, follow, max-snippet:-1, max-image-preview:large, max-video-preview:-1\" \/>\n<link rel=\"canonical\" href=\"https:\/\/psol50.org.br\/ivan-valente-quer-convocar-romero-juca-para-depor-na-cpi-do-carf\/\" \/>\n<meta property=\"og:locale\" content=\"pt_BR\" \/>\n<meta property=\"og:type\" content=\"article\" \/>\n<meta property=\"og:title\" content=\"Ivan Valente quer convocar Romero Juc\u00e1 para depor na CPI do Carf - PSOL 50\" \/>\n<meta property=\"og:description\" content=\"O deputado Ivan Valente (SP), l\u00edder do PSOL na C\u00e2mara, apresentou requerimento solicitando a convoca\u00e7\u00e3o do senador e ex-ministro do Planejamento, Romero Juc\u00e1 (PMDB\/RR), para prestar esclarecimentos na CPI do Carf (Conselho Administrativo de Recursos Fiscais). De acordo com relat\u00f3rio da Pol\u00edcia Federal, produzido pela Opera\u00e7\u00e3o Zelotes, Juc\u00e1 alterou conte\u00fado de uma medida provis\u00f3ria para [&hellip;]\" \/>\n<meta property=\"og:url\" content=\"https:\/\/psol50.org.br\/ivan-valente-quer-convocar-romero-juca-para-depor-na-cpi-do-carf\/\" \/>\n<meta property=\"og:site_name\" content=\"PSOL 50\" \/>\n<meta property=\"article:publisher\" content=\"https:\/\/www.facebook.com\/psol50\" \/>\n<meta property=\"article:published_time\" content=\"2016-07-01T12:40:51+00:00\" \/>\n<meta property=\"og:image\" content=\"https:\/\/psol50.org.br\/inc\/uploads\/2018\/07\/capa.png\" \/>\n\t<meta property=\"og:image:width\" content=\"1350\" \/>\n\t<meta property=\"og:image:height\" content=\"900\" \/>\n\t<meta property=\"og:image:type\" content=\"image\/png\" \/>\n<meta name=\"author\" content=\"Comunica\u00e7\u00e3o PSOL\" \/>\n<meta name=\"twitter:card\" content=\"summary_large_image\" \/>\n<meta name=\"twitter:creator\" content=\"@psol50\" \/>\n<meta name=\"twitter:site\" content=\"@psol50\" \/>\n<meta name=\"twitter:label1\" content=\"Escrito por\" \/>\n\t<meta name=\"twitter:data1\" content=\"Comunica\u00e7\u00e3o PSOL\" \/>\n\t<meta name=\"twitter:label2\" content=\"Est. tempo de leitura\" \/>\n\t<meta name=\"twitter:data2\" content=\"2 minutos\" \/>\n<script type=\"application\/ld+json\" class=\"yoast-schema-graph\">{\"@context\":\"https:\/\/schema.org\",\"@graph\":[{\"@type\":\"Article\",\"@id\":\"https:\/\/psol50.org.br\/ivan-valente-quer-convocar-romero-juca-para-depor-na-cpi-do-carf\/#article\",\"isPartOf\":{\"@id\":\"https:\/\/psol50.org.br\/ivan-valente-quer-convocar-romero-juca-para-depor-na-cpi-do-carf\/\"},\"author\":{\"name\":\"Comunica\u00e7\u00e3o PSOL\",\"@id\":\"https:\/\/psol50.org.br\/#\/schema\/person\/475dfa57d0b815993c714c2e96491fcd\"},\"headline\":\"Ivan Valente quer convocar Romero Juc\u00e1 para depor na CPI do Carf\",\"datePublished\":\"2016-07-01T12:40:51+00:00\",\"mainEntityOfPage\":{\"@id\":\"https:\/\/psol50.org.br\/ivan-valente-quer-convocar-romero-juca-para-depor-na-cpi-do-carf\/\"},\"wordCount\":312,\"commentCount\":0,\"publisher\":{\"@id\":\"https:\/\/psol50.org.br\/#organization\"},\"image\":{\"@id\":\"https:\/\/psol50.org.br\/ivan-valente-quer-convocar-romero-juca-para-depor-na-cpi-do-carf\/#primaryimage\"},\"thumbnailUrl\":\"\",\"keywords\":[\"CPI do Carf\",\"Grupo Gerdau\",\"Ivan Valente\",\"l\u00edder do PSOL\",\"medida provis\u00f3ria\",\"Opera\u00e7\u00e3o Zelotes\",\"Romero Juc\u00e1\"],\"articleSection\":[\"A\u00e7\u00e3o Parlamentar\",\"Brasil\",\"Not\u00edcias\"],\"inLanguage\":\"pt-BR\",\"potentialAction\":[{\"@type\":\"CommentAction\",\"name\":\"Comment\",\"target\":[\"https:\/\/psol50.org.br\/ivan-valente-quer-convocar-romero-juca-para-depor-na-cpi-do-carf\/#respond\"]}]},{\"@type\":\"WebPage\",\"@id\":\"https:\/\/psol50.org.br\/ivan-valente-quer-convocar-romero-juca-para-depor-na-cpi-do-carf\/\",\"url\":\"https:\/\/psol50.org.br\/ivan-valente-quer-convocar-romero-juca-para-depor-na-cpi-do-carf\/\",\"name\":\"Ivan Valente quer convocar Romero Juc\u00e1 para depor na CPI do Carf - PSOL 50\",\"isPartOf\":{\"@id\":\"https:\/\/psol50.org.br\/#website\"},\"primaryImageOfPage\":{\"@id\":\"https:\/\/psol50.org.br\/ivan-valente-quer-convocar-romero-juca-para-depor-na-cpi-do-carf\/#primaryimage\"},\"image\":{\"@id\":\"https:\/\/psol50.org.br\/ivan-valente-quer-convocar-romero-juca-para-depor-na-cpi-do-carf\/#primaryimage\"},\"thumbnailUrl\":\"\",\"datePublished\":\"2016-07-01T12:40:51+00:00\",\"breadcrumb\":{\"@id\":\"https:\/\/psol50.org.br\/ivan-valente-quer-convocar-romero-juca-para-depor-na-cpi-do-carf\/#breadcrumb\"},\"inLanguage\":\"pt-BR\",\"potentialAction\":[{\"@type\":\"ReadAction\",\"target\":[\"https:\/\/psol50.org.br\/ivan-valente-quer-convocar-romero-juca-para-depor-na-cpi-do-carf\/\"]}]},{\"@type\":\"ImageObject\",\"inLanguage\":\"pt-BR\",\"@id\":\"https:\/\/psol50.org.br\/ivan-valente-quer-convocar-romero-juca-para-depor-na-cpi-do-carf\/#primaryimage\",\"url\":\"\",\"contentUrl\":\"\"},{\"@type\":\"BreadcrumbList\",\"@id\":\"https:\/\/psol50.org.br\/ivan-valente-quer-convocar-romero-juca-para-depor-na-cpi-do-carf\/#breadcrumb\",\"itemListElement\":[{\"@type\":\"ListItem\",\"position\":1,\"name\":\"In\u00edcio\",\"item\":\"https:\/\/psol50.org.br\/\"},{\"@type\":\"ListItem\",\"position\":2,\"name\":\"Ivan Valente quer convocar Romero Juc\u00e1 para depor na CPI do Carf\"}]},{\"@type\":\"WebSite\",\"@id\":\"https:\/\/psol50.org.br\/#website\",\"url\":\"https:\/\/psol50.org.br\/\",\"name\":\"PSOL 50\",\"description\":\"Site oficial do Partido Socialismo e Liberdade\",\"publisher\":{\"@id\":\"https:\/\/psol50.org.br\/#organization\"},\"alternateName\":\"PSOL50\",\"potentialAction\":[{\"@type\":\"SearchAction\",\"target\":{\"@type\":\"EntryPoint\",\"urlTemplate\":\"https:\/\/psol50.org.br\/?s={search_term_string}\"},\"query-input\":{\"@type\":\"PropertyValueSpecification\",\"valueRequired\":true,\"valueName\":\"search_term_string\"}}],\"inLanguage\":\"pt-BR\"},{\"@type\":\"Organization\",\"@id\":\"https:\/\/psol50.org.br\/#organization\",\"name\":\"PSOL 50\",\"alternateName\":\"PSOL 50\",\"url\":\"https:\/\/psol50.org.br\/\",\"logo\":{\"@type\":\"ImageObject\",\"inLanguage\":\"pt-BR\",\"@id\":\"https:\/\/psol50.org.br\/#\/schema\/logo\/image\/\",\"url\":\"https:\/\/psol50.org.br\/inc\/uploads\/2018\/07\/capa.png\",\"contentUrl\":\"https:\/\/psol50.org.br\/inc\/uploads\/2018\/07\/capa.png\",\"width\":1350,\"height\":900,\"caption\":\"PSOL 50\"},\"image\":{\"@id\":\"https:\/\/psol50.org.br\/#\/schema\/logo\/image\/\"},\"sameAs\":[\"https:\/\/www.facebook.com\/psol50\",\"https:\/\/x.com\/psol50\",\"https:\/\/www.instagram.com\/psol50\/\",\"https:\/\/www.youtube.com\/channel\/UC7SnJS5o1os7a6CaiNabzcg\"]},{\"@type\":\"Person\",\"@id\":\"https:\/\/psol50.org.br\/#\/schema\/person\/475dfa57d0b815993c714c2e96491fcd\",\"name\":\"Comunica\u00e7\u00e3o PSOL\",\"image\":{\"@type\":\"ImageObject\",\"inLanguage\":\"pt-BR\",\"@id\":\"https:\/\/psol50.org.br\/#\/schema\/person\/image\/\",\"url\":\"https:\/\/secure.gravatar.com\/avatar\/b34fc4f4e468a4e51785917065a3db57b841f5c95dba6ad8c73aaf8f66f8f9bf?s=96&d=mm&r=g\",\"contentUrl\":\"https:\/\/secure.gravatar.com\/avatar\/b34fc4f4e468a4e51785917065a3db57b841f5c95dba6ad8c73aaf8f66f8f9bf?s=96&d=mm&r=g\",\"caption\":\"Comunica\u00e7\u00e3o PSOL\"}}]}<\/script>\n<!-- \/ Yoast SEO plugin. -->","yoast_head_json":{"title":"Ivan Valente quer convocar Romero Juc\u00e1 para depor na CPI do Carf - PSOL 50","robots":{"index":"index","follow":"follow","max-snippet":"max-snippet:-1","max-image-preview":"max-image-preview:large","max-video-preview":"max-video-preview:-1"},"canonical":"https:\/\/psol50.org.br\/ivan-valente-quer-convocar-romero-juca-para-depor-na-cpi-do-carf\/","og_locale":"pt_BR","og_type":"article","og_title":"Ivan Valente quer convocar Romero Juc\u00e1 para depor na CPI do Carf - PSOL 50","og_description":"O deputado Ivan Valente (SP), l\u00edder do PSOL na C\u00e2mara, apresentou requerimento solicitando a convoca\u00e7\u00e3o do senador e ex-ministro do Planejamento, Romero Juc\u00e1 (PMDB\/RR), para prestar esclarecimentos na CPI do Carf (Conselho Administrativo de Recursos Fiscais). De acordo com relat\u00f3rio da Pol\u00edcia Federal, produzido pela Opera\u00e7\u00e3o Zelotes, Juc\u00e1 alterou conte\u00fado de uma medida provis\u00f3ria para [&hellip;]","og_url":"https:\/\/psol50.org.br\/ivan-valente-quer-convocar-romero-juca-para-depor-na-cpi-do-carf\/","og_site_name":"PSOL 50","article_publisher":"https:\/\/www.facebook.com\/psol50","article_published_time":"2016-07-01T12:40:51+00:00","og_image":[{"width":1350,"height":900,"url":"https:\/\/psol50.org.br\/inc\/uploads\/2018\/07\/capa.png","type":"image\/png"}],"author":"Comunica\u00e7\u00e3o PSOL","twitter_card":"summary_large_image","twitter_creator":"@psol50","twitter_site":"@psol50","twitter_misc":{"Escrito por":"Comunica\u00e7\u00e3o PSOL","Est. tempo de leitura":"2 minutos"},"schema":{"@context":"https:\/\/schema.org","@graph":[{"@type":"Article","@id":"https:\/\/psol50.org.br\/ivan-valente-quer-convocar-romero-juca-para-depor-na-cpi-do-carf\/#article","isPartOf":{"@id":"https:\/\/psol50.org.br\/ivan-valente-quer-convocar-romero-juca-para-depor-na-cpi-do-carf\/"},"author":{"name":"Comunica\u00e7\u00e3o PSOL","@id":"https:\/\/psol50.org.br\/#\/schema\/person\/475dfa57d0b815993c714c2e96491fcd"},"headline":"Ivan Valente quer convocar Romero Juc\u00e1 para depor na CPI do Carf","datePublished":"2016-07-01T12:40:51+00:00","mainEntityOfPage":{"@id":"https:\/\/psol50.org.br\/ivan-valente-quer-convocar-romero-juca-para-depor-na-cpi-do-carf\/"},"wordCount":312,"commentCount":0,"publisher":{"@id":"https:\/\/psol50.org.br\/#organization"},"image":{"@id":"https:\/\/psol50.org.br\/ivan-valente-quer-convocar-romero-juca-para-depor-na-cpi-do-carf\/#primaryimage"},"thumbnailUrl":"","keywords":["CPI do Carf","Grupo Gerdau","Ivan Valente","l\u00edder do PSOL","medida provis\u00f3ria","Opera\u00e7\u00e3o Zelotes","Romero Juc\u00e1"],"articleSection":["A\u00e7\u00e3o Parlamentar","Brasil","Not\u00edcias"],"inLanguage":"pt-BR","potentialAction":[{"@type":"CommentAction","name":"Comment","target":["https:\/\/psol50.org.br\/ivan-valente-quer-convocar-romero-juca-para-depor-na-cpi-do-carf\/#respond"]}]},{"@type":"WebPage","@id":"https:\/\/psol50.org.br\/ivan-valente-quer-convocar-romero-juca-para-depor-na-cpi-do-carf\/","url":"https:\/\/psol50.org.br\/ivan-valente-quer-convocar-romero-juca-para-depor-na-cpi-do-carf\/","name":"Ivan Valente quer convocar Romero Juc\u00e1 para depor na CPI do Carf - PSOL 50","isPartOf":{"@id":"https:\/\/psol50.org.br\/#website"},"primaryImageOfPage":{"@id":"https:\/\/psol50.org.br\/ivan-valente-quer-convocar-romero-juca-para-depor-na-cpi-do-carf\/#primaryimage"},"image":{"@id":"https:\/\/psol50.org.br\/ivan-valente-quer-convocar-romero-juca-para-depor-na-cpi-do-carf\/#primaryimage"},"thumbnailUrl":"","datePublished":"2016-07-01T12:40:51+00:00","breadcrumb":{"@id":"https:\/\/psol50.org.br\/ivan-valente-quer-convocar-romero-juca-para-depor-na-cpi-do-carf\/#breadcrumb"},"inLanguage":"pt-BR","potentialAction":[{"@type":"ReadAction","target":["https:\/\/psol50.org.br\/ivan-valente-quer-convocar-romero-juca-para-depor-na-cpi-do-carf\/"]}]},{"@type":"ImageObject","inLanguage":"pt-BR","@id":"https:\/\/psol50.org.br\/ivan-valente-quer-convocar-romero-juca-para-depor-na-cpi-do-carf\/#primaryimage","url":"","contentUrl":""},{"@type":"BreadcrumbList","@id":"https:\/\/psol50.org.br\/ivan-valente-quer-convocar-romero-juca-para-depor-na-cpi-do-carf\/#breadcrumb","itemListElement":[{"@type":"ListItem","position":1,"name":"In\u00edcio","item":"https:\/\/psol50.org.br\/"},{"@type":"ListItem","position":2,"name":"Ivan Valente quer convocar Romero Juc\u00e1 para depor na CPI do Carf"}]},{"@type":"WebSite","@id":"https:\/\/psol50.org.br\/#website","url":"https:\/\/psol50.org.br\/","name":"PSOL 50","description":"Site oficial do Partido Socialismo e Liberdade","publisher":{"@id":"https:\/\/psol50.org.br\/#organization"},"alternateName":"PSOL50","potentialAction":[{"@type":"SearchAction","target":{"@type":"EntryPoint","urlTemplate":"https:\/\/psol50.org.br\/?s={search_term_string}"},"query-input":{"@type":"PropertyValueSpecification","valueRequired":true,"valueName":"search_term_string"}}],"inLanguage":"pt-BR"},{"@type":"Organization","@id":"https:\/\/psol50.org.br\/#organization","name":"PSOL 50","alternateName":"PSOL 50","url":"https:\/\/psol50.org.br\/","logo":{"@type":"ImageObject","inLanguage":"pt-BR","@id":"https:\/\/psol50.org.br\/#\/schema\/logo\/image\/","url":"https:\/\/psol50.org.br\/inc\/uploads\/2018\/07\/capa.png","contentUrl":"https:\/\/psol50.org.br\/inc\/uploads\/2018\/07\/capa.png","width":1350,"height":900,"caption":"PSOL 50"},"image":{"@id":"https:\/\/psol50.org.br\/#\/schema\/logo\/image\/"},"sameAs":["https:\/\/www.facebook.com\/psol50","https:\/\/x.com\/psol50","https:\/\/www.instagram.com\/psol50\/","https:\/\/www.youtube.com\/channel\/UC7SnJS5o1os7a6CaiNabzcg"]},{"@type":"Person","@id":"https:\/\/psol50.org.br\/#\/schema\/person\/475dfa57d0b815993c714c2e96491fcd","name":"Comunica\u00e7\u00e3o PSOL","image":{"@type":"ImageObject","inLanguage":"pt-BR","@id":"https:\/\/psol50.org.br\/#\/schema\/person\/image\/","url":"https:\/\/secure.gravatar.com\/avatar\/b34fc4f4e468a4e51785917065a3db57b841f5c95dba6ad8c73aaf8f66f8f9bf?s=96&d=mm&r=g","contentUrl":"https:\/\/secure.gravatar.com\/avatar\/b34fc4f4e468a4e51785917065a3db57b841f5c95dba6ad8c73aaf8f66f8f9bf?s=96&d=mm&r=g","caption":"Comunica\u00e7\u00e3o PSOL"}}]}},"_links":{"self":[{"href":"https:\/\/psol50.org.br\/rest\/wp\/v2\/posts\/12967","targetHints":{"allow":["GET"]}}],"collection":[{"href":"https:\/\/psol50.org.br\/rest\/wp\/v2\/posts"}],"about":[{"href":"https:\/\/psol50.org.br\/rest\/wp\/v2\/types\/post"}],"author":[{"embeddable":true,"href":"https:\/\/psol50.org.br\/rest\/wp\/v2\/users\/2"}],"replies":[{"embeddable":true,"href":"https:\/\/psol50.org.br\/rest\/wp\/v2\/comments?post=12967"}],"version-history":[{"count":0,"href":"https:\/\/psol50.org.br\/rest\/wp\/v2\/posts\/12967\/revisions"}],"wp:featuredmedia":[{"embeddable":true,"href":"https:\/\/psol50.org.br\/rest\/"}],"wp:attachment":[{"href":"https:\/\/psol50.org.br\/rest\/wp\/v2\/media?parent=12967"}],"wp:term":[{"taxonomy":"category","embeddable":true,"href":"https:\/\/psol50.org.br\/rest\/wp\/v2\/categories?post=12967"},{"taxonomy":"post_tag","embeddable":true,"href":"https:\/\/psol50.org.br\/rest\/wp\/v2\/tags?post=12967"}],"curies":[{"name":"wp","href":"https:\/\/api.w.org\/{rel}","templated":true}]}}