{"id":12983,"date":"2016-07-04T15:43:10","date_gmt":"2016-07-04T15:43:10","guid":{"rendered":"http:\/\/www.psol50.org.br\/?p=12983"},"modified":"2016-07-04T15:43:10","modified_gmt":"2016-07-04T15:43:10","slug":"seminario-eleitoral-do-psol-sp-reune-83-municipios-em-dois-dias-de-trabalho-intenso","status":"publish","type":"post","link":"https:\/\/psol50.org.br\/seminario-eleitoral-do-psol-sp-reune-83-municipios-em-dois-dias-de-trabalho-intenso\/","title":{"rendered":"Semin\u00e1rio Eleitoral do PSOL-SP re\u00fane 83 munic\u00edpios em dois dias de trabalho intenso"},"content":{"rendered":"<p><span style=\"font-size: 13px\"><em>Fonte: <a href=\"http:\/\/psol50sp.org.br\/\">PSOL-SP<\/a><\/p>\n<p><\/em><\/span>No \u00faltimo final de semana, dias 2 e 3 de julho, o\u00a0<a href=\"https:\/\/www.facebook.com\/psolsp\/\">Diret\u00f3rio Estadual do PSOL-SP<\/a> promoveu o semin\u00e1rio Estadual Eleitoral, na sede da\u00a0<a href=\"http:\/\/www.laurocampos.org.br\/\">Funda\u00e7\u00e3o Lauro Campos<\/a>. Com a presen\u00e7a de representantes de 83 munic\u00edpios e de membros da dire\u00e7\u00e3o estadual do partido, o evento apresentou instrumentos para a elabora\u00e7\u00e3o das campanhas e apontou diretrizes program\u00e1ticas para as elei\u00e7\u00f5es de 2016. O semin\u00e1rio tamb\u00e9m serviu para a distribui\u00e7\u00e3o de materiais gr\u00e1ficos do partido, bandeiras e adesivos, como forma de consolidar a imagem do PSOL em todo o estado de S\u00e3o Paulo.<\/p>\n<p>O presidente estadual do PSOL, Juninho, abriu as atividades do semin\u00e1rio, apresentando os desafios para o pleito deste ano, ressaltando as dificuldades que t\u00eam origem nas recentes mudan\u00e7as na legisla\u00e7\u00e3o eleitoral, efeito da minirreforma pol\u00edtica encampada por Eduardo Cunha. \u201cEsse semin\u00e1rio tem o objetivo de dar condi\u00e7\u00f5es m\u00ednimas aos munic\u00edpios, para que possam tocar os desafios de uma campanha que ser\u00e1 desigual devido o poder econ\u00f4mico de nossos advers\u00e1rios, da velha pol\u00edtica, mas temos de ir pras ruas conquistar cora\u00e7\u00f5es e mentes para um projeto de transforma\u00e7\u00e3o, e para dizer que o sonho pode governar\u201d, afirmou o presidente, que tamb\u00e9m \u00e9 pr\u00e9-candidato \u00e0 Prefeitura de Embu das Artes.<\/p>\n<p>A programa\u00e7\u00e3o do evento foi distribu\u00edda em dois dias. No primeiro, o foco foi nas quest\u00f5es organizativas, com orienta\u00e7\u00f5es sobre registro das candidaturas e presta\u00e7\u00f5es de contas, em atividade coordenada por Jos\u00e9 Ibiapino, secret\u00e1rio de finan\u00e7as do PSOL-SP, e por Alberto Canuto, advogado que presta assessoria eleitoral ao partido no estado. O primeiro dia contou, ainda, com uma oficina, coordenada por Tamires, da comunica\u00e7\u00e3o do Juntos, e Claudio Zamboni, do mandato do deputado federal Ivan Valente, sobre o papel das redes sociais na luta pol\u00edtica, elemento central na disputa pol\u00edtica contempor\u00e2nea, que serve para alcan\u00e7ar pessoas e difundir ideias.<\/p>\n<p>O segundo dia de trabalhos teve como foco as diretrizes program\u00e1ticas que devem ser apresentadas em todas as campanhas do PSOL no estado de S\u00e3o Paulo. Marcio Rosa, da dire\u00e7\u00e3o do PSOL da capital paulista, apontou que a invers\u00e3o de prioridades deve se apresentar como eixo organizador, tendo outros elementos, como a necessidade de radicaliza\u00e7\u00e3o da democracia com a amplia\u00e7\u00e3o da participa\u00e7\u00e3o popular, a transpar\u00eancia e o ecossocialismo como integrantes do programa. Camila Souza, do diret\u00f3rio estadual, relembrou que as Jornadas de Junho trouxeram vit\u00f3rias para os que lutam pelo direito \u00e0 cidade, mostrando a necessidade de mobiliza\u00e7\u00e3o popular na constru\u00e7\u00e3o da governabilidade de um projeto de esquerda. Por fim, Rafael Moia, do\u00a0<a href=\"https:\/\/www.facebook.com\/PsolCampinas\/\">PSOL de Campinas<\/a>, subsidiou o debate com informa\u00e7\u00f5es relativas \u00e0 Lei da Transpar\u00eancia e \u00e0 constru\u00e7\u00e3o das leis org\u00e2nicas dos munic\u00edpios.<\/p>\n<p><span style=\"font-size: 13px\"><em>Foto: Shlo<\/em><\/span><br \/>\n<a href=\"https:\/\/www.facebook.com\/IvanValentePSOL\/\"><img loading=\"lazy\" decoding=\"async\" class=\"wp-image-12985 alignleft\" src=\"http:\/\/www.psol50.org.br\/inc\/uploads\/2016\/07\/Tati-e-Ivan-Semin\u00e1rio-PSOL-SP.jpg\" alt=\"Tati-e-Ivan - Semin\u00e1rio PSOL-SP\" width=\"403\" height=\"268\" \/><\/a><a href=\"https:\/\/www.facebook.com\/IvanValentePSOL\/\">O deputado federal Ivan Valente<\/a>\u00a0esteve presente para fazer uma sauda\u00e7\u00e3o aos participantes no primeiro dia, quando destacou a import\u00e2ncia da organiza\u00e7\u00e3o partid\u00e1ria para a constru\u00e7\u00e3o da luta pol\u00edtica no estado de S\u00e3o Paulo. J\u00e1 no domingo, o deputado estadual\u00a0<a href=\"https:\/\/www.facebook.com\/carlosgiannazioficial\/\">Carlos Giannazi<\/a>\u00a0falou da import\u00e2ncia da luta da bancada do PSOL na Assembleia Legislativa, e Isabela Goes apresentou a cartilha com 50 propostas feministas produzidas pelo\u00a0<a href=\"https:\/\/www.facebook.com\/mulheresdopsol\/\">Setorial Nacional de Mulheres<\/a>\u00a0do partido.<br \/>\nO desafio para 2016 \u00e9 grande e o PSOL deve estar preparado para se consolidar \u00e0 altura do tamanho do Brasil, qualificando a discuss\u00e3o, com \u00e9tica, combatendo as oligarquias e as velhas formas de fazer pol\u00edtica. Ao final do semin\u00e1rio, o presidente Juninho disse: \u201cmais do que um impulso da dire\u00e7\u00e3o estadual para os munic\u00edpios, com prepara\u00e7\u00e3o e distribui\u00e7\u00e3o de materiais, a melhor parte de um encontro como esse \u00e9 a troca de conhecimentos de experi\u00eancias, onde a gente se fortalece coletivamente.\u201d<\/p>\n<p>&nbsp;<\/p>\n","protected":false},"excerpt":{"rendered":"<p>Fonte: PSOL-SP No \u00faltimo final de semana, dias 2 e 3 de julho, o\u00a0Diret\u00f3rio Estadual do PSOL-SP promoveu o semin\u00e1rio Estadual Eleitoral, na sede da\u00a0Funda\u00e7\u00e3o Lauro Campos. Com a presen\u00e7a de representantes de 83 munic\u00edpios e de membros da dire\u00e7\u00e3o estadual do partido, o evento apresentou instrumentos para a elabora\u00e7\u00e3o das campanhas e apontou diretrizes [&hellip;]<\/p>\n","protected":false},"author":2,"featured_media":12984,"comment_status":"open","ping_status":"open","sticky":false,"template":"","format":"standard","meta":{"_acf_changed":false,"footnotes":""},"categories":[654,6,14],"tags":[1589,4346,343,552,1196,2277,4347],"class_list":{"0":"post-12983","1":"post","2":"type-post","3":"status-publish","4":"format-standard","5":"has-post-thumbnail","7":"category-estados","8":"category-noticias","9":"category-partido","10":"tag-carlos-giannazi","11":"tag-diretorio-estadual-do-psol-sp","12":"tag-eleicoes","13":"tag-ivan-valente","14":"tag-juninho","15":"tag-psol-sp","16":"tag-seminario-estadual-eleitoral"},"acf":[],"yoast_head":"<!-- This site is optimized with the Yoast SEO plugin v26.5 - https:\/\/yoast.com\/wordpress\/plugins\/seo\/ -->\n<title>Semin\u00e1rio Eleitoral do PSOL-SP re\u00fane 83 munic\u00edpios em dois dias de trabalho intenso - PSOL 50<\/title>\n<meta name=\"robots\" content=\"index, follow, max-snippet:-1, max-image-preview:large, max-video-preview:-1\" \/>\n<link rel=\"canonical\" href=\"https:\/\/psol50.org.br\/seminario-eleitoral-do-psol-sp-reune-83-municipios-em-dois-dias-de-trabalho-intenso\/\" \/>\n<meta property=\"og:locale\" content=\"pt_BR\" \/>\n<meta property=\"og:type\" content=\"article\" \/>\n<meta property=\"og:title\" content=\"Semin\u00e1rio Eleitoral do PSOL-SP re\u00fane 83 munic\u00edpios em dois dias de trabalho intenso - PSOL 50\" \/>\n<meta property=\"og:description\" content=\"Fonte: PSOL-SP No \u00faltimo final de semana, dias 2 e 3 de julho, o\u00a0Diret\u00f3rio Estadual do PSOL-SP promoveu o semin\u00e1rio Estadual Eleitoral, na sede da\u00a0Funda\u00e7\u00e3o Lauro Campos. Com a presen\u00e7a de representantes de 83 munic\u00edpios e de membros da dire\u00e7\u00e3o estadual do partido, o evento apresentou instrumentos para a elabora\u00e7\u00e3o das campanhas e apontou diretrizes [&hellip;]\" \/>\n<meta property=\"og:url\" content=\"https:\/\/psol50.org.br\/seminario-eleitoral-do-psol-sp-reune-83-municipios-em-dois-dias-de-trabalho-intenso\/\" \/>\n<meta property=\"og:site_name\" content=\"PSOL 50\" \/>\n<meta property=\"article:publisher\" content=\"https:\/\/www.facebook.com\/psol50\" \/>\n<meta property=\"article:published_time\" content=\"2016-07-04T15:43:10+00:00\" \/>\n<meta property=\"og:image\" content=\"https:\/\/psol50.org.br\/inc\/uploads\/2016\/07\/Seminario-PSOL-2-Alia-Halat.jpg\" \/>\n\t<meta property=\"og:image:width\" content=\"888\" \/>\n\t<meta property=\"og:image:height\" content=\"412\" \/>\n\t<meta property=\"og:image:type\" content=\"image\/jpeg\" \/>\n<meta name=\"author\" content=\"Comunica\u00e7\u00e3o PSOL\" \/>\n<meta name=\"twitter:card\" content=\"summary_large_image\" \/>\n<meta name=\"twitter:creator\" content=\"@psol50\" \/>\n<meta name=\"twitter:site\" content=\"@psol50\" \/>\n<meta name=\"twitter:label1\" content=\"Escrito por\" \/>\n\t<meta name=\"twitter:data1\" content=\"Comunica\u00e7\u00e3o PSOL\" \/>\n\t<meta name=\"twitter:label2\" content=\"Est. tempo de leitura\" \/>\n\t<meta name=\"twitter:data2\" content=\"3 minutos\" \/>\n<script type=\"application\/ld+json\" class=\"yoast-schema-graph\">{\"@context\":\"https:\/\/schema.org\",\"@graph\":[{\"@type\":\"Article\",\"@id\":\"https:\/\/psol50.org.br\/seminario-eleitoral-do-psol-sp-reune-83-municipios-em-dois-dias-de-trabalho-intenso\/#article\",\"isPartOf\":{\"@id\":\"https:\/\/psol50.org.br\/seminario-eleitoral-do-psol-sp-reune-83-municipios-em-dois-dias-de-trabalho-intenso\/\"},\"author\":{\"name\":\"Comunica\u00e7\u00e3o PSOL\",\"@id\":\"https:\/\/psol50.org.br\/#\/schema\/person\/475dfa57d0b815993c714c2e96491fcd\"},\"headline\":\"Semin\u00e1rio Eleitoral do PSOL-SP re\u00fane 83 munic\u00edpios em dois dias de trabalho intenso\",\"datePublished\":\"2016-07-04T15:43:10+00:00\",\"mainEntityOfPage\":{\"@id\":\"https:\/\/psol50.org.br\/seminario-eleitoral-do-psol-sp-reune-83-municipios-em-dois-dias-de-trabalho-intenso\/\"},\"wordCount\":667,\"commentCount\":0,\"publisher\":{\"@id\":\"https:\/\/psol50.org.br\/#organization\"},\"image\":{\"@id\":\"https:\/\/psol50.org.br\/seminario-eleitoral-do-psol-sp-reune-83-municipios-em-dois-dias-de-trabalho-intenso\/#primaryimage\"},\"thumbnailUrl\":\"https:\/\/psol50.org.br\/inc\/uploads\/2016\/07\/Seminario-PSOL-2-Alia-Halat.jpg\",\"keywords\":[\"Carlos Giannazi\",\"Diret\u00f3rio Estadual do PSOL-SP\",\"elei\u00e7\u00f5es\",\"Ivan Valente\",\"Juninho\",\"PSOL-SP\",\"semin\u00e1rio Estadual Eleitoral\"],\"articleSection\":[\"Estados\",\"Not\u00edcias\",\"Partido\"],\"inLanguage\":\"pt-BR\",\"potentialAction\":[{\"@type\":\"CommentAction\",\"name\":\"Comment\",\"target\":[\"https:\/\/psol50.org.br\/seminario-eleitoral-do-psol-sp-reune-83-municipios-em-dois-dias-de-trabalho-intenso\/#respond\"]}]},{\"@type\":\"WebPage\",\"@id\":\"https:\/\/psol50.org.br\/seminario-eleitoral-do-psol-sp-reune-83-municipios-em-dois-dias-de-trabalho-intenso\/\",\"url\":\"https:\/\/psol50.org.br\/seminario-eleitoral-do-psol-sp-reune-83-municipios-em-dois-dias-de-trabalho-intenso\/\",\"name\":\"Semin\u00e1rio Eleitoral do PSOL-SP re\u00fane 83 munic\u00edpios em dois dias de trabalho intenso - PSOL 50\",\"isPartOf\":{\"@id\":\"https:\/\/psol50.org.br\/#website\"},\"primaryImageOfPage\":{\"@id\":\"https:\/\/psol50.org.br\/seminario-eleitoral-do-psol-sp-reune-83-municipios-em-dois-dias-de-trabalho-intenso\/#primaryimage\"},\"image\":{\"@id\":\"https:\/\/psol50.org.br\/seminario-eleitoral-do-psol-sp-reune-83-municipios-em-dois-dias-de-trabalho-intenso\/#primaryimage\"},\"thumbnailUrl\":\"https:\/\/psol50.org.br\/inc\/uploads\/2016\/07\/Seminario-PSOL-2-Alia-Halat.jpg\",\"datePublished\":\"2016-07-04T15:43:10+00:00\",\"breadcrumb\":{\"@id\":\"https:\/\/psol50.org.br\/seminario-eleitoral-do-psol-sp-reune-83-municipios-em-dois-dias-de-trabalho-intenso\/#breadcrumb\"},\"inLanguage\":\"pt-BR\",\"potentialAction\":[{\"@type\":\"ReadAction\",\"target\":[\"https:\/\/psol50.org.br\/seminario-eleitoral-do-psol-sp-reune-83-municipios-em-dois-dias-de-trabalho-intenso\/\"]}]},{\"@type\":\"ImageObject\",\"inLanguage\":\"pt-BR\",\"@id\":\"https:\/\/psol50.org.br\/seminario-eleitoral-do-psol-sp-reune-83-municipios-em-dois-dias-de-trabalho-intenso\/#primaryimage\",\"url\":\"https:\/\/psol50.org.br\/inc\/uploads\/2016\/07\/Seminario-PSOL-2-Alia-Halat.jpg\",\"contentUrl\":\"https:\/\/psol50.org.br\/inc\/uploads\/2016\/07\/Seminario-PSOL-2-Alia-Halat.jpg\",\"width\":888,\"height\":412},{\"@type\":\"BreadcrumbList\",\"@id\":\"https:\/\/psol50.org.br\/seminario-eleitoral-do-psol-sp-reune-83-municipios-em-dois-dias-de-trabalho-intenso\/#breadcrumb\",\"itemListElement\":[{\"@type\":\"ListItem\",\"position\":1,\"name\":\"In\u00edcio\",\"item\":\"https:\/\/psol50.org.br\/\"},{\"@type\":\"ListItem\",\"position\":2,\"name\":\"Semin\u00e1rio Eleitoral do PSOL-SP re\u00fane 83 munic\u00edpios em dois dias de trabalho intenso\"}]},{\"@type\":\"WebSite\",\"@id\":\"https:\/\/psol50.org.br\/#website\",\"url\":\"https:\/\/psol50.org.br\/\",\"name\":\"PSOL 50\",\"description\":\"Site oficial do Partido Socialismo e Liberdade\",\"publisher\":{\"@id\":\"https:\/\/psol50.org.br\/#organization\"},\"alternateName\":\"PSOL50\",\"potentialAction\":[{\"@type\":\"SearchAction\",\"target\":{\"@type\":\"EntryPoint\",\"urlTemplate\":\"https:\/\/psol50.org.br\/?s={search_term_string}\"},\"query-input\":{\"@type\":\"PropertyValueSpecification\",\"valueRequired\":true,\"valueName\":\"search_term_string\"}}],\"inLanguage\":\"pt-BR\"},{\"@type\":\"Organization\",\"@id\":\"https:\/\/psol50.org.br\/#organization\",\"name\":\"PSOL 50\",\"alternateName\":\"PSOL 50\",\"url\":\"https:\/\/psol50.org.br\/\",\"logo\":{\"@type\":\"ImageObject\",\"inLanguage\":\"pt-BR\",\"@id\":\"https:\/\/psol50.org.br\/#\/schema\/logo\/image\/\",\"url\":\"https:\/\/psol50.org.br\/inc\/uploads\/2018\/07\/capa.png\",\"contentUrl\":\"https:\/\/psol50.org.br\/inc\/uploads\/2018\/07\/capa.png\",\"width\":1350,\"height\":900,\"caption\":\"PSOL 50\"},\"image\":{\"@id\":\"https:\/\/psol50.org.br\/#\/schema\/logo\/image\/\"},\"sameAs\":[\"https:\/\/www.facebook.com\/psol50\",\"https:\/\/x.com\/psol50\",\"https:\/\/www.instagram.com\/psol50\/\",\"https:\/\/www.youtube.com\/channel\/UC7SnJS5o1os7a6CaiNabzcg\"]},{\"@type\":\"Person\",\"@id\":\"https:\/\/psol50.org.br\/#\/schema\/person\/475dfa57d0b815993c714c2e96491fcd\",\"name\":\"Comunica\u00e7\u00e3o PSOL\",\"image\":{\"@type\":\"ImageObject\",\"inLanguage\":\"pt-BR\",\"@id\":\"https:\/\/psol50.org.br\/#\/schema\/person\/image\/\",\"url\":\"https:\/\/secure.gravatar.com\/avatar\/b34fc4f4e468a4e51785917065a3db57b841f5c95dba6ad8c73aaf8f66f8f9bf?s=96&d=mm&r=g\",\"contentUrl\":\"https:\/\/secure.gravatar.com\/avatar\/b34fc4f4e468a4e51785917065a3db57b841f5c95dba6ad8c73aaf8f66f8f9bf?s=96&d=mm&r=g\",\"caption\":\"Comunica\u00e7\u00e3o PSOL\"}}]}<\/script>\n<!-- \/ Yoast SEO plugin. -->","yoast_head_json":{"title":"Semin\u00e1rio Eleitoral do PSOL-SP re\u00fane 83 munic\u00edpios em dois dias de trabalho intenso - PSOL 50","robots":{"index":"index","follow":"follow","max-snippet":"max-snippet:-1","max-image-preview":"max-image-preview:large","max-video-preview":"max-video-preview:-1"},"canonical":"https:\/\/psol50.org.br\/seminario-eleitoral-do-psol-sp-reune-83-municipios-em-dois-dias-de-trabalho-intenso\/","og_locale":"pt_BR","og_type":"article","og_title":"Semin\u00e1rio Eleitoral do PSOL-SP re\u00fane 83 munic\u00edpios em dois dias de trabalho intenso - PSOL 50","og_description":"Fonte: PSOL-SP No \u00faltimo final de semana, dias 2 e 3 de julho, o\u00a0Diret\u00f3rio Estadual do PSOL-SP promoveu o semin\u00e1rio Estadual Eleitoral, na sede da\u00a0Funda\u00e7\u00e3o Lauro Campos. Com a presen\u00e7a de representantes de 83 munic\u00edpios e de membros da dire\u00e7\u00e3o estadual do partido, o evento apresentou instrumentos para a elabora\u00e7\u00e3o das campanhas e apontou diretrizes [&hellip;]","og_url":"https:\/\/psol50.org.br\/seminario-eleitoral-do-psol-sp-reune-83-municipios-em-dois-dias-de-trabalho-intenso\/","og_site_name":"PSOL 50","article_publisher":"https:\/\/www.facebook.com\/psol50","article_published_time":"2016-07-04T15:43:10+00:00","og_image":[{"width":888,"height":412,"url":"https:\/\/psol50.org.br\/inc\/uploads\/2016\/07\/Seminario-PSOL-2-Alia-Halat.jpg","type":"image\/jpeg"}],"author":"Comunica\u00e7\u00e3o PSOL","twitter_card":"summary_large_image","twitter_creator":"@psol50","twitter_site":"@psol50","twitter_misc":{"Escrito por":"Comunica\u00e7\u00e3o PSOL","Est. tempo de leitura":"3 minutos"},"schema":{"@context":"https:\/\/schema.org","@graph":[{"@type":"Article","@id":"https:\/\/psol50.org.br\/seminario-eleitoral-do-psol-sp-reune-83-municipios-em-dois-dias-de-trabalho-intenso\/#article","isPartOf":{"@id":"https:\/\/psol50.org.br\/seminario-eleitoral-do-psol-sp-reune-83-municipios-em-dois-dias-de-trabalho-intenso\/"},"author":{"name":"Comunica\u00e7\u00e3o PSOL","@id":"https:\/\/psol50.org.br\/#\/schema\/person\/475dfa57d0b815993c714c2e96491fcd"},"headline":"Semin\u00e1rio Eleitoral do PSOL-SP re\u00fane 83 munic\u00edpios em dois dias de trabalho intenso","datePublished":"2016-07-04T15:43:10+00:00","mainEntityOfPage":{"@id":"https:\/\/psol50.org.br\/seminario-eleitoral-do-psol-sp-reune-83-municipios-em-dois-dias-de-trabalho-intenso\/"},"wordCount":667,"commentCount":0,"publisher":{"@id":"https:\/\/psol50.org.br\/#organization"},"image":{"@id":"https:\/\/psol50.org.br\/seminario-eleitoral-do-psol-sp-reune-83-municipios-em-dois-dias-de-trabalho-intenso\/#primaryimage"},"thumbnailUrl":"https:\/\/psol50.org.br\/inc\/uploads\/2016\/07\/Seminario-PSOL-2-Alia-Halat.jpg","keywords":["Carlos Giannazi","Diret\u00f3rio Estadual do PSOL-SP","elei\u00e7\u00f5es","Ivan Valente","Juninho","PSOL-SP","semin\u00e1rio Estadual Eleitoral"],"articleSection":["Estados","Not\u00edcias","Partido"],"inLanguage":"pt-BR","potentialAction":[{"@type":"CommentAction","name":"Comment","target":["https:\/\/psol50.org.br\/seminario-eleitoral-do-psol-sp-reune-83-municipios-em-dois-dias-de-trabalho-intenso\/#respond"]}]},{"@type":"WebPage","@id":"https:\/\/psol50.org.br\/seminario-eleitoral-do-psol-sp-reune-83-municipios-em-dois-dias-de-trabalho-intenso\/","url":"https:\/\/psol50.org.br\/seminario-eleitoral-do-psol-sp-reune-83-municipios-em-dois-dias-de-trabalho-intenso\/","name":"Semin\u00e1rio Eleitoral do PSOL-SP re\u00fane 83 munic\u00edpios em dois dias de trabalho intenso - PSOL 50","isPartOf":{"@id":"https:\/\/psol50.org.br\/#website"},"primaryImageOfPage":{"@id":"https:\/\/psol50.org.br\/seminario-eleitoral-do-psol-sp-reune-83-municipios-em-dois-dias-de-trabalho-intenso\/#primaryimage"},"image":{"@id":"https:\/\/psol50.org.br\/seminario-eleitoral-do-psol-sp-reune-83-municipios-em-dois-dias-de-trabalho-intenso\/#primaryimage"},"thumbnailUrl":"https:\/\/psol50.org.br\/inc\/uploads\/2016\/07\/Seminario-PSOL-2-Alia-Halat.jpg","datePublished":"2016-07-04T15:43:10+00:00","breadcrumb":{"@id":"https:\/\/psol50.org.br\/seminario-eleitoral-do-psol-sp-reune-83-municipios-em-dois-dias-de-trabalho-intenso\/#breadcrumb"},"inLanguage":"pt-BR","potentialAction":[{"@type":"ReadAction","target":["https:\/\/psol50.org.br\/seminario-eleitoral-do-psol-sp-reune-83-municipios-em-dois-dias-de-trabalho-intenso\/"]}]},{"@type":"ImageObject","inLanguage":"pt-BR","@id":"https:\/\/psol50.org.br\/seminario-eleitoral-do-psol-sp-reune-83-municipios-em-dois-dias-de-trabalho-intenso\/#primaryimage","url":"https:\/\/psol50.org.br\/inc\/uploads\/2016\/07\/Seminario-PSOL-2-Alia-Halat.jpg","contentUrl":"https:\/\/psol50.org.br\/inc\/uploads\/2016\/07\/Seminario-PSOL-2-Alia-Halat.jpg","width":888,"height":412},{"@type":"BreadcrumbList","@id":"https:\/\/psol50.org.br\/seminario-eleitoral-do-psol-sp-reune-83-municipios-em-dois-dias-de-trabalho-intenso\/#breadcrumb","itemListElement":[{"@type":"ListItem","position":1,"name":"In\u00edcio","item":"https:\/\/psol50.org.br\/"},{"@type":"ListItem","position":2,"name":"Semin\u00e1rio Eleitoral do PSOL-SP re\u00fane 83 munic\u00edpios em dois dias de trabalho intenso"}]},{"@type":"WebSite","@id":"https:\/\/psol50.org.br\/#website","url":"https:\/\/psol50.org.br\/","name":"PSOL 50","description":"Site oficial do Partido Socialismo e Liberdade","publisher":{"@id":"https:\/\/psol50.org.br\/#organization"},"alternateName":"PSOL50","potentialAction":[{"@type":"SearchAction","target":{"@type":"EntryPoint","urlTemplate":"https:\/\/psol50.org.br\/?s={search_term_string}"},"query-input":{"@type":"PropertyValueSpecification","valueRequired":true,"valueName":"search_term_string"}}],"inLanguage":"pt-BR"},{"@type":"Organization","@id":"https:\/\/psol50.org.br\/#organization","name":"PSOL 50","alternateName":"PSOL 50","url":"https:\/\/psol50.org.br\/","logo":{"@type":"ImageObject","inLanguage":"pt-BR","@id":"https:\/\/psol50.org.br\/#\/schema\/logo\/image\/","url":"https:\/\/psol50.org.br\/inc\/uploads\/2018\/07\/capa.png","contentUrl":"https:\/\/psol50.org.br\/inc\/uploads\/2018\/07\/capa.png","width":1350,"height":900,"caption":"PSOL 50"},"image":{"@id":"https:\/\/psol50.org.br\/#\/schema\/logo\/image\/"},"sameAs":["https:\/\/www.facebook.com\/psol50","https:\/\/x.com\/psol50","https:\/\/www.instagram.com\/psol50\/","https:\/\/www.youtube.com\/channel\/UC7SnJS5o1os7a6CaiNabzcg"]},{"@type":"Person","@id":"https:\/\/psol50.org.br\/#\/schema\/person\/475dfa57d0b815993c714c2e96491fcd","name":"Comunica\u00e7\u00e3o PSOL","image":{"@type":"ImageObject","inLanguage":"pt-BR","@id":"https:\/\/psol50.org.br\/#\/schema\/person\/image\/","url":"https:\/\/secure.gravatar.com\/avatar\/b34fc4f4e468a4e51785917065a3db57b841f5c95dba6ad8c73aaf8f66f8f9bf?s=96&d=mm&r=g","contentUrl":"https:\/\/secure.gravatar.com\/avatar\/b34fc4f4e468a4e51785917065a3db57b841f5c95dba6ad8c73aaf8f66f8f9bf?s=96&d=mm&r=g","caption":"Comunica\u00e7\u00e3o PSOL"}}]}},"_links":{"self":[{"href":"https:\/\/psol50.org.br\/rest\/wp\/v2\/posts\/12983","targetHints":{"allow":["GET"]}}],"collection":[{"href":"https:\/\/psol50.org.br\/rest\/wp\/v2\/posts"}],"about":[{"href":"https:\/\/psol50.org.br\/rest\/wp\/v2\/types\/post"}],"author":[{"embeddable":true,"href":"https:\/\/psol50.org.br\/rest\/wp\/v2\/users\/2"}],"replies":[{"embeddable":true,"href":"https:\/\/psol50.org.br\/rest\/wp\/v2\/comments?post=12983"}],"version-history":[{"count":0,"href":"https:\/\/psol50.org.br\/rest\/wp\/v2\/posts\/12983\/revisions"}],"wp:featuredmedia":[{"embeddable":true,"href":"https:\/\/psol50.org.br\/rest\/wp\/v2\/media\/12984"}],"wp:attachment":[{"href":"https:\/\/psol50.org.br\/rest\/wp\/v2\/media?parent=12983"}],"wp:term":[{"taxonomy":"category","embeddable":true,"href":"https:\/\/psol50.org.br\/rest\/wp\/v2\/categories?post=12983"},{"taxonomy":"post_tag","embeddable":true,"href":"https:\/\/psol50.org.br\/rest\/wp\/v2\/tags?post=12983"}],"curies":[{"name":"wp","href":"https:\/\/api.w.org\/{rel}","templated":true}]}}