{"id":12987,"date":"2016-07-05T14:12:13","date_gmt":"2016-07-05T14:12:13","guid":{"rendered":"http:\/\/www.psol50.org.br\/?p=12987"},"modified":"2016-07-05T14:12:13","modified_gmt":"2016-07-05T14:12:13","slug":"num-clima-de-grande-entusiasmo-psol-lanca-pre-candidatura-de-marcelo-freixo-a-prefeitura-do-rio","status":"publish","type":"post","link":"https:\/\/psol50.org.br\/num-clima-de-grande-entusiasmo-psol-lanca-pre-candidatura-de-marcelo-freixo-a-prefeitura-do-rio\/","title":{"rendered":"Num clima de grande entusiasmo, PSOL lan\u00e7a pr\u00e9-candidatura de Marcelo Freixo \u00e0 prefeitura do Rio"},"content":{"rendered":"<p>O gin\u00e1sio do Clube Municipal Tijuca ficou pequeno para as milhares de pessoas que l\u00e1 estiveram na noite desta segunda-feira (04) na grande festa de lan\u00e7amento da pr\u00e9-candidatura do deputado estadual Marcelo Freixo \u00e0 prefeitura do Rio de Janeiro e da professora da UFRJ Luciana Boiteux, a vice. Militantes e dirigentes do PSOL e do PCB, apoiadores dos partidos, artistas, escritores, estudantes, jornalistas, ativistas dos direitos humanos, da comunidade LGBT, do direito \u00e0 cidade, das favelas, entre tantos outros que querem a constru\u00e7\u00e3o de uma nova cidade do Rio marcaram presen\u00e7a nesse momento em que a esperan\u00e7a e o entusiasmo foram os principais protagonistas. \u00a0Conduzido pelo presidente do <a href=\"https:\/\/www.facebook.com\/psolcarioca\/?fref=ts\" target=\"_blank\" rel=\"noopener\">PSOL Carioca<\/a>, Tarc\u00edsio Motta, o ato contou com momentos de grande emo\u00e7\u00e3o e falas de apoio ao projeto de uma cidade livre do preconceito, da especula\u00e7\u00e3o imobili\u00e1ria, do racismo, do machismo, da homofobia, da segrega\u00e7\u00e3o social, e inclusiva, com mais direitos e oportunidades.<\/p>\n<p>O presidente nacional do PSOL, Luiz Ara\u00fajo, a deputada federal Luiza Erundina e os deputados federais Jean Wyllys, Chico Alencar e Glauber Braga marcaram presen\u00e7a no ato, al\u00e9m dos deputados estaduais, vereadores e outras lideran\u00e7as partid\u00e1rias.<\/p>\n<p>Para Luiz Ara\u00fajo, a energia e a for\u00e7a social presente no pr\u00e9-lan\u00e7amento de Freixo confirma o potencial de sua candidatura. \u201cSer\u00e1 uma campanha de todas e todos que lutam contra o golpe, contra o conservadorismo e pela reconstru\u00e7\u00e3o da esquerda brasileira\u201d, avalia o presidente nacional do partido.<\/p>\n<p><img loading=\"lazy\" decoding=\"async\" class=\"wp-image-12988 alignleft\" src=\"http:\/\/www.psol50.org.br\/inc\/uploads\/2016\/07\/M\u00eddia-Ninja-2.jpg\" alt=\"M\u00eddia Ninja 2\" width=\"584\" height=\"389\" \/>\u201cCada um aqui est\u00e1 disposto a lutar contra precariza\u00e7\u00e3o de direitos. Sabe porque os nossos pr\u00e9-candidatos \u00e0 prefeitura e \u00e0 C\u00e2mara Municipal s\u00e3o os mais preparados? Porque isso \u00e9 um projeto coletivo sem dinheiro de empreiteira. O nosso m\u00e9todo \u00e9 a constru\u00e7\u00e3o coletiva. A nossa cidade, como o Marcelo diz, tem que ser mais de sentimento do que de cimento\u201d, disse Chico Alencar.<\/p>\n<p>Aos gritos de \u201cme representa\u201d, Jean Wyllys arrancou aplausos entusiasmados da plateia, ao dizer a import\u00e2ncia da candidatura de Freixo para a cidade do Rio de Janeiro e para a luta em defesa dos direitos humanos. &#8220;N\u00f3s estamos vivendo um momento muito lindo, de empoderamento das minorias sexuais, \u00e9tnicas, sociais. Mas n\u00e3o chegar\u00edamos at\u00e9 aqui se n\u00e3o fossem os aliados fora dessas comunidades, que nos ajudaram no momento em que n\u00e3o t\u00ednhamos voz. Marcelo Freixo \u00e9 um homem que tem empatia conosco, que abre o di\u00e1logo e nos traz para o cora\u00e7\u00e3o de sua pr\u00e9-campanha, nos dando voz e espa\u00e7o\u201d.<\/p>\n<p>Saudado por ter tido a coragem de dizer a Eduardo Cunha algo que muitos queriam dizer\u2013 \u201cEduardo Cunha, voc\u00ea \u00e9 um gangster\u201d -, o deputado Glauber Braga iniciou sua fala dizendo \u201cFora Cunha\u201d e na sequ\u00eancia \u201cFora Temer\u201d. Al\u00e9m disso, ressaltou que o PSOL e o PCB ter\u00e3o o desafio de romper com uma l\u00f3gica de opress\u00e3o constru\u00edda no Rio de Janeiro nos \u00faltimos anos. \u201cConstruir um projeto que rompa com aquilo que ao longo do tempo ganhou e conquistou for\u00e7as da opress\u00e3o n\u00e3o \u00e9 moleza. \u00c9 duro. \u00c9 dif\u00edcil. Eduardo Cunha \u00e9 gangster, mas n\u00e3o s\u00f3. Ele \u00e9 a representa\u00e7\u00e3o de um projeto, e esse projeto, aqui no Rio de Janeiro, sempre foi sustentado por aqueles que tiveram, a partir das intera\u00e7\u00f5es de Bras\u00edlia, dinheiro e est\u00edmulo para oprimir o estado e a cidade do Rio de Janeiro. Falar fora Temer, falar fora Cunha, tem que ser, necessariamente, falar fora Paes e fora PMDB no Rio de Janeiro\u201d, pontuou Braga.<\/p>\n<p><strong>Um novo tempo e uma cidade para as mulheres<br \/>\n<\/strong>Um dos momentos mais emocionantes do ato foi quando Luiza Erundina foi chamada a falar sobre a import\u00e2ncia da candidatura de Marcelo Freixo e Luciana Boiteux para o Rio de Janeiro. Com toda a rever\u00eancia e respeito que a sua trajet\u00f3ria merece e sob os intensos gritos de \u201cprefeita\u201d, a pr\u00e9-candidata pelo PSOL \u00e0 prefeitura da maior cidade do pa\u00eds destacou que a cidade do Rio ter\u00e1 a chance de come\u00e7ar um novo tempo. \u201cEssa, de fato, \u00e9 a primeira vez que chego ao Rio de Janeiro, porque est\u00e1 come\u00e7ando aqui um novo tempo, com o pr\u00e9-candidato Marcelo, a pr\u00e9-candidata a vice Luciana e todo esse grupo de pr\u00e9-candidatos a vereadores nas pr\u00f3ximas elei\u00e7\u00f5es. E n\u00f3s n\u00e3o vamos conquistar s\u00f3 o governo do Rio de Janeiro, mas n\u00f3s vamos governar tamb\u00e9m muitas outras cidades desse pa\u00eds. E n\u00f3s n\u00e3o vamos conquistar para colocar o poder a servi\u00e7o dos mesmos, n\u00f3s vamos conquistar para colocar o poder a servi\u00e7o do povo\u201d.<\/p>\n<p>Dedicando a sua fala aos estudantes e professores, em especial aos da UFRJ, onde \u00e9 docente, a pr\u00e9-candidata \u00e0 vice, Luciana Boiteux, disse que pensar uma nova cidade \u00e9 pensar em educa\u00e7\u00e3o p\u00fablica e de qualidade, o que passa tamb\u00e9m pela valoriza\u00e7\u00e3o dos professores. Al\u00e9m disso, destacou que \u00e9 preciso pensar numa cidade onde as mulheres tenham voz. \u201cPensando nessa l\u00f3gica da pr\u00e9-candidatura para ocupar institucionalmente a prefeitura a gente vai ter que olhar para essa cidade e pensar no que a gente quer transformar. Mas acima de tudo queremos transformar essa cidade para uma cidade que inclua as mulheres. Numa cidade em que as mulheres tenham voz e que a gente n\u00e3o fique atr\u00e1s, sem sermos ouvidas. E \u00e9 importante tamb\u00e9m que essa cidade seja uma cidade segura para as minorias. N\u00e3o podemos aceitar toda essa intoler\u00e2ncia e esse discurso de \u00f3dio\u201d, pontuou Luciana.<\/p>\n<p><strong>\u201cN\u00e3o tem nada que pague o que acontece aqui hoje\u201d<br \/>\n<\/strong><img loading=\"lazy\" decoding=\"async\" class=\"wp-image-12989 alignright\" src=\"http:\/\/www.psol50.org.br\/inc\/uploads\/2016\/07\/M\u00eddia-Ninja-3.jpg\" alt=\"M\u00eddia Ninja 3\" width=\"550\" height=\"365\" \/>\u201cO recado est\u00e1 dado. Eles est\u00e3o preocupados e eu quero dizer que \u00e9 bom que fiquem mesmo, porque o que est\u00e1 acontecendo hoje aqui \u00e9 muito importante. N\u00e3o teve \u00f4nibus fretado para ningu\u00e9m vir pra c\u00e1. E a gente fez quest\u00e3o de fazer isso aqui na Tijuca. N\u00e3o tem m\u00eddia, n\u00e3o tem facilita\u00e7\u00e3o, n\u00e3o tem promessa, n\u00e3o tem juventude paga. Ali\u00e1s, n\u00e3o tem nada que pague o que acontece aqui hoje. O que a gente est\u00e1 reunindo aqui, cada um e cada uma por espontaneidade \u00e9 muito significativo\u201d, disse Marcelo Freixo, no in\u00edcio de sua fala.<\/p>\n<p>Ap\u00f3s o bel\u00edssimo ato de lan\u00e7amento de sua pr\u00e9-candidatura, o deputado estadual agradeceu a todos que l\u00e1 estiveram e que reafirmaram o compromisso com a constru\u00e7\u00e3o de uma nova cidade. \u201cQuatro mil pessoas marcaram presen\u00e7a, lotamos o gin\u00e1sio do Clube e muita gente teve de ficar de fora e acompanhar pelo tel\u00e3o. N\u00e3o tem nada que pague o que aconteceu nesta noite! \u00c9 com o carinho e apoio de cada um de voc\u00eas que vamos juntos construir um outro Rio de Janeiro, uma outra cidade poss\u00edvel. O nosso projeto \u00e9 coletivo, com muito di\u00e1logo e participa\u00e7\u00e3o. Ele \u00e9 feito por pessoas como voc\u00eas, para pessoas como voc\u00eas. N\u00f3s n\u00e3o nos conhecemos nas campanhas, n\u00f3s nos conhecemos nas lutas. E isso marca a nossa diferen\u00e7a para todo o resto. Seguimos juntos, pessoal. Na luta e na constru\u00e7\u00e3o coletiva de uma cidade mais democr\u00e1tica e humana para todos\u201d, disse.<\/p>\n<p>Confira, abaixo, o v\u00eddeo completo do ato de lan\u00e7amento.<\/p>\n<div class=\"youtube-embed\" data-video_id=\"EeI7_r8jnl0\"><iframe loading=\"lazy\" title=\"Lan\u00e7amento de Marcelo Freixo como pr\u00e9-candidato \u00e0 prefeitura do Rio\" width=\"696\" height=\"392\" src=\"https:\/\/www.youtube.com\/embed\/EeI7_r8jnl0?feature=oembed&#038;enablejsapi=1\" frameborder=\"0\" allow=\"accelerometer; autoplay; clipboard-write; encrypted-media; gyroscope; picture-in-picture\" allowfullscreen><\/iframe><\/div>\n<p>&nbsp;<\/p>\n","protected":false},"excerpt":{"rendered":"<p>O gin\u00e1sio do Clube Municipal Tijuca ficou pequeno para as milhares de pessoas que l\u00e1 estiveram na noite desta segunda-feira (04) na grande festa de lan\u00e7amento da pr\u00e9-candidatura do deputado estadual Marcelo Freixo \u00e0 prefeitura do Rio de Janeiro e da professora da UFRJ Luciana Boiteux, a vice. Militantes e dirigentes do PSOL e do [&hellip;]<\/p>\n","protected":false},"author":2,"featured_media":12990,"comment_status":"open","ping_status":"open","sticky":false,"template":"","format":"standard","meta":{"_acf_changed":false,"footnotes":""},"categories":[2833,654,6,14],"tags":[2257,161,2524,22],"class_list":{"0":"post-12987","1":"post","2":"type-post","3":"status-publish","4":"format-standard","5":"has-post-thumbnail","7":"category-eleicoes-2016","8":"category-estados","9":"category-noticias","10":"category-partido","11":"tag-deputado-estadual","12":"tag-marcelo-freixo","13":"tag-pre-candidatura","14":"tag-psol"},"acf":[],"yoast_head":"<!-- This site is optimized with the Yoast SEO plugin v26.5 - https:\/\/yoast.com\/wordpress\/plugins\/seo\/ -->\n<title>Num clima de grande entusiasmo, PSOL lan\u00e7a pr\u00e9-candidatura de Marcelo Freixo \u00e0 prefeitura do Rio - PSOL 50<\/title>\n<meta name=\"robots\" content=\"index, follow, max-snippet:-1, max-image-preview:large, max-video-preview:-1\" \/>\n<link rel=\"canonical\" href=\"https:\/\/psol50.org.br\/num-clima-de-grande-entusiasmo-psol-lanca-pre-candidatura-de-marcelo-freixo-a-prefeitura-do-rio\/\" \/>\n<meta property=\"og:locale\" content=\"pt_BR\" \/>\n<meta property=\"og:type\" content=\"article\" \/>\n<meta property=\"og:title\" content=\"Num clima de grande entusiasmo, PSOL lan\u00e7a pr\u00e9-candidatura de Marcelo Freixo \u00e0 prefeitura do Rio - PSOL 50\" \/>\n<meta property=\"og:description\" content=\"O gin\u00e1sio do Clube Municipal Tijuca ficou pequeno para as milhares de pessoas que l\u00e1 estiveram na noite desta segunda-feira (04) na grande festa de lan\u00e7amento da pr\u00e9-candidatura do deputado estadual Marcelo Freixo \u00e0 prefeitura do Rio de Janeiro e da professora da UFRJ Luciana Boiteux, a vice. Militantes e dirigentes do PSOL e do [&hellip;]\" \/>\n<meta property=\"og:url\" content=\"https:\/\/psol50.org.br\/num-clima-de-grande-entusiasmo-psol-lanca-pre-candidatura-de-marcelo-freixo-a-prefeitura-do-rio\/\" \/>\n<meta property=\"og:site_name\" content=\"PSOL 50\" \/>\n<meta property=\"article:publisher\" content=\"https:\/\/www.facebook.com\/psol50\" \/>\n<meta property=\"article:published_time\" content=\"2016-07-05T14:12:13+00:00\" \/>\n<meta property=\"og:image\" content=\"https:\/\/psol50.org.br\/inc\/uploads\/2018\/07\/capa.png\" \/>\n\t<meta property=\"og:image:width\" content=\"1350\" \/>\n\t<meta property=\"og:image:height\" content=\"900\" \/>\n\t<meta property=\"og:image:type\" content=\"image\/png\" \/>\n<meta name=\"author\" content=\"Comunica\u00e7\u00e3o PSOL\" \/>\n<meta name=\"twitter:card\" content=\"summary_large_image\" \/>\n<meta name=\"twitter:creator\" content=\"@psol50\" \/>\n<meta name=\"twitter:site\" content=\"@psol50\" \/>\n<meta name=\"twitter:label1\" content=\"Escrito por\" \/>\n\t<meta name=\"twitter:data1\" content=\"Comunica\u00e7\u00e3o PSOL\" \/>\n\t<meta name=\"twitter:label2\" content=\"Est. tempo de leitura\" \/>\n\t<meta name=\"twitter:data2\" content=\"6 minutos\" \/>\n<script type=\"application\/ld+json\" class=\"yoast-schema-graph\">{\"@context\":\"https:\/\/schema.org\",\"@graph\":[{\"@type\":\"Article\",\"@id\":\"https:\/\/psol50.org.br\/num-clima-de-grande-entusiasmo-psol-lanca-pre-candidatura-de-marcelo-freixo-a-prefeitura-do-rio\/#article\",\"isPartOf\":{\"@id\":\"https:\/\/psol50.org.br\/num-clima-de-grande-entusiasmo-psol-lanca-pre-candidatura-de-marcelo-freixo-a-prefeitura-do-rio\/\"},\"author\":{\"name\":\"Comunica\u00e7\u00e3o PSOL\",\"@id\":\"https:\/\/psol50.org.br\/#\/schema\/person\/475dfa57d0b815993c714c2e96491fcd\"},\"headline\":\"Num clima de grande entusiasmo, PSOL lan\u00e7a pr\u00e9-candidatura de Marcelo Freixo \u00e0 prefeitura do Rio\",\"datePublished\":\"2016-07-05T14:12:13+00:00\",\"mainEntityOfPage\":{\"@id\":\"https:\/\/psol50.org.br\/num-clima-de-grande-entusiasmo-psol-lanca-pre-candidatura-de-marcelo-freixo-a-prefeitura-do-rio\/\"},\"wordCount\":1264,\"commentCount\":0,\"publisher\":{\"@id\":\"https:\/\/psol50.org.br\/#organization\"},\"image\":{\"@id\":\"https:\/\/psol50.org.br\/num-clima-de-grande-entusiasmo-psol-lanca-pre-candidatura-de-marcelo-freixo-a-prefeitura-do-rio\/#primaryimage\"},\"thumbnailUrl\":\"\",\"keywords\":[\"deputado estadual\",\"Marcelo Freixo\",\"pr\u00e9-candidatura\",\"PSOL\"],\"articleSection\":[\"ELEI\u00c7\u00d5ES 2016\",\"Estados\",\"Not\u00edcias\",\"Partido\"],\"inLanguage\":\"pt-BR\",\"potentialAction\":[{\"@type\":\"CommentAction\",\"name\":\"Comment\",\"target\":[\"https:\/\/psol50.org.br\/num-clima-de-grande-entusiasmo-psol-lanca-pre-candidatura-de-marcelo-freixo-a-prefeitura-do-rio\/#respond\"]}]},{\"@type\":\"WebPage\",\"@id\":\"https:\/\/psol50.org.br\/num-clima-de-grande-entusiasmo-psol-lanca-pre-candidatura-de-marcelo-freixo-a-prefeitura-do-rio\/\",\"url\":\"https:\/\/psol50.org.br\/num-clima-de-grande-entusiasmo-psol-lanca-pre-candidatura-de-marcelo-freixo-a-prefeitura-do-rio\/\",\"name\":\"Num clima de grande entusiasmo, PSOL lan\u00e7a pr\u00e9-candidatura de Marcelo Freixo \u00e0 prefeitura do Rio - PSOL 50\",\"isPartOf\":{\"@id\":\"https:\/\/psol50.org.br\/#website\"},\"primaryImageOfPage\":{\"@id\":\"https:\/\/psol50.org.br\/num-clima-de-grande-entusiasmo-psol-lanca-pre-candidatura-de-marcelo-freixo-a-prefeitura-do-rio\/#primaryimage\"},\"image\":{\"@id\":\"https:\/\/psol50.org.br\/num-clima-de-grande-entusiasmo-psol-lanca-pre-candidatura-de-marcelo-freixo-a-prefeitura-do-rio\/#primaryimage\"},\"thumbnailUrl\":\"\",\"datePublished\":\"2016-07-05T14:12:13+00:00\",\"breadcrumb\":{\"@id\":\"https:\/\/psol50.org.br\/num-clima-de-grande-entusiasmo-psol-lanca-pre-candidatura-de-marcelo-freixo-a-prefeitura-do-rio\/#breadcrumb\"},\"inLanguage\":\"pt-BR\",\"potentialAction\":[{\"@type\":\"ReadAction\",\"target\":[\"https:\/\/psol50.org.br\/num-clima-de-grande-entusiasmo-psol-lanca-pre-candidatura-de-marcelo-freixo-a-prefeitura-do-rio\/\"]}]},{\"@type\":\"ImageObject\",\"inLanguage\":\"pt-BR\",\"@id\":\"https:\/\/psol50.org.br\/num-clima-de-grande-entusiasmo-psol-lanca-pre-candidatura-de-marcelo-freixo-a-prefeitura-do-rio\/#primaryimage\",\"url\":\"\",\"contentUrl\":\"\"},{\"@type\":\"BreadcrumbList\",\"@id\":\"https:\/\/psol50.org.br\/num-clima-de-grande-entusiasmo-psol-lanca-pre-candidatura-de-marcelo-freixo-a-prefeitura-do-rio\/#breadcrumb\",\"itemListElement\":[{\"@type\":\"ListItem\",\"position\":1,\"name\":\"In\u00edcio\",\"item\":\"https:\/\/psol50.org.br\/\"},{\"@type\":\"ListItem\",\"position\":2,\"name\":\"Num clima de grande entusiasmo, PSOL lan\u00e7a pr\u00e9-candidatura de Marcelo Freixo \u00e0 prefeitura do Rio\"}]},{\"@type\":\"WebSite\",\"@id\":\"https:\/\/psol50.org.br\/#website\",\"url\":\"https:\/\/psol50.org.br\/\",\"name\":\"PSOL 50\",\"description\":\"Site oficial do Partido Socialismo e Liberdade\",\"publisher\":{\"@id\":\"https:\/\/psol50.org.br\/#organization\"},\"alternateName\":\"PSOL50\",\"potentialAction\":[{\"@type\":\"SearchAction\",\"target\":{\"@type\":\"EntryPoint\",\"urlTemplate\":\"https:\/\/psol50.org.br\/?s={search_term_string}\"},\"query-input\":{\"@type\":\"PropertyValueSpecification\",\"valueRequired\":true,\"valueName\":\"search_term_string\"}}],\"inLanguage\":\"pt-BR\"},{\"@type\":\"Organization\",\"@id\":\"https:\/\/psol50.org.br\/#organization\",\"name\":\"PSOL 50\",\"alternateName\":\"PSOL 50\",\"url\":\"https:\/\/psol50.org.br\/\",\"logo\":{\"@type\":\"ImageObject\",\"inLanguage\":\"pt-BR\",\"@id\":\"https:\/\/psol50.org.br\/#\/schema\/logo\/image\/\",\"url\":\"https:\/\/psol50.org.br\/inc\/uploads\/2018\/07\/capa.png\",\"contentUrl\":\"https:\/\/psol50.org.br\/inc\/uploads\/2018\/07\/capa.png\",\"width\":1350,\"height\":900,\"caption\":\"PSOL 50\"},\"image\":{\"@id\":\"https:\/\/psol50.org.br\/#\/schema\/logo\/image\/\"},\"sameAs\":[\"https:\/\/www.facebook.com\/psol50\",\"https:\/\/x.com\/psol50\",\"https:\/\/www.instagram.com\/psol50\/\",\"https:\/\/www.youtube.com\/channel\/UC7SnJS5o1os7a6CaiNabzcg\"]},{\"@type\":\"Person\",\"@id\":\"https:\/\/psol50.org.br\/#\/schema\/person\/475dfa57d0b815993c714c2e96491fcd\",\"name\":\"Comunica\u00e7\u00e3o PSOL\",\"image\":{\"@type\":\"ImageObject\",\"inLanguage\":\"pt-BR\",\"@id\":\"https:\/\/psol50.org.br\/#\/schema\/person\/image\/\",\"url\":\"https:\/\/secure.gravatar.com\/avatar\/b34fc4f4e468a4e51785917065a3db57b841f5c95dba6ad8c73aaf8f66f8f9bf?s=96&d=mm&r=g\",\"contentUrl\":\"https:\/\/secure.gravatar.com\/avatar\/b34fc4f4e468a4e51785917065a3db57b841f5c95dba6ad8c73aaf8f66f8f9bf?s=96&d=mm&r=g\",\"caption\":\"Comunica\u00e7\u00e3o PSOL\"}}]}<\/script>\n<!-- \/ Yoast SEO plugin. -->","yoast_head_json":{"title":"Num clima de grande entusiasmo, PSOL lan\u00e7a pr\u00e9-candidatura de Marcelo Freixo \u00e0 prefeitura do Rio - PSOL 50","robots":{"index":"index","follow":"follow","max-snippet":"max-snippet:-1","max-image-preview":"max-image-preview:large","max-video-preview":"max-video-preview:-1"},"canonical":"https:\/\/psol50.org.br\/num-clima-de-grande-entusiasmo-psol-lanca-pre-candidatura-de-marcelo-freixo-a-prefeitura-do-rio\/","og_locale":"pt_BR","og_type":"article","og_title":"Num clima de grande entusiasmo, PSOL lan\u00e7a pr\u00e9-candidatura de Marcelo Freixo \u00e0 prefeitura do Rio - PSOL 50","og_description":"O gin\u00e1sio do Clube Municipal Tijuca ficou pequeno para as milhares de pessoas que l\u00e1 estiveram na noite desta segunda-feira (04) na grande festa de lan\u00e7amento da pr\u00e9-candidatura do deputado estadual Marcelo Freixo \u00e0 prefeitura do Rio de Janeiro e da professora da UFRJ Luciana Boiteux, a vice. Militantes e dirigentes do PSOL e do [&hellip;]","og_url":"https:\/\/psol50.org.br\/num-clima-de-grande-entusiasmo-psol-lanca-pre-candidatura-de-marcelo-freixo-a-prefeitura-do-rio\/","og_site_name":"PSOL 50","article_publisher":"https:\/\/www.facebook.com\/psol50","article_published_time":"2016-07-05T14:12:13+00:00","og_image":[{"width":1350,"height":900,"url":"https:\/\/psol50.org.br\/inc\/uploads\/2018\/07\/capa.png","type":"image\/png"}],"author":"Comunica\u00e7\u00e3o PSOL","twitter_card":"summary_large_image","twitter_creator":"@psol50","twitter_site":"@psol50","twitter_misc":{"Escrito por":"Comunica\u00e7\u00e3o PSOL","Est. tempo de leitura":"6 minutos"},"schema":{"@context":"https:\/\/schema.org","@graph":[{"@type":"Article","@id":"https:\/\/psol50.org.br\/num-clima-de-grande-entusiasmo-psol-lanca-pre-candidatura-de-marcelo-freixo-a-prefeitura-do-rio\/#article","isPartOf":{"@id":"https:\/\/psol50.org.br\/num-clima-de-grande-entusiasmo-psol-lanca-pre-candidatura-de-marcelo-freixo-a-prefeitura-do-rio\/"},"author":{"name":"Comunica\u00e7\u00e3o PSOL","@id":"https:\/\/psol50.org.br\/#\/schema\/person\/475dfa57d0b815993c714c2e96491fcd"},"headline":"Num clima de grande entusiasmo, PSOL lan\u00e7a pr\u00e9-candidatura de Marcelo Freixo \u00e0 prefeitura do Rio","datePublished":"2016-07-05T14:12:13+00:00","mainEntityOfPage":{"@id":"https:\/\/psol50.org.br\/num-clima-de-grande-entusiasmo-psol-lanca-pre-candidatura-de-marcelo-freixo-a-prefeitura-do-rio\/"},"wordCount":1264,"commentCount":0,"publisher":{"@id":"https:\/\/psol50.org.br\/#organization"},"image":{"@id":"https:\/\/psol50.org.br\/num-clima-de-grande-entusiasmo-psol-lanca-pre-candidatura-de-marcelo-freixo-a-prefeitura-do-rio\/#primaryimage"},"thumbnailUrl":"","keywords":["deputado estadual","Marcelo Freixo","pr\u00e9-candidatura","PSOL"],"articleSection":["ELEI\u00c7\u00d5ES 2016","Estados","Not\u00edcias","Partido"],"inLanguage":"pt-BR","potentialAction":[{"@type":"CommentAction","name":"Comment","target":["https:\/\/psol50.org.br\/num-clima-de-grande-entusiasmo-psol-lanca-pre-candidatura-de-marcelo-freixo-a-prefeitura-do-rio\/#respond"]}]},{"@type":"WebPage","@id":"https:\/\/psol50.org.br\/num-clima-de-grande-entusiasmo-psol-lanca-pre-candidatura-de-marcelo-freixo-a-prefeitura-do-rio\/","url":"https:\/\/psol50.org.br\/num-clima-de-grande-entusiasmo-psol-lanca-pre-candidatura-de-marcelo-freixo-a-prefeitura-do-rio\/","name":"Num clima de grande entusiasmo, PSOL lan\u00e7a pr\u00e9-candidatura de Marcelo Freixo \u00e0 prefeitura do Rio - PSOL 50","isPartOf":{"@id":"https:\/\/psol50.org.br\/#website"},"primaryImageOfPage":{"@id":"https:\/\/psol50.org.br\/num-clima-de-grande-entusiasmo-psol-lanca-pre-candidatura-de-marcelo-freixo-a-prefeitura-do-rio\/#primaryimage"},"image":{"@id":"https:\/\/psol50.org.br\/num-clima-de-grande-entusiasmo-psol-lanca-pre-candidatura-de-marcelo-freixo-a-prefeitura-do-rio\/#primaryimage"},"thumbnailUrl":"","datePublished":"2016-07-05T14:12:13+00:00","breadcrumb":{"@id":"https:\/\/psol50.org.br\/num-clima-de-grande-entusiasmo-psol-lanca-pre-candidatura-de-marcelo-freixo-a-prefeitura-do-rio\/#breadcrumb"},"inLanguage":"pt-BR","potentialAction":[{"@type":"ReadAction","target":["https:\/\/psol50.org.br\/num-clima-de-grande-entusiasmo-psol-lanca-pre-candidatura-de-marcelo-freixo-a-prefeitura-do-rio\/"]}]},{"@type":"ImageObject","inLanguage":"pt-BR","@id":"https:\/\/psol50.org.br\/num-clima-de-grande-entusiasmo-psol-lanca-pre-candidatura-de-marcelo-freixo-a-prefeitura-do-rio\/#primaryimage","url":"","contentUrl":""},{"@type":"BreadcrumbList","@id":"https:\/\/psol50.org.br\/num-clima-de-grande-entusiasmo-psol-lanca-pre-candidatura-de-marcelo-freixo-a-prefeitura-do-rio\/#breadcrumb","itemListElement":[{"@type":"ListItem","position":1,"name":"In\u00edcio","item":"https:\/\/psol50.org.br\/"},{"@type":"ListItem","position":2,"name":"Num clima de grande entusiasmo, PSOL lan\u00e7a pr\u00e9-candidatura de Marcelo Freixo \u00e0 prefeitura do Rio"}]},{"@type":"WebSite","@id":"https:\/\/psol50.org.br\/#website","url":"https:\/\/psol50.org.br\/","name":"PSOL 50","description":"Site oficial do Partido Socialismo e Liberdade","publisher":{"@id":"https:\/\/psol50.org.br\/#organization"},"alternateName":"PSOL50","potentialAction":[{"@type":"SearchAction","target":{"@type":"EntryPoint","urlTemplate":"https:\/\/psol50.org.br\/?s={search_term_string}"},"query-input":{"@type":"PropertyValueSpecification","valueRequired":true,"valueName":"search_term_string"}}],"inLanguage":"pt-BR"},{"@type":"Organization","@id":"https:\/\/psol50.org.br\/#organization","name":"PSOL 50","alternateName":"PSOL 50","url":"https:\/\/psol50.org.br\/","logo":{"@type":"ImageObject","inLanguage":"pt-BR","@id":"https:\/\/psol50.org.br\/#\/schema\/logo\/image\/","url":"https:\/\/psol50.org.br\/inc\/uploads\/2018\/07\/capa.png","contentUrl":"https:\/\/psol50.org.br\/inc\/uploads\/2018\/07\/capa.png","width":1350,"height":900,"caption":"PSOL 50"},"image":{"@id":"https:\/\/psol50.org.br\/#\/schema\/logo\/image\/"},"sameAs":["https:\/\/www.facebook.com\/psol50","https:\/\/x.com\/psol50","https:\/\/www.instagram.com\/psol50\/","https:\/\/www.youtube.com\/channel\/UC7SnJS5o1os7a6CaiNabzcg"]},{"@type":"Person","@id":"https:\/\/psol50.org.br\/#\/schema\/person\/475dfa57d0b815993c714c2e96491fcd","name":"Comunica\u00e7\u00e3o PSOL","image":{"@type":"ImageObject","inLanguage":"pt-BR","@id":"https:\/\/psol50.org.br\/#\/schema\/person\/image\/","url":"https:\/\/secure.gravatar.com\/avatar\/b34fc4f4e468a4e51785917065a3db57b841f5c95dba6ad8c73aaf8f66f8f9bf?s=96&d=mm&r=g","contentUrl":"https:\/\/secure.gravatar.com\/avatar\/b34fc4f4e468a4e51785917065a3db57b841f5c95dba6ad8c73aaf8f66f8f9bf?s=96&d=mm&r=g","caption":"Comunica\u00e7\u00e3o PSOL"}}]}},"_links":{"self":[{"href":"https:\/\/psol50.org.br\/rest\/wp\/v2\/posts\/12987","targetHints":{"allow":["GET"]}}],"collection":[{"href":"https:\/\/psol50.org.br\/rest\/wp\/v2\/posts"}],"about":[{"href":"https:\/\/psol50.org.br\/rest\/wp\/v2\/types\/post"}],"author":[{"embeddable":true,"href":"https:\/\/psol50.org.br\/rest\/wp\/v2\/users\/2"}],"replies":[{"embeddable":true,"href":"https:\/\/psol50.org.br\/rest\/wp\/v2\/comments?post=12987"}],"version-history":[{"count":0,"href":"https:\/\/psol50.org.br\/rest\/wp\/v2\/posts\/12987\/revisions"}],"wp:featuredmedia":[{"embeddable":true,"href":"https:\/\/psol50.org.br\/rest\/"}],"wp:attachment":[{"href":"https:\/\/psol50.org.br\/rest\/wp\/v2\/media?parent=12987"}],"wp:term":[{"taxonomy":"category","embeddable":true,"href":"https:\/\/psol50.org.br\/rest\/wp\/v2\/categories?post=12987"},{"taxonomy":"post_tag","embeddable":true,"href":"https:\/\/psol50.org.br\/rest\/wp\/v2\/tags?post=12987"}],"curies":[{"name":"wp","href":"https:\/\/api.w.org\/{rel}","templated":true}]}}