{"id":12999,"date":"2016-07-05T15:25:58","date_gmt":"2016-07-05T15:25:58","guid":{"rendered":"http:\/\/www.psol50.org.br\/?p=12999"},"modified":"2016-07-05T15:25:58","modified_gmt":"2016-07-05T15:25:58","slug":"diretrizes-para-politica-de-aliancas-nas-eleicoes-2016-executiva-nacional-do-psol","status":"publish","type":"post","link":"https:\/\/psol50.org.br\/diretrizes-para-politica-de-aliancas-nas-eleicoes-2016-executiva-nacional-do-psol\/","title":{"rendered":"Diretrizes para pol\u00edtica de alian\u00e7as nas elei\u00e7\u00f5es 2016 &#8211; Executiva Nacional do PSOL"},"content":{"rendered":"<p>Ainda n\u00e3o tendo os elementos do desfecho da grave crise pol\u00edtica brasileira, podemos afirmar que em todos os cen\u00e1rios se abrir\u00e3o oportunidades para o crescimento de uma alternativa de esquerda em nosso pa\u00eds.<\/p>\n<p>Portanto, nossa tarefa principal nas elei\u00e7\u00f5es de 2016 \u00e9 apresentar o partido como polo aglutinador de todos os eleitores progressistas do pa\u00eds, que n\u00e3o comungam com o retrocesso de direitos, que combatem o ajuste fiscal e enfrentam as a\u00e7\u00f5es da direita todos os dias.<\/p>\n<p>Em que pese os efeitos nocivos para a visibilidade partid\u00e1ria das mudan\u00e7as da legisla\u00e7\u00e3o eleitoral, os dados dispon\u00edveis mostram que o partido possui candidaturas com forte possibilidade de vit\u00f3ria em cidades estrat\u00e9gicas de nosso pa\u00eds. Destaca-se nesse contexto as candidaturas de Marcelo Freixo (Rio de Janeiro), Edmilson Rodrigues (Bel\u00e9m), Luciana Genro (Porto Alegre). Em outras capitais e cidades m\u00e9dias tem crescido a aceita\u00e7\u00e3o de nosso partido e de suas candidaturas. Saudamos como alvissareira a decis\u00e3o da companheira Erundina de concorrer ao pleito em S\u00e3o Paulo, decis\u00e3o marcada por enorme simbolismo em tempos que avizinham um p\u00f3s-petismo.<\/p>\n<p>Por isso, caber\u00e1 ao PSOL trabalhar para viabilizar vit\u00f3rias. O potencial de nossas candidaturas nestas e em outras cidades coloca ao partido enormes responsabilidades.<\/p>\n<p>Reafirmamos a diretriz partid\u00e1ria utilizada nas elei\u00e7\u00f5es de 2012, caminho que garantiu a preserva\u00e7\u00e3o de nossa identidade, de nosso programa e de nossa tradi\u00e7\u00e3o de luta, sem produzir isolamentos perante o eleitorado de esquerda.<\/p>\n<p>Assim, refutamos desde j\u00e1 qualquer alian\u00e7a com partidos da direita, tais como: PSDB, DEM, PMDB, PR, PRB, PTB, PSD, PPS, PSC, SD e PP. Alian\u00e7as com esses partidos est\u00e3o proibidas pela dire\u00e7\u00e3o e devem contar com fiel cumprimento de nossas dire\u00e7\u00f5es locais.<\/p>\n<p>Da mesma forma, nos casos de alian\u00e7as eleitorais que avan\u00e7arem para al\u00e9m dos partidos de oposi\u00e7\u00e3o de esquerda ao governo Dilma, envolvendo apoios de se\u00e7\u00f5es partid\u00e1rias que estejam de acordo com o programa de nossas candidaturas, e, portanto, em contradi\u00e7\u00e3o com suas dire\u00e7\u00f5es nacionais (tais como PV, PCdoB, PDT, PSB, PT, REDE e outros) dever\u00e3o ser analisados caso a caso, avaliando os crit\u00e9rios j\u00e1 definidos por nossos Congressos.<\/p>\n<p>Assim, a Executiva Nacional orienta as dire\u00e7\u00f5es estaduais e municipais a lan\u00e7ar o m\u00e1ximo de candidatos \u00e0 vereador poss\u00edvel, bem como garantir o lan\u00e7amento de candidatos a prefeito do PSOL na maior parte dos munic\u00edpios. Para tanto, recomenda ainda que a amplia\u00e7\u00e3o da pol\u00edtica de alian\u00e7as para al\u00e9m da Frente de Esquerda obede\u00e7a \u00e0s orienta\u00e7\u00f5es desta resolu\u00e7\u00e3o, sendo apresentadas para an\u00e1lise na pr\u00f3xima reuni\u00e3o do Diret\u00f3rio Nacional do PSOL.<\/p>\n<p>Fica deliberado o prazo de 1\u00ba de julho para que as dire\u00e7\u00f5es estaduais enviem para a Executiva Nacional as informa\u00e7\u00f5es sobre cada munic\u00edpio onde o partido disputar\u00e1 o pleito de 2016, contendo obrigatoriamente informa\u00e7\u00f5es sobre negocia\u00e7\u00f5es de alian\u00e7as com outros partidos.<\/p>\n","protected":false},"excerpt":{"rendered":"<p>Ainda n\u00e3o tendo os elementos do desfecho da grave crise pol\u00edtica brasileira, podemos afirmar que em todos os cen\u00e1rios se abrir\u00e3o oportunidades para o crescimento de uma alternativa de esquerda em nosso pa\u00eds. Portanto, nossa tarefa principal nas elei\u00e7\u00f5es de 2016 \u00e9 apresentar o partido como polo aglutinador de todos os eleitores progressistas do pa\u00eds, [&hellip;]<\/p>\n","protected":false},"author":2,"featured_media":10788,"comment_status":"open","ping_status":"open","sticky":false,"template":"","format":"standard","meta":{"_acf_changed":false,"footnotes":""},"categories":[14,72],"tags":[4353,4354,3851,1367,242],"class_list":{"0":"post-12999","1":"post","2":"type-post","3":"status-publish","4":"format-standard","5":"has-post-thumbnail","7":"category-partido","8":"category-resolucoes","9":"tag-aliancas","10":"tag-coligacoes","11":"tag-eleicoes-2016","12":"tag-executiva-nacional","13":"tag-executiva-nacional-do-psol"},"acf":[],"yoast_head":"<!-- This site is optimized with the Yoast SEO plugin v26.5 - https:\/\/yoast.com\/wordpress\/plugins\/seo\/ -->\n<title>Diretrizes para pol\u00edtica de alian\u00e7as nas elei\u00e7\u00f5es 2016 - Executiva Nacional do PSOL - PSOL 50<\/title>\n<meta name=\"robots\" content=\"index, follow, max-snippet:-1, max-image-preview:large, max-video-preview:-1\" \/>\n<link rel=\"canonical\" href=\"https:\/\/psol50.org.br\/diretrizes-para-politica-de-aliancas-nas-eleicoes-2016-executiva-nacional-do-psol\/\" \/>\n<meta property=\"og:locale\" content=\"pt_BR\" \/>\n<meta property=\"og:type\" content=\"article\" \/>\n<meta property=\"og:title\" content=\"Diretrizes para pol\u00edtica de alian\u00e7as nas elei\u00e7\u00f5es 2016 - Executiva Nacional do PSOL - PSOL 50\" \/>\n<meta property=\"og:description\" content=\"Ainda n\u00e3o tendo os elementos do desfecho da grave crise pol\u00edtica brasileira, podemos afirmar que em todos os cen\u00e1rios se abrir\u00e3o oportunidades para o crescimento de uma alternativa de esquerda em nosso pa\u00eds. Portanto, nossa tarefa principal nas elei\u00e7\u00f5es de 2016 \u00e9 apresentar o partido como polo aglutinador de todos os eleitores progressistas do pa\u00eds, [&hellip;]\" \/>\n<meta property=\"og:url\" content=\"https:\/\/psol50.org.br\/diretrizes-para-politica-de-aliancas-nas-eleicoes-2016-executiva-nacional-do-psol\/\" \/>\n<meta property=\"og:site_name\" content=\"PSOL 50\" \/>\n<meta property=\"article:publisher\" content=\"https:\/\/www.facebook.com\/psol50\" \/>\n<meta property=\"article:published_time\" content=\"2016-07-05T15:25:58+00:00\" \/>\n<meta property=\"og:image\" content=\"https:\/\/psol50.org.br\/inc\/uploads\/2015\/12\/Bandeira-PSOL-nova-02-12-15-e1449116733512.jpg\" \/>\n\t<meta property=\"og:image:width\" content=\"750\" \/>\n\t<meta property=\"og:image:height\" content=\"530\" \/>\n\t<meta property=\"og:image:type\" content=\"image\/jpeg\" \/>\n<meta name=\"author\" content=\"Comunica\u00e7\u00e3o PSOL\" \/>\n<meta name=\"twitter:card\" content=\"summary_large_image\" \/>\n<meta name=\"twitter:creator\" content=\"@psol50\" \/>\n<meta name=\"twitter:site\" content=\"@psol50\" \/>\n<meta name=\"twitter:label1\" content=\"Escrito por\" \/>\n\t<meta name=\"twitter:data1\" content=\"Comunica\u00e7\u00e3o PSOL\" \/>\n\t<meta name=\"twitter:label2\" content=\"Est. tempo de leitura\" \/>\n\t<meta name=\"twitter:data2\" content=\"3 minutos\" \/>\n<script type=\"application\/ld+json\" class=\"yoast-schema-graph\">{\"@context\":\"https:\/\/schema.org\",\"@graph\":[{\"@type\":\"Article\",\"@id\":\"https:\/\/psol50.org.br\/diretrizes-para-politica-de-aliancas-nas-eleicoes-2016-executiva-nacional-do-psol\/#article\",\"isPartOf\":{\"@id\":\"https:\/\/psol50.org.br\/diretrizes-para-politica-de-aliancas-nas-eleicoes-2016-executiva-nacional-do-psol\/\"},\"author\":{\"name\":\"Comunica\u00e7\u00e3o PSOL\",\"@id\":\"https:\/\/psol50.org.br\/#\/schema\/person\/475dfa57d0b815993c714c2e96491fcd\"},\"headline\":\"Diretrizes para pol\u00edtica de alian\u00e7as nas elei\u00e7\u00f5es 2016 &#8211; Executiva Nacional do PSOL\",\"datePublished\":\"2016-07-05T15:25:58+00:00\",\"mainEntityOfPage\":{\"@id\":\"https:\/\/psol50.org.br\/diretrizes-para-politica-de-aliancas-nas-eleicoes-2016-executiva-nacional-do-psol\/\"},\"wordCount\":526,\"commentCount\":0,\"publisher\":{\"@id\":\"https:\/\/psol50.org.br\/#organization\"},\"image\":{\"@id\":\"https:\/\/psol50.org.br\/diretrizes-para-politica-de-aliancas-nas-eleicoes-2016-executiva-nacional-do-psol\/#primaryimage\"},\"thumbnailUrl\":\"https:\/\/psol50.org.br\/inc\/uploads\/2015\/12\/Bandeira-PSOL-nova-02-12-15-e1449116733512.jpg\",\"keywords\":[\"alian\u00e7as\",\"coliga\u00e7\u00f5es\",\"elei\u00e7\u00f5es 2016\",\"Executiva Nacional\",\"Executiva Nacional do PSOL\"],\"articleSection\":[\"Partido\",\"Resolu\u00e7\u00f5es\"],\"inLanguage\":\"pt-BR\",\"potentialAction\":[{\"@type\":\"CommentAction\",\"name\":\"Comment\",\"target\":[\"https:\/\/psol50.org.br\/diretrizes-para-politica-de-aliancas-nas-eleicoes-2016-executiva-nacional-do-psol\/#respond\"]}]},{\"@type\":\"WebPage\",\"@id\":\"https:\/\/psol50.org.br\/diretrizes-para-politica-de-aliancas-nas-eleicoes-2016-executiva-nacional-do-psol\/\",\"url\":\"https:\/\/psol50.org.br\/diretrizes-para-politica-de-aliancas-nas-eleicoes-2016-executiva-nacional-do-psol\/\",\"name\":\"Diretrizes para pol\u00edtica de alian\u00e7as nas elei\u00e7\u00f5es 2016 - Executiva Nacional do PSOL - PSOL 50\",\"isPartOf\":{\"@id\":\"https:\/\/psol50.org.br\/#website\"},\"primaryImageOfPage\":{\"@id\":\"https:\/\/psol50.org.br\/diretrizes-para-politica-de-aliancas-nas-eleicoes-2016-executiva-nacional-do-psol\/#primaryimage\"},\"image\":{\"@id\":\"https:\/\/psol50.org.br\/diretrizes-para-politica-de-aliancas-nas-eleicoes-2016-executiva-nacional-do-psol\/#primaryimage\"},\"thumbnailUrl\":\"https:\/\/psol50.org.br\/inc\/uploads\/2015\/12\/Bandeira-PSOL-nova-02-12-15-e1449116733512.jpg\",\"datePublished\":\"2016-07-05T15:25:58+00:00\",\"breadcrumb\":{\"@id\":\"https:\/\/psol50.org.br\/diretrizes-para-politica-de-aliancas-nas-eleicoes-2016-executiva-nacional-do-psol\/#breadcrumb\"},\"inLanguage\":\"pt-BR\",\"potentialAction\":[{\"@type\":\"ReadAction\",\"target\":[\"https:\/\/psol50.org.br\/diretrizes-para-politica-de-aliancas-nas-eleicoes-2016-executiva-nacional-do-psol\/\"]}]},{\"@type\":\"ImageObject\",\"inLanguage\":\"pt-BR\",\"@id\":\"https:\/\/psol50.org.br\/diretrizes-para-politica-de-aliancas-nas-eleicoes-2016-executiva-nacional-do-psol\/#primaryimage\",\"url\":\"https:\/\/psol50.org.br\/inc\/uploads\/2015\/12\/Bandeira-PSOL-nova-02-12-15-e1449116733512.jpg\",\"contentUrl\":\"https:\/\/psol50.org.br\/inc\/uploads\/2015\/12\/Bandeira-PSOL-nova-02-12-15-e1449116733512.jpg\",\"width\":750,\"height\":530},{\"@type\":\"BreadcrumbList\",\"@id\":\"https:\/\/psol50.org.br\/diretrizes-para-politica-de-aliancas-nas-eleicoes-2016-executiva-nacional-do-psol\/#breadcrumb\",\"itemListElement\":[{\"@type\":\"ListItem\",\"position\":1,\"name\":\"In\u00edcio\",\"item\":\"https:\/\/psol50.org.br\/\"},{\"@type\":\"ListItem\",\"position\":2,\"name\":\"Diretrizes para pol\u00edtica de alian\u00e7as nas elei\u00e7\u00f5es 2016 &#8211; Executiva Nacional do PSOL\"}]},{\"@type\":\"WebSite\",\"@id\":\"https:\/\/psol50.org.br\/#website\",\"url\":\"https:\/\/psol50.org.br\/\",\"name\":\"PSOL 50\",\"description\":\"Site oficial do Partido Socialismo e Liberdade\",\"publisher\":{\"@id\":\"https:\/\/psol50.org.br\/#organization\"},\"alternateName\":\"PSOL50\",\"potentialAction\":[{\"@type\":\"SearchAction\",\"target\":{\"@type\":\"EntryPoint\",\"urlTemplate\":\"https:\/\/psol50.org.br\/?s={search_term_string}\"},\"query-input\":{\"@type\":\"PropertyValueSpecification\",\"valueRequired\":true,\"valueName\":\"search_term_string\"}}],\"inLanguage\":\"pt-BR\"},{\"@type\":\"Organization\",\"@id\":\"https:\/\/psol50.org.br\/#organization\",\"name\":\"PSOL 50\",\"alternateName\":\"PSOL 50\",\"url\":\"https:\/\/psol50.org.br\/\",\"logo\":{\"@type\":\"ImageObject\",\"inLanguage\":\"pt-BR\",\"@id\":\"https:\/\/psol50.org.br\/#\/schema\/logo\/image\/\",\"url\":\"https:\/\/psol50.org.br\/inc\/uploads\/2018\/07\/capa.png\",\"contentUrl\":\"https:\/\/psol50.org.br\/inc\/uploads\/2018\/07\/capa.png\",\"width\":1350,\"height\":900,\"caption\":\"PSOL 50\"},\"image\":{\"@id\":\"https:\/\/psol50.org.br\/#\/schema\/logo\/image\/\"},\"sameAs\":[\"https:\/\/www.facebook.com\/psol50\",\"https:\/\/x.com\/psol50\",\"https:\/\/www.instagram.com\/psol50\/\",\"https:\/\/www.youtube.com\/channel\/UC7SnJS5o1os7a6CaiNabzcg\"]},{\"@type\":\"Person\",\"@id\":\"https:\/\/psol50.org.br\/#\/schema\/person\/475dfa57d0b815993c714c2e96491fcd\",\"name\":\"Comunica\u00e7\u00e3o PSOL\",\"image\":{\"@type\":\"ImageObject\",\"inLanguage\":\"pt-BR\",\"@id\":\"https:\/\/psol50.org.br\/#\/schema\/person\/image\/\",\"url\":\"https:\/\/secure.gravatar.com\/avatar\/b34fc4f4e468a4e51785917065a3db57b841f5c95dba6ad8c73aaf8f66f8f9bf?s=96&d=mm&r=g\",\"contentUrl\":\"https:\/\/secure.gravatar.com\/avatar\/b34fc4f4e468a4e51785917065a3db57b841f5c95dba6ad8c73aaf8f66f8f9bf?s=96&d=mm&r=g\",\"caption\":\"Comunica\u00e7\u00e3o PSOL\"}}]}<\/script>\n<!-- \/ Yoast SEO plugin. -->","yoast_head_json":{"title":"Diretrizes para pol\u00edtica de alian\u00e7as nas elei\u00e7\u00f5es 2016 - Executiva Nacional do PSOL - PSOL 50","robots":{"index":"index","follow":"follow","max-snippet":"max-snippet:-1","max-image-preview":"max-image-preview:large","max-video-preview":"max-video-preview:-1"},"canonical":"https:\/\/psol50.org.br\/diretrizes-para-politica-de-aliancas-nas-eleicoes-2016-executiva-nacional-do-psol\/","og_locale":"pt_BR","og_type":"article","og_title":"Diretrizes para pol\u00edtica de alian\u00e7as nas elei\u00e7\u00f5es 2016 - Executiva Nacional do PSOL - PSOL 50","og_description":"Ainda n\u00e3o tendo os elementos do desfecho da grave crise pol\u00edtica brasileira, podemos afirmar que em todos os cen\u00e1rios se abrir\u00e3o oportunidades para o crescimento de uma alternativa de esquerda em nosso pa\u00eds. Portanto, nossa tarefa principal nas elei\u00e7\u00f5es de 2016 \u00e9 apresentar o partido como polo aglutinador de todos os eleitores progressistas do pa\u00eds, [&hellip;]","og_url":"https:\/\/psol50.org.br\/diretrizes-para-politica-de-aliancas-nas-eleicoes-2016-executiva-nacional-do-psol\/","og_site_name":"PSOL 50","article_publisher":"https:\/\/www.facebook.com\/psol50","article_published_time":"2016-07-05T15:25:58+00:00","og_image":[{"width":750,"height":530,"url":"https:\/\/psol50.org.br\/inc\/uploads\/2015\/12\/Bandeira-PSOL-nova-02-12-15-e1449116733512.jpg","type":"image\/jpeg"}],"author":"Comunica\u00e7\u00e3o PSOL","twitter_card":"summary_large_image","twitter_creator":"@psol50","twitter_site":"@psol50","twitter_misc":{"Escrito por":"Comunica\u00e7\u00e3o PSOL","Est. tempo de leitura":"3 minutos"},"schema":{"@context":"https:\/\/schema.org","@graph":[{"@type":"Article","@id":"https:\/\/psol50.org.br\/diretrizes-para-politica-de-aliancas-nas-eleicoes-2016-executiva-nacional-do-psol\/#article","isPartOf":{"@id":"https:\/\/psol50.org.br\/diretrizes-para-politica-de-aliancas-nas-eleicoes-2016-executiva-nacional-do-psol\/"},"author":{"name":"Comunica\u00e7\u00e3o PSOL","@id":"https:\/\/psol50.org.br\/#\/schema\/person\/475dfa57d0b815993c714c2e96491fcd"},"headline":"Diretrizes para pol\u00edtica de alian\u00e7as nas elei\u00e7\u00f5es 2016 &#8211; Executiva Nacional do PSOL","datePublished":"2016-07-05T15:25:58+00:00","mainEntityOfPage":{"@id":"https:\/\/psol50.org.br\/diretrizes-para-politica-de-aliancas-nas-eleicoes-2016-executiva-nacional-do-psol\/"},"wordCount":526,"commentCount":0,"publisher":{"@id":"https:\/\/psol50.org.br\/#organization"},"image":{"@id":"https:\/\/psol50.org.br\/diretrizes-para-politica-de-aliancas-nas-eleicoes-2016-executiva-nacional-do-psol\/#primaryimage"},"thumbnailUrl":"https:\/\/psol50.org.br\/inc\/uploads\/2015\/12\/Bandeira-PSOL-nova-02-12-15-e1449116733512.jpg","keywords":["alian\u00e7as","coliga\u00e7\u00f5es","elei\u00e7\u00f5es 2016","Executiva Nacional","Executiva Nacional do PSOL"],"articleSection":["Partido","Resolu\u00e7\u00f5es"],"inLanguage":"pt-BR","potentialAction":[{"@type":"CommentAction","name":"Comment","target":["https:\/\/psol50.org.br\/diretrizes-para-politica-de-aliancas-nas-eleicoes-2016-executiva-nacional-do-psol\/#respond"]}]},{"@type":"WebPage","@id":"https:\/\/psol50.org.br\/diretrizes-para-politica-de-aliancas-nas-eleicoes-2016-executiva-nacional-do-psol\/","url":"https:\/\/psol50.org.br\/diretrizes-para-politica-de-aliancas-nas-eleicoes-2016-executiva-nacional-do-psol\/","name":"Diretrizes para pol\u00edtica de alian\u00e7as nas elei\u00e7\u00f5es 2016 - Executiva Nacional do PSOL - PSOL 50","isPartOf":{"@id":"https:\/\/psol50.org.br\/#website"},"primaryImageOfPage":{"@id":"https:\/\/psol50.org.br\/diretrizes-para-politica-de-aliancas-nas-eleicoes-2016-executiva-nacional-do-psol\/#primaryimage"},"image":{"@id":"https:\/\/psol50.org.br\/diretrizes-para-politica-de-aliancas-nas-eleicoes-2016-executiva-nacional-do-psol\/#primaryimage"},"thumbnailUrl":"https:\/\/psol50.org.br\/inc\/uploads\/2015\/12\/Bandeira-PSOL-nova-02-12-15-e1449116733512.jpg","datePublished":"2016-07-05T15:25:58+00:00","breadcrumb":{"@id":"https:\/\/psol50.org.br\/diretrizes-para-politica-de-aliancas-nas-eleicoes-2016-executiva-nacional-do-psol\/#breadcrumb"},"inLanguage":"pt-BR","potentialAction":[{"@type":"ReadAction","target":["https:\/\/psol50.org.br\/diretrizes-para-politica-de-aliancas-nas-eleicoes-2016-executiva-nacional-do-psol\/"]}]},{"@type":"ImageObject","inLanguage":"pt-BR","@id":"https:\/\/psol50.org.br\/diretrizes-para-politica-de-aliancas-nas-eleicoes-2016-executiva-nacional-do-psol\/#primaryimage","url":"https:\/\/psol50.org.br\/inc\/uploads\/2015\/12\/Bandeira-PSOL-nova-02-12-15-e1449116733512.jpg","contentUrl":"https:\/\/psol50.org.br\/inc\/uploads\/2015\/12\/Bandeira-PSOL-nova-02-12-15-e1449116733512.jpg","width":750,"height":530},{"@type":"BreadcrumbList","@id":"https:\/\/psol50.org.br\/diretrizes-para-politica-de-aliancas-nas-eleicoes-2016-executiva-nacional-do-psol\/#breadcrumb","itemListElement":[{"@type":"ListItem","position":1,"name":"In\u00edcio","item":"https:\/\/psol50.org.br\/"},{"@type":"ListItem","position":2,"name":"Diretrizes para pol\u00edtica de alian\u00e7as nas elei\u00e7\u00f5es 2016 &#8211; Executiva Nacional do PSOL"}]},{"@type":"WebSite","@id":"https:\/\/psol50.org.br\/#website","url":"https:\/\/psol50.org.br\/","name":"PSOL 50","description":"Site oficial do Partido Socialismo e Liberdade","publisher":{"@id":"https:\/\/psol50.org.br\/#organization"},"alternateName":"PSOL50","potentialAction":[{"@type":"SearchAction","target":{"@type":"EntryPoint","urlTemplate":"https:\/\/psol50.org.br\/?s={search_term_string}"},"query-input":{"@type":"PropertyValueSpecification","valueRequired":true,"valueName":"search_term_string"}}],"inLanguage":"pt-BR"},{"@type":"Organization","@id":"https:\/\/psol50.org.br\/#organization","name":"PSOL 50","alternateName":"PSOL 50","url":"https:\/\/psol50.org.br\/","logo":{"@type":"ImageObject","inLanguage":"pt-BR","@id":"https:\/\/psol50.org.br\/#\/schema\/logo\/image\/","url":"https:\/\/psol50.org.br\/inc\/uploads\/2018\/07\/capa.png","contentUrl":"https:\/\/psol50.org.br\/inc\/uploads\/2018\/07\/capa.png","width":1350,"height":900,"caption":"PSOL 50"},"image":{"@id":"https:\/\/psol50.org.br\/#\/schema\/logo\/image\/"},"sameAs":["https:\/\/www.facebook.com\/psol50","https:\/\/x.com\/psol50","https:\/\/www.instagram.com\/psol50\/","https:\/\/www.youtube.com\/channel\/UC7SnJS5o1os7a6CaiNabzcg"]},{"@type":"Person","@id":"https:\/\/psol50.org.br\/#\/schema\/person\/475dfa57d0b815993c714c2e96491fcd","name":"Comunica\u00e7\u00e3o PSOL","image":{"@type":"ImageObject","inLanguage":"pt-BR","@id":"https:\/\/psol50.org.br\/#\/schema\/person\/image\/","url":"https:\/\/secure.gravatar.com\/avatar\/b34fc4f4e468a4e51785917065a3db57b841f5c95dba6ad8c73aaf8f66f8f9bf?s=96&d=mm&r=g","contentUrl":"https:\/\/secure.gravatar.com\/avatar\/b34fc4f4e468a4e51785917065a3db57b841f5c95dba6ad8c73aaf8f66f8f9bf?s=96&d=mm&r=g","caption":"Comunica\u00e7\u00e3o PSOL"}}]}},"_links":{"self":[{"href":"https:\/\/psol50.org.br\/rest\/wp\/v2\/posts\/12999","targetHints":{"allow":["GET"]}}],"collection":[{"href":"https:\/\/psol50.org.br\/rest\/wp\/v2\/posts"}],"about":[{"href":"https:\/\/psol50.org.br\/rest\/wp\/v2\/types\/post"}],"author":[{"embeddable":true,"href":"https:\/\/psol50.org.br\/rest\/wp\/v2\/users\/2"}],"replies":[{"embeddable":true,"href":"https:\/\/psol50.org.br\/rest\/wp\/v2\/comments?post=12999"}],"version-history":[{"count":0,"href":"https:\/\/psol50.org.br\/rest\/wp\/v2\/posts\/12999\/revisions"}],"wp:featuredmedia":[{"embeddable":true,"href":"https:\/\/psol50.org.br\/rest\/wp\/v2\/media\/10788"}],"wp:attachment":[{"href":"https:\/\/psol50.org.br\/rest\/wp\/v2\/media?parent=12999"}],"wp:term":[{"taxonomy":"category","embeddable":true,"href":"https:\/\/psol50.org.br\/rest\/wp\/v2\/categories?post=12999"},{"taxonomy":"post_tag","embeddable":true,"href":"https:\/\/psol50.org.br\/rest\/wp\/v2\/tags?post=12999"}],"curies":[{"name":"wp","href":"https:\/\/api.w.org\/{rel}","templated":true}]}}