{"id":1302,"date":"2009-02-17T00:00:00","date_gmt":"2009-02-17T00:00:00","guid":{"rendered":"http:\/\/psol50.org.br\/arquivo\/2009\/02\/17\/parlamentares-do-psol-entregam-carta-a-jarbas-vasconcelos\/"},"modified":"2009-02-17T00:00:00","modified_gmt":"2009-02-17T00:00:00","slug":"parlamentares-do-psol-entregam-carta-a-jarbas-vasconcelos","status":"publish","type":"post","link":"https:\/\/psol50.org.br\/parlamentares-do-psol-entregam-carta-a-jarbas-vasconcelos\/","title":{"rendered":"Parlamentares do PSOL entregam carta a Jarbas Vasconcelos"},"content":{"rendered":"<p>O l\u00edder do PSOL, deputado Ivan Valente, o deputado Chico Alencar e o senador Jos\u00e9 Nery entregaram ao senador Jarbas Vasconcelos carta em que pedem que o senador pemedebista aponte os ind\u00edcios da degrada\u00e7\u00e3o e de corrup\u00e7\u00e3o nos partidos pol\u00edticos. Para o PSOL, as declara\u00e7\u00f5es de Vasconcelos s\u00e3o muito graves e n\u00e3o se pode ignor\u00e1-las.<\/p>\n<p><!--more--><\/p>\n<p>Para o l\u00edder do PSOL, se o senador Jarbas Vasconcelos apontasse claramente os fatos e nomes envolvidos em atos de corrup\u00e7\u00e3o permitiria at\u00e9 o acionamento do Minist\u00e9rio P\u00fablico ou abertura de uma CPI no Congresso Nacional. Na opini\u00e3o de Ivan Valente haver\u00e1 press\u00e3o da opini\u00e3o p\u00fablica nesse sentido. O deputado esclareceu que o PSOL foi prestar apoio ao senador Vasconcelos e que uma consequ\u00eancia imediata deste encontro \u00e9 a cria\u00e7\u00e3o do F\u00f3rum Permanente pela \u00c9tica na Pol\u00edtica, com participa\u00e7\u00e3o de pol\u00edticos, entidades e sociedade civil. \u201cO PMDB tem interesse de baixar a poeira sobre o assunto e n\u00e3o quer polemizar com o pr\u00f3prio Vasconcelos\u201d.<\/p>\n<p>De acordo com o deputado Chico Alencar, as declara\u00e7\u00f5es de Jarbas Vasconcelos representam um \u201cgrito de alerta\u201d, em que a sociedade deve ficar atenta. \u201cO PSOL j\u00e1 est\u00e1 atento. As den\u00fancias s\u00e3o grav\u00edssimas e nebulosas. Por isso precisamos aprofund\u00e1-las e definir caminhos\u201d, concluiu.<\/p>\n<p>O senador Jos\u00e9 Nery salientou que o F\u00f3rum se constituir\u00e1 num processo de constru\u00e7\u00e3o com outros setores num combate \u00e0 corrup\u00e7\u00e3o sist\u00eamica.<\/p>\n<p>Leia a \u00edntegra da carta entregue ao senador Jarbas Vasconcelos.<\/p>\n<div class=\"clip\">\n<p>Carta ao Senador Jarbas Vasconcelos<\/p>\n<p>DF, 17\/02\/09<\/p>\n<p>Prezado Senador:<\/p>\n<p>\u201cA corrup\u00e7\u00e3o est\u00e1 impregnada em todos os partidos\u201d, afirmou V. Exa. na entrevista \u00e0 revista Veja, de 14\/2\/09. O Partido Socialismo e Liberdade (PSOL), h\u00e1 tr\u00eas anos e cinco meses com seu registro legal, \u00e9 uma das agremia\u00e7\u00f5es que comp\u00f5em o leque partid\u00e1rio brasileiro. Buscamos nos construir com princ\u00edpios program\u00e1ticos, \u00e9ticos e base militante, atentos a qualquer desvio, para extirp\u00e1-lo na raiz. Uma das marcas partid\u00e1rias neste breve tempo de exist\u00eancia tem sido a luta intransigente contra a corrup\u00e7\u00e3o em nosso pa\u00eds.<\/p>\n<p>Manifestamos plena concord\u00e2ncia com a den\u00fancia quanto \u00e0s crescentes pr\u00e1ticas pol\u00edticas fisiol\u00f3gicas e corrompidas, fundadas na ocupa\u00e7\u00e3o de cargos para enriquecimento patrimonial e\/ou prest\u00edgio pol\u00edtico, viciando licita\u00e7\u00f5es, \u201cpagando\u201d financiamentos de campanha e desviando recursos p\u00fablicos, al\u00e9m da corriqueira demagogia na capta\u00e7\u00e3o do sufr\u00e1gio. Todas estas mazelas marcam profundamente nossa democracia formal.<\/p>\n<p>Os graves problemas do seu partido, similares ao de outros igualmente grandes, acometidos de \u201cnanismo moral\u201d, derivam de um sistema pol\u00edtico calcado no patrimonialismo e no elitismo. S\u00f3 uma reforma pol\u00edtica radical reduzir\u00e1 estas distor\u00e7\u00f5es criminosas.<\/p>\n<p>O combate \u00e0 corrup\u00e7\u00e3o sist\u00eamica, por\u00e9m, tem que ser pontual: a cada caso concreto, a den\u00fancia, a puni\u00e7\u00e3o aos respons\u00e1veis e o ressarcimento aos cofres p\u00fablicos do que foi subtra\u00eddo.<\/p>\n<p>Para serem conseq\u00fcentes, suas den\u00fancias devem vir acompanhadas do detalhamento de situa\u00e7\u00f5es, nomes e fatos que gerem iniciativas aguardadas por toda a sociedade, em nome do interesse p\u00fablico. Esta seria uma saud\u00e1vel provid\u00eancia para que os fatos por vossa Excel\u00eancia relatados n\u00e3o caiam no esquecimento e possam ser devidamente apurados. Seria, sem sombra de d\u00favida, uma enorme contribui\u00e7\u00e3o \u00e0 moraliza\u00e7\u00e3o da vida p\u00fablica brasileira.<\/p>\n<p>Estamos alinhados no combate efetivo aos muitos focos de corrup\u00e7\u00e3o que contaminam a Rep\u00fablica. Ali\u00e1s, o PSOL jamais se furtou a exigir apura\u00e7\u00f5es \u2013 no mais das vezes engavetadas \u2013 quanto a casos concretos, como os \u201cmensal\u00f5es\u201d petista e tucano, o esc\u00e2ndalo sanguessuga e outros, envolvendo altas figuras tamb\u00e9m do seu partido, como o Senador Renan Calheiros.<\/p>\n<p>\u00c9 urgente a constru\u00e7\u00e3o, aqui no Congresso Nacional e junto a outras entidades da sociedade, de um F\u00f3rum Permanente pela \u00c9tica na Pol\u00edtica.<\/p>\n<p>Atenciosamente,<\/p>\n<p>Ivan Valente &#8211; L\u00edder da Bancada do PSOL <br \/>Chico Alencar &#8211; Vice-L\u00edder<\/p>\n<p>Senador Jos\u00e9 Nery &#8211; L\u00edder do PSOL<\/p>\n<\/div>\n","protected":false},"excerpt":{"rendered":"<p>O l\u00edder do PSOL, deputado Ivan Valente, o deputado Chico Alencar e o senador Jos\u00e9 Nery entregaram ao senador Jarbas Vasconcelos carta em que pedem que o senador pemedebista aponte os ind\u00edcios da degrada\u00e7\u00e3o e de corrup\u00e7\u00e3o nos partidos pol\u00edticos. Para o PSOL, as declara\u00e7\u00f5es de Vasconcelos s\u00e3o muito graves e n\u00e3o se pode ignor\u00e1-las.<\/p>\n","protected":false},"author":2,"featured_media":0,"comment_status":"open","ping_status":"open","sticky":false,"template":"","format":"standard","meta":{"_acf_changed":false,"footnotes":""},"categories":[4766],"tags":[],"class_list":{"0":"post-1302","1":"post","2":"type-post","3":"status-publish","4":"format-standard","6":"category-arquivo"},"acf":[],"yoast_head":"<!-- This site is optimized with the Yoast SEO plugin v26.5 - https:\/\/yoast.com\/wordpress\/plugins\/seo\/ -->\n<title>Parlamentares do PSOL entregam carta a Jarbas Vasconcelos - PSOL 50<\/title>\n<meta name=\"robots\" content=\"index, follow, max-snippet:-1, max-image-preview:large, max-video-preview:-1\" \/>\n<link rel=\"canonical\" href=\"https:\/\/psol50.org.br\/parlamentares-do-psol-entregam-carta-a-jarbas-vasconcelos\/\" \/>\n<meta property=\"og:locale\" content=\"pt_BR\" \/>\n<meta property=\"og:type\" content=\"article\" \/>\n<meta property=\"og:title\" content=\"Parlamentares do PSOL entregam carta a Jarbas Vasconcelos - PSOL 50\" \/>\n<meta property=\"og:description\" content=\"O l\u00edder do PSOL, deputado Ivan Valente, o deputado Chico Alencar e o senador Jos\u00e9 Nery entregaram ao senador Jarbas Vasconcelos carta em que pedem que o senador pemedebista aponte os ind\u00edcios da degrada\u00e7\u00e3o e de corrup\u00e7\u00e3o nos partidos pol\u00edticos. Para o PSOL, as declara\u00e7\u00f5es de Vasconcelos s\u00e3o muito graves e n\u00e3o se pode ignor\u00e1-las.\" \/>\n<meta property=\"og:url\" content=\"https:\/\/psol50.org.br\/parlamentares-do-psol-entregam-carta-a-jarbas-vasconcelos\/\" \/>\n<meta property=\"og:site_name\" content=\"PSOL 50\" \/>\n<meta property=\"article:publisher\" content=\"https:\/\/www.facebook.com\/psol50\" \/>\n<meta property=\"article:published_time\" content=\"2009-02-17T00:00:00+00:00\" \/>\n<meta property=\"og:image\" content=\"https:\/\/psol50.org.br\/inc\/uploads\/2018\/07\/capa.png\" \/>\n\t<meta property=\"og:image:width\" content=\"1350\" \/>\n\t<meta property=\"og:image:height\" content=\"900\" \/>\n\t<meta property=\"og:image:type\" content=\"image\/png\" \/>\n<meta name=\"author\" content=\"Comunica\u00e7\u00e3o PSOL\" \/>\n<meta name=\"twitter:card\" content=\"summary_large_image\" \/>\n<meta name=\"twitter:creator\" content=\"@psol50\" \/>\n<meta name=\"twitter:site\" content=\"@psol50\" \/>\n<meta name=\"twitter:label1\" content=\"Escrito por\" \/>\n\t<meta name=\"twitter:data1\" content=\"Comunica\u00e7\u00e3o PSOL\" \/>\n\t<meta name=\"twitter:label2\" content=\"Est. tempo de leitura\" \/>\n\t<meta name=\"twitter:data2\" content=\"3 minutos\" \/>\n<script type=\"application\/ld+json\" class=\"yoast-schema-graph\">{\"@context\":\"https:\/\/schema.org\",\"@graph\":[{\"@type\":\"Article\",\"@id\":\"https:\/\/psol50.org.br\/parlamentares-do-psol-entregam-carta-a-jarbas-vasconcelos\/#article\",\"isPartOf\":{\"@id\":\"https:\/\/psol50.org.br\/parlamentares-do-psol-entregam-carta-a-jarbas-vasconcelos\/\"},\"author\":{\"name\":\"Comunica\u00e7\u00e3o PSOL\",\"@id\":\"https:\/\/psol50.org.br\/#\/schema\/person\/475dfa57d0b815993c714c2e96491fcd\"},\"headline\":\"Parlamentares do PSOL entregam carta a Jarbas Vasconcelos\",\"datePublished\":\"2009-02-17T00:00:00+00:00\",\"mainEntityOfPage\":{\"@id\":\"https:\/\/psol50.org.br\/parlamentares-do-psol-entregam-carta-a-jarbas-vasconcelos\/\"},\"wordCount\":699,\"commentCount\":0,\"publisher\":{\"@id\":\"https:\/\/psol50.org.br\/#organization\"},\"articleSection\":[\"Arquivo\"],\"inLanguage\":\"pt-BR\",\"potentialAction\":[{\"@type\":\"CommentAction\",\"name\":\"Comment\",\"target\":[\"https:\/\/psol50.org.br\/parlamentares-do-psol-entregam-carta-a-jarbas-vasconcelos\/#respond\"]}]},{\"@type\":\"WebPage\",\"@id\":\"https:\/\/psol50.org.br\/parlamentares-do-psol-entregam-carta-a-jarbas-vasconcelos\/\",\"url\":\"https:\/\/psol50.org.br\/parlamentares-do-psol-entregam-carta-a-jarbas-vasconcelos\/\",\"name\":\"Parlamentares do PSOL entregam carta a Jarbas Vasconcelos - PSOL 50\",\"isPartOf\":{\"@id\":\"https:\/\/psol50.org.br\/#website\"},\"datePublished\":\"2009-02-17T00:00:00+00:00\",\"breadcrumb\":{\"@id\":\"https:\/\/psol50.org.br\/parlamentares-do-psol-entregam-carta-a-jarbas-vasconcelos\/#breadcrumb\"},\"inLanguage\":\"pt-BR\",\"potentialAction\":[{\"@type\":\"ReadAction\",\"target\":[\"https:\/\/psol50.org.br\/parlamentares-do-psol-entregam-carta-a-jarbas-vasconcelos\/\"]}]},{\"@type\":\"BreadcrumbList\",\"@id\":\"https:\/\/psol50.org.br\/parlamentares-do-psol-entregam-carta-a-jarbas-vasconcelos\/#breadcrumb\",\"itemListElement\":[{\"@type\":\"ListItem\",\"position\":1,\"name\":\"In\u00edcio\",\"item\":\"https:\/\/psol50.org.br\/\"},{\"@type\":\"ListItem\",\"position\":2,\"name\":\"Parlamentares do PSOL entregam carta a Jarbas Vasconcelos\"}]},{\"@type\":\"WebSite\",\"@id\":\"https:\/\/psol50.org.br\/#website\",\"url\":\"https:\/\/psol50.org.br\/\",\"name\":\"PSOL 50\",\"description\":\"Site oficial do Partido Socialismo e Liberdade\",\"publisher\":{\"@id\":\"https:\/\/psol50.org.br\/#organization\"},\"alternateName\":\"PSOL50\",\"potentialAction\":[{\"@type\":\"SearchAction\",\"target\":{\"@type\":\"EntryPoint\",\"urlTemplate\":\"https:\/\/psol50.org.br\/?s={search_term_string}\"},\"query-input\":{\"@type\":\"PropertyValueSpecification\",\"valueRequired\":true,\"valueName\":\"search_term_string\"}}],\"inLanguage\":\"pt-BR\"},{\"@type\":\"Organization\",\"@id\":\"https:\/\/psol50.org.br\/#organization\",\"name\":\"PSOL 50\",\"alternateName\":\"PSOL 50\",\"url\":\"https:\/\/psol50.org.br\/\",\"logo\":{\"@type\":\"ImageObject\",\"inLanguage\":\"pt-BR\",\"@id\":\"https:\/\/psol50.org.br\/#\/schema\/logo\/image\/\",\"url\":\"https:\/\/psol50.org.br\/inc\/uploads\/2018\/07\/capa.png\",\"contentUrl\":\"https:\/\/psol50.org.br\/inc\/uploads\/2018\/07\/capa.png\",\"width\":1350,\"height\":900,\"caption\":\"PSOL 50\"},\"image\":{\"@id\":\"https:\/\/psol50.org.br\/#\/schema\/logo\/image\/\"},\"sameAs\":[\"https:\/\/www.facebook.com\/psol50\",\"https:\/\/x.com\/psol50\",\"https:\/\/www.instagram.com\/psol50\/\",\"https:\/\/www.youtube.com\/channel\/UC7SnJS5o1os7a6CaiNabzcg\"]},{\"@type\":\"Person\",\"@id\":\"https:\/\/psol50.org.br\/#\/schema\/person\/475dfa57d0b815993c714c2e96491fcd\",\"name\":\"Comunica\u00e7\u00e3o PSOL\",\"image\":{\"@type\":\"ImageObject\",\"inLanguage\":\"pt-BR\",\"@id\":\"https:\/\/psol50.org.br\/#\/schema\/person\/image\/\",\"url\":\"https:\/\/secure.gravatar.com\/avatar\/b34fc4f4e468a4e51785917065a3db57b841f5c95dba6ad8c73aaf8f66f8f9bf?s=96&d=mm&r=g\",\"contentUrl\":\"https:\/\/secure.gravatar.com\/avatar\/b34fc4f4e468a4e51785917065a3db57b841f5c95dba6ad8c73aaf8f66f8f9bf?s=96&d=mm&r=g\",\"caption\":\"Comunica\u00e7\u00e3o PSOL\"}}]}<\/script>\n<!-- \/ Yoast SEO plugin. -->","yoast_head_json":{"title":"Parlamentares do PSOL entregam carta a Jarbas Vasconcelos - PSOL 50","robots":{"index":"index","follow":"follow","max-snippet":"max-snippet:-1","max-image-preview":"max-image-preview:large","max-video-preview":"max-video-preview:-1"},"canonical":"https:\/\/psol50.org.br\/parlamentares-do-psol-entregam-carta-a-jarbas-vasconcelos\/","og_locale":"pt_BR","og_type":"article","og_title":"Parlamentares do PSOL entregam carta a Jarbas Vasconcelos - PSOL 50","og_description":"O l\u00edder do PSOL, deputado Ivan Valente, o deputado Chico Alencar e o senador Jos\u00e9 Nery entregaram ao senador Jarbas Vasconcelos carta em que pedem que o senador pemedebista aponte os ind\u00edcios da degrada\u00e7\u00e3o e de corrup\u00e7\u00e3o nos partidos pol\u00edticos. Para o PSOL, as declara\u00e7\u00f5es de Vasconcelos s\u00e3o muito graves e n\u00e3o se pode ignor\u00e1-las.","og_url":"https:\/\/psol50.org.br\/parlamentares-do-psol-entregam-carta-a-jarbas-vasconcelos\/","og_site_name":"PSOL 50","article_publisher":"https:\/\/www.facebook.com\/psol50","article_published_time":"2009-02-17T00:00:00+00:00","og_image":[{"width":1350,"height":900,"url":"https:\/\/psol50.org.br\/inc\/uploads\/2018\/07\/capa.png","type":"image\/png"}],"author":"Comunica\u00e7\u00e3o PSOL","twitter_card":"summary_large_image","twitter_creator":"@psol50","twitter_site":"@psol50","twitter_misc":{"Escrito por":"Comunica\u00e7\u00e3o PSOL","Est. tempo de leitura":"3 minutos"},"schema":{"@context":"https:\/\/schema.org","@graph":[{"@type":"Article","@id":"https:\/\/psol50.org.br\/parlamentares-do-psol-entregam-carta-a-jarbas-vasconcelos\/#article","isPartOf":{"@id":"https:\/\/psol50.org.br\/parlamentares-do-psol-entregam-carta-a-jarbas-vasconcelos\/"},"author":{"name":"Comunica\u00e7\u00e3o PSOL","@id":"https:\/\/psol50.org.br\/#\/schema\/person\/475dfa57d0b815993c714c2e96491fcd"},"headline":"Parlamentares do PSOL entregam carta a Jarbas Vasconcelos","datePublished":"2009-02-17T00:00:00+00:00","mainEntityOfPage":{"@id":"https:\/\/psol50.org.br\/parlamentares-do-psol-entregam-carta-a-jarbas-vasconcelos\/"},"wordCount":699,"commentCount":0,"publisher":{"@id":"https:\/\/psol50.org.br\/#organization"},"articleSection":["Arquivo"],"inLanguage":"pt-BR","potentialAction":[{"@type":"CommentAction","name":"Comment","target":["https:\/\/psol50.org.br\/parlamentares-do-psol-entregam-carta-a-jarbas-vasconcelos\/#respond"]}]},{"@type":"WebPage","@id":"https:\/\/psol50.org.br\/parlamentares-do-psol-entregam-carta-a-jarbas-vasconcelos\/","url":"https:\/\/psol50.org.br\/parlamentares-do-psol-entregam-carta-a-jarbas-vasconcelos\/","name":"Parlamentares do PSOL entregam carta a Jarbas Vasconcelos - PSOL 50","isPartOf":{"@id":"https:\/\/psol50.org.br\/#website"},"datePublished":"2009-02-17T00:00:00+00:00","breadcrumb":{"@id":"https:\/\/psol50.org.br\/parlamentares-do-psol-entregam-carta-a-jarbas-vasconcelos\/#breadcrumb"},"inLanguage":"pt-BR","potentialAction":[{"@type":"ReadAction","target":["https:\/\/psol50.org.br\/parlamentares-do-psol-entregam-carta-a-jarbas-vasconcelos\/"]}]},{"@type":"BreadcrumbList","@id":"https:\/\/psol50.org.br\/parlamentares-do-psol-entregam-carta-a-jarbas-vasconcelos\/#breadcrumb","itemListElement":[{"@type":"ListItem","position":1,"name":"In\u00edcio","item":"https:\/\/psol50.org.br\/"},{"@type":"ListItem","position":2,"name":"Parlamentares do PSOL entregam carta a Jarbas Vasconcelos"}]},{"@type":"WebSite","@id":"https:\/\/psol50.org.br\/#website","url":"https:\/\/psol50.org.br\/","name":"PSOL 50","description":"Site oficial do Partido Socialismo e Liberdade","publisher":{"@id":"https:\/\/psol50.org.br\/#organization"},"alternateName":"PSOL50","potentialAction":[{"@type":"SearchAction","target":{"@type":"EntryPoint","urlTemplate":"https:\/\/psol50.org.br\/?s={search_term_string}"},"query-input":{"@type":"PropertyValueSpecification","valueRequired":true,"valueName":"search_term_string"}}],"inLanguage":"pt-BR"},{"@type":"Organization","@id":"https:\/\/psol50.org.br\/#organization","name":"PSOL 50","alternateName":"PSOL 50","url":"https:\/\/psol50.org.br\/","logo":{"@type":"ImageObject","inLanguage":"pt-BR","@id":"https:\/\/psol50.org.br\/#\/schema\/logo\/image\/","url":"https:\/\/psol50.org.br\/inc\/uploads\/2018\/07\/capa.png","contentUrl":"https:\/\/psol50.org.br\/inc\/uploads\/2018\/07\/capa.png","width":1350,"height":900,"caption":"PSOL 50"},"image":{"@id":"https:\/\/psol50.org.br\/#\/schema\/logo\/image\/"},"sameAs":["https:\/\/www.facebook.com\/psol50","https:\/\/x.com\/psol50","https:\/\/www.instagram.com\/psol50\/","https:\/\/www.youtube.com\/channel\/UC7SnJS5o1os7a6CaiNabzcg"]},{"@type":"Person","@id":"https:\/\/psol50.org.br\/#\/schema\/person\/475dfa57d0b815993c714c2e96491fcd","name":"Comunica\u00e7\u00e3o PSOL","image":{"@type":"ImageObject","inLanguage":"pt-BR","@id":"https:\/\/psol50.org.br\/#\/schema\/person\/image\/","url":"https:\/\/secure.gravatar.com\/avatar\/b34fc4f4e468a4e51785917065a3db57b841f5c95dba6ad8c73aaf8f66f8f9bf?s=96&d=mm&r=g","contentUrl":"https:\/\/secure.gravatar.com\/avatar\/b34fc4f4e468a4e51785917065a3db57b841f5c95dba6ad8c73aaf8f66f8f9bf?s=96&d=mm&r=g","caption":"Comunica\u00e7\u00e3o PSOL"}}]}},"_links":{"self":[{"href":"https:\/\/psol50.org.br\/rest\/wp\/v2\/posts\/1302","targetHints":{"allow":["GET"]}}],"collection":[{"href":"https:\/\/psol50.org.br\/rest\/wp\/v2\/posts"}],"about":[{"href":"https:\/\/psol50.org.br\/rest\/wp\/v2\/types\/post"}],"author":[{"embeddable":true,"href":"https:\/\/psol50.org.br\/rest\/wp\/v2\/users\/2"}],"replies":[{"embeddable":true,"href":"https:\/\/psol50.org.br\/rest\/wp\/v2\/comments?post=1302"}],"version-history":[{"count":0,"href":"https:\/\/psol50.org.br\/rest\/wp\/v2\/posts\/1302\/revisions"}],"wp:attachment":[{"href":"https:\/\/psol50.org.br\/rest\/wp\/v2\/media?parent=1302"}],"wp:term":[{"taxonomy":"category","embeddable":true,"href":"https:\/\/psol50.org.br\/rest\/wp\/v2\/categories?post=1302"},{"taxonomy":"post_tag","embeddable":true,"href":"https:\/\/psol50.org.br\/rest\/wp\/v2\/tags?post=1302"}],"curies":[{"name":"wp","href":"https:\/\/api.w.org\/{rel}","templated":true}]}}