{"id":13071,"date":"2016-07-08T19:14:44","date_gmt":"2016-07-08T19:14:44","guid":{"rendered":"http:\/\/www.psol50.org.br\/?p=13071"},"modified":"2016-07-08T19:14:44","modified_gmt":"2016-07-08T19:14:44","slug":"nota-da-bancada-do-psol-sobre-renuncia-de-eduardo-cunha-a-presidencia-da-camara","status":"publish","type":"post","link":"https:\/\/psol50.org.br\/nota-da-bancada-do-psol-sobre-renuncia-de-eduardo-cunha-a-presidencia-da-camara\/","title":{"rendered":"Nota da bancada do PSOL sobre ren\u00fancia de Eduardo Cunha \u00e0 presid\u00eancia da C\u00e2mara"},"content":{"rendered":"<p>1- A ren\u00fancia de Eduardo Cunha \u00e0 presid\u00eancia da C\u00e2mara dos Deputados era uma demanda de toda a sociedade brasileira. Manter um r\u00e9u da Opera\u00e7\u00e3o Lava Jato \u00e0 frente do Legislativo brasileiro era uma anomalia que escandalizava a todos e expunha ainda mais nossa j\u00e1 cambaleante democracia. \u00c9 gra\u00e7as a ele que o golpe que levou Michel Temer \u00e0 Presid\u00eancia da Rep\u00fablica, ainda que interinamente, tem chances de prosperar.<\/p>\n<p>2- A decis\u00e3o do Supremo Tribunal Federal, que acolheu pedido da Procuradoria Geral da Rep\u00fablica de afastar Eduardo Cunha de suas fun\u00e7\u00f5es \u00e0 frente da presid\u00eancia da C\u00e2mara dos Deputados, foi decisiva para sua ren\u00fancia. Mas tamb\u00e9m foi decisiva a mobiliza\u00e7\u00e3o de milhares de ativistas, mulheres, jovens, militantes dos movimentos sociais organizados, que desde o ano passado impulsionaram a campanha pelo #ForaCunha. O PSOL se orgulha de ter participado ativamente desde o in\u00edcio deste processo de mobiliza\u00e7\u00e3o popular contra o corrupto parlamentar.<\/p>\n<p>3- A ren\u00fancia de Eduardo Cunha, embora favor\u00e1vel por permitir a elei\u00e7\u00e3o de um novo presidente para a C\u00e2mara dos Deputados, n\u00e3o pode representar uma manobra para a salva\u00e7\u00e3o de seu mandato. A a\u00e7\u00e3o movida pelo PSOL demonstrou, com farta base material, que Eduardo Cunha mentiu na CPI da Petrobr\u00e1s ao afirmar que n\u00e3o possu\u00eda contas na Su\u00ed\u00e7a. Por isso, a luta contra os desmandos de Eduardo Cunha na C\u00e2mara dos Deputados s\u00f3 pode ter fim com a cassa\u00e7\u00e3o de seu mandato.<\/p>\n<p>4- Mas n\u00e3o nos contentamos com isso. O PSOL exige que, comprovadas as in\u00fameras den\u00fancias de corrup\u00e7\u00e3o que pesam contra Eduardo Cunha, ele responda criminalmente. Para n\u00f3s, o lugar de pol\u00edticos como Eduardo Cunha \u00e9 a cadeia.<\/p>\n<p>5- Poderosas for\u00e7as de movimentam para tentar salvar Eduardo Cunha. O governo ileg\u00edtimo de Michel Temer, principal aliado do ex-presidente da C\u00e2mara dos Deputados, se move para garantir que Cunha n\u00e3o tenha o mandato cassado nem seja preso, o que poderia revelar de forma ainda mais concreta as rela\u00e7\u00f5es esp\u00farias entre a c\u00fapula do PMDB e a corrup\u00e7\u00e3o na Petrobr\u00e1s.<\/p>\n<p>6- Al\u00e9m de perder seu mandato, Cunha deve pagar pelos crimes que cometeu. Por isso, a bancada do PSOL seguir\u00e1 lutando contra qualquer manobra que possa resultar em absolvi\u00e7\u00e3o no plen\u00e1rio da C\u00e2mara dos Deputados. Nesse sentido, o PSOL apresentar\u00e1 um programa de gest\u00e3o democr\u00e1tica e transparente da Casa.<\/p>\n<p><strong>Bancada do PSOL na C\u00e2mara dos Deputados<\/strong><br \/>\n<strong>Bras\u00edlia, 8 de julho de 2015<\/strong><\/p>\n","protected":false},"excerpt":{"rendered":"<p>1- A ren\u00fancia de Eduardo Cunha \u00e0 presid\u00eancia da C\u00e2mara dos Deputados era uma demanda de toda a sociedade brasileira. Manter um r\u00e9u da Opera\u00e7\u00e3o Lava Jato \u00e0 frente do Legislativo brasileiro era uma anomalia que escandalizava a todos e expunha ainda mais nossa j\u00e1 cambaleante democracia. \u00c9 gra\u00e7as a ele que o golpe que [&hellip;]<\/p>\n","protected":false},"author":2,"featured_media":12788,"comment_status":"open","ping_status":"open","sticky":false,"template":"","format":"standard","meta":{"_acf_changed":false,"footnotes":""},"categories":[10,1882],"tags":[2734,2890,3962,19,4377,4378],"class_list":{"0":"post-13071","1":"post","2":"type-post","3":"status-publish","4":"format-standard","5":"has-post-thumbnail","7":"category-acao-parlamentares","8":"category-brasil","9":"tag-bancada-do-psol","10":"tag-eduardo-cunha","11":"tag-fora-cunha","12":"tag-nota","13":"tag-presidencia-da-camara-dos-deputados","14":"tag-renuncia"},"acf":[],"yoast_head":"<!-- This site is optimized with the Yoast SEO plugin v26.5 - https:\/\/yoast.com\/wordpress\/plugins\/seo\/ -->\n<title>Nota da bancada do PSOL sobre ren\u00fancia de Eduardo Cunha \u00e0 presid\u00eancia da C\u00e2mara - PSOL 50<\/title>\n<meta name=\"robots\" content=\"index, follow, max-snippet:-1, max-image-preview:large, max-video-preview:-1\" \/>\n<link rel=\"canonical\" href=\"https:\/\/psol50.org.br\/nota-da-bancada-do-psol-sobre-renuncia-de-eduardo-cunha-a-presidencia-da-camara\/\" \/>\n<meta property=\"og:locale\" content=\"pt_BR\" \/>\n<meta property=\"og:type\" content=\"article\" \/>\n<meta property=\"og:title\" content=\"Nota da bancada do PSOL sobre ren\u00fancia de Eduardo Cunha \u00e0 presid\u00eancia da C\u00e2mara - PSOL 50\" \/>\n<meta property=\"og:description\" content=\"1- A ren\u00fancia de Eduardo Cunha \u00e0 presid\u00eancia da C\u00e2mara dos Deputados era uma demanda de toda a sociedade brasileira. Manter um r\u00e9u da Opera\u00e7\u00e3o Lava Jato \u00e0 frente do Legislativo brasileiro era uma anomalia que escandalizava a todos e expunha ainda mais nossa j\u00e1 cambaleante democracia. \u00c9 gra\u00e7as a ele que o golpe que [&hellip;]\" \/>\n<meta property=\"og:url\" content=\"https:\/\/psol50.org.br\/nota-da-bancada-do-psol-sobre-renuncia-de-eduardo-cunha-a-presidencia-da-camara\/\" \/>\n<meta property=\"og:site_name\" content=\"PSOL 50\" \/>\n<meta property=\"article:publisher\" content=\"https:\/\/www.facebook.com\/psol50\" \/>\n<meta property=\"article:published_time\" content=\"2016-07-08T19:14:44+00:00\" \/>\n<meta property=\"og:image\" content=\"https:\/\/psol50.org.br\/inc\/uploads\/2018\/07\/capa.png\" \/>\n\t<meta property=\"og:image:width\" content=\"1350\" \/>\n\t<meta property=\"og:image:height\" content=\"900\" \/>\n\t<meta property=\"og:image:type\" content=\"image\/png\" \/>\n<meta name=\"author\" content=\"Comunica\u00e7\u00e3o PSOL\" \/>\n<meta name=\"twitter:card\" content=\"summary_large_image\" \/>\n<meta name=\"twitter:creator\" content=\"@psol50\" \/>\n<meta name=\"twitter:site\" content=\"@psol50\" \/>\n<meta name=\"twitter:label1\" content=\"Escrito por\" \/>\n\t<meta name=\"twitter:data1\" content=\"Comunica\u00e7\u00e3o PSOL\" \/>\n\t<meta name=\"twitter:label2\" content=\"Est. tempo de leitura\" \/>\n\t<meta name=\"twitter:data2\" content=\"2 minutos\" \/>\n<script type=\"application\/ld+json\" class=\"yoast-schema-graph\">{\"@context\":\"https:\/\/schema.org\",\"@graph\":[{\"@type\":\"Article\",\"@id\":\"https:\/\/psol50.org.br\/nota-da-bancada-do-psol-sobre-renuncia-de-eduardo-cunha-a-presidencia-da-camara\/#article\",\"isPartOf\":{\"@id\":\"https:\/\/psol50.org.br\/nota-da-bancada-do-psol-sobre-renuncia-de-eduardo-cunha-a-presidencia-da-camara\/\"},\"author\":{\"name\":\"Comunica\u00e7\u00e3o PSOL\",\"@id\":\"https:\/\/psol50.org.br\/#\/schema\/person\/475dfa57d0b815993c714c2e96491fcd\"},\"headline\":\"Nota da bancada do PSOL sobre ren\u00fancia de Eduardo Cunha \u00e0 presid\u00eancia da C\u00e2mara\",\"datePublished\":\"2016-07-08T19:14:44+00:00\",\"mainEntityOfPage\":{\"@id\":\"https:\/\/psol50.org.br\/nota-da-bancada-do-psol-sobre-renuncia-de-eduardo-cunha-a-presidencia-da-camara\/\"},\"wordCount\":454,\"commentCount\":0,\"publisher\":{\"@id\":\"https:\/\/psol50.org.br\/#organization\"},\"image\":{\"@id\":\"https:\/\/psol50.org.br\/nota-da-bancada-do-psol-sobre-renuncia-de-eduardo-cunha-a-presidencia-da-camara\/#primaryimage\"},\"thumbnailUrl\":\"\",\"keywords\":[\"Bancada do PSOL\",\"Eduardo Cunha\",\"Fora Cunha\",\"nota\",\"presid\u00eancia da C\u00e2mara dos Deputados\",\"ren\u00fancia\"],\"articleSection\":[\"A\u00e7\u00e3o Parlamentar\",\"Brasil\"],\"inLanguage\":\"pt-BR\",\"potentialAction\":[{\"@type\":\"CommentAction\",\"name\":\"Comment\",\"target\":[\"https:\/\/psol50.org.br\/nota-da-bancada-do-psol-sobre-renuncia-de-eduardo-cunha-a-presidencia-da-camara\/#respond\"]}]},{\"@type\":\"WebPage\",\"@id\":\"https:\/\/psol50.org.br\/nota-da-bancada-do-psol-sobre-renuncia-de-eduardo-cunha-a-presidencia-da-camara\/\",\"url\":\"https:\/\/psol50.org.br\/nota-da-bancada-do-psol-sobre-renuncia-de-eduardo-cunha-a-presidencia-da-camara\/\",\"name\":\"Nota da bancada do PSOL sobre ren\u00fancia de Eduardo Cunha \u00e0 presid\u00eancia da C\u00e2mara - PSOL 50\",\"isPartOf\":{\"@id\":\"https:\/\/psol50.org.br\/#website\"},\"primaryImageOfPage\":{\"@id\":\"https:\/\/psol50.org.br\/nota-da-bancada-do-psol-sobre-renuncia-de-eduardo-cunha-a-presidencia-da-camara\/#primaryimage\"},\"image\":{\"@id\":\"https:\/\/psol50.org.br\/nota-da-bancada-do-psol-sobre-renuncia-de-eduardo-cunha-a-presidencia-da-camara\/#primaryimage\"},\"thumbnailUrl\":\"\",\"datePublished\":\"2016-07-08T19:14:44+00:00\",\"breadcrumb\":{\"@id\":\"https:\/\/psol50.org.br\/nota-da-bancada-do-psol-sobre-renuncia-de-eduardo-cunha-a-presidencia-da-camara\/#breadcrumb\"},\"inLanguage\":\"pt-BR\",\"potentialAction\":[{\"@type\":\"ReadAction\",\"target\":[\"https:\/\/psol50.org.br\/nota-da-bancada-do-psol-sobre-renuncia-de-eduardo-cunha-a-presidencia-da-camara\/\"]}]},{\"@type\":\"ImageObject\",\"inLanguage\":\"pt-BR\",\"@id\":\"https:\/\/psol50.org.br\/nota-da-bancada-do-psol-sobre-renuncia-de-eduardo-cunha-a-presidencia-da-camara\/#primaryimage\",\"url\":\"\",\"contentUrl\":\"\"},{\"@type\":\"BreadcrumbList\",\"@id\":\"https:\/\/psol50.org.br\/nota-da-bancada-do-psol-sobre-renuncia-de-eduardo-cunha-a-presidencia-da-camara\/#breadcrumb\",\"itemListElement\":[{\"@type\":\"ListItem\",\"position\":1,\"name\":\"In\u00edcio\",\"item\":\"https:\/\/psol50.org.br\/\"},{\"@type\":\"ListItem\",\"position\":2,\"name\":\"Nota da bancada do PSOL sobre ren\u00fancia de Eduardo Cunha \u00e0 presid\u00eancia da C\u00e2mara\"}]},{\"@type\":\"WebSite\",\"@id\":\"https:\/\/psol50.org.br\/#website\",\"url\":\"https:\/\/psol50.org.br\/\",\"name\":\"PSOL 50\",\"description\":\"Site oficial do Partido Socialismo e Liberdade\",\"publisher\":{\"@id\":\"https:\/\/psol50.org.br\/#organization\"},\"alternateName\":\"PSOL50\",\"potentialAction\":[{\"@type\":\"SearchAction\",\"target\":{\"@type\":\"EntryPoint\",\"urlTemplate\":\"https:\/\/psol50.org.br\/?s={search_term_string}\"},\"query-input\":{\"@type\":\"PropertyValueSpecification\",\"valueRequired\":true,\"valueName\":\"search_term_string\"}}],\"inLanguage\":\"pt-BR\"},{\"@type\":\"Organization\",\"@id\":\"https:\/\/psol50.org.br\/#organization\",\"name\":\"PSOL 50\",\"alternateName\":\"PSOL 50\",\"url\":\"https:\/\/psol50.org.br\/\",\"logo\":{\"@type\":\"ImageObject\",\"inLanguage\":\"pt-BR\",\"@id\":\"https:\/\/psol50.org.br\/#\/schema\/logo\/image\/\",\"url\":\"https:\/\/psol50.org.br\/inc\/uploads\/2018\/07\/capa.png\",\"contentUrl\":\"https:\/\/psol50.org.br\/inc\/uploads\/2018\/07\/capa.png\",\"width\":1350,\"height\":900,\"caption\":\"PSOL 50\"},\"image\":{\"@id\":\"https:\/\/psol50.org.br\/#\/schema\/logo\/image\/\"},\"sameAs\":[\"https:\/\/www.facebook.com\/psol50\",\"https:\/\/x.com\/psol50\",\"https:\/\/www.instagram.com\/psol50\/\",\"https:\/\/www.youtube.com\/channel\/UC7SnJS5o1os7a6CaiNabzcg\"]},{\"@type\":\"Person\",\"@id\":\"https:\/\/psol50.org.br\/#\/schema\/person\/475dfa57d0b815993c714c2e96491fcd\",\"name\":\"Comunica\u00e7\u00e3o PSOL\",\"image\":{\"@type\":\"ImageObject\",\"inLanguage\":\"pt-BR\",\"@id\":\"https:\/\/psol50.org.br\/#\/schema\/person\/image\/\",\"url\":\"https:\/\/secure.gravatar.com\/avatar\/b34fc4f4e468a4e51785917065a3db57b841f5c95dba6ad8c73aaf8f66f8f9bf?s=96&d=mm&r=g\",\"contentUrl\":\"https:\/\/secure.gravatar.com\/avatar\/b34fc4f4e468a4e51785917065a3db57b841f5c95dba6ad8c73aaf8f66f8f9bf?s=96&d=mm&r=g\",\"caption\":\"Comunica\u00e7\u00e3o PSOL\"}}]}<\/script>\n<!-- \/ Yoast SEO plugin. -->","yoast_head_json":{"title":"Nota da bancada do PSOL sobre ren\u00fancia de Eduardo Cunha \u00e0 presid\u00eancia da C\u00e2mara - PSOL 50","robots":{"index":"index","follow":"follow","max-snippet":"max-snippet:-1","max-image-preview":"max-image-preview:large","max-video-preview":"max-video-preview:-1"},"canonical":"https:\/\/psol50.org.br\/nota-da-bancada-do-psol-sobre-renuncia-de-eduardo-cunha-a-presidencia-da-camara\/","og_locale":"pt_BR","og_type":"article","og_title":"Nota da bancada do PSOL sobre ren\u00fancia de Eduardo Cunha \u00e0 presid\u00eancia da C\u00e2mara - PSOL 50","og_description":"1- A ren\u00fancia de Eduardo Cunha \u00e0 presid\u00eancia da C\u00e2mara dos Deputados era uma demanda de toda a sociedade brasileira. Manter um r\u00e9u da Opera\u00e7\u00e3o Lava Jato \u00e0 frente do Legislativo brasileiro era uma anomalia que escandalizava a todos e expunha ainda mais nossa j\u00e1 cambaleante democracia. \u00c9 gra\u00e7as a ele que o golpe que [&hellip;]","og_url":"https:\/\/psol50.org.br\/nota-da-bancada-do-psol-sobre-renuncia-de-eduardo-cunha-a-presidencia-da-camara\/","og_site_name":"PSOL 50","article_publisher":"https:\/\/www.facebook.com\/psol50","article_published_time":"2016-07-08T19:14:44+00:00","og_image":[{"width":1350,"height":900,"url":"https:\/\/psol50.org.br\/inc\/uploads\/2018\/07\/capa.png","type":"image\/png"}],"author":"Comunica\u00e7\u00e3o PSOL","twitter_card":"summary_large_image","twitter_creator":"@psol50","twitter_site":"@psol50","twitter_misc":{"Escrito por":"Comunica\u00e7\u00e3o PSOL","Est. tempo de leitura":"2 minutos"},"schema":{"@context":"https:\/\/schema.org","@graph":[{"@type":"Article","@id":"https:\/\/psol50.org.br\/nota-da-bancada-do-psol-sobre-renuncia-de-eduardo-cunha-a-presidencia-da-camara\/#article","isPartOf":{"@id":"https:\/\/psol50.org.br\/nota-da-bancada-do-psol-sobre-renuncia-de-eduardo-cunha-a-presidencia-da-camara\/"},"author":{"name":"Comunica\u00e7\u00e3o PSOL","@id":"https:\/\/psol50.org.br\/#\/schema\/person\/475dfa57d0b815993c714c2e96491fcd"},"headline":"Nota da bancada do PSOL sobre ren\u00fancia de Eduardo Cunha \u00e0 presid\u00eancia da C\u00e2mara","datePublished":"2016-07-08T19:14:44+00:00","mainEntityOfPage":{"@id":"https:\/\/psol50.org.br\/nota-da-bancada-do-psol-sobre-renuncia-de-eduardo-cunha-a-presidencia-da-camara\/"},"wordCount":454,"commentCount":0,"publisher":{"@id":"https:\/\/psol50.org.br\/#organization"},"image":{"@id":"https:\/\/psol50.org.br\/nota-da-bancada-do-psol-sobre-renuncia-de-eduardo-cunha-a-presidencia-da-camara\/#primaryimage"},"thumbnailUrl":"","keywords":["Bancada do PSOL","Eduardo Cunha","Fora Cunha","nota","presid\u00eancia da C\u00e2mara dos Deputados","ren\u00fancia"],"articleSection":["A\u00e7\u00e3o Parlamentar","Brasil"],"inLanguage":"pt-BR","potentialAction":[{"@type":"CommentAction","name":"Comment","target":["https:\/\/psol50.org.br\/nota-da-bancada-do-psol-sobre-renuncia-de-eduardo-cunha-a-presidencia-da-camara\/#respond"]}]},{"@type":"WebPage","@id":"https:\/\/psol50.org.br\/nota-da-bancada-do-psol-sobre-renuncia-de-eduardo-cunha-a-presidencia-da-camara\/","url":"https:\/\/psol50.org.br\/nota-da-bancada-do-psol-sobre-renuncia-de-eduardo-cunha-a-presidencia-da-camara\/","name":"Nota da bancada do PSOL sobre ren\u00fancia de Eduardo Cunha \u00e0 presid\u00eancia da C\u00e2mara - PSOL 50","isPartOf":{"@id":"https:\/\/psol50.org.br\/#website"},"primaryImageOfPage":{"@id":"https:\/\/psol50.org.br\/nota-da-bancada-do-psol-sobre-renuncia-de-eduardo-cunha-a-presidencia-da-camara\/#primaryimage"},"image":{"@id":"https:\/\/psol50.org.br\/nota-da-bancada-do-psol-sobre-renuncia-de-eduardo-cunha-a-presidencia-da-camara\/#primaryimage"},"thumbnailUrl":"","datePublished":"2016-07-08T19:14:44+00:00","breadcrumb":{"@id":"https:\/\/psol50.org.br\/nota-da-bancada-do-psol-sobre-renuncia-de-eduardo-cunha-a-presidencia-da-camara\/#breadcrumb"},"inLanguage":"pt-BR","potentialAction":[{"@type":"ReadAction","target":["https:\/\/psol50.org.br\/nota-da-bancada-do-psol-sobre-renuncia-de-eduardo-cunha-a-presidencia-da-camara\/"]}]},{"@type":"ImageObject","inLanguage":"pt-BR","@id":"https:\/\/psol50.org.br\/nota-da-bancada-do-psol-sobre-renuncia-de-eduardo-cunha-a-presidencia-da-camara\/#primaryimage","url":"","contentUrl":""},{"@type":"BreadcrumbList","@id":"https:\/\/psol50.org.br\/nota-da-bancada-do-psol-sobre-renuncia-de-eduardo-cunha-a-presidencia-da-camara\/#breadcrumb","itemListElement":[{"@type":"ListItem","position":1,"name":"In\u00edcio","item":"https:\/\/psol50.org.br\/"},{"@type":"ListItem","position":2,"name":"Nota da bancada do PSOL sobre ren\u00fancia de Eduardo Cunha \u00e0 presid\u00eancia da C\u00e2mara"}]},{"@type":"WebSite","@id":"https:\/\/psol50.org.br\/#website","url":"https:\/\/psol50.org.br\/","name":"PSOL 50","description":"Site oficial do Partido Socialismo e Liberdade","publisher":{"@id":"https:\/\/psol50.org.br\/#organization"},"alternateName":"PSOL50","potentialAction":[{"@type":"SearchAction","target":{"@type":"EntryPoint","urlTemplate":"https:\/\/psol50.org.br\/?s={search_term_string}"},"query-input":{"@type":"PropertyValueSpecification","valueRequired":true,"valueName":"search_term_string"}}],"inLanguage":"pt-BR"},{"@type":"Organization","@id":"https:\/\/psol50.org.br\/#organization","name":"PSOL 50","alternateName":"PSOL 50","url":"https:\/\/psol50.org.br\/","logo":{"@type":"ImageObject","inLanguage":"pt-BR","@id":"https:\/\/psol50.org.br\/#\/schema\/logo\/image\/","url":"https:\/\/psol50.org.br\/inc\/uploads\/2018\/07\/capa.png","contentUrl":"https:\/\/psol50.org.br\/inc\/uploads\/2018\/07\/capa.png","width":1350,"height":900,"caption":"PSOL 50"},"image":{"@id":"https:\/\/psol50.org.br\/#\/schema\/logo\/image\/"},"sameAs":["https:\/\/www.facebook.com\/psol50","https:\/\/x.com\/psol50","https:\/\/www.instagram.com\/psol50\/","https:\/\/www.youtube.com\/channel\/UC7SnJS5o1os7a6CaiNabzcg"]},{"@type":"Person","@id":"https:\/\/psol50.org.br\/#\/schema\/person\/475dfa57d0b815993c714c2e96491fcd","name":"Comunica\u00e7\u00e3o PSOL","image":{"@type":"ImageObject","inLanguage":"pt-BR","@id":"https:\/\/psol50.org.br\/#\/schema\/person\/image\/","url":"https:\/\/secure.gravatar.com\/avatar\/b34fc4f4e468a4e51785917065a3db57b841f5c95dba6ad8c73aaf8f66f8f9bf?s=96&d=mm&r=g","contentUrl":"https:\/\/secure.gravatar.com\/avatar\/b34fc4f4e468a4e51785917065a3db57b841f5c95dba6ad8c73aaf8f66f8f9bf?s=96&d=mm&r=g","caption":"Comunica\u00e7\u00e3o PSOL"}}]}},"_links":{"self":[{"href":"https:\/\/psol50.org.br\/rest\/wp\/v2\/posts\/13071","targetHints":{"allow":["GET"]}}],"collection":[{"href":"https:\/\/psol50.org.br\/rest\/wp\/v2\/posts"}],"about":[{"href":"https:\/\/psol50.org.br\/rest\/wp\/v2\/types\/post"}],"author":[{"embeddable":true,"href":"https:\/\/psol50.org.br\/rest\/wp\/v2\/users\/2"}],"replies":[{"embeddable":true,"href":"https:\/\/psol50.org.br\/rest\/wp\/v2\/comments?post=13071"}],"version-history":[{"count":0,"href":"https:\/\/psol50.org.br\/rest\/wp\/v2\/posts\/13071\/revisions"}],"wp:featuredmedia":[{"embeddable":true,"href":"https:\/\/psol50.org.br\/rest\/"}],"wp:attachment":[{"href":"https:\/\/psol50.org.br\/rest\/wp\/v2\/media?parent=13071"}],"wp:term":[{"taxonomy":"category","embeddable":true,"href":"https:\/\/psol50.org.br\/rest\/wp\/v2\/categories?post=13071"},{"taxonomy":"post_tag","embeddable":true,"href":"https:\/\/psol50.org.br\/rest\/wp\/v2\/tags?post=13071"}],"curies":[{"name":"wp","href":"https:\/\/api.w.org\/{rel}","templated":true}]}}