{"id":13087,"date":"2016-07-11T21:56:33","date_gmt":"2016-07-11T21:56:33","guid":{"rendered":"http:\/\/www.psol50.org.br\/?p=13087"},"modified":"2016-07-11T21:56:33","modified_gmt":"2016-07-11T21:56:33","slug":"luiza-erundina-para-presidenta-da-camara-dos-deputados","status":"publish","type":"post","link":"https:\/\/psol50.org.br\/luiza-erundina-para-presidenta-da-camara-dos-deputados\/","title":{"rendered":"Luiza Erundina para presidenta da C\u00e2mara dos Deputados"},"content":{"rendered":"<p>O PSOL anunciou nesta segunda-feira (11) a candidatura de Luiza Erundina (SP) para a Presid\u00eancia da C\u00e2mara, cargo vago desde a <span style=\"color: #3366ff\"><strong><a style=\"color: #3366ff\" href=\"http:\/\/www.psol50.org.br\/blog\/2016\/07\/07\/cunha-renuncia-a-presidencia-da-camara-luta-pela-cassacao-continua\/\" target=\"_blank\" rel=\"noopener\">ren\u00fancia de Eduardo Cunha<\/a><\/strong><\/span> (PMDB\/RJ) na \u00faltima semana.\u00a0A elei\u00e7\u00e3o est\u00e1 prevista para ocorrer na quarta-feita (13).<\/p>\n<p>Em coletiva de imprensa para divulgar o an\u00fancio, a bancada do PSOL reafirmou a luta por direitos sociais como prioridade da candidatura.\u00a0\u201cNossa proposta tem coer\u00eancia com a corajosa a\u00e7\u00e3o do PSOL nesta Casa. Ser\u00e1 uma candidatura sem compromisso com o presidente interino e nem com o ex-presidente da C\u00e2mara que est\u00e1 para ser cassado. N\u00f3s temos compromisso com o povo brasileiro\u201d, afirmou Luiza Erundina, que tamb\u00e9m \u00e9 a pr\u00e9-candidata do partido a prefeita de S\u00e3o Paulo.<\/p>\n<p>A deputada foi uma das grandes expoentes, no per\u00edodo recente, da luta contra o golpe, contra a retirada de direitos sociais e, especialmente, contra Eduardo Cunha. Luiza Erundina chegou a retirar, duas vezes, o deputado afastado da cadeira da Presid\u00eancia, simbolizando toda a luta de diversos parlamentares, movimentos sociais e de mulheres contra Cunha.<\/p>\n<p>Erundina disse, tamb\u00e9m, que se eleita vai atuar com independ\u00eancia e priorizar propostas de reformas pol\u00edtica e tribut\u00e1ria.\u00a0\u201cTemos uma pauta contr\u00e1ria ao ajuste fiscal que pune, principalmente, os trabalhadores, o aposentados e, sobretudo, impedem o crescimento sustent\u00e1vel da nossa economia\u201d.<\/p>\n<p>A candidatura de Erundina foi protocolada pelo partido logo ap\u00f3s a coletiva de imprensa. <strong><span style=\"color: #3366ff\"><a style=\"color: #3366ff\" href=\"https:\/\/www.facebook.com\/psolnacamara\/videos\/vb.197749170329322\/856827604421472\/?type=2&amp;theater\" target=\"_blank\" rel=\"noopener\">Assista ao v\u00eddeo do lan\u00e7amento da candidatura clicando aqui.<\/a><\/span><\/strong><\/p>\n","protected":false},"excerpt":{"rendered":"<p>O PSOL anunciou nesta segunda-feira (11) a candidatura de Luiza Erundina (SP) para a Presid\u00eancia da C\u00e2mara, cargo vago desde a ren\u00fancia de Eduardo Cunha (PMDB\/RJ) na \u00faltima semana.\u00a0A elei\u00e7\u00e3o est\u00e1 prevista para ocorrer na quarta-feita (13). Em coletiva de imprensa para divulgar o an\u00fancio, a bancada do PSOL reafirmou a luta por direitos sociais [&hellip;]<\/p>\n","protected":false},"author":2,"featured_media":13091,"comment_status":"open","ping_status":"open","sticky":false,"template":"","format":"standard","meta":{"_acf_changed":false,"footnotes":""},"categories":[10,1882],"tags":[709,2890,343,553,1345],"class_list":{"0":"post-13087","1":"post","2":"type-post","3":"status-publish","4":"format-standard","5":"has-post-thumbnail","7":"category-acao-parlamentares","8":"category-brasil","9":"tag-camara-dos-deputados","10":"tag-eduardo-cunha","11":"tag-eleicoes","12":"tag-luiza-erundina","13":"tag-presidencia-da-camara"},"acf":[],"yoast_head":"<!-- This site is optimized with the Yoast SEO plugin v26.5 - https:\/\/yoast.com\/wordpress\/plugins\/seo\/ -->\n<title>Luiza Erundina para presidenta da C\u00e2mara dos Deputados - PSOL 50<\/title>\n<meta name=\"robots\" content=\"index, follow, max-snippet:-1, max-image-preview:large, max-video-preview:-1\" \/>\n<link rel=\"canonical\" href=\"https:\/\/psol50.org.br\/luiza-erundina-para-presidenta-da-camara-dos-deputados\/\" \/>\n<meta property=\"og:locale\" content=\"pt_BR\" \/>\n<meta property=\"og:type\" content=\"article\" \/>\n<meta property=\"og:title\" content=\"Luiza Erundina para presidenta da C\u00e2mara dos Deputados - PSOL 50\" \/>\n<meta property=\"og:description\" content=\"O PSOL anunciou nesta segunda-feira (11) a candidatura de Luiza Erundina (SP) para a Presid\u00eancia da C\u00e2mara, cargo vago desde a ren\u00fancia de Eduardo Cunha (PMDB\/RJ) na \u00faltima semana.\u00a0A elei\u00e7\u00e3o est\u00e1 prevista para ocorrer na quarta-feita (13). Em coletiva de imprensa para divulgar o an\u00fancio, a bancada do PSOL reafirmou a luta por direitos sociais [&hellip;]\" \/>\n<meta property=\"og:url\" content=\"https:\/\/psol50.org.br\/luiza-erundina-para-presidenta-da-camara-dos-deputados\/\" \/>\n<meta property=\"og:site_name\" content=\"PSOL 50\" \/>\n<meta property=\"article:publisher\" content=\"https:\/\/www.facebook.com\/psol50\" \/>\n<meta property=\"article:published_time\" content=\"2016-07-11T21:56:33+00:00\" \/>\n<meta property=\"og:image\" content=\"https:\/\/psol50.org.br\/inc\/uploads\/2018\/07\/capa.png\" \/>\n\t<meta property=\"og:image:width\" content=\"1350\" \/>\n\t<meta property=\"og:image:height\" content=\"900\" \/>\n\t<meta property=\"og:image:type\" content=\"image\/png\" \/>\n<meta name=\"author\" content=\"Comunica\u00e7\u00e3o PSOL\" \/>\n<meta name=\"twitter:card\" content=\"summary_large_image\" \/>\n<meta name=\"twitter:creator\" content=\"@psol50\" \/>\n<meta name=\"twitter:site\" content=\"@psol50\" \/>\n<meta name=\"twitter:label1\" content=\"Escrito por\" \/>\n\t<meta name=\"twitter:data1\" content=\"Comunica\u00e7\u00e3o PSOL\" \/>\n\t<meta name=\"twitter:label2\" content=\"Est. tempo de leitura\" \/>\n\t<meta name=\"twitter:data2\" content=\"1 minuto\" \/>\n<script type=\"application\/ld+json\" class=\"yoast-schema-graph\">{\"@context\":\"https:\/\/schema.org\",\"@graph\":[{\"@type\":\"Article\",\"@id\":\"https:\/\/psol50.org.br\/luiza-erundina-para-presidenta-da-camara-dos-deputados\/#article\",\"isPartOf\":{\"@id\":\"https:\/\/psol50.org.br\/luiza-erundina-para-presidenta-da-camara-dos-deputados\/\"},\"author\":{\"name\":\"Comunica\u00e7\u00e3o PSOL\",\"@id\":\"https:\/\/psol50.org.br\/#\/schema\/person\/475dfa57d0b815993c714c2e96491fcd\"},\"headline\":\"Luiza Erundina para presidenta da C\u00e2mara dos Deputados\",\"datePublished\":\"2016-07-11T21:56:33+00:00\",\"mainEntityOfPage\":{\"@id\":\"https:\/\/psol50.org.br\/luiza-erundina-para-presidenta-da-camara-dos-deputados\/\"},\"wordCount\":263,\"commentCount\":0,\"publisher\":{\"@id\":\"https:\/\/psol50.org.br\/#organization\"},\"image\":{\"@id\":\"https:\/\/psol50.org.br\/luiza-erundina-para-presidenta-da-camara-dos-deputados\/#primaryimage\"},\"thumbnailUrl\":\"\",\"keywords\":[\"C\u00e2mara dos Deputados\",\"Eduardo Cunha\",\"elei\u00e7\u00f5es\",\"Luiza Erundina\",\"presid\u00eancia da C\u00e2mara\"],\"articleSection\":[\"A\u00e7\u00e3o Parlamentar\",\"Brasil\"],\"inLanguage\":\"pt-BR\",\"potentialAction\":[{\"@type\":\"CommentAction\",\"name\":\"Comment\",\"target\":[\"https:\/\/psol50.org.br\/luiza-erundina-para-presidenta-da-camara-dos-deputados\/#respond\"]}]},{\"@type\":\"WebPage\",\"@id\":\"https:\/\/psol50.org.br\/luiza-erundina-para-presidenta-da-camara-dos-deputados\/\",\"url\":\"https:\/\/psol50.org.br\/luiza-erundina-para-presidenta-da-camara-dos-deputados\/\",\"name\":\"Luiza Erundina para presidenta da C\u00e2mara dos Deputados - PSOL 50\",\"isPartOf\":{\"@id\":\"https:\/\/psol50.org.br\/#website\"},\"primaryImageOfPage\":{\"@id\":\"https:\/\/psol50.org.br\/luiza-erundina-para-presidenta-da-camara-dos-deputados\/#primaryimage\"},\"image\":{\"@id\":\"https:\/\/psol50.org.br\/luiza-erundina-para-presidenta-da-camara-dos-deputados\/#primaryimage\"},\"thumbnailUrl\":\"\",\"datePublished\":\"2016-07-11T21:56:33+00:00\",\"breadcrumb\":{\"@id\":\"https:\/\/psol50.org.br\/luiza-erundina-para-presidenta-da-camara-dos-deputados\/#breadcrumb\"},\"inLanguage\":\"pt-BR\",\"potentialAction\":[{\"@type\":\"ReadAction\",\"target\":[\"https:\/\/psol50.org.br\/luiza-erundina-para-presidenta-da-camara-dos-deputados\/\"]}]},{\"@type\":\"ImageObject\",\"inLanguage\":\"pt-BR\",\"@id\":\"https:\/\/psol50.org.br\/luiza-erundina-para-presidenta-da-camara-dos-deputados\/#primaryimage\",\"url\":\"\",\"contentUrl\":\"\"},{\"@type\":\"BreadcrumbList\",\"@id\":\"https:\/\/psol50.org.br\/luiza-erundina-para-presidenta-da-camara-dos-deputados\/#breadcrumb\",\"itemListElement\":[{\"@type\":\"ListItem\",\"position\":1,\"name\":\"In\u00edcio\",\"item\":\"https:\/\/psol50.org.br\/\"},{\"@type\":\"ListItem\",\"position\":2,\"name\":\"Luiza Erundina para presidenta da C\u00e2mara dos Deputados\"}]},{\"@type\":\"WebSite\",\"@id\":\"https:\/\/psol50.org.br\/#website\",\"url\":\"https:\/\/psol50.org.br\/\",\"name\":\"PSOL 50\",\"description\":\"Site oficial do Partido Socialismo e Liberdade\",\"publisher\":{\"@id\":\"https:\/\/psol50.org.br\/#organization\"},\"alternateName\":\"PSOL50\",\"potentialAction\":[{\"@type\":\"SearchAction\",\"target\":{\"@type\":\"EntryPoint\",\"urlTemplate\":\"https:\/\/psol50.org.br\/?s={search_term_string}\"},\"query-input\":{\"@type\":\"PropertyValueSpecification\",\"valueRequired\":true,\"valueName\":\"search_term_string\"}}],\"inLanguage\":\"pt-BR\"},{\"@type\":\"Organization\",\"@id\":\"https:\/\/psol50.org.br\/#organization\",\"name\":\"PSOL 50\",\"alternateName\":\"PSOL 50\",\"url\":\"https:\/\/psol50.org.br\/\",\"logo\":{\"@type\":\"ImageObject\",\"inLanguage\":\"pt-BR\",\"@id\":\"https:\/\/psol50.org.br\/#\/schema\/logo\/image\/\",\"url\":\"https:\/\/psol50.org.br\/inc\/uploads\/2018\/07\/capa.png\",\"contentUrl\":\"https:\/\/psol50.org.br\/inc\/uploads\/2018\/07\/capa.png\",\"width\":1350,\"height\":900,\"caption\":\"PSOL 50\"},\"image\":{\"@id\":\"https:\/\/psol50.org.br\/#\/schema\/logo\/image\/\"},\"sameAs\":[\"https:\/\/www.facebook.com\/psol50\",\"https:\/\/x.com\/psol50\",\"https:\/\/www.instagram.com\/psol50\/\",\"https:\/\/www.youtube.com\/channel\/UC7SnJS5o1os7a6CaiNabzcg\"]},{\"@type\":\"Person\",\"@id\":\"https:\/\/psol50.org.br\/#\/schema\/person\/475dfa57d0b815993c714c2e96491fcd\",\"name\":\"Comunica\u00e7\u00e3o PSOL\",\"image\":{\"@type\":\"ImageObject\",\"inLanguage\":\"pt-BR\",\"@id\":\"https:\/\/psol50.org.br\/#\/schema\/person\/image\/\",\"url\":\"https:\/\/secure.gravatar.com\/avatar\/b34fc4f4e468a4e51785917065a3db57b841f5c95dba6ad8c73aaf8f66f8f9bf?s=96&d=mm&r=g\",\"contentUrl\":\"https:\/\/secure.gravatar.com\/avatar\/b34fc4f4e468a4e51785917065a3db57b841f5c95dba6ad8c73aaf8f66f8f9bf?s=96&d=mm&r=g\",\"caption\":\"Comunica\u00e7\u00e3o PSOL\"}}]}<\/script>\n<!-- \/ Yoast SEO plugin. -->","yoast_head_json":{"title":"Luiza Erundina para presidenta da C\u00e2mara dos Deputados - PSOL 50","robots":{"index":"index","follow":"follow","max-snippet":"max-snippet:-1","max-image-preview":"max-image-preview:large","max-video-preview":"max-video-preview:-1"},"canonical":"https:\/\/psol50.org.br\/luiza-erundina-para-presidenta-da-camara-dos-deputados\/","og_locale":"pt_BR","og_type":"article","og_title":"Luiza Erundina para presidenta da C\u00e2mara dos Deputados - PSOL 50","og_description":"O PSOL anunciou nesta segunda-feira (11) a candidatura de Luiza Erundina (SP) para a Presid\u00eancia da C\u00e2mara, cargo vago desde a ren\u00fancia de Eduardo Cunha (PMDB\/RJ) na \u00faltima semana.\u00a0A elei\u00e7\u00e3o est\u00e1 prevista para ocorrer na quarta-feita (13). Em coletiva de imprensa para divulgar o an\u00fancio, a bancada do PSOL reafirmou a luta por direitos sociais [&hellip;]","og_url":"https:\/\/psol50.org.br\/luiza-erundina-para-presidenta-da-camara-dos-deputados\/","og_site_name":"PSOL 50","article_publisher":"https:\/\/www.facebook.com\/psol50","article_published_time":"2016-07-11T21:56:33+00:00","og_image":[{"width":1350,"height":900,"url":"https:\/\/psol50.org.br\/inc\/uploads\/2018\/07\/capa.png","type":"image\/png"}],"author":"Comunica\u00e7\u00e3o PSOL","twitter_card":"summary_large_image","twitter_creator":"@psol50","twitter_site":"@psol50","twitter_misc":{"Escrito por":"Comunica\u00e7\u00e3o PSOL","Est. tempo de leitura":"1 minuto"},"schema":{"@context":"https:\/\/schema.org","@graph":[{"@type":"Article","@id":"https:\/\/psol50.org.br\/luiza-erundina-para-presidenta-da-camara-dos-deputados\/#article","isPartOf":{"@id":"https:\/\/psol50.org.br\/luiza-erundina-para-presidenta-da-camara-dos-deputados\/"},"author":{"name":"Comunica\u00e7\u00e3o PSOL","@id":"https:\/\/psol50.org.br\/#\/schema\/person\/475dfa57d0b815993c714c2e96491fcd"},"headline":"Luiza Erundina para presidenta da C\u00e2mara dos Deputados","datePublished":"2016-07-11T21:56:33+00:00","mainEntityOfPage":{"@id":"https:\/\/psol50.org.br\/luiza-erundina-para-presidenta-da-camara-dos-deputados\/"},"wordCount":263,"commentCount":0,"publisher":{"@id":"https:\/\/psol50.org.br\/#organization"},"image":{"@id":"https:\/\/psol50.org.br\/luiza-erundina-para-presidenta-da-camara-dos-deputados\/#primaryimage"},"thumbnailUrl":"","keywords":["C\u00e2mara dos Deputados","Eduardo Cunha","elei\u00e7\u00f5es","Luiza Erundina","presid\u00eancia da C\u00e2mara"],"articleSection":["A\u00e7\u00e3o Parlamentar","Brasil"],"inLanguage":"pt-BR","potentialAction":[{"@type":"CommentAction","name":"Comment","target":["https:\/\/psol50.org.br\/luiza-erundina-para-presidenta-da-camara-dos-deputados\/#respond"]}]},{"@type":"WebPage","@id":"https:\/\/psol50.org.br\/luiza-erundina-para-presidenta-da-camara-dos-deputados\/","url":"https:\/\/psol50.org.br\/luiza-erundina-para-presidenta-da-camara-dos-deputados\/","name":"Luiza Erundina para presidenta da C\u00e2mara dos Deputados - PSOL 50","isPartOf":{"@id":"https:\/\/psol50.org.br\/#website"},"primaryImageOfPage":{"@id":"https:\/\/psol50.org.br\/luiza-erundina-para-presidenta-da-camara-dos-deputados\/#primaryimage"},"image":{"@id":"https:\/\/psol50.org.br\/luiza-erundina-para-presidenta-da-camara-dos-deputados\/#primaryimage"},"thumbnailUrl":"","datePublished":"2016-07-11T21:56:33+00:00","breadcrumb":{"@id":"https:\/\/psol50.org.br\/luiza-erundina-para-presidenta-da-camara-dos-deputados\/#breadcrumb"},"inLanguage":"pt-BR","potentialAction":[{"@type":"ReadAction","target":["https:\/\/psol50.org.br\/luiza-erundina-para-presidenta-da-camara-dos-deputados\/"]}]},{"@type":"ImageObject","inLanguage":"pt-BR","@id":"https:\/\/psol50.org.br\/luiza-erundina-para-presidenta-da-camara-dos-deputados\/#primaryimage","url":"","contentUrl":""},{"@type":"BreadcrumbList","@id":"https:\/\/psol50.org.br\/luiza-erundina-para-presidenta-da-camara-dos-deputados\/#breadcrumb","itemListElement":[{"@type":"ListItem","position":1,"name":"In\u00edcio","item":"https:\/\/psol50.org.br\/"},{"@type":"ListItem","position":2,"name":"Luiza Erundina para presidenta da C\u00e2mara dos Deputados"}]},{"@type":"WebSite","@id":"https:\/\/psol50.org.br\/#website","url":"https:\/\/psol50.org.br\/","name":"PSOL 50","description":"Site oficial do Partido Socialismo e Liberdade","publisher":{"@id":"https:\/\/psol50.org.br\/#organization"},"alternateName":"PSOL50","potentialAction":[{"@type":"SearchAction","target":{"@type":"EntryPoint","urlTemplate":"https:\/\/psol50.org.br\/?s={search_term_string}"},"query-input":{"@type":"PropertyValueSpecification","valueRequired":true,"valueName":"search_term_string"}}],"inLanguage":"pt-BR"},{"@type":"Organization","@id":"https:\/\/psol50.org.br\/#organization","name":"PSOL 50","alternateName":"PSOL 50","url":"https:\/\/psol50.org.br\/","logo":{"@type":"ImageObject","inLanguage":"pt-BR","@id":"https:\/\/psol50.org.br\/#\/schema\/logo\/image\/","url":"https:\/\/psol50.org.br\/inc\/uploads\/2018\/07\/capa.png","contentUrl":"https:\/\/psol50.org.br\/inc\/uploads\/2018\/07\/capa.png","width":1350,"height":900,"caption":"PSOL 50"},"image":{"@id":"https:\/\/psol50.org.br\/#\/schema\/logo\/image\/"},"sameAs":["https:\/\/www.facebook.com\/psol50","https:\/\/x.com\/psol50","https:\/\/www.instagram.com\/psol50\/","https:\/\/www.youtube.com\/channel\/UC7SnJS5o1os7a6CaiNabzcg"]},{"@type":"Person","@id":"https:\/\/psol50.org.br\/#\/schema\/person\/475dfa57d0b815993c714c2e96491fcd","name":"Comunica\u00e7\u00e3o PSOL","image":{"@type":"ImageObject","inLanguage":"pt-BR","@id":"https:\/\/psol50.org.br\/#\/schema\/person\/image\/","url":"https:\/\/secure.gravatar.com\/avatar\/b34fc4f4e468a4e51785917065a3db57b841f5c95dba6ad8c73aaf8f66f8f9bf?s=96&d=mm&r=g","contentUrl":"https:\/\/secure.gravatar.com\/avatar\/b34fc4f4e468a4e51785917065a3db57b841f5c95dba6ad8c73aaf8f66f8f9bf?s=96&d=mm&r=g","caption":"Comunica\u00e7\u00e3o PSOL"}}]}},"_links":{"self":[{"href":"https:\/\/psol50.org.br\/rest\/wp\/v2\/posts\/13087","targetHints":{"allow":["GET"]}}],"collection":[{"href":"https:\/\/psol50.org.br\/rest\/wp\/v2\/posts"}],"about":[{"href":"https:\/\/psol50.org.br\/rest\/wp\/v2\/types\/post"}],"author":[{"embeddable":true,"href":"https:\/\/psol50.org.br\/rest\/wp\/v2\/users\/2"}],"replies":[{"embeddable":true,"href":"https:\/\/psol50.org.br\/rest\/wp\/v2\/comments?post=13087"}],"version-history":[{"count":0,"href":"https:\/\/psol50.org.br\/rest\/wp\/v2\/posts\/13087\/revisions"}],"wp:featuredmedia":[{"embeddable":true,"href":"https:\/\/psol50.org.br\/rest\/"}],"wp:attachment":[{"href":"https:\/\/psol50.org.br\/rest\/wp\/v2\/media?parent=13087"}],"wp:term":[{"taxonomy":"category","embeddable":true,"href":"https:\/\/psol50.org.br\/rest\/wp\/v2\/categories?post=13087"},{"taxonomy":"post_tag","embeddable":true,"href":"https:\/\/psol50.org.br\/rest\/wp\/v2\/tags?post=13087"}],"curies":[{"name":"wp","href":"https:\/\/api.w.org\/{rel}","templated":true}]}}