{"id":13095,"date":"2016-07-12T15:25:54","date_gmt":"2016-07-12T15:25:54","guid":{"rendered":"http:\/\/www.psol50.org.br\/?p=13095"},"modified":"2016-07-12T15:25:54","modified_gmt":"2016-07-12T15:25:54","slug":"fernando-carneiro-massacre-em-orlando-florida-quem-apertou-o-gatilho","status":"publish","type":"post","link":"https:\/\/psol50.org.br\/fernando-carneiro-massacre-em-orlando-florida-quem-apertou-o-gatilho\/","title":{"rendered":"FERNANDO CARNEIRO: Massacre em Orlando, Fl\u00f3rida: quem apertou o gatilho?"},"content":{"rendered":"<p><em>\u201cO que est\u00e1 acontecendo?<\/em><em><br \/>\nO mundo est\u00e1 ao contr\u00e1rio e ningu\u00e9m reparou.<br \/>\nO que est\u00e1 acontecendo?<br \/>\nEu estava em paz quando voc\u00ea chegou\u201d.<br \/>\n<\/em><em>Nando Reis<\/p>\n<p><\/em>O ataque \u00e0 boate Pulse, em Orlando, chocou o mundo. Mais uma vez nos estarrecemos diante de um massacre que nos faz pensar o qu\u00e3o humanos ainda somos. Foi o pior ataque dessa natureza na hist\u00f3ria dos Estados Unidos. N\u00e3o foi o primeiro. N\u00e3o ser\u00e1 o \u00faltimo.<\/p>\n<p>Enquanto nos perguntamos o que pode ter motivado essa a\u00e7\u00e3o irasc\u00edvel, algumas coisas nos saltam aos olhos.<\/p>\n<p>A primeira \u00e9 o culto \u00e0 arma nos EUA. O pa\u00eds que se vangloria de ser a &#8220;maior democracia do mundo&#8221; faz quest\u00e3o de cultivar sua cultura belicista. Embora n\u00e3o haja estat\u00edsticas confi\u00e1veis, estima-se que existam mais de 310 milh\u00f5es de armas nas m\u00e3os de civis, destas 114 milh\u00f5es s\u00e3o rev\u00f3lveres, 110 milh\u00f5es rifles e 86 milh\u00f5es espingardas. Os EUA det\u00eam o maior complexo militar do planeta, e tamb\u00e9m colecionam n\u00fameros estratosf\u00e9ricos de viol\u00eancia.\u00a0 Estudos do Jornal Tampa Bay afirmam que entre 1968 e 2011 houve 1,4 milh\u00f5es de mortes por arma de fogo. N\u00famero maior que o total de americanos mortos em todas as guerras que os EUA j\u00e1 participaram, desde a independ\u00eancia at\u00e9 a guerra do Iraque (1,2 milh\u00f5es de mortos). Dados do Departamento de Justi\u00e7a indicam que, entre 2001 e 2011, foram 130.347 mortes relacionadas a armas de fogo, enquanto que v\u00edtimas de atentados terroristas somam, no mesmo per\u00edodo, 3 mil pessoas, incluindo os ataques de 11 de setembro. De janeiro a outubro de 2015 foram 294 massacres (sendo 45 em escolas), com 9.956 mortos e mais de 20 mil feridos, dados do Shooting tracker, Gun Violence Archive.<\/p>\n<p>Por onde se v\u00ea os n\u00fameros s\u00e3o alarmantes. Mas \u00e9 um neg\u00f3cio muito lucrativo. Estima-se que o com\u00e9rcio internacional de armas movimente cerca de US$ 80 bilh\u00f5es por ano. Mas segundo o Sipri (Instituto Internacional de Pesquisa da Paz de Estocolmo, Su\u00e9cia) essa cifra \u00e9 apenas a ponta de um iceberg, pois n\u00e3o considera dados da China e do Reino Unido, que n\u00e3o fornecem informa\u00e7\u00f5es sobre exporta\u00e7\u00f5es, mas principalmente por n\u00e3o considerar a venda dom\u00e9stica, que \u00e9 muitas vezes maior que as exporta\u00e7\u00f5es.<\/p>\n<p>Uma das armas usadas por Omar Mateen, autor do ataque em Orlando, \u00e9 o famoso fuzil AR-15. Essa arma dispara 800 balas por minuto, ou 13,3 por segundo. Uma verdadeira m\u00e1quina da morte. Cobi\u00e7ada e vendida livremente nos EUA, que possuem mais de 5.400 empresas licenciadas para fabricar armas em solo americano. Entre 1994 e 2004 a venda do AR-15 foi proibida nos Estados unidos, mas por press\u00e3o da NRA (Associa\u00e7\u00e3o Nacional do Fuzil) essa restri\u00e7\u00e3o foi derrubada. Omar comprou o seu AR-15 dias antes do atentado. A hist\u00f3ria demonstra que ap\u00f3s epis\u00f3dios como esse o com\u00e9rcio de armas aumenta significativamente, talvez por receio de restri\u00e7\u00f5es ou apenas por veicula\u00e7\u00e3o da ideia de que mais armas signifique mais seguran\u00e7a.<\/p>\n<p>Contudo n\u00e3o \u00e9 s\u00f3 esse culto ao belicismo que explica o atentado. O alvo \u00e9 bastante revelador: Omar quis atingir (e de fato atingiu) a comunidade LGBT mundial. Sua mensagem foi clara. Tr\u00e1gica. Violenta.<\/p>\n<p>Homof\u00f3bico. Agressor de mulheres e possivelmente um homossexual em conflito com sua orienta\u00e7\u00e3o, o fato \u00e9 que Omar partilhava a concep\u00e7\u00e3o de que ser LGBT \u00e9 uma doen\u00e7a. Uma tese difundida \u00e0 exaust\u00e3o por diversas ideologias e justificada pelo fundamentalismo religioso em pleno s\u00e9culo XXI. O ataque de Orlando tem uma inequ\u00edvoca motiva\u00e7\u00e3o homof\u00f3bica. N\u00e3o pode haver d\u00favida sobre isso.<\/p>\n<p>Existem mais de 200 projetos LGTBf\u00f3bicos tramitando nas casas legislativas dos EUA. Alguns, como a Lei da Liberdade Religiosa, do Mississipi, permitem a recusa de ofertar religi\u00e3o a pessoas &#8220;inconsistentes&#8221;, leia-se LGBT&#8217;s. O candidato republicano, que a princ\u00edpio parecia uma piada, mas se consolidou, Donald Trump, \u00e9 porta voz desses movimentos conservadores e preconceituosos. Ele pr\u00f3prio j\u00e1 se declarou contra o casamento gay, xen\u00f3fobo, racista, machista e sexista.<\/p>\n<p>Recentemente ouvi um pastor comentar que sua igreja estava relacionando fi\u00e9is que queriam &#8220;mudar&#8221; sua &#8220;op\u00e7\u00e3o&#8221; sexual. Eram homossexuais que queriam deixar essa condi\u00e7\u00e3o e &#8220;virar&#8221; homens &#8220;normais&#8221;. Perguntei-lhe se a igreja tamb\u00e9m &#8220;ajudava&#8221; heterossexuais que pretendiam assumir sua condi\u00e7\u00e3o de homossexuais. Sua resposta, claro, foi que n\u00e3o, pois isso n\u00e3o era &#8220;normal&#8221;. Esse epis\u00f3dio poderia parecer inocente, mas a mensagem que passa \u00e9 poderosamente preconceituosa e potencialmente perigosa. Refor\u00e7a a ideia de que se ser gay, l\u00e9sbica, travesti, transexual ou bissexual \u00e9 uma doen\u00e7a que precisa de cura.<\/p>\n<p>Homofobia mata. Isso n\u00e3o \u00e9 um exerc\u00edcio de ret\u00f3rica. O Brasil det\u00e9m o vergonhoso \u00edndice de pa\u00eds que mais mata travestis e transexuais no mundo. Nos \u00faltimos 6 anos foram 600. Em 2015 foram 318 LGBT&#8217;s assassinados. Um a cada 27 horas. Isso para n\u00e3o mencionar as in\u00fameras formas de viol\u00eancia psicol\u00f3gica, bullying, difama\u00e7\u00e3o, inj\u00farias verbais e outras formas de discrimina\u00e7\u00e3o que diariamente violam os direitos humanos mais elementares da comunidade LGBT.<\/p>\n<p>A viol\u00eancia contra a mulher, como a praticada por Omar, tamb\u00e9m mata e viola direitos.\u00a0 No Brasil a cada 11 minutos uma mulher \u00e9 violentada. O recente estupro coletivo de uma jovem no Rio de Janeiro, infelizmente, n\u00e3o \u00e9 um caso isolado. Mas o mais incr\u00edvel \u00e9 que o estupro em si causou menos revolta que a veicula\u00e7\u00e3o de uma campanha contra a Cultura do Estupro. &#8220;N\u00e3o h\u00e1 cultura do estupro no Brasil&#8221; vomitaram muitos, inclusive parlamentares federais. Contudo a realidade \u00e9 muito mais forte que esses axiomas. Quem nunca ouviu express\u00f5es como: &#8220;mas tamb\u00e9m, ela estava com um shortinho t\u00e3o curto&#8230; ela estava provocando!&#8221; N\u00e3o importa se estava de burca ou de biqu\u00edni. A culpa do estupro nunca \u00e9 da v\u00edtima. Tentar justificar uma viola\u00e7\u00e3o \u00e9 refor\u00e7ar a cultura do estupro. Que existe sim!<\/p>\n<p>Dito isso voltamos \u00e0 pergunta original: quem apertou o gatilho em Orlando? Apertaram todos os que cultuam o belicismo, que pregam a intoler\u00e2ncia, que discriminam uma pessoa por sua orienta\u00e7\u00e3o sexual, que acham que a culpa de um estupro \u00e9 da v\u00edtima, que professam os diferentes tipos de fundamentalismo e quem cr\u00ea que ser LGBT \u00e9 uma doen\u00e7a. Basta!<\/p>\n<p><img loading=\"lazy\" decoding=\"async\" class=\"wp-image-13096 alignleft\" src=\"http:\/\/www.psol50.org.br\/inc\/uploads\/2016\/07\/Fernando-Carneiro.jpg\" alt=\"Fernando Carneiro\" width=\"265\" height=\"265\" \/><\/p>\n<p>&nbsp;<\/p>\n<p><em>Fernando Carneiro \u00e9 historiador e vereador pelo PSOL\u00a0em Bel\u00e9m<\/em>.<\/p>\n","protected":false},"excerpt":{"rendered":"<p>\u201cO que est\u00e1 acontecendo? O mundo est\u00e1 ao contr\u00e1rio e ningu\u00e9m reparou. O que est\u00e1 acontecendo? Eu estava em paz quando voc\u00ea chegou\u201d. Nando Reis O ataque \u00e0 boate Pulse, em Orlando, chocou o mundo. Mais uma vez nos estarrecemos diante de um massacre que nos faz pensar o qu\u00e3o humanos ainda somos. Foi o [&hellip;]<\/p>\n","protected":false},"author":2,"featured_media":12738,"comment_status":"open","ping_status":"open","sticky":false,"template":"","format":"standard","meta":{"_acf_changed":false,"footnotes":""},"categories":[3],"tags":[1354,4388,16,134,135,4389,4390],"class_list":{"0":"post-13095","1":"post","2":"type-post","3":"status-publish","4":"format-standard","5":"has-post-thumbnail","7":"category-artigos-e-entrevistas","8":"tag-atentado","9":"tag-boate-pulse","10":"tag-eua","11":"tag-homofobia","12":"tag-lgbtfobia","13":"tag-omar-mateen","14":"tag-orlando"},"acf":[],"yoast_head":"<!-- This site is optimized with the Yoast SEO plugin v26.5 - https:\/\/yoast.com\/wordpress\/plugins\/seo\/ -->\n<title>FERNANDO CARNEIRO: Massacre em Orlando, Fl\u00f3rida: quem apertou o gatilho? - PSOL 50<\/title>\n<meta name=\"robots\" content=\"index, follow, max-snippet:-1, max-image-preview:large, max-video-preview:-1\" \/>\n<link rel=\"canonical\" href=\"https:\/\/psol50.org.br\/fernando-carneiro-massacre-em-orlando-florida-quem-apertou-o-gatilho\/\" \/>\n<meta property=\"og:locale\" content=\"pt_BR\" \/>\n<meta property=\"og:type\" content=\"article\" \/>\n<meta property=\"og:title\" content=\"FERNANDO CARNEIRO: Massacre em Orlando, Fl\u00f3rida: quem apertou o gatilho? - PSOL 50\" \/>\n<meta property=\"og:description\" content=\"\u201cO que est\u00e1 acontecendo? O mundo est\u00e1 ao contr\u00e1rio e ningu\u00e9m reparou. O que est\u00e1 acontecendo? Eu estava em paz quando voc\u00ea chegou\u201d. Nando Reis O ataque \u00e0 boate Pulse, em Orlando, chocou o mundo. Mais uma vez nos estarrecemos diante de um massacre que nos faz pensar o qu\u00e3o humanos ainda somos. Foi o [&hellip;]\" \/>\n<meta property=\"og:url\" content=\"https:\/\/psol50.org.br\/fernando-carneiro-massacre-em-orlando-florida-quem-apertou-o-gatilho\/\" \/>\n<meta property=\"og:site_name\" content=\"PSOL 50\" \/>\n<meta property=\"article:publisher\" content=\"https:\/\/www.facebook.com\/psol50\" \/>\n<meta property=\"article:published_time\" content=\"2016-07-12T15:25:54+00:00\" \/>\n<meta property=\"og:image\" content=\"https:\/\/psol50.org.br\/inc\/uploads\/2018\/07\/capa.png\" \/>\n\t<meta property=\"og:image:width\" content=\"1350\" \/>\n\t<meta property=\"og:image:height\" content=\"900\" \/>\n\t<meta property=\"og:image:type\" content=\"image\/png\" \/>\n<meta name=\"author\" content=\"Comunica\u00e7\u00e3o PSOL\" \/>\n<meta name=\"twitter:card\" content=\"summary_large_image\" \/>\n<meta name=\"twitter:creator\" content=\"@psol50\" \/>\n<meta name=\"twitter:site\" content=\"@psol50\" \/>\n<meta name=\"twitter:label1\" content=\"Escrito por\" \/>\n\t<meta name=\"twitter:data1\" content=\"Comunica\u00e7\u00e3o PSOL\" \/>\n\t<meta name=\"twitter:label2\" content=\"Est. tempo de leitura\" \/>\n\t<meta name=\"twitter:data2\" content=\"5 minutos\" \/>\n<script type=\"application\/ld+json\" class=\"yoast-schema-graph\">{\"@context\":\"https:\/\/schema.org\",\"@graph\":[{\"@type\":\"Article\",\"@id\":\"https:\/\/psol50.org.br\/fernando-carneiro-massacre-em-orlando-florida-quem-apertou-o-gatilho\/#article\",\"isPartOf\":{\"@id\":\"https:\/\/psol50.org.br\/fernando-carneiro-massacre-em-orlando-florida-quem-apertou-o-gatilho\/\"},\"author\":{\"name\":\"Comunica\u00e7\u00e3o PSOL\",\"@id\":\"https:\/\/psol50.org.br\/#\/schema\/person\/475dfa57d0b815993c714c2e96491fcd\"},\"headline\":\"FERNANDO CARNEIRO: Massacre em Orlando, Fl\u00f3rida: quem apertou o gatilho?\",\"datePublished\":\"2016-07-12T15:25:54+00:00\",\"mainEntityOfPage\":{\"@id\":\"https:\/\/psol50.org.br\/fernando-carneiro-massacre-em-orlando-florida-quem-apertou-o-gatilho\/\"},\"wordCount\":1083,\"commentCount\":0,\"publisher\":{\"@id\":\"https:\/\/psol50.org.br\/#organization\"},\"image\":{\"@id\":\"https:\/\/psol50.org.br\/fernando-carneiro-massacre-em-orlando-florida-quem-apertou-o-gatilho\/#primaryimage\"},\"thumbnailUrl\":\"\",\"keywords\":[\"atentado\",\"boate Pulse\",\"EUA\",\"homofobia\",\"LGBTfobia\",\"Omar Mateen\",\"Orlando\"],\"articleSection\":[\"Artigos\"],\"inLanguage\":\"pt-BR\",\"potentialAction\":[{\"@type\":\"CommentAction\",\"name\":\"Comment\",\"target\":[\"https:\/\/psol50.org.br\/fernando-carneiro-massacre-em-orlando-florida-quem-apertou-o-gatilho\/#respond\"]}]},{\"@type\":\"WebPage\",\"@id\":\"https:\/\/psol50.org.br\/fernando-carneiro-massacre-em-orlando-florida-quem-apertou-o-gatilho\/\",\"url\":\"https:\/\/psol50.org.br\/fernando-carneiro-massacre-em-orlando-florida-quem-apertou-o-gatilho\/\",\"name\":\"FERNANDO CARNEIRO: Massacre em Orlando, Fl\u00f3rida: quem apertou o gatilho? - PSOL 50\",\"isPartOf\":{\"@id\":\"https:\/\/psol50.org.br\/#website\"},\"primaryImageOfPage\":{\"@id\":\"https:\/\/psol50.org.br\/fernando-carneiro-massacre-em-orlando-florida-quem-apertou-o-gatilho\/#primaryimage\"},\"image\":{\"@id\":\"https:\/\/psol50.org.br\/fernando-carneiro-massacre-em-orlando-florida-quem-apertou-o-gatilho\/#primaryimage\"},\"thumbnailUrl\":\"\",\"datePublished\":\"2016-07-12T15:25:54+00:00\",\"breadcrumb\":{\"@id\":\"https:\/\/psol50.org.br\/fernando-carneiro-massacre-em-orlando-florida-quem-apertou-o-gatilho\/#breadcrumb\"},\"inLanguage\":\"pt-BR\",\"potentialAction\":[{\"@type\":\"ReadAction\",\"target\":[\"https:\/\/psol50.org.br\/fernando-carneiro-massacre-em-orlando-florida-quem-apertou-o-gatilho\/\"]}]},{\"@type\":\"ImageObject\",\"inLanguage\":\"pt-BR\",\"@id\":\"https:\/\/psol50.org.br\/fernando-carneiro-massacre-em-orlando-florida-quem-apertou-o-gatilho\/#primaryimage\",\"url\":\"\",\"contentUrl\":\"\"},{\"@type\":\"BreadcrumbList\",\"@id\":\"https:\/\/psol50.org.br\/fernando-carneiro-massacre-em-orlando-florida-quem-apertou-o-gatilho\/#breadcrumb\",\"itemListElement\":[{\"@type\":\"ListItem\",\"position\":1,\"name\":\"In\u00edcio\",\"item\":\"https:\/\/psol50.org.br\/\"},{\"@type\":\"ListItem\",\"position\":2,\"name\":\"FERNANDO CARNEIRO: Massacre em Orlando, Fl\u00f3rida: quem apertou o gatilho?\"}]},{\"@type\":\"WebSite\",\"@id\":\"https:\/\/psol50.org.br\/#website\",\"url\":\"https:\/\/psol50.org.br\/\",\"name\":\"PSOL 50\",\"description\":\"Site oficial do Partido Socialismo e Liberdade\",\"publisher\":{\"@id\":\"https:\/\/psol50.org.br\/#organization\"},\"alternateName\":\"PSOL50\",\"potentialAction\":[{\"@type\":\"SearchAction\",\"target\":{\"@type\":\"EntryPoint\",\"urlTemplate\":\"https:\/\/psol50.org.br\/?s={search_term_string}\"},\"query-input\":{\"@type\":\"PropertyValueSpecification\",\"valueRequired\":true,\"valueName\":\"search_term_string\"}}],\"inLanguage\":\"pt-BR\"},{\"@type\":\"Organization\",\"@id\":\"https:\/\/psol50.org.br\/#organization\",\"name\":\"PSOL 50\",\"alternateName\":\"PSOL 50\",\"url\":\"https:\/\/psol50.org.br\/\",\"logo\":{\"@type\":\"ImageObject\",\"inLanguage\":\"pt-BR\",\"@id\":\"https:\/\/psol50.org.br\/#\/schema\/logo\/image\/\",\"url\":\"https:\/\/psol50.org.br\/inc\/uploads\/2018\/07\/capa.png\",\"contentUrl\":\"https:\/\/psol50.org.br\/inc\/uploads\/2018\/07\/capa.png\",\"width\":1350,\"height\":900,\"caption\":\"PSOL 50\"},\"image\":{\"@id\":\"https:\/\/psol50.org.br\/#\/schema\/logo\/image\/\"},\"sameAs\":[\"https:\/\/www.facebook.com\/psol50\",\"https:\/\/x.com\/psol50\",\"https:\/\/www.instagram.com\/psol50\/\",\"https:\/\/www.youtube.com\/channel\/UC7SnJS5o1os7a6CaiNabzcg\"]},{\"@type\":\"Person\",\"@id\":\"https:\/\/psol50.org.br\/#\/schema\/person\/475dfa57d0b815993c714c2e96491fcd\",\"name\":\"Comunica\u00e7\u00e3o PSOL\",\"image\":{\"@type\":\"ImageObject\",\"inLanguage\":\"pt-BR\",\"@id\":\"https:\/\/psol50.org.br\/#\/schema\/person\/image\/\",\"url\":\"https:\/\/secure.gravatar.com\/avatar\/b34fc4f4e468a4e51785917065a3db57b841f5c95dba6ad8c73aaf8f66f8f9bf?s=96&d=mm&r=g\",\"contentUrl\":\"https:\/\/secure.gravatar.com\/avatar\/b34fc4f4e468a4e51785917065a3db57b841f5c95dba6ad8c73aaf8f66f8f9bf?s=96&d=mm&r=g\",\"caption\":\"Comunica\u00e7\u00e3o PSOL\"}}]}<\/script>\n<!-- \/ Yoast SEO plugin. -->","yoast_head_json":{"title":"FERNANDO CARNEIRO: Massacre em Orlando, Fl\u00f3rida: quem apertou o gatilho? - PSOL 50","robots":{"index":"index","follow":"follow","max-snippet":"max-snippet:-1","max-image-preview":"max-image-preview:large","max-video-preview":"max-video-preview:-1"},"canonical":"https:\/\/psol50.org.br\/fernando-carneiro-massacre-em-orlando-florida-quem-apertou-o-gatilho\/","og_locale":"pt_BR","og_type":"article","og_title":"FERNANDO CARNEIRO: Massacre em Orlando, Fl\u00f3rida: quem apertou o gatilho? - PSOL 50","og_description":"\u201cO que est\u00e1 acontecendo? O mundo est\u00e1 ao contr\u00e1rio e ningu\u00e9m reparou. O que est\u00e1 acontecendo? Eu estava em paz quando voc\u00ea chegou\u201d. Nando Reis O ataque \u00e0 boate Pulse, em Orlando, chocou o mundo. Mais uma vez nos estarrecemos diante de um massacre que nos faz pensar o qu\u00e3o humanos ainda somos. Foi o [&hellip;]","og_url":"https:\/\/psol50.org.br\/fernando-carneiro-massacre-em-orlando-florida-quem-apertou-o-gatilho\/","og_site_name":"PSOL 50","article_publisher":"https:\/\/www.facebook.com\/psol50","article_published_time":"2016-07-12T15:25:54+00:00","og_image":[{"width":1350,"height":900,"url":"https:\/\/psol50.org.br\/inc\/uploads\/2018\/07\/capa.png","type":"image\/png"}],"author":"Comunica\u00e7\u00e3o PSOL","twitter_card":"summary_large_image","twitter_creator":"@psol50","twitter_site":"@psol50","twitter_misc":{"Escrito por":"Comunica\u00e7\u00e3o PSOL","Est. tempo de leitura":"5 minutos"},"schema":{"@context":"https:\/\/schema.org","@graph":[{"@type":"Article","@id":"https:\/\/psol50.org.br\/fernando-carneiro-massacre-em-orlando-florida-quem-apertou-o-gatilho\/#article","isPartOf":{"@id":"https:\/\/psol50.org.br\/fernando-carneiro-massacre-em-orlando-florida-quem-apertou-o-gatilho\/"},"author":{"name":"Comunica\u00e7\u00e3o PSOL","@id":"https:\/\/psol50.org.br\/#\/schema\/person\/475dfa57d0b815993c714c2e96491fcd"},"headline":"FERNANDO CARNEIRO: Massacre em Orlando, Fl\u00f3rida: quem apertou o gatilho?","datePublished":"2016-07-12T15:25:54+00:00","mainEntityOfPage":{"@id":"https:\/\/psol50.org.br\/fernando-carneiro-massacre-em-orlando-florida-quem-apertou-o-gatilho\/"},"wordCount":1083,"commentCount":0,"publisher":{"@id":"https:\/\/psol50.org.br\/#organization"},"image":{"@id":"https:\/\/psol50.org.br\/fernando-carneiro-massacre-em-orlando-florida-quem-apertou-o-gatilho\/#primaryimage"},"thumbnailUrl":"","keywords":["atentado","boate Pulse","EUA","homofobia","LGBTfobia","Omar Mateen","Orlando"],"articleSection":["Artigos"],"inLanguage":"pt-BR","potentialAction":[{"@type":"CommentAction","name":"Comment","target":["https:\/\/psol50.org.br\/fernando-carneiro-massacre-em-orlando-florida-quem-apertou-o-gatilho\/#respond"]}]},{"@type":"WebPage","@id":"https:\/\/psol50.org.br\/fernando-carneiro-massacre-em-orlando-florida-quem-apertou-o-gatilho\/","url":"https:\/\/psol50.org.br\/fernando-carneiro-massacre-em-orlando-florida-quem-apertou-o-gatilho\/","name":"FERNANDO CARNEIRO: Massacre em Orlando, Fl\u00f3rida: quem apertou o gatilho? - PSOL 50","isPartOf":{"@id":"https:\/\/psol50.org.br\/#website"},"primaryImageOfPage":{"@id":"https:\/\/psol50.org.br\/fernando-carneiro-massacre-em-orlando-florida-quem-apertou-o-gatilho\/#primaryimage"},"image":{"@id":"https:\/\/psol50.org.br\/fernando-carneiro-massacre-em-orlando-florida-quem-apertou-o-gatilho\/#primaryimage"},"thumbnailUrl":"","datePublished":"2016-07-12T15:25:54+00:00","breadcrumb":{"@id":"https:\/\/psol50.org.br\/fernando-carneiro-massacre-em-orlando-florida-quem-apertou-o-gatilho\/#breadcrumb"},"inLanguage":"pt-BR","potentialAction":[{"@type":"ReadAction","target":["https:\/\/psol50.org.br\/fernando-carneiro-massacre-em-orlando-florida-quem-apertou-o-gatilho\/"]}]},{"@type":"ImageObject","inLanguage":"pt-BR","@id":"https:\/\/psol50.org.br\/fernando-carneiro-massacre-em-orlando-florida-quem-apertou-o-gatilho\/#primaryimage","url":"","contentUrl":""},{"@type":"BreadcrumbList","@id":"https:\/\/psol50.org.br\/fernando-carneiro-massacre-em-orlando-florida-quem-apertou-o-gatilho\/#breadcrumb","itemListElement":[{"@type":"ListItem","position":1,"name":"In\u00edcio","item":"https:\/\/psol50.org.br\/"},{"@type":"ListItem","position":2,"name":"FERNANDO CARNEIRO: Massacre em Orlando, Fl\u00f3rida: quem apertou o gatilho?"}]},{"@type":"WebSite","@id":"https:\/\/psol50.org.br\/#website","url":"https:\/\/psol50.org.br\/","name":"PSOL 50","description":"Site oficial do Partido Socialismo e Liberdade","publisher":{"@id":"https:\/\/psol50.org.br\/#organization"},"alternateName":"PSOL50","potentialAction":[{"@type":"SearchAction","target":{"@type":"EntryPoint","urlTemplate":"https:\/\/psol50.org.br\/?s={search_term_string}"},"query-input":{"@type":"PropertyValueSpecification","valueRequired":true,"valueName":"search_term_string"}}],"inLanguage":"pt-BR"},{"@type":"Organization","@id":"https:\/\/psol50.org.br\/#organization","name":"PSOL 50","alternateName":"PSOL 50","url":"https:\/\/psol50.org.br\/","logo":{"@type":"ImageObject","inLanguage":"pt-BR","@id":"https:\/\/psol50.org.br\/#\/schema\/logo\/image\/","url":"https:\/\/psol50.org.br\/inc\/uploads\/2018\/07\/capa.png","contentUrl":"https:\/\/psol50.org.br\/inc\/uploads\/2018\/07\/capa.png","width":1350,"height":900,"caption":"PSOL 50"},"image":{"@id":"https:\/\/psol50.org.br\/#\/schema\/logo\/image\/"},"sameAs":["https:\/\/www.facebook.com\/psol50","https:\/\/x.com\/psol50","https:\/\/www.instagram.com\/psol50\/","https:\/\/www.youtube.com\/channel\/UC7SnJS5o1os7a6CaiNabzcg"]},{"@type":"Person","@id":"https:\/\/psol50.org.br\/#\/schema\/person\/475dfa57d0b815993c714c2e96491fcd","name":"Comunica\u00e7\u00e3o PSOL","image":{"@type":"ImageObject","inLanguage":"pt-BR","@id":"https:\/\/psol50.org.br\/#\/schema\/person\/image\/","url":"https:\/\/secure.gravatar.com\/avatar\/b34fc4f4e468a4e51785917065a3db57b841f5c95dba6ad8c73aaf8f66f8f9bf?s=96&d=mm&r=g","contentUrl":"https:\/\/secure.gravatar.com\/avatar\/b34fc4f4e468a4e51785917065a3db57b841f5c95dba6ad8c73aaf8f66f8f9bf?s=96&d=mm&r=g","caption":"Comunica\u00e7\u00e3o PSOL"}}]}},"_links":{"self":[{"href":"https:\/\/psol50.org.br\/rest\/wp\/v2\/posts\/13095","targetHints":{"allow":["GET"]}}],"collection":[{"href":"https:\/\/psol50.org.br\/rest\/wp\/v2\/posts"}],"about":[{"href":"https:\/\/psol50.org.br\/rest\/wp\/v2\/types\/post"}],"author":[{"embeddable":true,"href":"https:\/\/psol50.org.br\/rest\/wp\/v2\/users\/2"}],"replies":[{"embeddable":true,"href":"https:\/\/psol50.org.br\/rest\/wp\/v2\/comments?post=13095"}],"version-history":[{"count":0,"href":"https:\/\/psol50.org.br\/rest\/wp\/v2\/posts\/13095\/revisions"}],"wp:featuredmedia":[{"embeddable":true,"href":"https:\/\/psol50.org.br\/rest\/"}],"wp:attachment":[{"href":"https:\/\/psol50.org.br\/rest\/wp\/v2\/media?parent=13095"}],"wp:term":[{"taxonomy":"category","embeddable":true,"href":"https:\/\/psol50.org.br\/rest\/wp\/v2\/categories?post=13095"},{"taxonomy":"post_tag","embeddable":true,"href":"https:\/\/psol50.org.br\/rest\/wp\/v2\/tags?post=13095"}],"curies":[{"name":"wp","href":"https:\/\/api.w.org\/{rel}","templated":true}]}}