{"id":13098,"date":"2016-07-12T18:37:58","date_gmt":"2016-07-12T18:37:58","guid":{"rendered":"http:\/\/www.psol50.org.br\/?p=13098"},"modified":"2016-07-12T18:37:58","modified_gmt":"2016-07-12T18:37:58","slug":"chico-alencar-postulantes-sem-propostas","status":"publish","type":"post","link":"https:\/\/psol50.org.br\/chico-alencar-postulantes-sem-propostas\/","title":{"rendered":"CHICO ALENCAR: Postulantes sem propostas"},"content":{"rendered":"<p>Eles s\u00e3o 15 ou 18. Colocam seus nomes para presidir a C\u00e2mara dos Deputados. Desejam um poder que n\u00e3o \u00e9 pequeno. Pequenas, por\u00e9m, s\u00e3o as propostas desses que se prop\u00f5em. Na verdade, uma s\u00f3: mais do mesmo.<\/p>\n<p>Parece que n\u00e3o enxergam a profunda crise da representa\u00e7\u00e3o, que deixa a credibilidade do Parlamento no fundo do po\u00e7o. Fingem n\u00e3o ver que os tent\u00e1culos pol\u00edticos da corrup\u00e7\u00e3o abra\u00e7am tamb\u00e9m o Congresso Nacional. \u201cEsta \u00e9 a melhor Legislatura que poder\u00edamos ter comprado\u201d, disse um grande empres\u00e1rio, em novembro de 2014, ao avaliar o resultado das urnas.<\/p>\n<p>A campanha de \u201ctiro curto\u201d para a escolha do sucessor do famigerado Eduardo Cunha vai mostrar muito do que a C\u00e2mara \u00e9 e quer ser. Os eleitores-deputados deveriam vetar qualquer nome que tenha v\u00ednculos com o deputado-r\u00e9u \u2013 e muitos tiveram, cortejando o \u201cchefe\u201d nos seus tempos \u00e1ureos e se omitindo quando da revela\u00e7\u00e3o p\u00fablica de seus desmandos. Ali\u00e1s, deviam repelir qualquer nome sob investiga\u00e7\u00e3o na Lava-Jato ou outro inqu\u00e9rito criminal.<\/p>\n<p>Nos estertores da ditadura civil-militar, Ulysses Guimar\u00e3es disse que \u201cmais dif\u00edcil do que matar um monstro \u00e9 remover seus escombros\u201d. O clientelismo, os neg\u00f3cios obscuros, as tratativas por tr\u00e1s das cortinas, as chantagens, a precariza\u00e7\u00e3o de direitos, as restri\u00e7\u00f5es \u00e0 presen\u00e7a popular e o fundamentalismo da pauta reacion\u00e1ria marcaram esse ano e meio de Cunha \u00e0 frente da C\u00e2mara. Qualquer sucessor que n\u00e3o tenha posi\u00e7\u00e3o clara contra esses escombros \u2018cunhistas\u2019, contra essa pequena pol\u00edtica \u2013 que o tal \u2018novo Centr\u00e3o\u2019, a \u2018direitona\u2019 que se diz maioria, assume \u2013 significar\u00e1 continu\u00edsmo. Ou seja, mais crise, mais retrocesso, mais desprezo popular pela pol\u00edtica institucional.<\/p>\n<p>Nesse mandato-tamp\u00e3o de seis meses, um novo presidente da C\u00e2mara precisa dar \u00e0 institui\u00e7\u00e3o o essencial: transpar\u00eancia, austeridade de gastos, garantia de debates democr\u00e1ticos, pauta sintonizada com os interesses da sociedade. E, por \u00f3bvio, independ\u00eancia em rela\u00e7\u00e3o ao Executivo.<\/p>\n<p>De imediato, precisa estar comprometido com a imediata aprecia\u00e7\u00e3o, pelo plen\u00e1rio, da decis\u00e3o do Conselho de \u00c9tica de cassa\u00e7\u00e3o do mandato de Cunha. Tem que recolocar na ordem do dia os projetos contra a corrup\u00e7\u00e3o, cuja urg\u00eancia foi retirada por Temer, versam sobre enriquecimento il\u00edcito de servidor, indisponibilidade de bens de proveni\u00eancia ilegal e puni\u00e7\u00f5es ao Caixa Dois. Tem que afirmar que lutar\u00e1 contra o ataque a direitos dos pobres e pela discuss\u00e3o franca de reformas pol\u00edtica e tribut\u00e1ria reais. Tudo o que o condom\u00ednio do poder, com essa confedera\u00e7\u00e3o de oligarcas e denunciados, n\u00e3o deseja.<\/p>\n","protected":false},"excerpt":{"rendered":"<p>Eles s\u00e3o 15 ou 18. Colocam seus nomes para presidir a C\u00e2mara dos Deputados. Desejam um poder que n\u00e3o \u00e9 pequeno. Pequenas, por\u00e9m, s\u00e3o as propostas desses que se prop\u00f5em. Na verdade, uma s\u00f3: mais do mesmo. Parece que n\u00e3o enxergam a profunda crise da representa\u00e7\u00e3o, que deixa a credibilidade do Parlamento no fundo do [&hellip;]<\/p>\n","protected":false},"author":2,"featured_media":10532,"comment_status":"open","ping_status":"open","sticky":false,"template":"","format":"standard","meta":{"_acf_changed":false,"footnotes":""},"categories":[3],"tags":[1680,343,1345],"class_list":{"0":"post-13098","1":"post","2":"type-post","3":"status-publish","4":"format-standard","5":"has-post-thumbnail","7":"category-artigos-e-entrevistas","8":"tag-chico-alencar","9":"tag-eleicoes","10":"tag-presidencia-da-camara"},"acf":[],"yoast_head":"<!-- This site is optimized with the Yoast SEO plugin v26.5 - https:\/\/yoast.com\/wordpress\/plugins\/seo\/ -->\n<title>CHICO ALENCAR: Postulantes sem propostas - PSOL 50<\/title>\n<meta name=\"robots\" content=\"index, follow, max-snippet:-1, max-image-preview:large, max-video-preview:-1\" \/>\n<link rel=\"canonical\" href=\"https:\/\/psol50.org.br\/chico-alencar-postulantes-sem-propostas\/\" \/>\n<meta property=\"og:locale\" content=\"pt_BR\" \/>\n<meta property=\"og:type\" content=\"article\" \/>\n<meta property=\"og:title\" content=\"CHICO ALENCAR: Postulantes sem propostas - PSOL 50\" \/>\n<meta property=\"og:description\" content=\"Eles s\u00e3o 15 ou 18. Colocam seus nomes para presidir a C\u00e2mara dos Deputados. Desejam um poder que n\u00e3o \u00e9 pequeno. Pequenas, por\u00e9m, s\u00e3o as propostas desses que se prop\u00f5em. Na verdade, uma s\u00f3: mais do mesmo. Parece que n\u00e3o enxergam a profunda crise da representa\u00e7\u00e3o, que deixa a credibilidade do Parlamento no fundo do [&hellip;]\" \/>\n<meta property=\"og:url\" content=\"https:\/\/psol50.org.br\/chico-alencar-postulantes-sem-propostas\/\" \/>\n<meta property=\"og:site_name\" content=\"PSOL 50\" \/>\n<meta property=\"article:publisher\" content=\"https:\/\/www.facebook.com\/psol50\" \/>\n<meta property=\"article:published_time\" content=\"2016-07-12T18:37:58+00:00\" \/>\n<meta property=\"og:image\" content=\"https:\/\/psol50.org.br\/inc\/uploads\/2015\/11\/Plenario-da-Camara-Jose-Cruz-ABr-e1448896862772.jpg\" \/>\n\t<meta property=\"og:image:width\" content=\"1000\" \/>\n\t<meta property=\"og:image:height\" content=\"663\" \/>\n\t<meta property=\"og:image:type\" content=\"image\/jpeg\" \/>\n<meta name=\"author\" content=\"Comunica\u00e7\u00e3o PSOL\" \/>\n<meta name=\"twitter:card\" content=\"summary_large_image\" \/>\n<meta name=\"twitter:creator\" content=\"@psol50\" \/>\n<meta name=\"twitter:site\" content=\"@psol50\" \/>\n<meta name=\"twitter:label1\" content=\"Escrito por\" \/>\n\t<meta name=\"twitter:data1\" content=\"Comunica\u00e7\u00e3o PSOL\" \/>\n\t<meta name=\"twitter:label2\" content=\"Est. tempo de leitura\" \/>\n\t<meta name=\"twitter:data2\" content=\"2 minutos\" \/>\n<script type=\"application\/ld+json\" class=\"yoast-schema-graph\">{\"@context\":\"https:\/\/schema.org\",\"@graph\":[{\"@type\":\"Article\",\"@id\":\"https:\/\/psol50.org.br\/chico-alencar-postulantes-sem-propostas\/#article\",\"isPartOf\":{\"@id\":\"https:\/\/psol50.org.br\/chico-alencar-postulantes-sem-propostas\/\"},\"author\":{\"name\":\"Comunica\u00e7\u00e3o PSOL\",\"@id\":\"https:\/\/psol50.org.br\/#\/schema\/person\/475dfa57d0b815993c714c2e96491fcd\"},\"headline\":\"CHICO ALENCAR: Postulantes sem propostas\",\"datePublished\":\"2016-07-12T18:37:58+00:00\",\"mainEntityOfPage\":{\"@id\":\"https:\/\/psol50.org.br\/chico-alencar-postulantes-sem-propostas\/\"},\"wordCount\":455,\"commentCount\":0,\"publisher\":{\"@id\":\"https:\/\/psol50.org.br\/#organization\"},\"image\":{\"@id\":\"https:\/\/psol50.org.br\/chico-alencar-postulantes-sem-propostas\/#primaryimage\"},\"thumbnailUrl\":\"https:\/\/psol50.org.br\/inc\/uploads\/2015\/11\/Plenario-da-Camara-Jose-Cruz-ABr-e1448896862772.jpg\",\"keywords\":[\"Chico Alencar\",\"elei\u00e7\u00f5es\",\"presid\u00eancia da C\u00e2mara\"],\"articleSection\":[\"Artigos\"],\"inLanguage\":\"pt-BR\",\"potentialAction\":[{\"@type\":\"CommentAction\",\"name\":\"Comment\",\"target\":[\"https:\/\/psol50.org.br\/chico-alencar-postulantes-sem-propostas\/#respond\"]}]},{\"@type\":\"WebPage\",\"@id\":\"https:\/\/psol50.org.br\/chico-alencar-postulantes-sem-propostas\/\",\"url\":\"https:\/\/psol50.org.br\/chico-alencar-postulantes-sem-propostas\/\",\"name\":\"CHICO ALENCAR: Postulantes sem propostas - PSOL 50\",\"isPartOf\":{\"@id\":\"https:\/\/psol50.org.br\/#website\"},\"primaryImageOfPage\":{\"@id\":\"https:\/\/psol50.org.br\/chico-alencar-postulantes-sem-propostas\/#primaryimage\"},\"image\":{\"@id\":\"https:\/\/psol50.org.br\/chico-alencar-postulantes-sem-propostas\/#primaryimage\"},\"thumbnailUrl\":\"https:\/\/psol50.org.br\/inc\/uploads\/2015\/11\/Plenario-da-Camara-Jose-Cruz-ABr-e1448896862772.jpg\",\"datePublished\":\"2016-07-12T18:37:58+00:00\",\"breadcrumb\":{\"@id\":\"https:\/\/psol50.org.br\/chico-alencar-postulantes-sem-propostas\/#breadcrumb\"},\"inLanguage\":\"pt-BR\",\"potentialAction\":[{\"@type\":\"ReadAction\",\"target\":[\"https:\/\/psol50.org.br\/chico-alencar-postulantes-sem-propostas\/\"]}]},{\"@type\":\"ImageObject\",\"inLanguage\":\"pt-BR\",\"@id\":\"https:\/\/psol50.org.br\/chico-alencar-postulantes-sem-propostas\/#primaryimage\",\"url\":\"https:\/\/psol50.org.br\/inc\/uploads\/2015\/11\/Plenario-da-Camara-Jose-Cruz-ABr-e1448896862772.jpg\",\"contentUrl\":\"https:\/\/psol50.org.br\/inc\/uploads\/2015\/11\/Plenario-da-Camara-Jose-Cruz-ABr-e1448896862772.jpg\",\"width\":1000,\"height\":663},{\"@type\":\"BreadcrumbList\",\"@id\":\"https:\/\/psol50.org.br\/chico-alencar-postulantes-sem-propostas\/#breadcrumb\",\"itemListElement\":[{\"@type\":\"ListItem\",\"position\":1,\"name\":\"In\u00edcio\",\"item\":\"https:\/\/psol50.org.br\/\"},{\"@type\":\"ListItem\",\"position\":2,\"name\":\"CHICO ALENCAR: Postulantes sem propostas\"}]},{\"@type\":\"WebSite\",\"@id\":\"https:\/\/psol50.org.br\/#website\",\"url\":\"https:\/\/psol50.org.br\/\",\"name\":\"PSOL 50\",\"description\":\"Site oficial do Partido Socialismo e Liberdade\",\"publisher\":{\"@id\":\"https:\/\/psol50.org.br\/#organization\"},\"alternateName\":\"PSOL50\",\"potentialAction\":[{\"@type\":\"SearchAction\",\"target\":{\"@type\":\"EntryPoint\",\"urlTemplate\":\"https:\/\/psol50.org.br\/?s={search_term_string}\"},\"query-input\":{\"@type\":\"PropertyValueSpecification\",\"valueRequired\":true,\"valueName\":\"search_term_string\"}}],\"inLanguage\":\"pt-BR\"},{\"@type\":\"Organization\",\"@id\":\"https:\/\/psol50.org.br\/#organization\",\"name\":\"PSOL 50\",\"alternateName\":\"PSOL 50\",\"url\":\"https:\/\/psol50.org.br\/\",\"logo\":{\"@type\":\"ImageObject\",\"inLanguage\":\"pt-BR\",\"@id\":\"https:\/\/psol50.org.br\/#\/schema\/logo\/image\/\",\"url\":\"https:\/\/psol50.org.br\/inc\/uploads\/2018\/07\/capa.png\",\"contentUrl\":\"https:\/\/psol50.org.br\/inc\/uploads\/2018\/07\/capa.png\",\"width\":1350,\"height\":900,\"caption\":\"PSOL 50\"},\"image\":{\"@id\":\"https:\/\/psol50.org.br\/#\/schema\/logo\/image\/\"},\"sameAs\":[\"https:\/\/www.facebook.com\/psol50\",\"https:\/\/x.com\/psol50\",\"https:\/\/www.instagram.com\/psol50\/\",\"https:\/\/www.youtube.com\/channel\/UC7SnJS5o1os7a6CaiNabzcg\"]},{\"@type\":\"Person\",\"@id\":\"https:\/\/psol50.org.br\/#\/schema\/person\/475dfa57d0b815993c714c2e96491fcd\",\"name\":\"Comunica\u00e7\u00e3o PSOL\",\"image\":{\"@type\":\"ImageObject\",\"inLanguage\":\"pt-BR\",\"@id\":\"https:\/\/psol50.org.br\/#\/schema\/person\/image\/\",\"url\":\"https:\/\/secure.gravatar.com\/avatar\/b34fc4f4e468a4e51785917065a3db57b841f5c95dba6ad8c73aaf8f66f8f9bf?s=96&d=mm&r=g\",\"contentUrl\":\"https:\/\/secure.gravatar.com\/avatar\/b34fc4f4e468a4e51785917065a3db57b841f5c95dba6ad8c73aaf8f66f8f9bf?s=96&d=mm&r=g\",\"caption\":\"Comunica\u00e7\u00e3o PSOL\"}}]}<\/script>\n<!-- \/ Yoast SEO plugin. -->","yoast_head_json":{"title":"CHICO ALENCAR: Postulantes sem propostas - PSOL 50","robots":{"index":"index","follow":"follow","max-snippet":"max-snippet:-1","max-image-preview":"max-image-preview:large","max-video-preview":"max-video-preview:-1"},"canonical":"https:\/\/psol50.org.br\/chico-alencar-postulantes-sem-propostas\/","og_locale":"pt_BR","og_type":"article","og_title":"CHICO ALENCAR: Postulantes sem propostas - PSOL 50","og_description":"Eles s\u00e3o 15 ou 18. Colocam seus nomes para presidir a C\u00e2mara dos Deputados. Desejam um poder que n\u00e3o \u00e9 pequeno. Pequenas, por\u00e9m, s\u00e3o as propostas desses que se prop\u00f5em. Na verdade, uma s\u00f3: mais do mesmo. Parece que n\u00e3o enxergam a profunda crise da representa\u00e7\u00e3o, que deixa a credibilidade do Parlamento no fundo do [&hellip;]","og_url":"https:\/\/psol50.org.br\/chico-alencar-postulantes-sem-propostas\/","og_site_name":"PSOL 50","article_publisher":"https:\/\/www.facebook.com\/psol50","article_published_time":"2016-07-12T18:37:58+00:00","og_image":[{"width":1000,"height":663,"url":"https:\/\/psol50.org.br\/inc\/uploads\/2015\/11\/Plenario-da-Camara-Jose-Cruz-ABr-e1448896862772.jpg","type":"image\/jpeg"}],"author":"Comunica\u00e7\u00e3o PSOL","twitter_card":"summary_large_image","twitter_creator":"@psol50","twitter_site":"@psol50","twitter_misc":{"Escrito por":"Comunica\u00e7\u00e3o PSOL","Est. tempo de leitura":"2 minutos"},"schema":{"@context":"https:\/\/schema.org","@graph":[{"@type":"Article","@id":"https:\/\/psol50.org.br\/chico-alencar-postulantes-sem-propostas\/#article","isPartOf":{"@id":"https:\/\/psol50.org.br\/chico-alencar-postulantes-sem-propostas\/"},"author":{"name":"Comunica\u00e7\u00e3o PSOL","@id":"https:\/\/psol50.org.br\/#\/schema\/person\/475dfa57d0b815993c714c2e96491fcd"},"headline":"CHICO ALENCAR: Postulantes sem propostas","datePublished":"2016-07-12T18:37:58+00:00","mainEntityOfPage":{"@id":"https:\/\/psol50.org.br\/chico-alencar-postulantes-sem-propostas\/"},"wordCount":455,"commentCount":0,"publisher":{"@id":"https:\/\/psol50.org.br\/#organization"},"image":{"@id":"https:\/\/psol50.org.br\/chico-alencar-postulantes-sem-propostas\/#primaryimage"},"thumbnailUrl":"https:\/\/psol50.org.br\/inc\/uploads\/2015\/11\/Plenario-da-Camara-Jose-Cruz-ABr-e1448896862772.jpg","keywords":["Chico Alencar","elei\u00e7\u00f5es","presid\u00eancia da C\u00e2mara"],"articleSection":["Artigos"],"inLanguage":"pt-BR","potentialAction":[{"@type":"CommentAction","name":"Comment","target":["https:\/\/psol50.org.br\/chico-alencar-postulantes-sem-propostas\/#respond"]}]},{"@type":"WebPage","@id":"https:\/\/psol50.org.br\/chico-alencar-postulantes-sem-propostas\/","url":"https:\/\/psol50.org.br\/chico-alencar-postulantes-sem-propostas\/","name":"CHICO ALENCAR: Postulantes sem propostas - PSOL 50","isPartOf":{"@id":"https:\/\/psol50.org.br\/#website"},"primaryImageOfPage":{"@id":"https:\/\/psol50.org.br\/chico-alencar-postulantes-sem-propostas\/#primaryimage"},"image":{"@id":"https:\/\/psol50.org.br\/chico-alencar-postulantes-sem-propostas\/#primaryimage"},"thumbnailUrl":"https:\/\/psol50.org.br\/inc\/uploads\/2015\/11\/Plenario-da-Camara-Jose-Cruz-ABr-e1448896862772.jpg","datePublished":"2016-07-12T18:37:58+00:00","breadcrumb":{"@id":"https:\/\/psol50.org.br\/chico-alencar-postulantes-sem-propostas\/#breadcrumb"},"inLanguage":"pt-BR","potentialAction":[{"@type":"ReadAction","target":["https:\/\/psol50.org.br\/chico-alencar-postulantes-sem-propostas\/"]}]},{"@type":"ImageObject","inLanguage":"pt-BR","@id":"https:\/\/psol50.org.br\/chico-alencar-postulantes-sem-propostas\/#primaryimage","url":"https:\/\/psol50.org.br\/inc\/uploads\/2015\/11\/Plenario-da-Camara-Jose-Cruz-ABr-e1448896862772.jpg","contentUrl":"https:\/\/psol50.org.br\/inc\/uploads\/2015\/11\/Plenario-da-Camara-Jose-Cruz-ABr-e1448896862772.jpg","width":1000,"height":663},{"@type":"BreadcrumbList","@id":"https:\/\/psol50.org.br\/chico-alencar-postulantes-sem-propostas\/#breadcrumb","itemListElement":[{"@type":"ListItem","position":1,"name":"In\u00edcio","item":"https:\/\/psol50.org.br\/"},{"@type":"ListItem","position":2,"name":"CHICO ALENCAR: Postulantes sem propostas"}]},{"@type":"WebSite","@id":"https:\/\/psol50.org.br\/#website","url":"https:\/\/psol50.org.br\/","name":"PSOL 50","description":"Site oficial do Partido Socialismo e Liberdade","publisher":{"@id":"https:\/\/psol50.org.br\/#organization"},"alternateName":"PSOL50","potentialAction":[{"@type":"SearchAction","target":{"@type":"EntryPoint","urlTemplate":"https:\/\/psol50.org.br\/?s={search_term_string}"},"query-input":{"@type":"PropertyValueSpecification","valueRequired":true,"valueName":"search_term_string"}}],"inLanguage":"pt-BR"},{"@type":"Organization","@id":"https:\/\/psol50.org.br\/#organization","name":"PSOL 50","alternateName":"PSOL 50","url":"https:\/\/psol50.org.br\/","logo":{"@type":"ImageObject","inLanguage":"pt-BR","@id":"https:\/\/psol50.org.br\/#\/schema\/logo\/image\/","url":"https:\/\/psol50.org.br\/inc\/uploads\/2018\/07\/capa.png","contentUrl":"https:\/\/psol50.org.br\/inc\/uploads\/2018\/07\/capa.png","width":1350,"height":900,"caption":"PSOL 50"},"image":{"@id":"https:\/\/psol50.org.br\/#\/schema\/logo\/image\/"},"sameAs":["https:\/\/www.facebook.com\/psol50","https:\/\/x.com\/psol50","https:\/\/www.instagram.com\/psol50\/","https:\/\/www.youtube.com\/channel\/UC7SnJS5o1os7a6CaiNabzcg"]},{"@type":"Person","@id":"https:\/\/psol50.org.br\/#\/schema\/person\/475dfa57d0b815993c714c2e96491fcd","name":"Comunica\u00e7\u00e3o PSOL","image":{"@type":"ImageObject","inLanguage":"pt-BR","@id":"https:\/\/psol50.org.br\/#\/schema\/person\/image\/","url":"https:\/\/secure.gravatar.com\/avatar\/b34fc4f4e468a4e51785917065a3db57b841f5c95dba6ad8c73aaf8f66f8f9bf?s=96&d=mm&r=g","contentUrl":"https:\/\/secure.gravatar.com\/avatar\/b34fc4f4e468a4e51785917065a3db57b841f5c95dba6ad8c73aaf8f66f8f9bf?s=96&d=mm&r=g","caption":"Comunica\u00e7\u00e3o PSOL"}}]}},"_links":{"self":[{"href":"https:\/\/psol50.org.br\/rest\/wp\/v2\/posts\/13098","targetHints":{"allow":["GET"]}}],"collection":[{"href":"https:\/\/psol50.org.br\/rest\/wp\/v2\/posts"}],"about":[{"href":"https:\/\/psol50.org.br\/rest\/wp\/v2\/types\/post"}],"author":[{"embeddable":true,"href":"https:\/\/psol50.org.br\/rest\/wp\/v2\/users\/2"}],"replies":[{"embeddable":true,"href":"https:\/\/psol50.org.br\/rest\/wp\/v2\/comments?post=13098"}],"version-history":[{"count":0,"href":"https:\/\/psol50.org.br\/rest\/wp\/v2\/posts\/13098\/revisions"}],"wp:featuredmedia":[{"embeddable":true,"href":"https:\/\/psol50.org.br\/rest\/wp\/v2\/media\/10532"}],"wp:attachment":[{"href":"https:\/\/psol50.org.br\/rest\/wp\/v2\/media?parent=13098"}],"wp:term":[{"taxonomy":"category","embeddable":true,"href":"https:\/\/psol50.org.br\/rest\/wp\/v2\/categories?post=13098"},{"taxonomy":"post_tag","embeddable":true,"href":"https:\/\/psol50.org.br\/rest\/wp\/v2\/tags?post=13098"}],"curies":[{"name":"wp","href":"https:\/\/api.w.org\/{rel}","templated":true}]}}