{"id":1310,"date":"2009-03-21T00:00:00","date_gmt":"2009-03-21T00:00:00","guid":{"rendered":"http:\/\/psol50.org.br\/arquivo\/2009\/03\/21\/heloisa-helena-e-protogenes-queiroz-participam-de-ato-publico-no-rio-de-janeiro\/"},"modified":"2009-03-21T00:00:00","modified_gmt":"2009-03-21T00:00:00","slug":"heloisa-helena-e-protogenes-queiroz-participam-de-ato-publico-no-rio-de-janeiro","status":"publish","type":"post","link":"https:\/\/psol50.org.br\/heloisa-helena-e-protogenes-queiroz-participam-de-ato-publico-no-rio-de-janeiro\/","title":{"rendered":"Helo\u00edsa Helena e Prot\u00f3genes Queiroz participam de ato p\u00fablico no Rio de Janeiro"},"content":{"rendered":"<p>O PSOL realiza ato p\u00fablico em defesa dos trabalhadores, contra o desemprego, a corrup\u00e7\u00e3o e a impunidade no dia 02 de abril, quinta-feira, no Rio de Janeiro. Com a participa\u00e7\u00e3o de v\u00e1rios movimentos sociais e militantes de v\u00e1rias partes do pa\u00eds, para protestar contra a pol\u00edtica do governo Lula que levou o Brasil e os trabalhadores a pagar a conta da crise promovida pelos especuladores, banqueiros e corruptos.<\/p>\n<p><!--more--><\/p>\n<p>Al\u00e9m dos parlamentares e militantes do PSOL, tem presen\u00e7a confirmada o Delegado Prot\u00f3genes Queiroz e a Presidente Nacional do PSOL, Helo\u00edsa Helena que j\u00e1 vem participando de v\u00e1rios semin\u00e1rios sobre o tema. Diferentemente da primeira vez em que dep\u00f4s \u00e0 CPI dos Grampos, em agosto passado, quando silenciou, o delegado Prot\u00f3genes Queiroz diz que dar\u00e1 &#8220;nome aos bois&#8221; e promete expor &#8220;os meandros da corrup\u00e7\u00e3o no Brasil&#8221; ao retornar \u00e0 comiss\u00e3o, no dia 1\u00ba. E o partido promove tamb\u00e9m ato de solidariedade a Prot\u00f3genes em frente ao congresso.<\/p>\n<p>&nbsp;<\/p>\n<p><b>Delegado promete dar &#8220;nome aos bois&#8221; &#8211; Prot\u00f3genes dar\u00e1, no dia 1\u00ba, segundo depoimento a parlamentares<\/b><\/p>\n<p>Em agosto, Prot\u00f3genes deixou de responder diversas quest\u00f5es dos parlamentares porque o processo relativo \u00e0 Opera\u00e7\u00e3o Satiagraha, conduzida por ele na Pol\u00edcia Federal e que levou \u00e0 pris\u00e3o o banqueiro Daniel Dantas, o ex-prefeito Celso Pitta e o especulador financeiro Naji Nahas, entre outros criminosos, corria sob segredo de Justi\u00e7a.&nbsp; \u201cPretendo, ao ser confrontado com documentos ou dados, confirmar a conduta de cada participante que tiver neg\u00f3cios obscuros com o banqueiro bandido Daniel Dantas\u201d disse Prot\u00f3genes.<\/p>\n<p>Perseguido e acusado de den\u00fancias de que teria utilizado m\u00e9todos ilegais para investigar autoridades dos tr\u00eas Poderes e objeto de investiga\u00e7\u00e3o da CPI, Prot\u00f3genes promete virar o jogo. O delegado elogiou a prorroga\u00e7\u00e3o da comiss\u00e3o parlamentar por mais 60 dias e sua convoca\u00e7\u00e3o, juntamente com o ex-diretor-geral da Ag\u00eancia Brasileira de Intelig\u00eancia (ABIN), Paulo Lacerda.<\/p>\n<p>Ato P\u00fablico &#8211; 2 de Abril de 2009 &#8211; Cinel\u00e2ndia &#8211; 17 horas<\/p>\n<p>Contato: Jefferson Moura (21)9369-7604<\/p>\n","protected":false},"excerpt":{"rendered":"<p>O PSOL realiza ato p\u00fablico em defesa dos trabalhadores, contra o desemprego, a corrup\u00e7\u00e3o e a impunidade no dia 02 de abril, quinta-feira, no Rio de Janeiro. Com a participa\u00e7\u00e3o de v\u00e1rios movimentos sociais e militantes de v\u00e1rias partes do pa\u00eds, para protestar contra a pol\u00edtica do governo Lula que levou o Brasil e os [&hellip;]<\/p>\n","protected":false},"author":2,"featured_media":0,"comment_status":"open","ping_status":"open","sticky":false,"template":"","format":"standard","meta":{"_acf_changed":false,"footnotes":""},"categories":[4766],"tags":[],"class_list":{"0":"post-1310","1":"post","2":"type-post","3":"status-publish","4":"format-standard","6":"category-arquivo"},"acf":[],"yoast_head":"<!-- This site is optimized with the Yoast SEO plugin v26.5 - https:\/\/yoast.com\/wordpress\/plugins\/seo\/ -->\n<title>Helo\u00edsa Helena e Prot\u00f3genes Queiroz participam de ato p\u00fablico no Rio de Janeiro - PSOL 50<\/title>\n<meta name=\"robots\" content=\"index, follow, max-snippet:-1, max-image-preview:large, max-video-preview:-1\" \/>\n<link rel=\"canonical\" href=\"https:\/\/psol50.org.br\/heloisa-helena-e-protogenes-queiroz-participam-de-ato-publico-no-rio-de-janeiro\/\" \/>\n<meta property=\"og:locale\" content=\"pt_BR\" \/>\n<meta property=\"og:type\" content=\"article\" \/>\n<meta property=\"og:title\" content=\"Helo\u00edsa Helena e Prot\u00f3genes Queiroz participam de ato p\u00fablico no Rio de Janeiro - PSOL 50\" \/>\n<meta property=\"og:description\" content=\"O PSOL realiza ato p\u00fablico em defesa dos trabalhadores, contra o desemprego, a corrup\u00e7\u00e3o e a impunidade no dia 02 de abril, quinta-feira, no Rio de Janeiro. Com a participa\u00e7\u00e3o de v\u00e1rios movimentos sociais e militantes de v\u00e1rias partes do pa\u00eds, para protestar contra a pol\u00edtica do governo Lula que levou o Brasil e os [&hellip;]\" \/>\n<meta property=\"og:url\" content=\"https:\/\/psol50.org.br\/heloisa-helena-e-protogenes-queiroz-participam-de-ato-publico-no-rio-de-janeiro\/\" \/>\n<meta property=\"og:site_name\" content=\"PSOL 50\" \/>\n<meta property=\"article:publisher\" content=\"https:\/\/www.facebook.com\/psol50\" \/>\n<meta property=\"article:published_time\" content=\"2009-03-21T00:00:00+00:00\" \/>\n<meta property=\"og:image\" content=\"https:\/\/psol50.org.br\/inc\/uploads\/2018\/07\/capa.png\" \/>\n\t<meta property=\"og:image:width\" content=\"1350\" \/>\n\t<meta property=\"og:image:height\" content=\"900\" \/>\n\t<meta property=\"og:image:type\" content=\"image\/png\" \/>\n<meta name=\"author\" content=\"Comunica\u00e7\u00e3o PSOL\" \/>\n<meta name=\"twitter:card\" content=\"summary_large_image\" \/>\n<meta name=\"twitter:creator\" content=\"@psol50\" \/>\n<meta name=\"twitter:site\" content=\"@psol50\" \/>\n<meta name=\"twitter:label1\" content=\"Escrito por\" \/>\n\t<meta name=\"twitter:data1\" content=\"Comunica\u00e7\u00e3o PSOL\" \/>\n\t<meta name=\"twitter:label2\" content=\"Est. tempo de leitura\" \/>\n\t<meta name=\"twitter:data2\" content=\"2 minutos\" \/>\n<script type=\"application\/ld+json\" class=\"yoast-schema-graph\">{\"@context\":\"https:\/\/schema.org\",\"@graph\":[{\"@type\":\"Article\",\"@id\":\"https:\/\/psol50.org.br\/heloisa-helena-e-protogenes-queiroz-participam-de-ato-publico-no-rio-de-janeiro\/#article\",\"isPartOf\":{\"@id\":\"https:\/\/psol50.org.br\/heloisa-helena-e-protogenes-queiroz-participam-de-ato-publico-no-rio-de-janeiro\/\"},\"author\":{\"name\":\"Comunica\u00e7\u00e3o PSOL\",\"@id\":\"https:\/\/psol50.org.br\/#\/schema\/person\/475dfa57d0b815993c714c2e96491fcd\"},\"headline\":\"Helo\u00edsa Helena e Prot\u00f3genes Queiroz participam de ato p\u00fablico no Rio de Janeiro\",\"datePublished\":\"2009-03-21T00:00:00+00:00\",\"mainEntityOfPage\":{\"@id\":\"https:\/\/psol50.org.br\/heloisa-helena-e-protogenes-queiroz-participam-de-ato-publico-no-rio-de-janeiro\/\"},\"wordCount\":367,\"commentCount\":0,\"publisher\":{\"@id\":\"https:\/\/psol50.org.br\/#organization\"},\"articleSection\":[\"Arquivo\"],\"inLanguage\":\"pt-BR\",\"potentialAction\":[{\"@type\":\"CommentAction\",\"name\":\"Comment\",\"target\":[\"https:\/\/psol50.org.br\/heloisa-helena-e-protogenes-queiroz-participam-de-ato-publico-no-rio-de-janeiro\/#respond\"]}]},{\"@type\":\"WebPage\",\"@id\":\"https:\/\/psol50.org.br\/heloisa-helena-e-protogenes-queiroz-participam-de-ato-publico-no-rio-de-janeiro\/\",\"url\":\"https:\/\/psol50.org.br\/heloisa-helena-e-protogenes-queiroz-participam-de-ato-publico-no-rio-de-janeiro\/\",\"name\":\"Helo\u00edsa Helena e Prot\u00f3genes Queiroz participam de ato p\u00fablico no Rio de Janeiro - PSOL 50\",\"isPartOf\":{\"@id\":\"https:\/\/psol50.org.br\/#website\"},\"datePublished\":\"2009-03-21T00:00:00+00:00\",\"breadcrumb\":{\"@id\":\"https:\/\/psol50.org.br\/heloisa-helena-e-protogenes-queiroz-participam-de-ato-publico-no-rio-de-janeiro\/#breadcrumb\"},\"inLanguage\":\"pt-BR\",\"potentialAction\":[{\"@type\":\"ReadAction\",\"target\":[\"https:\/\/psol50.org.br\/heloisa-helena-e-protogenes-queiroz-participam-de-ato-publico-no-rio-de-janeiro\/\"]}]},{\"@type\":\"BreadcrumbList\",\"@id\":\"https:\/\/psol50.org.br\/heloisa-helena-e-protogenes-queiroz-participam-de-ato-publico-no-rio-de-janeiro\/#breadcrumb\",\"itemListElement\":[{\"@type\":\"ListItem\",\"position\":1,\"name\":\"In\u00edcio\",\"item\":\"https:\/\/psol50.org.br\/\"},{\"@type\":\"ListItem\",\"position\":2,\"name\":\"Helo\u00edsa Helena e Prot\u00f3genes Queiroz participam de ato p\u00fablico no Rio de Janeiro\"}]},{\"@type\":\"WebSite\",\"@id\":\"https:\/\/psol50.org.br\/#website\",\"url\":\"https:\/\/psol50.org.br\/\",\"name\":\"PSOL 50\",\"description\":\"Site oficial do Partido Socialismo e Liberdade\",\"publisher\":{\"@id\":\"https:\/\/psol50.org.br\/#organization\"},\"alternateName\":\"PSOL50\",\"potentialAction\":[{\"@type\":\"SearchAction\",\"target\":{\"@type\":\"EntryPoint\",\"urlTemplate\":\"https:\/\/psol50.org.br\/?s={search_term_string}\"},\"query-input\":{\"@type\":\"PropertyValueSpecification\",\"valueRequired\":true,\"valueName\":\"search_term_string\"}}],\"inLanguage\":\"pt-BR\"},{\"@type\":\"Organization\",\"@id\":\"https:\/\/psol50.org.br\/#organization\",\"name\":\"PSOL 50\",\"alternateName\":\"PSOL 50\",\"url\":\"https:\/\/psol50.org.br\/\",\"logo\":{\"@type\":\"ImageObject\",\"inLanguage\":\"pt-BR\",\"@id\":\"https:\/\/psol50.org.br\/#\/schema\/logo\/image\/\",\"url\":\"https:\/\/psol50.org.br\/inc\/uploads\/2018\/07\/capa.png\",\"contentUrl\":\"https:\/\/psol50.org.br\/inc\/uploads\/2018\/07\/capa.png\",\"width\":1350,\"height\":900,\"caption\":\"PSOL 50\"},\"image\":{\"@id\":\"https:\/\/psol50.org.br\/#\/schema\/logo\/image\/\"},\"sameAs\":[\"https:\/\/www.facebook.com\/psol50\",\"https:\/\/x.com\/psol50\",\"https:\/\/www.instagram.com\/psol50\/\",\"https:\/\/www.youtube.com\/channel\/UC7SnJS5o1os7a6CaiNabzcg\"]},{\"@type\":\"Person\",\"@id\":\"https:\/\/psol50.org.br\/#\/schema\/person\/475dfa57d0b815993c714c2e96491fcd\",\"name\":\"Comunica\u00e7\u00e3o PSOL\",\"image\":{\"@type\":\"ImageObject\",\"inLanguage\":\"pt-BR\",\"@id\":\"https:\/\/psol50.org.br\/#\/schema\/person\/image\/\",\"url\":\"https:\/\/secure.gravatar.com\/avatar\/b34fc4f4e468a4e51785917065a3db57b841f5c95dba6ad8c73aaf8f66f8f9bf?s=96&d=mm&r=g\",\"contentUrl\":\"https:\/\/secure.gravatar.com\/avatar\/b34fc4f4e468a4e51785917065a3db57b841f5c95dba6ad8c73aaf8f66f8f9bf?s=96&d=mm&r=g\",\"caption\":\"Comunica\u00e7\u00e3o PSOL\"}}]}<\/script>\n<!-- \/ Yoast SEO plugin. -->","yoast_head_json":{"title":"Helo\u00edsa Helena e Prot\u00f3genes Queiroz participam de ato p\u00fablico no Rio de Janeiro - PSOL 50","robots":{"index":"index","follow":"follow","max-snippet":"max-snippet:-1","max-image-preview":"max-image-preview:large","max-video-preview":"max-video-preview:-1"},"canonical":"https:\/\/psol50.org.br\/heloisa-helena-e-protogenes-queiroz-participam-de-ato-publico-no-rio-de-janeiro\/","og_locale":"pt_BR","og_type":"article","og_title":"Helo\u00edsa Helena e Prot\u00f3genes Queiroz participam de ato p\u00fablico no Rio de Janeiro - PSOL 50","og_description":"O PSOL realiza ato p\u00fablico em defesa dos trabalhadores, contra o desemprego, a corrup\u00e7\u00e3o e a impunidade no dia 02 de abril, quinta-feira, no Rio de Janeiro. Com a participa\u00e7\u00e3o de v\u00e1rios movimentos sociais e militantes de v\u00e1rias partes do pa\u00eds, para protestar contra a pol\u00edtica do governo Lula que levou o Brasil e os [&hellip;]","og_url":"https:\/\/psol50.org.br\/heloisa-helena-e-protogenes-queiroz-participam-de-ato-publico-no-rio-de-janeiro\/","og_site_name":"PSOL 50","article_publisher":"https:\/\/www.facebook.com\/psol50","article_published_time":"2009-03-21T00:00:00+00:00","og_image":[{"width":1350,"height":900,"url":"https:\/\/psol50.org.br\/inc\/uploads\/2018\/07\/capa.png","type":"image\/png"}],"author":"Comunica\u00e7\u00e3o PSOL","twitter_card":"summary_large_image","twitter_creator":"@psol50","twitter_site":"@psol50","twitter_misc":{"Escrito por":"Comunica\u00e7\u00e3o PSOL","Est. tempo de leitura":"2 minutos"},"schema":{"@context":"https:\/\/schema.org","@graph":[{"@type":"Article","@id":"https:\/\/psol50.org.br\/heloisa-helena-e-protogenes-queiroz-participam-de-ato-publico-no-rio-de-janeiro\/#article","isPartOf":{"@id":"https:\/\/psol50.org.br\/heloisa-helena-e-protogenes-queiroz-participam-de-ato-publico-no-rio-de-janeiro\/"},"author":{"name":"Comunica\u00e7\u00e3o PSOL","@id":"https:\/\/psol50.org.br\/#\/schema\/person\/475dfa57d0b815993c714c2e96491fcd"},"headline":"Helo\u00edsa Helena e Prot\u00f3genes Queiroz participam de ato p\u00fablico no Rio de Janeiro","datePublished":"2009-03-21T00:00:00+00:00","mainEntityOfPage":{"@id":"https:\/\/psol50.org.br\/heloisa-helena-e-protogenes-queiroz-participam-de-ato-publico-no-rio-de-janeiro\/"},"wordCount":367,"commentCount":0,"publisher":{"@id":"https:\/\/psol50.org.br\/#organization"},"articleSection":["Arquivo"],"inLanguage":"pt-BR","potentialAction":[{"@type":"CommentAction","name":"Comment","target":["https:\/\/psol50.org.br\/heloisa-helena-e-protogenes-queiroz-participam-de-ato-publico-no-rio-de-janeiro\/#respond"]}]},{"@type":"WebPage","@id":"https:\/\/psol50.org.br\/heloisa-helena-e-protogenes-queiroz-participam-de-ato-publico-no-rio-de-janeiro\/","url":"https:\/\/psol50.org.br\/heloisa-helena-e-protogenes-queiroz-participam-de-ato-publico-no-rio-de-janeiro\/","name":"Helo\u00edsa Helena e Prot\u00f3genes Queiroz participam de ato p\u00fablico no Rio de Janeiro - PSOL 50","isPartOf":{"@id":"https:\/\/psol50.org.br\/#website"},"datePublished":"2009-03-21T00:00:00+00:00","breadcrumb":{"@id":"https:\/\/psol50.org.br\/heloisa-helena-e-protogenes-queiroz-participam-de-ato-publico-no-rio-de-janeiro\/#breadcrumb"},"inLanguage":"pt-BR","potentialAction":[{"@type":"ReadAction","target":["https:\/\/psol50.org.br\/heloisa-helena-e-protogenes-queiroz-participam-de-ato-publico-no-rio-de-janeiro\/"]}]},{"@type":"BreadcrumbList","@id":"https:\/\/psol50.org.br\/heloisa-helena-e-protogenes-queiroz-participam-de-ato-publico-no-rio-de-janeiro\/#breadcrumb","itemListElement":[{"@type":"ListItem","position":1,"name":"In\u00edcio","item":"https:\/\/psol50.org.br\/"},{"@type":"ListItem","position":2,"name":"Helo\u00edsa Helena e Prot\u00f3genes Queiroz participam de ato p\u00fablico no Rio de Janeiro"}]},{"@type":"WebSite","@id":"https:\/\/psol50.org.br\/#website","url":"https:\/\/psol50.org.br\/","name":"PSOL 50","description":"Site oficial do Partido Socialismo e Liberdade","publisher":{"@id":"https:\/\/psol50.org.br\/#organization"},"alternateName":"PSOL50","potentialAction":[{"@type":"SearchAction","target":{"@type":"EntryPoint","urlTemplate":"https:\/\/psol50.org.br\/?s={search_term_string}"},"query-input":{"@type":"PropertyValueSpecification","valueRequired":true,"valueName":"search_term_string"}}],"inLanguage":"pt-BR"},{"@type":"Organization","@id":"https:\/\/psol50.org.br\/#organization","name":"PSOL 50","alternateName":"PSOL 50","url":"https:\/\/psol50.org.br\/","logo":{"@type":"ImageObject","inLanguage":"pt-BR","@id":"https:\/\/psol50.org.br\/#\/schema\/logo\/image\/","url":"https:\/\/psol50.org.br\/inc\/uploads\/2018\/07\/capa.png","contentUrl":"https:\/\/psol50.org.br\/inc\/uploads\/2018\/07\/capa.png","width":1350,"height":900,"caption":"PSOL 50"},"image":{"@id":"https:\/\/psol50.org.br\/#\/schema\/logo\/image\/"},"sameAs":["https:\/\/www.facebook.com\/psol50","https:\/\/x.com\/psol50","https:\/\/www.instagram.com\/psol50\/","https:\/\/www.youtube.com\/channel\/UC7SnJS5o1os7a6CaiNabzcg"]},{"@type":"Person","@id":"https:\/\/psol50.org.br\/#\/schema\/person\/475dfa57d0b815993c714c2e96491fcd","name":"Comunica\u00e7\u00e3o PSOL","image":{"@type":"ImageObject","inLanguage":"pt-BR","@id":"https:\/\/psol50.org.br\/#\/schema\/person\/image\/","url":"https:\/\/secure.gravatar.com\/avatar\/b34fc4f4e468a4e51785917065a3db57b841f5c95dba6ad8c73aaf8f66f8f9bf?s=96&d=mm&r=g","contentUrl":"https:\/\/secure.gravatar.com\/avatar\/b34fc4f4e468a4e51785917065a3db57b841f5c95dba6ad8c73aaf8f66f8f9bf?s=96&d=mm&r=g","caption":"Comunica\u00e7\u00e3o PSOL"}}]}},"_links":{"self":[{"href":"https:\/\/psol50.org.br\/rest\/wp\/v2\/posts\/1310","targetHints":{"allow":["GET"]}}],"collection":[{"href":"https:\/\/psol50.org.br\/rest\/wp\/v2\/posts"}],"about":[{"href":"https:\/\/psol50.org.br\/rest\/wp\/v2\/types\/post"}],"author":[{"embeddable":true,"href":"https:\/\/psol50.org.br\/rest\/wp\/v2\/users\/2"}],"replies":[{"embeddable":true,"href":"https:\/\/psol50.org.br\/rest\/wp\/v2\/comments?post=1310"}],"version-history":[{"count":0,"href":"https:\/\/psol50.org.br\/rest\/wp\/v2\/posts\/1310\/revisions"}],"wp:attachment":[{"href":"https:\/\/psol50.org.br\/rest\/wp\/v2\/media?parent=1310"}],"wp:term":[{"taxonomy":"category","embeddable":true,"href":"https:\/\/psol50.org.br\/rest\/wp\/v2\/categories?post=1310"},{"taxonomy":"post_tag","embeddable":true,"href":"https:\/\/psol50.org.br\/rest\/wp\/v2\/tags?post=1310"}],"curies":[{"name":"wp","href":"https:\/\/api.w.org\/{rel}","templated":true}]}}